{"id":949,"date":"2016-10-27T11:53:35","date_gmt":"2016-10-27T09:53:35","guid":{"rendered":"http:\/\/dariusz-muszer.de\/pl\/?p=949"},"modified":"2016-10-27T12:36:44","modified_gmt":"2016-10-27T10:36:44","slug":"krotkie-dzieje-dlugich-korzeni-notatki-na-blankietach","status":"publish","type":"post","link":"https:\/\/dariusz-muszer.de\/pl\/krotkie-dzieje-dlugich-korzeni-notatki-na-blankietach\/","title":{"rendered":"Kr\u00f3tkie dzieje d\u0142ugich korzeni &#8211; Notatki na blankietach"},"content":{"rendered":"<p class=\"western\" lang=\"pl-PL\" style=\"text-align: left;\" align=\"justify\"><span style=\"font-size: medium;\">Wiosn\u0105 1988 roku Herbert S., mieszkaniec <a href=\"https:\/\/pl.wikipedia.org\/wiki\/Sochaczew\">Sochaczewa<\/a>, postanowi\u0142, \u017ce czas najwy\u017cszy rozpocz\u0105\u0107 poszukiwanie w\u0142asnych korzeni. Rodzina, czyli \u017cona i dwie c\u00f3rki, nic o zamy\u015ble g\u0142owy nie wiedzia\u0142a. Nie dlatego, \u017ceby Herbert S. by\u0142 tajemniczym osobnikiem \u2013 co to, to nie. Po prostu nie chcia\u0142 niepotrzebnym paplaniem rozbudza\u0107 nadziei, gdy\u017c korzenie by\u0142y niepewne, a droga do nich, c\u00f3\u017c tu ukrywa\u0107 \u2013 daleka.<\/span><\/p>\n<p class=\"western\" align=\"justify\"><span style=\"font-size: medium;\">W listopadzie Herbert S. czule po\u017cegna\u0142 si\u0119 z najbli\u017cszymi i uda\u0142 si\u0119 w podr\u00f3\u017c nie byle jak\u0105, gdy\u017c zagraniczn\u0105. Jak to cz\u0119sto bywa\u0142o w owych szalonych czasach, autokar wycieczkowy po przekroczeniu magicznej granicy Wsch\u00f3d-Zach\u00f3d skierowa\u0142 si\u0119 od razu do malowniczo po\u0142o\u017conej miejscowo\u015bci Friedland, gdzie wi\u0119kszo\u015b\u0107 polskich turyst\u00f3w mia\u0142a pewne nader wa\u017cne i nie cierpi\u0105ce zw\u0142oki sprawy do za\u0142atwienia. <\/span><span style=\"font-size: medium;\"><i>Grenzdurchgangslager Friedland<\/i><\/span><span style=\"font-size: medium;\"> (od 1945 nadgraniczny ob\u00f3z przej\u015bciowy dla je\u0144c\u00f3w wojennych, wyp\u0119dzonych i przesiedle\u0144c\u00f3w w Dolnej Saksonii) dla jednych okaza\u0142 si\u0119 bardziej \u0142askawy, dla innych za\u015b mniej. Dla 47-letniego Herberta S. okaza\u0142 si\u0119 \u0142askawy tak p\u00f3\u0142 na p\u00f3\u0142, czyli nasz bohater znalaz\u0142 si\u0119 w sytuacji na-dwoje-babka-wr\u00f3\u017cy\u0142a. Powiedziano mu, \u017ce owszem, b\u0119dzie m\u00f3g\u0142 zosta\u0107 w Niemczech, je\u015bli sam udowodni, \u017ce ma do tego prawo. Papiery musia\u0142 Herbert S. dostarczy\u0107, bo papiery to najwa\u017cniejsza na \u015bwiecie sprawa. A z papierami u Herberta S. by\u0142o krucho. <\/span><\/p>\n<p class=\"western\" align=\"justify\"><span style=\"font-size: medium;\">W tym momencie przerywamy snucie w\u0105tku wsp\u00f3\u0142czesnego i cofamy si\u0119 do historii, czyli do korzeni. Jest rok 1939. Ju\u017c po wrze\u015bniu. Jak na razie, ju\u017c po wszystkim. Przynajmniej dla Franciszka S., \u017co\u0142nierza spod Sochaczewa rodem, kt\u00f3ry dostaje si\u0119 do niewoli i przewieziony zostaje do jednego z oboz\u00f3w jenieckich. Tam zaproponowano mu: albo niewola w obozie, albo u ch\u0142opa w <\/span><span style=\"font-size: medium;\"><i>Reichu<\/i><\/span><span style=\"font-size: medium;\"> na polu. Drugi wariant niewoli okaza\u0142 si\u0119 dla Franciszka S. bardziej kusz\u0105cy. I znowu podr\u00f3\u017c, tym razem osobowym wagonem. Potem by\u0142 te\u017c samoch\u00f3d, by\u0142a i furmanka, w ko\u0144cu troch\u0119 na piechot\u0119. A\u017c w ko\u0144cu Franciszek S. dotar\u0142 do pewnego gospodarstwa po\u0142o\u017conego w jednej z wiosek niedaleko Getyngi. W\u0142a\u015bciciel zagrody nie by\u0142 z\u0142ym cz\u0142owiekiem. Do przymusowego najmity odnosi\u0142 si\u0119 po ludzku, czyli je\u015b\u0107 dawa\u0142, spa\u0107 i pi\u0107 r\u00f3wnie\u017c, a od \u015bwi\u0119ta sypn\u0105\u0142 nawet groszem na piwo. Jeszcze w czasie p\u00f3\u017anojesiennych prac na polu Franciszek S. pozna\u0142 Gertrud\u0119, dziewcz\u0119 wprawdzie nie pierwszej ju\u017c \u015bwie\u017co\u015bci, niepowabne i umiarkowanie ho\u017ce, lecz za to aryjskie jak sam kulawy minister propagandy Trzeciej Rzeszy. Krew nie woda, krew nie rozum \u2013 rasy i przynale\u017cno\u015bci narodowej czy spo\u0142ecznej nie rozr\u00f3\u017cnia. On pokocha\u0142 j\u0105 nami\u0119tnie, ona pokocha\u0142a go na zab\u00f3j i gor\u0105co pierwsz\u0105 nie\u015bmia\u0142\u0105 mi\u0142o\u015bci\u0105. A wojna gdzie\u015b tam daleko w \u015bwiecie szala\u0142a. Ch\u0142opcy ze \u015bpiewem na ustach odchodzili z wioski, aby walczy\u0107 za <\/span><span style=\"font-size: medium;\"><i>Vaterland<\/i><\/span><span style=\"font-size: medium;\">, i \u017caden z nich nie powraca\u0142. A poza tym wiejska monotonia i rytm czterech p\u00f3r roku: sadzenie ziemniak\u00f3w, wyganianie kr\u00f3w na wypas, zadawanie koniom obroku, koszenie trawy, \u017cniwa, wykopki&#8230; No i ta wyst\u0119pna mi\u0142o\u015b\u0107 polskiego Franciszka i niemieckiej Gertrudy, kt\u00f3ra powiewa\u0142a nad wiosk\u0105 jak nieswoja flaga na swojej ziemi.<\/span><\/p>\n<p class=\"western\" align=\"justify\"><span style=\"font-size: medium;\">Owocem mi\u0142o\u015bci wielkiej i nami\u0119tnej najcz\u0119\u015bciej jest dziecko. Tak te\u017c by\u0142o i w tym przypadku. Gdy Gertruda w lecie 1940 roku poczu\u0142a, \u017ce jest brzemienna, przerazi\u0142a si\u0119 nie na \u017carty. Z dolnosakso\u0144skiej wioski do <\/span><span style=\"font-size: medium;\"><i>F\u00fchrera<\/i><\/span><span style=\"font-size: medium;\"> i do Norymbergi by\u0142o wprawdzie daleko, ale ustawy o zachowaniu czysto\u015bci rasy obowi\u0105zywa\u0142y wszystkich obywateli i obcokrajowc\u00f3w. Jeszcze bardziej przerazi\u0142 si\u0119 Franciszek S., gdy\u017c nagle dotar\u0142o do niego, jak straszliw\u0105 pope\u0142ni\u0142 zbrodni\u0119, za kt\u00f3r\u0105, ani chybi, zawi\u015bnie na szubienicy. Kilka tygodni trwa\u0142a niepewno\u015b\u0107, ale w ko\u0144cu zwyci\u0119\u017cy\u0142 zdrowy ch\u0142opski rozs\u0105dek kilku okolicznych gospodarzy. Dziecko jest dzieckiem, musi mie\u0107 matk\u0119 i ojca, ustalono. I sta\u0142o si\u0119. Tu\u017c po \u017cniwach Gertruda o\u015bwiadczy\u0142a przed odpowiednim urz\u0119dem, \u017ce jest Polk\u0105 spod Sochaczewa i \u017ce przyjecha\u0142a dobrowolnie do Niemiec, aby pracowa\u0107 na roli, a jej nazwisko ko\u0144czy si\u0119 na -ski. Prawdom\u00f3wno\u015b\u0107 \u015bwie\u017co upieczonej matki i jeszcze bardziej \u015bwie\u017co upieczonej Mazowszanki potwierdzi\u0142o trzech \u015bwiadk\u00f3w, szacownych niemieckich gospodarzy, i w ten spos\u00f3b ca\u0142a mi\u0142o\u015b\u0107 sta\u0142a si\u0119 legalna. Nic nie sta\u0142o ju\u017c na przeszkodzie, aby Gertruda, jako Polka, wysz\u0142a za m\u0105\u017c za Franciszka, r\u00f3wnie\u017c Polaka. Rasy nie zosta\u0142y pomieszane, tylko p\u0142yny ustrojowe. Dziewczyna unikn\u0119\u0142a w ten spos\u00f3b obozu koncentracyjnego, Franciszek umkn\u0105\u0142 z r\u0105k kata, a dziecko&#8230; Dziecko urodzi\u0142o si\u0119 wczesn\u0105 wiosn\u0105 1941 roku zdrowe i ochrzczone zosta\u0142o imieniem Herbert.<\/span><\/p>\n<p class=\"western\" align=\"justify\"><span style=\"font-size: medium;\">Dalej potoczy\u0142o si\u0119 ju\u017c z g\u00f3rki. Ma\u0142\u017conkowie S. wraz ze swoim synem szcz\u0119\u015bliwie prze\u017cyli wojn\u0119, a kiedy by\u0142o ju\u017c po wszystkiem, bez d\u0142u\u017cszego debatowania wyprawili si\u0119 do Polski, gdzie osiedli na sta\u0142e w rodzinnej wiosce Franciszka. \u017byli do\u015b\u0107 d\u0142ugo i nie zawsze szcz\u0119\u015bliwie. Franciszek, po trzech atakach serca, odszed\u0142 z tego \u015bwiata w 1978 roku, Gertruda w po\u0142owie lat osiemdziesi\u0105tych pod\u0105\u017cy\u0142a za nim.<\/span><\/p>\n<p class=\"western\" align=\"justify\"><span style=\"font-size: medium;\">W czterdzie\u015bci trzy lata po wojnie Herbert S., owoc wyst\u0119pnej mi\u0142o\u015bci, powr\u00f3ci\u0142 do Getyngi, aby upomnie\u0107 si\u0119 o swoje, czyli udowodni\u0107, \u017ce po k\u0105dzieli jest najprawdziwszym Niemcem. Nikt mu jednak nie uwierzy\u0142, gdy\u017c w aktach stanu cywilnego matka jego widnieje jako Polka. Polecono mu, aby odszuka\u0142 tych trzech \u015bwiadk\u00f3w z czas\u00f3w wojny, kt\u00f3rzy teraz musieliby zezna\u0107 pod przysi\u0119g\u0105, \u017ce wtedy sk\u0142amali, a teraz m\u00f3wi\u0105 szczer\u0105 i \u015bwi\u0119t\u0105 prawd\u0119. Herbert S. rozpocz\u0105\u0142 poszukiwania na wielk\u0105 skal\u0119: wynaj\u0105\u0142 adwokata, a po Dolnej Saksonii rozpierzch\u0142y si\u0119 listy go\u0144cze. Problem w tym, \u017ce Herbert S. niezbyt dok\u0142adnie wie, jak nazywaj\u0105 si\u0119 wioski, z kt\u00f3rych owi \u015bwiadkowie pochodz\u0105, jak r\u00f3wnie\u017c ich nazwiska s\u0105 niepewne i niechybnie poprzekr\u0119cane. Nie nale\u017cy r\u00f3wnie\u017c spodziewa\u0107 si\u0119, \u017ce \u015bwiadkowie s\u0105 jeszcze przy \u017cyciu. Dodatkowy problem stanowi bariera j\u0119zykowa. Herbert S. zapomnia\u0142 bowiem ojczystego j\u0119zyka matki w g\u0119bie.<\/span><\/p>\n<p class=\"western\" align=\"justify\"><span style=\"font-size: medium;\">Kiedy dwadzie\u015bcia sze\u015b\u0107 lat temu, zim\u0105 1990 roku, spotka\u0142em w Getyndze Herberta S. i pozna\u0142em histori\u0119 jego korzeni, by\u0142 on pe\u0142en nadziei, \u017ce uda mu si\u0119 doprowadzi\u0107 spraw\u0119 do szcz\u0119\u015bliwego zako\u0144czenia, czyli \u017ce uzyska obywatelstwo niemieckie. Koniecznie chcia\u0142 zaprowadzi\u0107 mnie do \u2013 jego zdaniem \u2013 najwspanialszego miejsca na \u015bwiecie, jakie uda\u0142o mu si\u0119 pozna\u0107 po wyje\u017adzie z Polski. Nazywa\u0142 je Ksi\u0119garni\u0105. Gdy znale\u017ali\u015bmy si\u0119 przed domem o\u015bwietlonym czerwonymi lampami, Herbert S. d\u0142ugo sta\u0142 na pokrytym deszczem chodniku i z uciechy zaciera\u0142 r\u0119ce. Nie weszli\u015bmy do \u015brodka. Te ksi\u0105\u017cki nie by\u0142y na nasz\u0105 kiesze\u0144.<\/span><\/p>\n<p class=\"western\" align=\"justify\">\u00a9 Dariusz Muszer<\/p>\n","protected":false},"excerpt":{"rendered":"<p>Wiosn\u0105 1988 roku Herbert S., mieszkaniec Sochaczewa, postanowi\u0142, \u017ce czas najwy\u017cszy rozpocz\u0105\u0107 poszukiwanie w\u0142asnych korzeni. Rodzina, czyli \u017cona i dwie c\u00f3rki, nic o zamy\u015ble g\u0142owy nie wiedzia\u0142a. Nie dlatego, \u017ceby Herbert S. by\u0142 tajemniczym osobnikiem \u2013 co to, to nie. Po prostu nie chcia\u0142 niepotrzebnym paplaniem rozbudza\u0107 nadziei, gdy\u017c korzenie by\u0142y niepewne, a droga do [&hellip;]<\/p>\n","protected":false},"author":1,"featured_media":0,"comment_status":"closed","ping_status":"closed","sticky":false,"template":"","format":"standard","meta":{"footnotes":""},"categories":[149],"tags":[195,197,198,150,196],"class_list":["post-949","post","type-post","status-publish","format-standard","hentry","category-notatki-na-blankietach","tag-getynga","tag-grenzdurchgangslager-friedland","tag-norymberga","tag-notatki-na-blankietach","tag-sochaczew"],"yoast_head":"<!-- This site is optimized with the Yoast SEO plugin v27.0 - https:\/\/yoast.com\/product\/yoast-seo-wordpress\/ -->\n<title>Kr\u00f3tkie dzieje d\u0142ugich korzeni - Notatki na blankietach - Dariusz Muszer<\/title>\n<meta name=\"description\" content=\"W czterdzie\u015bci trzy lata po wojnie Herbert S., owoc wyst\u0119pnej mi\u0142o\u015bci, powr\u00f3ci\u0142 do Getyngi, aby udowodni\u0107, \u017ce po k\u0105dzieli jest najprawdziwszym Niemcem.\" \/>\n<meta name=\"robots\" content=\"index, follow, max-snippet:-1, max-image-preview:large, max-video-preview:-1\" \/>\n<link rel=\"canonical\" href=\"https:\/\/dariusz-muszer.de\/pl\/krotkie-dzieje-dlugich-korzeni-notatki-na-blankietach\/\" \/>\n<meta property=\"og:locale\" content=\"pl_PL\" \/>\n<meta property=\"og:type\" content=\"article\" \/>\n<meta property=\"og:title\" content=\"Kr\u00f3tkie dzieje d\u0142ugich korzeni - Notatki na blankietach - Dariusz Muszer\" \/>\n<meta property=\"og:description\" content=\"W czterdzie\u015bci trzy lata po wojnie Herbert S., owoc wyst\u0119pnej mi\u0142o\u015bci, powr\u00f3ci\u0142 do Getyngi, aby udowodni\u0107, \u017ce po k\u0105dzieli jest najprawdziwszym Niemcem.\" \/>\n<meta property=\"og:url\" content=\"https:\/\/dariusz-muszer.de\/pl\/krotkie-dzieje-dlugich-korzeni-notatki-na-blankietach\/\" \/>\n<meta property=\"og:site_name\" content=\"Dariusz Muszer\" \/>\n<meta property=\"article:published_time\" content=\"2016-10-27T09:53:35+00:00\" \/>\n<meta property=\"article:modified_time\" content=\"2016-10-27T10:36:44+00:00\" \/>\n<meta name=\"author\" content=\"Kalong\" \/>\n<meta name=\"twitter:card\" content=\"summary_large_image\" \/>\n<meta name=\"twitter:label1\" content=\"Napisane przez\" \/>\n\t<meta name=\"twitter:data1\" content=\"Kalong\" \/>\n\t<meta name=\"twitter:label2\" content=\"Szacowany czas czytania\" \/>\n\t<meta name=\"twitter:data2\" content=\"6 minut\" \/>\n<script type=\"application\/ld+json\" class=\"yoast-schema-graph\">{\"@context\":\"https:\/\/schema.org\",\"@graph\":[{\"@type\":\"Article\",\"@id\":\"https:\/\/dariusz-muszer.de\/pl\/krotkie-dzieje-dlugich-korzeni-notatki-na-blankietach\/#article\",\"isPartOf\":{\"@id\":\"https:\/\/dariusz-muszer.de\/pl\/krotkie-dzieje-dlugich-korzeni-notatki-na-blankietach\/\"},\"author\":{\"name\":\"Kalong\",\"@id\":\"https:\/\/dariusz-muszer.de\/pl\/#\/schema\/person\/9f0c1c0310d5a835a41c892f377a9d48\"},\"headline\":\"Kr\u00f3tkie dzieje d\u0142ugich korzeni &#8211; Notatki na blankietach\",\"datePublished\":\"2016-10-27T09:53:35+00:00\",\"dateModified\":\"2016-10-27T10:36:44+00:00\",\"mainEntityOfPage\":{\"@id\":\"https:\/\/dariusz-muszer.de\/pl\/krotkie-dzieje-dlugich-korzeni-notatki-na-blankietach\/\"},\"wordCount\":1150,\"keywords\":[\"Getynga\",\"Grenzdurchgangslager Friedland\",\"Norymberga\",\"Notatki na blankietach\",\"Sochaczew\"],\"articleSection\":[\"Notatki na blankietach\"],\"inLanguage\":\"pl-PL\"},{\"@type\":\"WebPage\",\"@id\":\"https:\/\/dariusz-muszer.de\/pl\/krotkie-dzieje-dlugich-korzeni-notatki-na-blankietach\/\",\"url\":\"https:\/\/dariusz-muszer.de\/pl\/krotkie-dzieje-dlugich-korzeni-notatki-na-blankietach\/\",\"name\":\"Kr\u00f3tkie dzieje d\u0142ugich korzeni - Notatki na blankietach - Dariusz Muszer\",\"isPartOf\":{\"@id\":\"https:\/\/dariusz-muszer.de\/pl\/#website\"},\"datePublished\":\"2016-10-27T09:53:35+00:00\",\"dateModified\":\"2016-10-27T10:36:44+00:00\",\"author\":{\"@id\":\"https:\/\/dariusz-muszer.de\/pl\/#\/schema\/person\/9f0c1c0310d5a835a41c892f377a9d48\"},\"description\":\"W czterdzie\u015bci trzy lata po wojnie Herbert S., owoc wyst\u0119pnej mi\u0142o\u015bci, powr\u00f3ci\u0142 do Getyngi, aby udowodni\u0107, \u017ce po k\u0105dzieli jest najprawdziwszym Niemcem.\",\"breadcrumb\":{\"@id\":\"https:\/\/dariusz-muszer.de\/pl\/krotkie-dzieje-dlugich-korzeni-notatki-na-blankietach\/#breadcrumb\"},\"inLanguage\":\"pl-PL\",\"potentialAction\":[{\"@type\":\"ReadAction\",\"target\":[\"https:\/\/dariusz-muszer.de\/pl\/krotkie-dzieje-dlugich-korzeni-notatki-na-blankietach\/\"]}]},{\"@type\":\"BreadcrumbList\",\"@id\":\"https:\/\/dariusz-muszer.de\/pl\/krotkie-dzieje-dlugich-korzeni-notatki-na-blankietach\/#breadcrumb\",\"itemListElement\":[{\"@type\":\"ListItem\",\"position\":1,\"name\":\"Strona g\u0142\u00f3wna\",\"item\":\"https:\/\/dariusz-muszer.de\/pl\/\"},{\"@type\":\"ListItem\",\"position\":2,\"name\":\"Kr\u00f3tkie dzieje d\u0142ugich korzeni &#8211; Notatki na blankietach\"}]},{\"@type\":\"WebSite\",\"@id\":\"https:\/\/dariusz-muszer.de\/pl\/#website\",\"url\":\"https:\/\/dariusz-muszer.de\/pl\/\",\"name\":\"Dariusz Muszer\",\"description\":\"pisarz\",\"potentialAction\":[{\"@type\":\"SearchAction\",\"target\":{\"@type\":\"EntryPoint\",\"urlTemplate\":\"https:\/\/dariusz-muszer.de\/pl\/?s={search_term_string}\"},\"query-input\":{\"@type\":\"PropertyValueSpecification\",\"valueRequired\":true,\"valueName\":\"search_term_string\"}}],\"inLanguage\":\"pl-PL\"},{\"@type\":\"Person\",\"@id\":\"https:\/\/dariusz-muszer.de\/pl\/#\/schema\/person\/9f0c1c0310d5a835a41c892f377a9d48\",\"name\":\"Kalong\",\"image\":{\"@type\":\"ImageObject\",\"inLanguage\":\"pl-PL\",\"@id\":\"https:\/\/dariusz-muszer.de\/pl\/#\/schema\/person\/image\/\",\"url\":\"https:\/\/secure.gravatar.com\/avatar\/c9f779f2a71c9a87e8c401a809d61b28d74fc852ff3f345760cf377e19933461?s=96&d=mm&r=g\",\"contentUrl\":\"https:\/\/secure.gravatar.com\/avatar\/c9f779f2a71c9a87e8c401a809d61b28d74fc852ff3f345760cf377e19933461?s=96&d=mm&r=g\",\"caption\":\"Kalong\"},\"url\":\"https:\/\/dariusz-muszer.de\/pl\/author\/kalong\/\"}]}<\/script>\n<!-- \/ Yoast SEO plugin. -->","yoast_head_json":{"title":"Kr\u00f3tkie dzieje d\u0142ugich korzeni - Notatki na blankietach - Dariusz Muszer","description":"W czterdzie\u015bci trzy lata po wojnie Herbert S., owoc wyst\u0119pnej mi\u0142o\u015bci, powr\u00f3ci\u0142 do Getyngi, aby udowodni\u0107, \u017ce po k\u0105dzieli jest najprawdziwszym Niemcem.","robots":{"index":"index","follow":"follow","max-snippet":"max-snippet:-1","max-image-preview":"max-image-preview:large","max-video-preview":"max-video-preview:-1"},"canonical":"https:\/\/dariusz-muszer.de\/pl\/krotkie-dzieje-dlugich-korzeni-notatki-na-blankietach\/","og_locale":"pl_PL","og_type":"article","og_title":"Kr\u00f3tkie dzieje d\u0142ugich korzeni - Notatki na blankietach - Dariusz Muszer","og_description":"W czterdzie\u015bci trzy lata po wojnie Herbert S., owoc wyst\u0119pnej mi\u0142o\u015bci, powr\u00f3ci\u0142 do Getyngi, aby udowodni\u0107, \u017ce po k\u0105dzieli jest najprawdziwszym Niemcem.","og_url":"https:\/\/dariusz-muszer.de\/pl\/krotkie-dzieje-dlugich-korzeni-notatki-na-blankietach\/","og_site_name":"Dariusz Muszer","article_published_time":"2016-10-27T09:53:35+00:00","article_modified_time":"2016-10-27T10:36:44+00:00","author":"Kalong","twitter_card":"summary_large_image","twitter_misc":{"Napisane przez":"Kalong","Szacowany czas czytania":"6 minut"},"schema":{"@context":"https:\/\/schema.org","@graph":[{"@type":"Article","@id":"https:\/\/dariusz-muszer.de\/pl\/krotkie-dzieje-dlugich-korzeni-notatki-na-blankietach\/#article","isPartOf":{"@id":"https:\/\/dariusz-muszer.de\/pl\/krotkie-dzieje-dlugich-korzeni-notatki-na-blankietach\/"},"author":{"name":"Kalong","@id":"https:\/\/dariusz-muszer.de\/pl\/#\/schema\/person\/9f0c1c0310d5a835a41c892f377a9d48"},"headline":"Kr\u00f3tkie dzieje d\u0142ugich korzeni &#8211; Notatki na blankietach","datePublished":"2016-10-27T09:53:35+00:00","dateModified":"2016-10-27T10:36:44+00:00","mainEntityOfPage":{"@id":"https:\/\/dariusz-muszer.de\/pl\/krotkie-dzieje-dlugich-korzeni-notatki-na-blankietach\/"},"wordCount":1150,"keywords":["Getynga","Grenzdurchgangslager Friedland","Norymberga","Notatki na blankietach","Sochaczew"],"articleSection":["Notatki na blankietach"],"inLanguage":"pl-PL"},{"@type":"WebPage","@id":"https:\/\/dariusz-muszer.de\/pl\/krotkie-dzieje-dlugich-korzeni-notatki-na-blankietach\/","url":"https:\/\/dariusz-muszer.de\/pl\/krotkie-dzieje-dlugich-korzeni-notatki-na-blankietach\/","name":"Kr\u00f3tkie dzieje d\u0142ugich korzeni - Notatki na blankietach - Dariusz Muszer","isPartOf":{"@id":"https:\/\/dariusz-muszer.de\/pl\/#website"},"datePublished":"2016-10-27T09:53:35+00:00","dateModified":"2016-10-27T10:36:44+00:00","author":{"@id":"https:\/\/dariusz-muszer.de\/pl\/#\/schema\/person\/9f0c1c0310d5a835a41c892f377a9d48"},"description":"W czterdzie\u015bci trzy lata po wojnie Herbert S., owoc wyst\u0119pnej mi\u0142o\u015bci, powr\u00f3ci\u0142 do Getyngi, aby udowodni\u0107, \u017ce po k\u0105dzieli jest najprawdziwszym Niemcem.","breadcrumb":{"@id":"https:\/\/dariusz-muszer.de\/pl\/krotkie-dzieje-dlugich-korzeni-notatki-na-blankietach\/#breadcrumb"},"inLanguage":"pl-PL","potentialAction":[{"@type":"ReadAction","target":["https:\/\/dariusz-muszer.de\/pl\/krotkie-dzieje-dlugich-korzeni-notatki-na-blankietach\/"]}]},{"@type":"BreadcrumbList","@id":"https:\/\/dariusz-muszer.de\/pl\/krotkie-dzieje-dlugich-korzeni-notatki-na-blankietach\/#breadcrumb","itemListElement":[{"@type":"ListItem","position":1,"name":"Strona g\u0142\u00f3wna","item":"https:\/\/dariusz-muszer.de\/pl\/"},{"@type":"ListItem","position":2,"name":"Kr\u00f3tkie dzieje d\u0142ugich korzeni &#8211; Notatki na blankietach"}]},{"@type":"WebSite","@id":"https:\/\/dariusz-muszer.de\/pl\/#website","url":"https:\/\/dariusz-muszer.de\/pl\/","name":"Dariusz Muszer","description":"pisarz","potentialAction":[{"@type":"SearchAction","target":{"@type":"EntryPoint","urlTemplate":"https:\/\/dariusz-muszer.de\/pl\/?s={search_term_string}"},"query-input":{"@type":"PropertyValueSpecification","valueRequired":true,"valueName":"search_term_string"}}],"inLanguage":"pl-PL"},{"@type":"Person","@id":"https:\/\/dariusz-muszer.de\/pl\/#\/schema\/person\/9f0c1c0310d5a835a41c892f377a9d48","name":"Kalong","image":{"@type":"ImageObject","inLanguage":"pl-PL","@id":"https:\/\/dariusz-muszer.de\/pl\/#\/schema\/person\/image\/","url":"https:\/\/secure.gravatar.com\/avatar\/c9f779f2a71c9a87e8c401a809d61b28d74fc852ff3f345760cf377e19933461?s=96&d=mm&r=g","contentUrl":"https:\/\/secure.gravatar.com\/avatar\/c9f779f2a71c9a87e8c401a809d61b28d74fc852ff3f345760cf377e19933461?s=96&d=mm&r=g","caption":"Kalong"},"url":"https:\/\/dariusz-muszer.de\/pl\/author\/kalong\/"}]}},"_links":{"self":[{"href":"https:\/\/dariusz-muszer.de\/pl\/wp-json\/wp\/v2\/posts\/949","targetHints":{"allow":["GET"]}}],"collection":[{"href":"https:\/\/dariusz-muszer.de\/pl\/wp-json\/wp\/v2\/posts"}],"about":[{"href":"https:\/\/dariusz-muszer.de\/pl\/wp-json\/wp\/v2\/types\/post"}],"author":[{"embeddable":true,"href":"https:\/\/dariusz-muszer.de\/pl\/wp-json\/wp\/v2\/users\/1"}],"replies":[{"embeddable":true,"href":"https:\/\/dariusz-muszer.de\/pl\/wp-json\/wp\/v2\/comments?post=949"}],"version-history":[{"count":5,"href":"https:\/\/dariusz-muszer.de\/pl\/wp-json\/wp\/v2\/posts\/949\/revisions"}],"predecessor-version":[{"id":974,"href":"https:\/\/dariusz-muszer.de\/pl\/wp-json\/wp\/v2\/posts\/949\/revisions\/974"}],"wp:attachment":[{"href":"https:\/\/dariusz-muszer.de\/pl\/wp-json\/wp\/v2\/media?parent=949"}],"wp:term":[{"taxonomy":"category","embeddable":true,"href":"https:\/\/dariusz-muszer.de\/pl\/wp-json\/wp\/v2\/categories?post=949"},{"taxonomy":"post_tag","embeddable":true,"href":"https:\/\/dariusz-muszer.de\/pl\/wp-json\/wp\/v2\/tags?post=949"}],"curies":[{"name":"wp","href":"https:\/\/api.w.org\/{rel}","templated":true}]}}