{"id":945,"date":"2016-10-01T11:03:49","date_gmt":"2016-10-01T09:03:49","guid":{"rendered":"http:\/\/dariusz-muszer.de\/pl\/?p=945"},"modified":"2016-10-27T12:43:24","modified_gmt":"2016-10-27T10:43:24","slug":"alfredzik-notatki-na-blankietach","status":"publish","type":"post","link":"https:\/\/dariusz-muszer.de\/pl\/alfredzik-notatki-na-blankietach\/","title":{"rendered":"Alfredzik &#8211; Notatki na blankietach"},"content":{"rendered":"<p style=\"text-align: justify;\"><span style=\"font-size: medium;\">Alfred J. nie pami\u0119ta\u0142 tak dok\u0142adnie, za co kolegium orzekaj\u0105ce do spraw wykrocze\u0144 przy\u0142o\u017cy\u0142o mu sto dwadzie\u015bcia godzin pracy na rzecz miasta. Uwa\u017ca\u0142, \u017ce post\u0119powanie w\u0142adz w stosunku do jego osoby by\u0142o wyj\u0105tkowo nieeleganckie. A to dlatego, \u017ce wszak kto \u015bpi, nie grzeszy, a on przecie\u017c spa\u0142 jak najedzone niemowl\u0119 tej nocy, gdy wybijano szyby i tratowano ogr\u00f3dki dzia\u0142kowe. Rodzicom powiedzia\u0142, \u017ce w ca\u0142\u0105 afer\u0119 wrobili go koledzy i \u017ce przyzna\u0142 si\u0119 do niepope\u0142nionych czyn\u00f3w tylko dla \u015bwi\u0119tego spokoju. Czy rodzice uwierzyli, historia milczy. W ka\u017cdym razie w po\u0142owie kwietnia Alfred J., ucze\u0144 szko\u0142y \u015bredniej w B., zacz\u0105\u0142 popo\u0142udniami chodzi\u0107 do przymusowej pracy. Spodoba\u0142o mu si\u0119 przerzucanie ziemi z kupki na kupk\u0119 i grabienie pograbionych wczoraj trawnik\u00f3w, zw\u0142aszcza, \u017ce takich <\/span><span style=\"font-size: medium;\"><i>odrabiaj\u0105cych<\/i><\/span><span style=\"font-size: medium;\"> jak on by\u0142o wi\u0119cej, a w dobrej kompanii czas wartko i przyjemnie p\u0142ynie. Cz\u0119sto p\u0142yn\u0105\u0142 do magicznej godziny dwudziestej drugiej, kiedy to wszystkie grzeczne dzieci ju\u017c dawno powinny chrapa\u0107 pod ko\u0142derkami. Pa\u0144stwo J. nieco byli zdziwieni p\u00f3\u017anymi powrotami syna i po cichu narzekali, \u017ce ich Alfredzik zes\u0142any zosta\u0142 na istn\u0105 katorg\u0119 i \u017ce w\u0142adze serca nie maj\u0105, \u017ceby dzieciaka tak m\u0119czy\u0107.<\/span><\/p>\n<p class=\"western\" style=\"text-align: justify;\" align=\"justify\"><span style=\"font-size: medium;\">Kt\u00f3rego\u015b dnia po wykonaniu dziennej normy Alfred J. poczu\u0142 przemo\u017cn\u0105 ch\u0119\u0107 zrobienia rzeczy wielkiej. A \u017ce ch\u0142op by\u0142 z niego m\u0142ody i pop\u0119dliwy, po\u017cegna\u0142 si\u0119 z towarzyszami szybko i bez ceregieli, m\u00f3wi\u0105c, \u017ce dzisiaj wyj\u0105tkowo nie mo\u017ce zosta\u0107 d\u0142u\u017cej, i ruszy\u0142 przed siebie. Za rogiem strzeli\u0142 sobie na odwag\u0119 dwie <\/span><span style=\"font-size: medium;\"><i>z\u0142ote jedenastki <\/i><\/span><span style=\"font-size: medium;\">i poczu\u0142, \u017ce teraz to nawet g\u00f3ry mo\u017ce przenosi\u0107. Jednak\u017ce nie od przenoszenia g\u00f3r rozpocz\u0105\u0142 czynienie rzeczy wielkich. Najpierw rzuci\u0142 kamieniem w okno domu, w kt\u00f3rym mieszka\u0142 nauczyciel od fikania kozio\u0142k\u00f3w. Nauczyciel ten cz\u0119sto zn\u0119ca\u0142 si\u0119 nad Alfredem, ka\u017c\u0105c mu wykonywa\u0107 bezsensowne przysiady albo biega\u0107 w k\u00f3\u0142ko po boisku, jakby Alfred by\u0142 gazel\u0105, a nie cz\u0142owiekiem. Poza tym pan od wuefu pewnego razu przyla\u0142 naszemu bohaterowi (negatywnemu) dwa razy po buzi w kantorku z pi\u0142kami i materacami. Alfred nikomu nie poskar\u017cy\u0142 si\u0119, gdy\u017c uwa\u017ca\u0142, \u017ce z nauczycielami jeszcze nikt nie wygra\u0142, ale poprzysi\u0105g\u0142 zemst\u0119. Podobnie rzecz si\u0119 mia\u0142a z pani\u0105 od polskiego, kt\u00f3ra nie mog\u0142a znie\u015b\u0107, \u017ce ucze\u0144 J. zna\u0142 lepiej od niej literatur\u0119 francusk\u0105. C\u00f3\u017c, czytanie \u201eW poszukiwaniu straconego czasu\u201d w oryginale mo\u017ce doprowadzi\u0107 do wyobcowania w klasie, a i nauczycielom te\u017c nie zawsze si\u0119 to podoba. Pani z b\u00f3lem serca stawia\u0142a Alfredowi na okres naci\u0105gane tr\u00f3jki. Cia\u0142o pedagogiczne rozumia\u0142o dylemat moralny polonistki, tylko Alfredzik nie bardzo pojmowa\u0142, dlaczego ma takie s\u0142abe oceny, skoro jest najlepszy w klasie. Ale on ju\u017c w przedszkolu mia\u0142 trudno\u015bci ze zrozumieniem normalno\u015bci tego \u015bwiata. <\/span><\/p>\n<p class=\"western\" style=\"text-align: justify;\" align=\"justify\"><span style=\"font-size: medium;\">Tego d\u017cd\u017cystego wieczoru nadszed\u0142 czas odwetu za <a href=\"https:\/\/pl.wikipedia.org\/wiki\/Marcel_Proust\">Prousta<\/a> i za \u201e<a href=\"https:\/\/pl.wikipedia.org\/wiki\/Pie%C5%9B%C5%84_o_Rolandzie\">Pie\u015b\u0144 o Rolandzie<\/a>\u201d. Samoch\u00f3d polonistki sta\u0142 tu\u017c przy kraw\u0119\u017cniku. P\u00f3\u017aniej, w nocy, nadal sta\u0142, ale z czterema przebitymi ko\u0142ami. Operacja zaj\u0119\u0142a Alfredowi ca\u0142\u0105 godzin\u0119 lekcyjn\u0105. Gdyby mia\u0142 przy sobie n\u00f3\u017c zamiast \u015brubokr\u0119ta, na pewno posz\u0142oby mu szybciej. Literatura francuska mog\u0142a spa\u0107 tej nocy spokojnie \u2013 zosta\u0142a pomszczona. Nasz bohater (negatywny) by\u0142 z siebie zadowolony, ale wcale nie mia\u0142 zamiaru spocz\u0105\u0107 na laurach. Czeka\u0142y go przecie\u017c czyny wielkie.<\/span><\/p>\n<p class=\"western\" style=\"text-align: justify;\" align=\"justify\"><span style=\"font-size: medium;\">Ciemno\u015bci sprzyjaj\u0105 kochank\u0105 i przest\u0119pcom. Alfred J. zakrad\u0142 si\u0119 na zaplecze sklepu samoobs\u0142ugowego, gdzie znalaz\u0142 kilka pustych karton\u00f3w. Wybra\u0142 ten najbardziej suchy i skrupulatnie podar\u0142 go na kawa\u0142ki. Nast\u0119pnie pobieg\u0142 w kierunku wie\u017cowca, w kt\u00f3rym mieszka\u0142 dyrektor szko\u0142y. Wdrapa\u0142 si\u0119 na czwarte pi\u0119tro. Klatka schodowa by\u0142a pusta jak haki u rze\u017anika. Chwil\u0119 nas\u0142uchiwa\u0142 pod drzwiami. Na gumowej wycieraczce u\u0142o\u017cy\u0142 niezdarnie ma\u0142y stos, kt\u00f3ry podpali\u0142. Poczeka\u0142 a\u017c buchn\u0105 p\u0142omienie, a nast\u0119pnie nacisn\u0105\u0142 dzwonek, pod kt\u00f3rym widnia\u0142o nazwisko dyrektora. Nie czeka\u0142, a\u017c kto\u015b wyjdzie. Uciek\u0142, o ma\u0142o nie \u0142ami\u0105c sobie n\u00f3g. Zatrzyma\u0142 si\u0119 dopiero na drugiej przecznicy, a r\u0119ce wcale mu nie dr\u017ca\u0142y. <\/span><\/p>\n<p class=\"western\" style=\"text-align: justify;\" align=\"justify\"><span style=\"font-size: medium;\">Dlaczego nasz Alfredzik nie lubi\u0142 dyrektora szko\u0142y? Hm, g\u0142upia sprawa, ale m\u0142odzian \u00f3w uwa\u017ca\u0142, \u017ce dyrektor traktuje uczni\u00f3w jak ch\u0142op\u00f3w pa\u0144szczy\u017anianych. A dlaczeg\u00f3\u017c to? Rok temu Alfred musia\u0142 przepracowa\u0107 cztery dni na budowie altanki dyrektorskiej, i nie dosta\u0142 nawet oran\u017cady. P\u00f3\u0142 roku temu za\u017c\u0105da\u0142, aby uczniowie pomalowali mu siatk\u0119 na dzia\u0142ce, \u0142aweczki i okna w altance oraz w domu. Nie dalej jak trzy miesi\u0105ce temu dyrektor wys\u0142a\u0142 grup\u0119 uczni\u00f3w, aby pomog\u0142a w przeprowadzce pewnej szlachetnie urodzonej osobie z komitetu. A w zesz\u0142ym tygodniu poleci\u0142 Alfredowi, aby skoczy\u0142 po gazet\u0119 i papierosy. <\/span><\/p>\n<p class=\"western\" style=\"text-align: justify;\" align=\"justify\"><span style=\"font-size: medium;\">Ostatnim wielkim czynem brzydkiego ch\u0142opaka by\u0142o spluni\u0119cie na chodnik, kt\u00f3ry prowadzi\u0142 do jego szko\u0142y, i wypowiedzenie s\u0142owa, kt\u00f3re tak samo si\u0119 pisze, jak czyta. Potem splun\u0105\u0142 raz jeszcze, mrukn\u0105\u0142: \u201eNa dzi\u015b wystarczy\u201d \u2013 i dziarskim krokiem wr\u00f3ci\u0142 do domu. Ko\u0142o p\u00f3\u0142nocy zasn\u0105\u0142 w \u0142\u00f3\u017ceczku, a nad jego snem czuwa\u0142 Bruce Lee, kt\u00f3ry wcale nie u\u015bmiecha\u0142 si\u0119 z plakatu.<\/span><\/p>\n<p class=\"western\" style=\"text-align: justify;\" align=\"justify\"><span style=\"font-size: medium;\">Za swoje wielkie czyny pope\u0142nione tej nocy nasz m\u0142odociany przest\u0119pca nie zosta\u0142 ukarany, gdy\u017c go nie z\u0142apano. W pewnym sensie jednak sprawiedliwo\u015bci sta\u0142o si\u0119 zado\u015b\u0107. Gdy bowiem dyrekcja szko\u0142y dowiedzia\u0142a si\u0119 w ko\u0144cu o tratowaniu ogr\u00f3dk\u00f3w i o tym, \u017ce kolegium ukara\u0142o ucznia Alfreda J. prac\u0105 na rzecz miasta, zawieszono go natychmiast w prawach uczniowskich, a nast\u0119pnie wydalono z liceum. <\/span><\/p>\n<p class=\"western\" style=\"text-align: justify;\" align=\"justify\"><span style=\"font-size: medium;\">Alfred J. zda\u0142 w ubieg\u0142ym roku matur\u0119 w innym przybytku o\u015bwiatowo-wychowawczym i obecnie jest studentem prawa na jednym z krajowych uniwersytet\u00f3w.<\/span><\/p>\n<p class=\"western\" style=\"text-align: justify;\" align=\"justify\">\u00a9 Dariusz Muszer<\/p>\n","protected":false},"excerpt":{"rendered":"<p>Alfred J. nie pami\u0119ta\u0142 tak dok\u0142adnie, za co kolegium orzekaj\u0105ce do spraw wykrocze\u0144 przy\u0142o\u017cy\u0142o mu sto dwadzie\u015bcia godzin pracy na rzecz miasta. Uwa\u017ca\u0142, \u017ce post\u0119powanie w\u0142adz w stosunku do jego osoby by\u0142o wyj\u0105tkowo nieeleganckie. A to dlatego, \u017ce wszak kto \u015bpi, nie grzeszy, a on przecie\u017c spa\u0142 jak najedzone niemowl\u0119 tej nocy, gdy wybijano szyby [&hellip;]<\/p>\n","protected":false},"author":1,"featured_media":0,"comment_status":"closed","ping_status":"closed","sticky":false,"template":"","format":"standard","meta":{"footnotes":""},"categories":[149],"tags":[190,191,192,194,150,193],"class_list":["post-945","post","type-post","status-publish","format-standard","hentry","category-notatki-na-blankietach","tag-alfred","tag-bruce-lee","tag-kolegium","tag-liceum","tag-notatki-na-blankietach","tag-polonistka"],"yoast_head":"<!-- This site is optimized with the Yoast SEO plugin v27.0 - https:\/\/yoast.com\/product\/yoast-seo-wordpress\/ -->\n<title>Alfredzik - Notatki na blankietach - Dariusz Muszer<\/title>\n<meta name=\"description\" content=\"Alfred J. nie pami\u0119ta\u0142 tak dok\u0142adnie, za co kolegium orzekaj\u0105ce do spraw wykrocze\u0144 przy\u0142o\u017cy\u0142o mu sto dwadzie\u015bcia godzin pracy na rzecz miasta.\" \/>\n<meta name=\"robots\" content=\"index, follow, max-snippet:-1, max-image-preview:large, max-video-preview:-1\" \/>\n<link rel=\"canonical\" href=\"https:\/\/dariusz-muszer.de\/pl\/alfredzik-notatki-na-blankietach\/\" \/>\n<meta property=\"og:locale\" content=\"pl_PL\" \/>\n<meta property=\"og:type\" content=\"article\" \/>\n<meta property=\"og:title\" content=\"Alfredzik - Notatki na blankietach - Dariusz Muszer\" \/>\n<meta property=\"og:description\" content=\"Alfred J. nie pami\u0119ta\u0142 tak dok\u0142adnie, za co kolegium orzekaj\u0105ce do spraw wykrocze\u0144 przy\u0142o\u017cy\u0142o mu sto dwadzie\u015bcia godzin pracy na rzecz miasta.\" \/>\n<meta property=\"og:url\" content=\"https:\/\/dariusz-muszer.de\/pl\/alfredzik-notatki-na-blankietach\/\" \/>\n<meta property=\"og:site_name\" content=\"Dariusz Muszer\" \/>\n<meta property=\"article:published_time\" content=\"2016-10-01T09:03:49+00:00\" \/>\n<meta property=\"article:modified_time\" content=\"2016-10-27T10:43:24+00:00\" \/>\n<meta name=\"author\" content=\"Kalong\" \/>\n<meta name=\"twitter:card\" content=\"summary_large_image\" \/>\n<meta name=\"twitter:label1\" content=\"Napisane przez\" \/>\n\t<meta name=\"twitter:data1\" content=\"Kalong\" \/>\n\t<meta name=\"twitter:label2\" content=\"Szacowany czas czytania\" \/>\n\t<meta name=\"twitter:data2\" content=\"5 minut\" \/>\n<script type=\"application\/ld+json\" class=\"yoast-schema-graph\">{\"@context\":\"https:\/\/schema.org\",\"@graph\":[{\"@type\":\"Article\",\"@id\":\"https:\/\/dariusz-muszer.de\/pl\/alfredzik-notatki-na-blankietach\/#article\",\"isPartOf\":{\"@id\":\"https:\/\/dariusz-muszer.de\/pl\/alfredzik-notatki-na-blankietach\/\"},\"author\":{\"name\":\"Kalong\",\"@id\":\"https:\/\/dariusz-muszer.de\/pl\/#\/schema\/person\/9f0c1c0310d5a835a41c892f377a9d48\"},\"headline\":\"Alfredzik &#8211; Notatki na blankietach\",\"datePublished\":\"2016-10-01T09:03:49+00:00\",\"dateModified\":\"2016-10-27T10:43:24+00:00\",\"mainEntityOfPage\":{\"@id\":\"https:\/\/dariusz-muszer.de\/pl\/alfredzik-notatki-na-blankietach\/\"},\"wordCount\":990,\"keywords\":[\"Alfred\",\"Bruce Lee\",\"kolegium\",\"liceum\",\"Notatki na blankietach\",\"polonistka\"],\"articleSection\":[\"Notatki na blankietach\"],\"inLanguage\":\"pl-PL\"},{\"@type\":\"WebPage\",\"@id\":\"https:\/\/dariusz-muszer.de\/pl\/alfredzik-notatki-na-blankietach\/\",\"url\":\"https:\/\/dariusz-muszer.de\/pl\/alfredzik-notatki-na-blankietach\/\",\"name\":\"Alfredzik - Notatki na blankietach - Dariusz Muszer\",\"isPartOf\":{\"@id\":\"https:\/\/dariusz-muszer.de\/pl\/#website\"},\"datePublished\":\"2016-10-01T09:03:49+00:00\",\"dateModified\":\"2016-10-27T10:43:24+00:00\",\"author\":{\"@id\":\"https:\/\/dariusz-muszer.de\/pl\/#\/schema\/person\/9f0c1c0310d5a835a41c892f377a9d48\"},\"description\":\"Alfred J. nie pami\u0119ta\u0142 tak dok\u0142adnie, za co kolegium orzekaj\u0105ce do spraw wykrocze\u0144 przy\u0142o\u017cy\u0142o mu sto dwadzie\u015bcia godzin pracy na rzecz miasta.\",\"breadcrumb\":{\"@id\":\"https:\/\/dariusz-muszer.de\/pl\/alfredzik-notatki-na-blankietach\/#breadcrumb\"},\"inLanguage\":\"pl-PL\",\"potentialAction\":[{\"@type\":\"ReadAction\",\"target\":[\"https:\/\/dariusz-muszer.de\/pl\/alfredzik-notatki-na-blankietach\/\"]}]},{\"@type\":\"BreadcrumbList\",\"@id\":\"https:\/\/dariusz-muszer.de\/pl\/alfredzik-notatki-na-blankietach\/#breadcrumb\",\"itemListElement\":[{\"@type\":\"ListItem\",\"position\":1,\"name\":\"Strona g\u0142\u00f3wna\",\"item\":\"https:\/\/dariusz-muszer.de\/pl\/\"},{\"@type\":\"ListItem\",\"position\":2,\"name\":\"Alfredzik &#8211; Notatki na blankietach\"}]},{\"@type\":\"WebSite\",\"@id\":\"https:\/\/dariusz-muszer.de\/pl\/#website\",\"url\":\"https:\/\/dariusz-muszer.de\/pl\/\",\"name\":\"Dariusz Muszer\",\"description\":\"pisarz\",\"potentialAction\":[{\"@type\":\"SearchAction\",\"target\":{\"@type\":\"EntryPoint\",\"urlTemplate\":\"https:\/\/dariusz-muszer.de\/pl\/?s={search_term_string}\"},\"query-input\":{\"@type\":\"PropertyValueSpecification\",\"valueRequired\":true,\"valueName\":\"search_term_string\"}}],\"inLanguage\":\"pl-PL\"},{\"@type\":\"Person\",\"@id\":\"https:\/\/dariusz-muszer.de\/pl\/#\/schema\/person\/9f0c1c0310d5a835a41c892f377a9d48\",\"name\":\"Kalong\",\"image\":{\"@type\":\"ImageObject\",\"inLanguage\":\"pl-PL\",\"@id\":\"https:\/\/dariusz-muszer.de\/pl\/#\/schema\/person\/image\/\",\"url\":\"https:\/\/secure.gravatar.com\/avatar\/c9f779f2a71c9a87e8c401a809d61b28d74fc852ff3f345760cf377e19933461?s=96&d=mm&r=g\",\"contentUrl\":\"https:\/\/secure.gravatar.com\/avatar\/c9f779f2a71c9a87e8c401a809d61b28d74fc852ff3f345760cf377e19933461?s=96&d=mm&r=g\",\"caption\":\"Kalong\"},\"url\":\"https:\/\/dariusz-muszer.de\/pl\/author\/kalong\/\"}]}<\/script>\n<!-- \/ Yoast SEO plugin. -->","yoast_head_json":{"title":"Alfredzik - Notatki na blankietach - Dariusz Muszer","description":"Alfred J. nie pami\u0119ta\u0142 tak dok\u0142adnie, za co kolegium orzekaj\u0105ce do spraw wykrocze\u0144 przy\u0142o\u017cy\u0142o mu sto dwadzie\u015bcia godzin pracy na rzecz miasta.","robots":{"index":"index","follow":"follow","max-snippet":"max-snippet:-1","max-image-preview":"max-image-preview:large","max-video-preview":"max-video-preview:-1"},"canonical":"https:\/\/dariusz-muszer.de\/pl\/alfredzik-notatki-na-blankietach\/","og_locale":"pl_PL","og_type":"article","og_title":"Alfredzik - Notatki na blankietach - Dariusz Muszer","og_description":"Alfred J. nie pami\u0119ta\u0142 tak dok\u0142adnie, za co kolegium orzekaj\u0105ce do spraw wykrocze\u0144 przy\u0142o\u017cy\u0142o mu sto dwadzie\u015bcia godzin pracy na rzecz miasta.","og_url":"https:\/\/dariusz-muszer.de\/pl\/alfredzik-notatki-na-blankietach\/","og_site_name":"Dariusz Muszer","article_published_time":"2016-10-01T09:03:49+00:00","article_modified_time":"2016-10-27T10:43:24+00:00","author":"Kalong","twitter_card":"summary_large_image","twitter_misc":{"Napisane przez":"Kalong","Szacowany czas czytania":"5 minut"},"schema":{"@context":"https:\/\/schema.org","@graph":[{"@type":"Article","@id":"https:\/\/dariusz-muszer.de\/pl\/alfredzik-notatki-na-blankietach\/#article","isPartOf":{"@id":"https:\/\/dariusz-muszer.de\/pl\/alfredzik-notatki-na-blankietach\/"},"author":{"name":"Kalong","@id":"https:\/\/dariusz-muszer.de\/pl\/#\/schema\/person\/9f0c1c0310d5a835a41c892f377a9d48"},"headline":"Alfredzik &#8211; Notatki na blankietach","datePublished":"2016-10-01T09:03:49+00:00","dateModified":"2016-10-27T10:43:24+00:00","mainEntityOfPage":{"@id":"https:\/\/dariusz-muszer.de\/pl\/alfredzik-notatki-na-blankietach\/"},"wordCount":990,"keywords":["Alfred","Bruce Lee","kolegium","liceum","Notatki na blankietach","polonistka"],"articleSection":["Notatki na blankietach"],"inLanguage":"pl-PL"},{"@type":"WebPage","@id":"https:\/\/dariusz-muszer.de\/pl\/alfredzik-notatki-na-blankietach\/","url":"https:\/\/dariusz-muszer.de\/pl\/alfredzik-notatki-na-blankietach\/","name":"Alfredzik - Notatki na blankietach - Dariusz Muszer","isPartOf":{"@id":"https:\/\/dariusz-muszer.de\/pl\/#website"},"datePublished":"2016-10-01T09:03:49+00:00","dateModified":"2016-10-27T10:43:24+00:00","author":{"@id":"https:\/\/dariusz-muszer.de\/pl\/#\/schema\/person\/9f0c1c0310d5a835a41c892f377a9d48"},"description":"Alfred J. nie pami\u0119ta\u0142 tak dok\u0142adnie, za co kolegium orzekaj\u0105ce do spraw wykrocze\u0144 przy\u0142o\u017cy\u0142o mu sto dwadzie\u015bcia godzin pracy na rzecz miasta.","breadcrumb":{"@id":"https:\/\/dariusz-muszer.de\/pl\/alfredzik-notatki-na-blankietach\/#breadcrumb"},"inLanguage":"pl-PL","potentialAction":[{"@type":"ReadAction","target":["https:\/\/dariusz-muszer.de\/pl\/alfredzik-notatki-na-blankietach\/"]}]},{"@type":"BreadcrumbList","@id":"https:\/\/dariusz-muszer.de\/pl\/alfredzik-notatki-na-blankietach\/#breadcrumb","itemListElement":[{"@type":"ListItem","position":1,"name":"Strona g\u0142\u00f3wna","item":"https:\/\/dariusz-muszer.de\/pl\/"},{"@type":"ListItem","position":2,"name":"Alfredzik &#8211; Notatki na blankietach"}]},{"@type":"WebSite","@id":"https:\/\/dariusz-muszer.de\/pl\/#website","url":"https:\/\/dariusz-muszer.de\/pl\/","name":"Dariusz Muszer","description":"pisarz","potentialAction":[{"@type":"SearchAction","target":{"@type":"EntryPoint","urlTemplate":"https:\/\/dariusz-muszer.de\/pl\/?s={search_term_string}"},"query-input":{"@type":"PropertyValueSpecification","valueRequired":true,"valueName":"search_term_string"}}],"inLanguage":"pl-PL"},{"@type":"Person","@id":"https:\/\/dariusz-muszer.de\/pl\/#\/schema\/person\/9f0c1c0310d5a835a41c892f377a9d48","name":"Kalong","image":{"@type":"ImageObject","inLanguage":"pl-PL","@id":"https:\/\/dariusz-muszer.de\/pl\/#\/schema\/person\/image\/","url":"https:\/\/secure.gravatar.com\/avatar\/c9f779f2a71c9a87e8c401a809d61b28d74fc852ff3f345760cf377e19933461?s=96&d=mm&r=g","contentUrl":"https:\/\/secure.gravatar.com\/avatar\/c9f779f2a71c9a87e8c401a809d61b28d74fc852ff3f345760cf377e19933461?s=96&d=mm&r=g","caption":"Kalong"},"url":"https:\/\/dariusz-muszer.de\/pl\/author\/kalong\/"}]}},"_links":{"self":[{"href":"https:\/\/dariusz-muszer.de\/pl\/wp-json\/wp\/v2\/posts\/945","targetHints":{"allow":["GET"]}}],"collection":[{"href":"https:\/\/dariusz-muszer.de\/pl\/wp-json\/wp\/v2\/posts"}],"about":[{"href":"https:\/\/dariusz-muszer.de\/pl\/wp-json\/wp\/v2\/types\/post"}],"author":[{"embeddable":true,"href":"https:\/\/dariusz-muszer.de\/pl\/wp-json\/wp\/v2\/users\/1"}],"replies":[{"embeddable":true,"href":"https:\/\/dariusz-muszer.de\/pl\/wp-json\/wp\/v2\/comments?post=945"}],"version-history":[{"count":7,"href":"https:\/\/dariusz-muszer.de\/pl\/wp-json\/wp\/v2\/posts\/945\/revisions"}],"predecessor-version":[{"id":980,"href":"https:\/\/dariusz-muszer.de\/pl\/wp-json\/wp\/v2\/posts\/945\/revisions\/980"}],"wp:attachment":[{"href":"https:\/\/dariusz-muszer.de\/pl\/wp-json\/wp\/v2\/media?parent=945"}],"wp:term":[{"taxonomy":"category","embeddable":true,"href":"https:\/\/dariusz-muszer.de\/pl\/wp-json\/wp\/v2\/categories?post=945"},{"taxonomy":"post_tag","embeddable":true,"href":"https:\/\/dariusz-muszer.de\/pl\/wp-json\/wp\/v2\/tags?post=945"}],"curies":[{"name":"wp","href":"https:\/\/api.w.org\/{rel}","templated":true}]}}