{"id":912,"date":"2016-04-21T13:05:30","date_gmt":"2016-04-21T11:05:30","guid":{"rendered":"http:\/\/dariusz-muszer.de\/pl\/?p=912"},"modified":"2016-04-21T13:05:30","modified_gmt":"2016-04-21T11:05:30","slug":"zelazna-felicja-spinaczy","status":"publish","type":"post","link":"https:\/\/dariusz-muszer.de\/pl\/zelazna-felicja-spinaczy\/","title":{"rendered":"\u017belazna Felicja Od Spinaczy"},"content":{"rendered":"<h2>\u017belazna Felicja Od Spinaczy<\/h2>\n<p>&nbsp;<\/p>\n<p>Tak bardzo ba\u0142am si\u0119 o jutro,<br \/>\n\u017ce nie by\u0142am w stanie skupi\u0107 si\u0119 na dzi\u015b.<\/p>\n<p>Przemkn\u0119\u0142a obok mnie mi\u0142o\u015b\u0107 mego m\u0119\u017ca,<br \/>\nprzemkn\u0119\u0142y niewykorzystane okazje i nowa praca.<br \/>\nTo, co robi\u0142am, stara\u0142am si\u0119 zawsze robi\u0107 jak najlepiej,<br \/>\nnie rozumiej\u0105c, \u017ce ludzie potrzebuj\u0105 oddechu<br \/>\ni \u017ce kwiaty rosn\u0105 najlepiej, gdy s\u0142ysz\u0105 muzyk\u0119.<br \/>\nNie pob\u0142a\u017ca\u0142am sobie i taka\u017c by\u0142am dla innych.<br \/>\nBano si\u0119 mnie i powa\u017cano,<br \/>\na za plecami nazywano \u017belazn\u0105 Felicj\u0105 Od Spinaczy.<br \/>\nBy\u0142am zawsze lepsza od innych,<br \/>\nprzez czterdzie\u015bci lat opu\u015bci\u0142am tylko trzy dni w pracy,<br \/>\njeden na \u015bmier\u0107 ojca, jeden na matki, jeden na brata.<\/p>\n<p>Nie zauwa\u017cy\u0142am nawet, kiedy odszed\u0142 m\u00f3j m\u0105\u017c;<br \/>\ngdybym zauwa\u017cy\u0142a, mo\u017ce zmusi\u0142abym go do pozostania.<br \/>\nNie spostrzeg\u0142am, jak odszed\u0142 m\u00f3j syn,<br \/>\nnapisa\u0142 mi jeden list z Hanoweru, potem zamilk\u0142.<br \/>\nPewnie powinnam by\u0142a mu odpisa\u0107,<br \/>\nale moja duma nie pozwala\u0142a mi na to.<br \/>\nSama uprawia\u0142am t\u0119 moj\u0105 zaczarowan\u0105 grz\u0105dk\u0119,<br \/>\nkt\u00f3rej koniec spowija\u0142y ciemno\u015bci.<\/p>\n<p>Cz\u0119sto nie mog\u0119 spa\u0107, parz\u0119 wtedy rumianek<br \/>\ni wpatruj\u0119 si\u0119 w m\u00f3j obrazek z pierwszej komunii,<br \/>\nna kt\u00f3rym s\u0142omiany anio\u0142 przeprowadza dziewczynk\u0119<br \/>\nprzez most nad wzburzonymi wodami.<br \/>\nObmy\u015blam, co stanie si\u0119 ze mn\u0105 jutro,<br \/>\ni dusi mnie strach.<br \/>\nNie mam nic, poza dobr\u0105 rent\u0105.<\/p>\n<p>S\u0142ysza\u0142am, \u017ce mojego dawnego m\u0119\u017ca<br \/>\npochowano gdzie\u015b na Po\u0142udniu;<br \/>\nodszukam jego gr\u00f3b, nie zapomn\u0119 o kwiatach.<br \/>\nGdybym wiedzia\u0142a, w jaki spos\u00f3b<br \/>\nmo\u017cna przyspieszy\u0107 czas,<br \/>\nbez zastanowienia zrobi\u0142abym to.<br \/>\nZ dnia na dzie\u0144 moja przysz\u0142o\u015b\u0107<br \/>\njest coraz bardziej niewiadoma.<br \/>\nNiech przestan\u0105 kipie\u0107 te wzburzone wody,<br \/>\nniech po\u0142knie mnie w ko\u0144cu ta przekl\u0119ta nico\u015b\u0107.<br \/>\nNiech znajd\u0119 si\u0119 w ko\u0144cu tam,<br \/>\ngdzie nie ma spinaczy i samotnego jutra.<\/p>\n<p>\u00a9 Dariusz Muszer<\/p>\n","protected":false},"excerpt":{"rendered":"<p>\u017belazna Felicja Od Spinaczy &nbsp; Tak bardzo ba\u0142am si\u0119 o jutro, \u017ce nie by\u0142am w stanie skupi\u0107 si\u0119 na dzi\u015b. Przemkn\u0119\u0142a obok mnie mi\u0142o\u015b\u0107 mego m\u0119\u017ca, przemkn\u0119\u0142y niewykorzystane okazje i nowa praca. To, co robi\u0142am, stara\u0142am si\u0119 zawsze robi\u0107 jak najlepiej, nie rozumiej\u0105c, \u017ce ludzie potrzebuj\u0105 oddechu i \u017ce kwiaty rosn\u0105 najlepiej, gdy s\u0142ysz\u0105 muzyk\u0119. [&hellip;]<\/p>\n","protected":false},"author":2,"featured_media":0,"comment_status":"closed","ping_status":"closed","sticky":false,"template":"","format":"standard","meta":{"footnotes":""},"categories":[185,53],"tags":[186,188,189,187],"class_list":["post-912","post","type-post","status-publish","format-standard","hentry","category-ilanka","category-wszyscy-moi-nieznajomi","tag-felicja","tag-hanower","tag-ilanka","tag-rumianek"],"yoast_head":"<!-- This site is optimized with the Yoast SEO plugin v27.0 - https:\/\/yoast.com\/product\/yoast-seo-wordpress\/ -->\n<title>\u017belazna Felicja Od Spinaczy - Dariusz Muszer<\/title>\n<meta name=\"description\" content=\"Bano si\u0119 mnie i powa\u017cano, a za plecami nazywano \u017belazn\u0105 Felicj\u0105 Od Spinaczy. By\u0142am zawsze lepsza od innych, przez czterdzie\u015bci lat opu\u015bci\u0142am tylko trzy dni\" \/>\n<meta name=\"robots\" content=\"index, follow, max-snippet:-1, max-image-preview:large, max-video-preview:-1\" \/>\n<link rel=\"canonical\" href=\"https:\/\/dariusz-muszer.de\/pl\/zelazna-felicja-spinaczy\/\" \/>\n<meta property=\"og:locale\" content=\"pl_PL\" \/>\n<meta property=\"og:type\" content=\"article\" \/>\n<meta property=\"og:title\" content=\"\u017belazna Felicja Od Spinaczy - Dariusz Muszer\" \/>\n<meta property=\"og:description\" content=\"Bano si\u0119 mnie i powa\u017cano, a za plecami nazywano \u017belazn\u0105 Felicj\u0105 Od Spinaczy. By\u0142am zawsze lepsza od innych, przez czterdzie\u015bci lat opu\u015bci\u0142am tylko trzy dni\" \/>\n<meta property=\"og:url\" content=\"https:\/\/dariusz-muszer.de\/pl\/zelazna-felicja-spinaczy\/\" \/>\n<meta property=\"og:site_name\" content=\"Dariusz Muszer\" \/>\n<meta property=\"article:published_time\" content=\"2016-04-21T11:05:30+00:00\" \/>\n<meta name=\"author\" content=\"Kama Dogo\" \/>\n<meta name=\"twitter:card\" content=\"summary_large_image\" \/>\n<meta name=\"twitter:label1\" content=\"Napisane przez\" \/>\n\t<meta name=\"twitter:data1\" content=\"Kama Dogo\" \/>\n\t<meta name=\"twitter:label2\" content=\"Szacowany czas czytania\" \/>\n\t<meta name=\"twitter:data2\" content=\"2 minuty\" \/>\n<script type=\"application\/ld+json\" class=\"yoast-schema-graph\">{\"@context\":\"https:\/\/schema.org\",\"@graph\":[{\"@type\":\"Article\",\"@id\":\"https:\/\/dariusz-muszer.de\/pl\/zelazna-felicja-spinaczy\/#article\",\"isPartOf\":{\"@id\":\"https:\/\/dariusz-muszer.de\/pl\/zelazna-felicja-spinaczy\/\"},\"author\":{\"name\":\"Kama Dogo\",\"@id\":\"https:\/\/dariusz-muszer.de\/pl\/#\/schema\/person\/cb3e5073c78ce8e49b03deed04e45211\"},\"headline\":\"\u017belazna Felicja Od Spinaczy\",\"datePublished\":\"2016-04-21T11:05:30+00:00\",\"mainEntityOfPage\":{\"@id\":\"https:\/\/dariusz-muszer.de\/pl\/zelazna-felicja-spinaczy\/\"},\"wordCount\":320,\"keywords\":[\"Felicja\",\"Hanower\",\"Ilanka\",\"rumianek\"],\"articleSection\":[\"Ilanka\",\"Wszyscy moi nieznajomi\"],\"inLanguage\":\"pl-PL\"},{\"@type\":\"WebPage\",\"@id\":\"https:\/\/dariusz-muszer.de\/pl\/zelazna-felicja-spinaczy\/\",\"url\":\"https:\/\/dariusz-muszer.de\/pl\/zelazna-felicja-spinaczy\/\",\"name\":\"\u017belazna Felicja Od Spinaczy - Dariusz Muszer\",\"isPartOf\":{\"@id\":\"https:\/\/dariusz-muszer.de\/pl\/#website\"},\"datePublished\":\"2016-04-21T11:05:30+00:00\",\"author\":{\"@id\":\"https:\/\/dariusz-muszer.de\/pl\/#\/schema\/person\/cb3e5073c78ce8e49b03deed04e45211\"},\"description\":\"Bano si\u0119 mnie i powa\u017cano, a za plecami nazywano \u017belazn\u0105 Felicj\u0105 Od Spinaczy. By\u0142am zawsze lepsza od innych, przez czterdzie\u015bci lat opu\u015bci\u0142am tylko trzy dni\",\"breadcrumb\":{\"@id\":\"https:\/\/dariusz-muszer.de\/pl\/zelazna-felicja-spinaczy\/#breadcrumb\"},\"inLanguage\":\"pl-PL\",\"potentialAction\":[{\"@type\":\"ReadAction\",\"target\":[\"https:\/\/dariusz-muszer.de\/pl\/zelazna-felicja-spinaczy\/\"]}]},{\"@type\":\"BreadcrumbList\",\"@id\":\"https:\/\/dariusz-muszer.de\/pl\/zelazna-felicja-spinaczy\/#breadcrumb\",\"itemListElement\":[{\"@type\":\"ListItem\",\"position\":1,\"name\":\"Strona g\u0142\u00f3wna\",\"item\":\"https:\/\/dariusz-muszer.de\/pl\/\"},{\"@type\":\"ListItem\",\"position\":2,\"name\":\"\u017belazna Felicja Od Spinaczy\"}]},{\"@type\":\"WebSite\",\"@id\":\"https:\/\/dariusz-muszer.de\/pl\/#website\",\"url\":\"https:\/\/dariusz-muszer.de\/pl\/\",\"name\":\"Dariusz Muszer\",\"description\":\"pisarz\",\"potentialAction\":[{\"@type\":\"SearchAction\",\"target\":{\"@type\":\"EntryPoint\",\"urlTemplate\":\"https:\/\/dariusz-muszer.de\/pl\/?s={search_term_string}\"},\"query-input\":{\"@type\":\"PropertyValueSpecification\",\"valueRequired\":true,\"valueName\":\"search_term_string\"}}],\"inLanguage\":\"pl-PL\"},{\"@type\":\"Person\",\"@id\":\"https:\/\/dariusz-muszer.de\/pl\/#\/schema\/person\/cb3e5073c78ce8e49b03deed04e45211\",\"name\":\"Kama Dogo\",\"image\":{\"@type\":\"ImageObject\",\"inLanguage\":\"pl-PL\",\"@id\":\"https:\/\/dariusz-muszer.de\/pl\/#\/schema\/person\/image\/\",\"url\":\"https:\/\/secure.gravatar.com\/avatar\/16c67aaddea682dc94a63eb3eb7791e38f5f6b75f4daa10cc7ccbe7d141a5472?s=96&d=mm&r=g\",\"contentUrl\":\"https:\/\/secure.gravatar.com\/avatar\/16c67aaddea682dc94a63eb3eb7791e38f5f6b75f4daa10cc7ccbe7d141a5472?s=96&d=mm&r=g\",\"caption\":\"Kama Dogo\"},\"url\":\"https:\/\/dariusz-muszer.de\/pl\/author\/kama-dogo\/\"}]}<\/script>\n<!-- \/ Yoast SEO plugin. -->","yoast_head_json":{"title":"\u017belazna Felicja Od Spinaczy - Dariusz Muszer","description":"Bano si\u0119 mnie i powa\u017cano, a za plecami nazywano \u017belazn\u0105 Felicj\u0105 Od Spinaczy. By\u0142am zawsze lepsza od innych, przez czterdzie\u015bci lat opu\u015bci\u0142am tylko trzy dni","robots":{"index":"index","follow":"follow","max-snippet":"max-snippet:-1","max-image-preview":"max-image-preview:large","max-video-preview":"max-video-preview:-1"},"canonical":"https:\/\/dariusz-muszer.de\/pl\/zelazna-felicja-spinaczy\/","og_locale":"pl_PL","og_type":"article","og_title":"\u017belazna Felicja Od Spinaczy - Dariusz Muszer","og_description":"Bano si\u0119 mnie i powa\u017cano, a za plecami nazywano \u017belazn\u0105 Felicj\u0105 Od Spinaczy. By\u0142am zawsze lepsza od innych, przez czterdzie\u015bci lat opu\u015bci\u0142am tylko trzy dni","og_url":"https:\/\/dariusz-muszer.de\/pl\/zelazna-felicja-spinaczy\/","og_site_name":"Dariusz Muszer","article_published_time":"2016-04-21T11:05:30+00:00","author":"Kama Dogo","twitter_card":"summary_large_image","twitter_misc":{"Napisane przez":"Kama Dogo","Szacowany czas czytania":"2 minuty"},"schema":{"@context":"https:\/\/schema.org","@graph":[{"@type":"Article","@id":"https:\/\/dariusz-muszer.de\/pl\/zelazna-felicja-spinaczy\/#article","isPartOf":{"@id":"https:\/\/dariusz-muszer.de\/pl\/zelazna-felicja-spinaczy\/"},"author":{"name":"Kama Dogo","@id":"https:\/\/dariusz-muszer.de\/pl\/#\/schema\/person\/cb3e5073c78ce8e49b03deed04e45211"},"headline":"\u017belazna Felicja Od Spinaczy","datePublished":"2016-04-21T11:05:30+00:00","mainEntityOfPage":{"@id":"https:\/\/dariusz-muszer.de\/pl\/zelazna-felicja-spinaczy\/"},"wordCount":320,"keywords":["Felicja","Hanower","Ilanka","rumianek"],"articleSection":["Ilanka","Wszyscy moi nieznajomi"],"inLanguage":"pl-PL"},{"@type":"WebPage","@id":"https:\/\/dariusz-muszer.de\/pl\/zelazna-felicja-spinaczy\/","url":"https:\/\/dariusz-muszer.de\/pl\/zelazna-felicja-spinaczy\/","name":"\u017belazna Felicja Od Spinaczy - Dariusz Muszer","isPartOf":{"@id":"https:\/\/dariusz-muszer.de\/pl\/#website"},"datePublished":"2016-04-21T11:05:30+00:00","author":{"@id":"https:\/\/dariusz-muszer.de\/pl\/#\/schema\/person\/cb3e5073c78ce8e49b03deed04e45211"},"description":"Bano si\u0119 mnie i powa\u017cano, a za plecami nazywano \u017belazn\u0105 Felicj\u0105 Od Spinaczy. By\u0142am zawsze lepsza od innych, przez czterdzie\u015bci lat opu\u015bci\u0142am tylko trzy dni","breadcrumb":{"@id":"https:\/\/dariusz-muszer.de\/pl\/zelazna-felicja-spinaczy\/#breadcrumb"},"inLanguage":"pl-PL","potentialAction":[{"@type":"ReadAction","target":["https:\/\/dariusz-muszer.de\/pl\/zelazna-felicja-spinaczy\/"]}]},{"@type":"BreadcrumbList","@id":"https:\/\/dariusz-muszer.de\/pl\/zelazna-felicja-spinaczy\/#breadcrumb","itemListElement":[{"@type":"ListItem","position":1,"name":"Strona g\u0142\u00f3wna","item":"https:\/\/dariusz-muszer.de\/pl\/"},{"@type":"ListItem","position":2,"name":"\u017belazna Felicja Od Spinaczy"}]},{"@type":"WebSite","@id":"https:\/\/dariusz-muszer.de\/pl\/#website","url":"https:\/\/dariusz-muszer.de\/pl\/","name":"Dariusz Muszer","description":"pisarz","potentialAction":[{"@type":"SearchAction","target":{"@type":"EntryPoint","urlTemplate":"https:\/\/dariusz-muszer.de\/pl\/?s={search_term_string}"},"query-input":{"@type":"PropertyValueSpecification","valueRequired":true,"valueName":"search_term_string"}}],"inLanguage":"pl-PL"},{"@type":"Person","@id":"https:\/\/dariusz-muszer.de\/pl\/#\/schema\/person\/cb3e5073c78ce8e49b03deed04e45211","name":"Kama Dogo","image":{"@type":"ImageObject","inLanguage":"pl-PL","@id":"https:\/\/dariusz-muszer.de\/pl\/#\/schema\/person\/image\/","url":"https:\/\/secure.gravatar.com\/avatar\/16c67aaddea682dc94a63eb3eb7791e38f5f6b75f4daa10cc7ccbe7d141a5472?s=96&d=mm&r=g","contentUrl":"https:\/\/secure.gravatar.com\/avatar\/16c67aaddea682dc94a63eb3eb7791e38f5f6b75f4daa10cc7ccbe7d141a5472?s=96&d=mm&r=g","caption":"Kama Dogo"},"url":"https:\/\/dariusz-muszer.de\/pl\/author\/kama-dogo\/"}]}},"_links":{"self":[{"href":"https:\/\/dariusz-muszer.de\/pl\/wp-json\/wp\/v2\/posts\/912","targetHints":{"allow":["GET"]}}],"collection":[{"href":"https:\/\/dariusz-muszer.de\/pl\/wp-json\/wp\/v2\/posts"}],"about":[{"href":"https:\/\/dariusz-muszer.de\/pl\/wp-json\/wp\/v2\/types\/post"}],"author":[{"embeddable":true,"href":"https:\/\/dariusz-muszer.de\/pl\/wp-json\/wp\/v2\/users\/2"}],"replies":[{"embeddable":true,"href":"https:\/\/dariusz-muszer.de\/pl\/wp-json\/wp\/v2\/comments?post=912"}],"version-history":[{"count":6,"href":"https:\/\/dariusz-muszer.de\/pl\/wp-json\/wp\/v2\/posts\/912\/revisions"}],"predecessor-version":[{"id":919,"href":"https:\/\/dariusz-muszer.de\/pl\/wp-json\/wp\/v2\/posts\/912\/revisions\/919"}],"wp:attachment":[{"href":"https:\/\/dariusz-muszer.de\/pl\/wp-json\/wp\/v2\/media?parent=912"}],"wp:term":[{"taxonomy":"category","embeddable":true,"href":"https:\/\/dariusz-muszer.de\/pl\/wp-json\/wp\/v2\/categories?post=912"},{"taxonomy":"post_tag","embeddable":true,"href":"https:\/\/dariusz-muszer.de\/pl\/wp-json\/wp\/v2\/tags?post=912"}],"curies":[{"name":"wp","href":"https:\/\/api.w.org\/{rel}","templated":true}]}}