{"id":883,"date":"2016-01-06T21:48:50","date_gmt":"2016-01-06T20:48:50","guid":{"rendered":"http:\/\/dariusz-muszer.de\/pl\/?p=883"},"modified":"2016-10-27T12:45:32","modified_gmt":"2016-10-27T10:45:32","slug":"swietobliwy-zywot-gromnicy-notatki-na-blankietach","status":"publish","type":"post","link":"https:\/\/dariusz-muszer.de\/pl\/swietobliwy-zywot-gromnicy-notatki-na-blankietach\/","title":{"rendered":"\u015awi\u0119tobliwy \u017cywot gromnicy &#8211; Notatki na blankietach"},"content":{"rendered":"<p style=\"text-align: justify;\">Opinia publiczna Dolnej Saksonii zosta\u0142a ostatnio mocno zbulwersowana wydarzeniami, kt\u00f3re zasz\u0142y w pewnej przesiedle\u0144czej rodzinie. Zamieszka\u0142a w Niemczech od sze\u015bciu lat \u0141ucja Dzi\u0119b\u0142o vel Helga Hartmann zakupi\u0142a w czasie swojego ostatniego pobytu w Starej Ojczy\u017anie gromnic\u0119, czyli po\u015bwi\u0119con\u0105 \u015bwiec\u0119, kt\u00f3r\u0105, wed\u0142ug obrz\u0105dk\u00f3w katolickich, zapala si\u0119 przy umieraj\u0105cych lub w czasie burzy, aby odwr\u00f3ci\u0107 uwag\u0119 piorun\u00f3w od mieszkania. Gromnica nie by\u0142a jedynym zakupem dokonanym w Polsce, ale dla naszej historii najwa\u017cniejszym. Mimochodem wspomn\u0119, \u017ce \u0141ucja-Helga naby\u0142a r\u00f3wnie\u017c komplet emaliowanych garnk\u00f3w (czerwonych z zielonymi kwiatkami), pi\u0119tna\u015bcie sznur\u00f3w bursztyn\u00f3w, porcelanowy serwis do kawy, kilka komplet\u00f3w po\u015bcieli, ludowy str\u00f3j krakowski (dziewcz\u0119cy), dziesi\u0119\u0107 kilogram\u00f3w szynki, dwadzie\u015bcia kilogram\u00f3w cukru, cztery sztangi papieros\u00f3w oraz Bibli\u0119 Tysi\u0105clecia w poprawionym wydaniu.<\/p>\n<p style=\"text-align: justify;\">Gromnica bez k\u0142opot\u00f3w pokona\u0142a dawn\u0105 granic\u0119 na Odrze i w stanie nieuszkodzonym dotar\u0142a do Hanoweru, gdzie spocz\u0119\u0142a w pozycji wyprostowanej na sekretarzyku (produkt brazylijski) pani domu. Nie wiem, czy wszyscy pami\u0119taj\u0105, jakie rozmiary osi\u0105gaj\u0105 polskie gromnice, przeto podaj\u0119, \u017ce wzmiankowana uros\u0142a na wysoko\u015b\u0107 75 cm. Zapewne spotka\u0107 mo\u017cna mniejsza lub, o zgrozo, wi\u0119ksze \u015bwiece tego rodzaju, ale w tym momencie jest to bez znaczenia. Wa\u017cniejsze jest to, \u017ce gromnica sta\u0142a na sekretarzyku, jednak\u017ce nale\u017cycie nie mog\u0142a funkcjonowa\u0107, jako \u017ce burze nie nawiedza\u0142y okolic, a tak\u017ce nikt z domownik\u00f3w nie mia\u0142 zamiaru dobrowolnie przenie\u015b\u0107 si\u0119 na \u0142ono Abrahama. Od czego jednak idee zast\u0119pcze: \u0141ucja-Helga pali\u0142a wieczorami \u015bwiec\u0119 dla Archanio\u0142a Micha\u0142a, kt\u00f3ry jakoby od 1879 opiekuje si\u0119 naszym ziemskim pado\u0142em i ma zamiar to czyni\u0107 jeszcze przez jakie\u015b dwie\u015bcie lat. Kolorowa poczt\u00f3wka z wizerunkiem wzmiankowanego sta\u0142a zawsze u podn\u00f3\u017ca gromnicy.<\/p>\n<p style=\"text-align: justify;\">W Trzech Kr\u00f3li, oko\u0142o godziny dziesi\u0105tej rano, c\u00f3rka pani Hartmann, 10-letnia Zosia vel Sophie, dziewcz\u0119 rezolutne i, jak na sw\u00f3j wiek, bardzo rozwini\u0119te, czego\u015b tam szuka\u0142a w sekretarzyku i&#8230; nie doszuka\u0142a si\u0119. Nagle gromnica run\u0119\u0142a na ni\u0105 i dziewczynka, jak ra\u017cona piorunem, znalaz\u0142a si\u0119 na pod\u0142odze. Karetka pojawi\u0142a si\u0119 w pi\u0119\u0107 minut, a w szpitalu stwierdzono na skroni guza wielko\u015bci izraelskiej pomara\u0144czy oraz wstrz\u0105\u015bnienie m\u00f3zgu spowodowane upadkiem.<\/p>\n<p style=\"text-align: justify;\">Jerzy vel Georg, m\u0105\u017c i ojciec, kiedy wr\u00f3ci\u0142 pod wiecz\u00f3r do domu, ze smutkiem stwierdzi\u0142, \u017ce to wszystko jest kar\u0105 za wiar\u0119 w ba\u0142wany, czyli za ba\u0142wochwalstwo. Chwyci\u0142 Bogu ducha winn\u0105 gromnic\u0119 w gar\u015b\u0107 i postanowi\u0142 policzy\u0107 si\u0119 z \u017con\u0105. Jednak\u017ce ta nie by\u0142a taka g\u0142upia, na jak\u0105 wygl\u0105da\u0142a: ucieka\u0142a, a\u017c si\u0119 za ni\u0105 kurzy\u0142o. Przez jaki\u015b czas ma\u0142\u017conkowie ganiali si\u0119 po mieszkaniu. Wybito przy tym szyb\u0119 w drzwiach od sypialni, po\u0142amano jeden sto\u0142ek kuchenny oraz zgnieciono klatk\u0119 dla kr\u00f3lika, co biedne zwierz\u0119 przyj\u0119\u0142o bez s\u0142owa skargi. W tej fazie sprzeczki gromnica tylko raz spocz\u0119\u0142a na ciele niewiasty. M\u0105\u017c celowa\u0142 w\u0142a\u015bciwie w g\u0142ow\u0119, gdy\u017c, wed\u0142ug niego, tam w\u0142a\u015bnie mie\u015bci\u0142 si\u0119 centralny o\u015brodek g\u0142upoty i zabobonno\u015bci \u017cony, ale \u017ce by\u0142 mocno rozdygotany, trafi\u0142 tylko w obszerne miejsce, gdzie plecy trac\u0105 sw\u0105 szlachetn\u0105 nazw\u0119. Kobieta z piskiem podskoczy\u0142a pod sam sufit, a nast\u0119pnie dopad\u0142a drzwi wyj\u015bciowych na korytarz. Nie krzycza\u0142a, gdy\u017c by\u0142o ju\u017c po osiemnastej, czyli pora, kiedy nie mo\u017cna zak\u0142\u00f3ca\u0107 spokoju wsp\u00f3\u0142mieszka\u0144c\u00f3w. Zbieg\u0142a po schodach na d\u00f3\u0142 i dopiero na dworze przekona\u0142a si\u0119, \u017ce kusy i przewiewny str\u00f3j, jaki mia\u0142a na sobie, nie bardzo nadaje si\u0119 na spacery. By\u0142o plus trzy stopnie. Nie wystarczy\u0142o jej ju\u017c czasu, aby g\u0142\u0119biej zastanowi\u0107 si\u0119 nad sytuacj\u0105 meteorologiczn\u0105, gdy\u017c za plecami us\u0142ysza\u0142a w\u015bciek\u0142e sapanie m\u0119\u017ca. Ruszy\u0142a w podskokach przed siebie, czyli wok\u00f3\u0142 czteropi\u0119trowego bloku. M\u0105\u017c, truchtem, za ni\u0105 Po kilkuset metrach cz\u0142ek \u00f3w, nieco grubszy ni\u017c najbardziej liberalni lekarze zalecaj\u0105, zrozumia\u0142, \u017ce tego wieczoru na pewno nie dogoni ju\u017c swojej prawicy i b\u0142yskawicznie zdecydowa\u0142 si\u0119 rozwi\u0105za\u0107 spraw\u0119 metod\u0105 swoich przodk\u00f3w, dzikich my\u015bliwych. Przystan\u0105\u0142, zamachn\u0105\u0142 si\u0119 i rzuci\u0142 gromnic\u0105 w kierunku uciekaj\u0105cej. \u0141ucja vel Helga run\u0119\u0142a jak przeszyta dzid\u0105 gazela. Le\u017ca\u0142a pod latarni\u0105 niczym zapomniany przez robotnik\u00f3w zw\u00f3j kabli i nie dawa\u0142a znaku \u017cycia.<\/p>\n<p style=\"text-align: justify;\">I w tym momencie ch\u0142opa ogarn\u0119\u0142o wielkie zw\u0105tpienie. Kroku nie m\u00f3g\u0142 zrobi\u0107. Nie popatrzy\u0142 w niebo, na kt\u00f3re w\u0142a\u015bnie wdrapa\u0142 si\u0119 ksi\u0119\u017cyc, tylko opu\u015bci\u0142 g\u0142ow\u0119 i rozp\u0142aka\u0142 si\u0119 jak sierota. C\u00f3\u017c, mia\u0142 \u017con\u0119 \u2013 nie ma \u017cony. A nie by\u0142a przecie\u017c taka najgorsza&#8230;<\/p>\n<p style=\"text-align: justify;\">Gdyby wiedzia\u0142, co go za chwil\u0119 czeka, pewnie czmychn\u0105\u0142by w krzaki. Nie dostrzeg\u0142 jednak, \u017ce zabita ma\u0142\u017conka w\u0142a\u015bnie podnios\u0142a si\u0119, odszuka\u0142a gromnic\u0119, kt\u00f3ra, jak na po\u015bwi\u0119cony przedmiot przysta\u0142o, cudem ocala\u0142a, i ruszy\u0142a na swego prze\u015bladowc\u0119 z wymalowanym na twarzy morderczym zamiarem. Pierwszy cios w g\u0142ow\u0119 nie zwali\u0142 Jerzego z n\u00f3g, dopiero za drugim przysiad\u0142 na ziemi. \u0141ucja nie pami\u0119ta, ile razy uderzy\u0142a; pami\u0119ta tylko, \u017ce ma\u0142\u017conek przez ca\u0142y czas g\u0142upkowato u\u015bmiecha\u0142 si\u0119, jakby zobaczy\u0142 wszystkie gwiazdy na niebosk\u0142onie albo t\u0142um roz\u015bpiewanych anio\u0142\u00f3w.<\/p>\n<p style=\"text-align: justify;\">Tym razem gromnica nie wytrzyma\u0142a pr\u00f3by si\u0142: zosta\u0142a po\u0142amana na kawa\u0142ki i w \u015bmietniku zako\u0144czy\u0142a sw\u00f3j kr\u00f3tki i \u015bwi\u0119tobliwy \u017cywot.<\/p>\n<p style=\"text-align: justify;\">Jeszcze tej samej nocy pan Dzi\u0119b\u0142o vel Hartmann nie omieszka\u0142 odwiedzi\u0107 pobliskiego szpitala. Lekarz, kt\u00f3ry dokonywa\u0142 obdukcji, dziwi\u0142 si\u0119 niezmiernie, \u017ce gromnica mo\u017ce wyrz\u0105dzi\u0107 tyle szk\u00f3d na ciele cz\u0142owieka. Pacjent r\u00f3wnie\u017c.<\/p>\n<p style=\"text-align: justify;\">Ju\u017c nast\u0119pnego dnia za\u0142o\u017cona zosta\u0142a sprawa rozwodowa. B\u0119dzie to pierwszy w dziejach hanowerskiego s\u0105downictwa przypadek, w kt\u00f3rym przedmiot kultu religijnego u\u017cyty zosta\u0142 do pobicia jednego z ma\u0142\u017conk\u00f3w.<\/p>\n<p style=\"text-align: justify;\">Czy historia ta b\u0119dzie mia\u0142a r\u00f3wnie dramatyczny ci\u0105g dalszy, tego nie wiadomo. Na razie wszystko wskazuje na to, \u017ce ma\u0142\u017conkowie b\u0119d\u0105 musieli jeszcze przez jaki\u015b czas \u017cy\u0107 w tym samym mieszkaniu, odseparowani od \u0142o\u017ca i od garnuszka. By\u0107 mo\u017ce \u0141ucja vel Helga zapali Panu Bogu \u015bwieczk\u0119 i wszystko jako\u015b si\u0119 u\u0142o\u017cy. Dla pewno\u015bci nie zapomni oczywi\u015bcie o ogarku.<\/p>\n<p style=\"text-align: justify;\">\u00a9 Dariusz Muszer<\/p>\n","protected":false},"excerpt":{"rendered":"<p>Opinia publiczna Dolnej Saksonii zosta\u0142a ostatnio mocno zbulwersowana wydarzeniami, kt\u00f3re zasz\u0142y w pewnej przesiedle\u0144czej rodzinie. Zamieszka\u0142a w Niemczech od sze\u015bciu lat \u0141ucja Dzi\u0119b\u0142o vel Helga Hartmann zakupi\u0142a w czasie swojego ostatniego pobytu w Starej Ojczy\u017anie gromnic\u0119, czyli po\u015bwi\u0119con\u0105 \u015bwiec\u0119, kt\u00f3r\u0105, wed\u0142ug obrz\u0105dk\u00f3w katolickich, zapala si\u0119 przy umieraj\u0105cych lub w czasie burzy, aby odwr\u00f3ci\u0107 uwag\u0119 piorun\u00f3w [&hellip;]<\/p>\n","protected":false},"author":2,"featured_media":0,"comment_status":"closed","ping_status":"closed","sticky":false,"template":"","format":"standard","meta":{"footnotes":""},"categories":[149],"tags":[167,169,170,150,168,171],"class_list":["post-883","post","type-post","status-publish","format-standard","hentry","category-notatki-na-blankietach","tag-dolna-saksonia","tag-gromnica","tag-krolik","tag-notatki-na-blankietach","tag-odra","tag-trzech-kroli"],"yoast_head":"<!-- This site is optimized with the Yoast SEO plugin v27.0 - https:\/\/yoast.com\/product\/yoast-seo-wordpress\/ -->\n<title>\u015awi\u0119tobliwy \u017cywot gromnicy - Notatki na blankietach - Dariusz Muszer<\/title>\n<meta name=\"description\" content=\"Tym razem gromnica nie wytrzyma\u0142a pr\u00f3by si\u0142: zosta\u0142a po\u0142amana na kawa\u0142ki i w \u015bmietniku zako\u0144czy\u0142a sw\u00f3j kr\u00f3tki i \u015bwi\u0119tobliwy \u017cywot.\" \/>\n<meta name=\"robots\" content=\"index, follow, max-snippet:-1, max-image-preview:large, max-video-preview:-1\" \/>\n<link rel=\"canonical\" href=\"https:\/\/dariusz-muszer.de\/pl\/swietobliwy-zywot-gromnicy-notatki-na-blankietach\/\" \/>\n<meta property=\"og:locale\" content=\"pl_PL\" \/>\n<meta property=\"og:type\" content=\"article\" \/>\n<meta property=\"og:title\" content=\"\u015awi\u0119tobliwy \u017cywot gromnicy - Notatki na blankietach - Dariusz Muszer\" \/>\n<meta property=\"og:description\" content=\"Tym razem gromnica nie wytrzyma\u0142a pr\u00f3by si\u0142: zosta\u0142a po\u0142amana na kawa\u0142ki i w \u015bmietniku zako\u0144czy\u0142a sw\u00f3j kr\u00f3tki i \u015bwi\u0119tobliwy \u017cywot.\" \/>\n<meta property=\"og:url\" content=\"https:\/\/dariusz-muszer.de\/pl\/swietobliwy-zywot-gromnicy-notatki-na-blankietach\/\" \/>\n<meta property=\"og:site_name\" content=\"Dariusz Muszer\" \/>\n<meta property=\"article:published_time\" content=\"2016-01-06T20:48:50+00:00\" \/>\n<meta property=\"article:modified_time\" content=\"2016-10-27T10:45:32+00:00\" \/>\n<meta name=\"author\" content=\"Kama Dogo\" \/>\n<meta name=\"twitter:card\" content=\"summary_large_image\" \/>\n<meta name=\"twitter:label1\" content=\"Napisane przez\" \/>\n\t<meta name=\"twitter:data1\" content=\"Kama Dogo\" \/>\n\t<meta name=\"twitter:label2\" content=\"Szacowany czas czytania\" \/>\n\t<meta name=\"twitter:data2\" content=\"5 minut\" \/>\n<script type=\"application\/ld+json\" class=\"yoast-schema-graph\">{\"@context\":\"https:\/\/schema.org\",\"@graph\":[{\"@type\":\"Article\",\"@id\":\"https:\/\/dariusz-muszer.de\/pl\/swietobliwy-zywot-gromnicy-notatki-na-blankietach\/#article\",\"isPartOf\":{\"@id\":\"https:\/\/dariusz-muszer.de\/pl\/swietobliwy-zywot-gromnicy-notatki-na-blankietach\/\"},\"author\":{\"name\":\"Kama Dogo\",\"@id\":\"https:\/\/dariusz-muszer.de\/pl\/#\/schema\/person\/cb3e5073c78ce8e49b03deed04e45211\"},\"headline\":\"\u015awi\u0119tobliwy \u017cywot gromnicy &#8211; Notatki na blankietach\",\"datePublished\":\"2016-01-06T20:48:50+00:00\",\"dateModified\":\"2016-10-27T10:45:32+00:00\",\"mainEntityOfPage\":{\"@id\":\"https:\/\/dariusz-muszer.de\/pl\/swietobliwy-zywot-gromnicy-notatki-na-blankietach\/\"},\"wordCount\":1098,\"keywords\":[\"Dolna Saksonia\",\"gromnica\",\"kr\u00f3lik\",\"Notatki na blankietach\",\"Odra\",\"Trzech Kr\u00f3li\"],\"articleSection\":[\"Notatki na blankietach\"],\"inLanguage\":\"pl-PL\"},{\"@type\":\"WebPage\",\"@id\":\"https:\/\/dariusz-muszer.de\/pl\/swietobliwy-zywot-gromnicy-notatki-na-blankietach\/\",\"url\":\"https:\/\/dariusz-muszer.de\/pl\/swietobliwy-zywot-gromnicy-notatki-na-blankietach\/\",\"name\":\"\u015awi\u0119tobliwy \u017cywot gromnicy - Notatki na blankietach - Dariusz Muszer\",\"isPartOf\":{\"@id\":\"https:\/\/dariusz-muszer.de\/pl\/#website\"},\"datePublished\":\"2016-01-06T20:48:50+00:00\",\"dateModified\":\"2016-10-27T10:45:32+00:00\",\"author\":{\"@id\":\"https:\/\/dariusz-muszer.de\/pl\/#\/schema\/person\/cb3e5073c78ce8e49b03deed04e45211\"},\"description\":\"Tym razem gromnica nie wytrzyma\u0142a pr\u00f3by si\u0142: zosta\u0142a po\u0142amana na kawa\u0142ki i w \u015bmietniku zako\u0144czy\u0142a sw\u00f3j kr\u00f3tki i \u015bwi\u0119tobliwy \u017cywot.\",\"breadcrumb\":{\"@id\":\"https:\/\/dariusz-muszer.de\/pl\/swietobliwy-zywot-gromnicy-notatki-na-blankietach\/#breadcrumb\"},\"inLanguage\":\"pl-PL\",\"potentialAction\":[{\"@type\":\"ReadAction\",\"target\":[\"https:\/\/dariusz-muszer.de\/pl\/swietobliwy-zywot-gromnicy-notatki-na-blankietach\/\"]}]},{\"@type\":\"BreadcrumbList\",\"@id\":\"https:\/\/dariusz-muszer.de\/pl\/swietobliwy-zywot-gromnicy-notatki-na-blankietach\/#breadcrumb\",\"itemListElement\":[{\"@type\":\"ListItem\",\"position\":1,\"name\":\"Strona g\u0142\u00f3wna\",\"item\":\"https:\/\/dariusz-muszer.de\/pl\/\"},{\"@type\":\"ListItem\",\"position\":2,\"name\":\"\u015awi\u0119tobliwy \u017cywot gromnicy &#8211; Notatki na blankietach\"}]},{\"@type\":\"WebSite\",\"@id\":\"https:\/\/dariusz-muszer.de\/pl\/#website\",\"url\":\"https:\/\/dariusz-muszer.de\/pl\/\",\"name\":\"Dariusz Muszer\",\"description\":\"pisarz\",\"potentialAction\":[{\"@type\":\"SearchAction\",\"target\":{\"@type\":\"EntryPoint\",\"urlTemplate\":\"https:\/\/dariusz-muszer.de\/pl\/?s={search_term_string}\"},\"query-input\":{\"@type\":\"PropertyValueSpecification\",\"valueRequired\":true,\"valueName\":\"search_term_string\"}}],\"inLanguage\":\"pl-PL\"},{\"@type\":\"Person\",\"@id\":\"https:\/\/dariusz-muszer.de\/pl\/#\/schema\/person\/cb3e5073c78ce8e49b03deed04e45211\",\"name\":\"Kama Dogo\",\"image\":{\"@type\":\"ImageObject\",\"inLanguage\":\"pl-PL\",\"@id\":\"https:\/\/dariusz-muszer.de\/pl\/#\/schema\/person\/image\/\",\"url\":\"https:\/\/secure.gravatar.com\/avatar\/16c67aaddea682dc94a63eb3eb7791e38f5f6b75f4daa10cc7ccbe7d141a5472?s=96&d=mm&r=g\",\"contentUrl\":\"https:\/\/secure.gravatar.com\/avatar\/16c67aaddea682dc94a63eb3eb7791e38f5f6b75f4daa10cc7ccbe7d141a5472?s=96&d=mm&r=g\",\"caption\":\"Kama Dogo\"},\"url\":\"https:\/\/dariusz-muszer.de\/pl\/author\/kama-dogo\/\"}]}<\/script>\n<!-- \/ Yoast SEO plugin. -->","yoast_head_json":{"title":"\u015awi\u0119tobliwy \u017cywot gromnicy - Notatki na blankietach - Dariusz Muszer","description":"Tym razem gromnica nie wytrzyma\u0142a pr\u00f3by si\u0142: zosta\u0142a po\u0142amana na kawa\u0142ki i w \u015bmietniku zako\u0144czy\u0142a sw\u00f3j kr\u00f3tki i \u015bwi\u0119tobliwy \u017cywot.","robots":{"index":"index","follow":"follow","max-snippet":"max-snippet:-1","max-image-preview":"max-image-preview:large","max-video-preview":"max-video-preview:-1"},"canonical":"https:\/\/dariusz-muszer.de\/pl\/swietobliwy-zywot-gromnicy-notatki-na-blankietach\/","og_locale":"pl_PL","og_type":"article","og_title":"\u015awi\u0119tobliwy \u017cywot gromnicy - Notatki na blankietach - Dariusz Muszer","og_description":"Tym razem gromnica nie wytrzyma\u0142a pr\u00f3by si\u0142: zosta\u0142a po\u0142amana na kawa\u0142ki i w \u015bmietniku zako\u0144czy\u0142a sw\u00f3j kr\u00f3tki i \u015bwi\u0119tobliwy \u017cywot.","og_url":"https:\/\/dariusz-muszer.de\/pl\/swietobliwy-zywot-gromnicy-notatki-na-blankietach\/","og_site_name":"Dariusz Muszer","article_published_time":"2016-01-06T20:48:50+00:00","article_modified_time":"2016-10-27T10:45:32+00:00","author":"Kama Dogo","twitter_card":"summary_large_image","twitter_misc":{"Napisane przez":"Kama Dogo","Szacowany czas czytania":"5 minut"},"schema":{"@context":"https:\/\/schema.org","@graph":[{"@type":"Article","@id":"https:\/\/dariusz-muszer.de\/pl\/swietobliwy-zywot-gromnicy-notatki-na-blankietach\/#article","isPartOf":{"@id":"https:\/\/dariusz-muszer.de\/pl\/swietobliwy-zywot-gromnicy-notatki-na-blankietach\/"},"author":{"name":"Kama Dogo","@id":"https:\/\/dariusz-muszer.de\/pl\/#\/schema\/person\/cb3e5073c78ce8e49b03deed04e45211"},"headline":"\u015awi\u0119tobliwy \u017cywot gromnicy &#8211; Notatki na blankietach","datePublished":"2016-01-06T20:48:50+00:00","dateModified":"2016-10-27T10:45:32+00:00","mainEntityOfPage":{"@id":"https:\/\/dariusz-muszer.de\/pl\/swietobliwy-zywot-gromnicy-notatki-na-blankietach\/"},"wordCount":1098,"keywords":["Dolna Saksonia","gromnica","kr\u00f3lik","Notatki na blankietach","Odra","Trzech Kr\u00f3li"],"articleSection":["Notatki na blankietach"],"inLanguage":"pl-PL"},{"@type":"WebPage","@id":"https:\/\/dariusz-muszer.de\/pl\/swietobliwy-zywot-gromnicy-notatki-na-blankietach\/","url":"https:\/\/dariusz-muszer.de\/pl\/swietobliwy-zywot-gromnicy-notatki-na-blankietach\/","name":"\u015awi\u0119tobliwy \u017cywot gromnicy - Notatki na blankietach - Dariusz Muszer","isPartOf":{"@id":"https:\/\/dariusz-muszer.de\/pl\/#website"},"datePublished":"2016-01-06T20:48:50+00:00","dateModified":"2016-10-27T10:45:32+00:00","author":{"@id":"https:\/\/dariusz-muszer.de\/pl\/#\/schema\/person\/cb3e5073c78ce8e49b03deed04e45211"},"description":"Tym razem gromnica nie wytrzyma\u0142a pr\u00f3by si\u0142: zosta\u0142a po\u0142amana na kawa\u0142ki i w \u015bmietniku zako\u0144czy\u0142a sw\u00f3j kr\u00f3tki i \u015bwi\u0119tobliwy \u017cywot.","breadcrumb":{"@id":"https:\/\/dariusz-muszer.de\/pl\/swietobliwy-zywot-gromnicy-notatki-na-blankietach\/#breadcrumb"},"inLanguage":"pl-PL","potentialAction":[{"@type":"ReadAction","target":["https:\/\/dariusz-muszer.de\/pl\/swietobliwy-zywot-gromnicy-notatki-na-blankietach\/"]}]},{"@type":"BreadcrumbList","@id":"https:\/\/dariusz-muszer.de\/pl\/swietobliwy-zywot-gromnicy-notatki-na-blankietach\/#breadcrumb","itemListElement":[{"@type":"ListItem","position":1,"name":"Strona g\u0142\u00f3wna","item":"https:\/\/dariusz-muszer.de\/pl\/"},{"@type":"ListItem","position":2,"name":"\u015awi\u0119tobliwy \u017cywot gromnicy &#8211; Notatki na blankietach"}]},{"@type":"WebSite","@id":"https:\/\/dariusz-muszer.de\/pl\/#website","url":"https:\/\/dariusz-muszer.de\/pl\/","name":"Dariusz Muszer","description":"pisarz","potentialAction":[{"@type":"SearchAction","target":{"@type":"EntryPoint","urlTemplate":"https:\/\/dariusz-muszer.de\/pl\/?s={search_term_string}"},"query-input":{"@type":"PropertyValueSpecification","valueRequired":true,"valueName":"search_term_string"}}],"inLanguage":"pl-PL"},{"@type":"Person","@id":"https:\/\/dariusz-muszer.de\/pl\/#\/schema\/person\/cb3e5073c78ce8e49b03deed04e45211","name":"Kama Dogo","image":{"@type":"ImageObject","inLanguage":"pl-PL","@id":"https:\/\/dariusz-muszer.de\/pl\/#\/schema\/person\/image\/","url":"https:\/\/secure.gravatar.com\/avatar\/16c67aaddea682dc94a63eb3eb7791e38f5f6b75f4daa10cc7ccbe7d141a5472?s=96&d=mm&r=g","contentUrl":"https:\/\/secure.gravatar.com\/avatar\/16c67aaddea682dc94a63eb3eb7791e38f5f6b75f4daa10cc7ccbe7d141a5472?s=96&d=mm&r=g","caption":"Kama Dogo"},"url":"https:\/\/dariusz-muszer.de\/pl\/author\/kama-dogo\/"}]}},"_links":{"self":[{"href":"https:\/\/dariusz-muszer.de\/pl\/wp-json\/wp\/v2\/posts\/883","targetHints":{"allow":["GET"]}}],"collection":[{"href":"https:\/\/dariusz-muszer.de\/pl\/wp-json\/wp\/v2\/posts"}],"about":[{"href":"https:\/\/dariusz-muszer.de\/pl\/wp-json\/wp\/v2\/types\/post"}],"author":[{"embeddable":true,"href":"https:\/\/dariusz-muszer.de\/pl\/wp-json\/wp\/v2\/users\/2"}],"replies":[{"embeddable":true,"href":"https:\/\/dariusz-muszer.de\/pl\/wp-json\/wp\/v2\/comments?post=883"}],"version-history":[{"count":1,"href":"https:\/\/dariusz-muszer.de\/pl\/wp-json\/wp\/v2\/posts\/883\/revisions"}],"predecessor-version":[{"id":983,"href":"https:\/\/dariusz-muszer.de\/pl\/wp-json\/wp\/v2\/posts\/883\/revisions\/983"}],"wp:attachment":[{"href":"https:\/\/dariusz-muszer.de\/pl\/wp-json\/wp\/v2\/media?parent=883"}],"wp:term":[{"taxonomy":"category","embeddable":true,"href":"https:\/\/dariusz-muszer.de\/pl\/wp-json\/wp\/v2\/categories?post=883"},{"taxonomy":"post_tag","embeddable":true,"href":"https:\/\/dariusz-muszer.de\/pl\/wp-json\/wp\/v2\/tags?post=883"}],"curies":[{"name":"wp","href":"https:\/\/api.w.org\/{rel}","templated":true}]}}