{"id":795,"date":"2015-10-18T18:40:48","date_gmt":"2015-10-18T16:40:48","guid":{"rendered":"http:\/\/dariusz-muszer.de\/pl\/?p=795"},"modified":"2015-12-28T13:16:29","modified_gmt":"2015-12-28T12:16:29","slug":"schadelfeld-pole-czaszek-na-frankfurckich-targach-ksiazki-2015","status":"publish","type":"post","link":"https:\/\/dariusz-muszer.de\/pl\/schadelfeld-pole-czaszek-na-frankfurckich-targach-ksiazki-2015\/","title":{"rendered":"&#8222;Sch\u00e4delfeld&#8221; (&#8222;Pole Czaszek&#8221;) na Frankfurckich Targach Ksi\u0105\u017cki 2015"},"content":{"rendered":"<h2>Z Herbertem Woyke, wydawc\u0105 i redaktorem z A1 Verlag, na Frankfurckich Tragach Ksi\u0105\u017cki 2015.<\/h2>\n","protected":false},"excerpt":{"rendered":"<p>Z Herbertem Woyke, wydawc\u0105 i redaktorem z A1 Verlag, na Frankfurckich Tragach Ksi\u0105\u017cki 2015.<\/p>\n","protected":false},"author":1,"featured_media":796,"comment_status":"closed","ping_status":"closed","sticky":false,"template":"","format":"standard","meta":{"footnotes":""},"categories":[1],"tags":[40,141],"class_list":["post-795","post","type-post","status-publish","format-standard","has-post-thumbnail","hentry","category-allgemein","tag-a1-verlag","tag-herbert-woyke"],"yoast_head":"<!-- This site is optimized with the Yoast SEO plugin v27.0 - https:\/\/yoast.com\/product\/yoast-seo-wordpress\/ -->\n<title>&quot;Sch\u00e4delfeld&quot; (&quot;Pole Czaszek&quot;) na Frankfurckich Targach Ksi\u0105\u017cki 2015 - Dariusz Muszer<\/title>\n<meta name=\"description\" content=\"&quot;Sch\u00e4delfeld&quot;. Z Herbertem Woyke, wydawc\u0105 i redaktorem z A1 Verlag, na Frankfurckich Tragach Ksi\u0105\u017cki 2015.\" \/>\n<meta name=\"robots\" content=\"index, follow, max-snippet:-1, max-image-preview:large, max-video-preview:-1\" \/>\n<link rel=\"canonical\" href=\"https:\/\/dariusz-muszer.de\/pl\/schadelfeld-pole-czaszek-na-frankfurckich-targach-ksiazki-2015\/\" \/>\n<meta property=\"og:locale\" content=\"pl_PL\" \/>\n<meta property=\"og:type\" content=\"article\" \/>\n<meta property=\"og:title\" content=\"&quot;Sch\u00e4delfeld&quot; (&quot;Pole Czaszek&quot;) na Frankfurckich Targach Ksi\u0105\u017cki 2015 - Dariusz Muszer\" \/>\n<meta property=\"og:description\" content=\"&quot;Sch\u00e4delfeld&quot;. Z Herbertem Woyke, wydawc\u0105 i redaktorem z A1 Verlag, na Frankfurckich Tragach Ksi\u0105\u017cki 2015.\" \/>\n<meta property=\"og:url\" content=\"https:\/\/dariusz-muszer.de\/pl\/schadelfeld-pole-czaszek-na-frankfurckich-targach-ksiazki-2015\/\" \/>\n<meta property=\"og:site_name\" content=\"Dariusz Muszer\" \/>\n<meta property=\"article:published_time\" content=\"2015-10-18T16:40:48+00:00\" \/>\n<meta property=\"article:modified_time\" content=\"2015-12-28T12:16:29+00:00\" \/>\n<meta property=\"og:image\" content=\"https:\/\/dariusz-muszer.de\/pl\/wp-content\/uploads\/sites\/2\/2015\/10\/Herbert-Woyke-Dariusz-Muszer-Frankfurter-Buchmesse-2015.jpg\" \/>\n\t<meta property=\"og:image:width\" content=\"1100\" \/>\n\t<meta property=\"og:image:height\" content=\"1956\" \/>\n\t<meta property=\"og:image:type\" content=\"image\/jpeg\" \/>\n<meta name=\"author\" content=\"Kalong\" \/>\n<meta name=\"twitter:card\" content=\"summary_large_image\" \/>\n<meta name=\"twitter:label1\" content=\"Napisane przez\" \/>\n\t<meta name=\"twitter:data1\" content=\"Kalong\" \/>\n<script type=\"application\/ld+json\" class=\"yoast-schema-graph\">{\"@context\":\"https:\/\/schema.org\",\"@graph\":[{\"@type\":\"Article\",\"@id\":\"https:\/\/dariusz-muszer.de\/pl\/schadelfeld-pole-czaszek-na-frankfurckich-targach-ksiazki-2015\/#article\",\"isPartOf\":{\"@id\":\"https:\/\/dariusz-muszer.de\/pl\/schadelfeld-pole-czaszek-na-frankfurckich-targach-ksiazki-2015\/\"},\"author\":{\"name\":\"Kalong\",\"@id\":\"https:\/\/dariusz-muszer.de\/pl\/#\/schema\/person\/9f0c1c0310d5a835a41c892f377a9d48\"},\"headline\":\"&#8222;Sch\u00e4delfeld&#8221; (&#8222;Pole Czaszek&#8221;) na Frankfurckich Targach Ksi\u0105\u017cki 2015\",\"datePublished\":\"2015-10-18T16:40:48+00:00\",\"dateModified\":\"2015-12-28T12:16:29+00:00\",\"mainEntityOfPage\":{\"@id\":\"https:\/\/dariusz-muszer.de\/pl\/schadelfeld-pole-czaszek-na-frankfurckich-targach-ksiazki-2015\/\"},\"wordCount\":23,\"image\":{\"@id\":\"https:\/\/dariusz-muszer.de\/pl\/schadelfeld-pole-czaszek-na-frankfurckich-targach-ksiazki-2015\/#primaryimage\"},\"thumbnailUrl\":\"https:\/\/dariusz-muszer.de\/pl\/wp-content\/uploads\/sites\/2\/2015\/10\/Herbert-Woyke-Dariusz-Muszer-Frankfurter-Buchmesse-2015.jpg\",\"keywords\":[\"A1 Verlag\",\"Herbert Woyke\"],\"articleSection\":[\"Allgemein\"],\"inLanguage\":\"pl-PL\"},{\"@type\":\"WebPage\",\"@id\":\"https:\/\/dariusz-muszer.de\/pl\/schadelfeld-pole-czaszek-na-frankfurckich-targach-ksiazki-2015\/\",\"url\":\"https:\/\/dariusz-muszer.de\/pl\/schadelfeld-pole-czaszek-na-frankfurckich-targach-ksiazki-2015\/\",\"name\":\"\\\"Sch\u00e4delfeld\\\" (\\\"Pole Czaszek\\\") na Frankfurckich Targach Ksi\u0105\u017cki 2015 - Dariusz Muszer\",\"isPartOf\":{\"@id\":\"https:\/\/dariusz-muszer.de\/pl\/#website\"},\"primaryImageOfPage\":{\"@id\":\"https:\/\/dariusz-muszer.de\/pl\/schadelfeld-pole-czaszek-na-frankfurckich-targach-ksiazki-2015\/#primaryimage\"},\"image\":{\"@id\":\"https:\/\/dariusz-muszer.de\/pl\/schadelfeld-pole-czaszek-na-frankfurckich-targach-ksiazki-2015\/#primaryimage\"},\"thumbnailUrl\":\"https:\/\/dariusz-muszer.de\/pl\/wp-content\/uploads\/sites\/2\/2015\/10\/Herbert-Woyke-Dariusz-Muszer-Frankfurter-Buchmesse-2015.jpg\",\"datePublished\":\"2015-10-18T16:40:48+00:00\",\"dateModified\":\"2015-12-28T12:16:29+00:00\",\"author\":{\"@id\":\"https:\/\/dariusz-muszer.de\/pl\/#\/schema\/person\/9f0c1c0310d5a835a41c892f377a9d48\"},\"description\":\"\\\"Sch\u00e4delfeld\\\". Z Herbertem Woyke, wydawc\u0105 i redaktorem z A1 Verlag, na Frankfurckich Tragach Ksi\u0105\u017cki 2015.\",\"breadcrumb\":{\"@id\":\"https:\/\/dariusz-muszer.de\/pl\/schadelfeld-pole-czaszek-na-frankfurckich-targach-ksiazki-2015\/#breadcrumb\"},\"inLanguage\":\"pl-PL\",\"potentialAction\":[{\"@type\":\"ReadAction\",\"target\":[\"https:\/\/dariusz-muszer.de\/pl\/schadelfeld-pole-czaszek-na-frankfurckich-targach-ksiazki-2015\/\"]}]},{\"@type\":\"ImageObject\",\"inLanguage\":\"pl-PL\",\"@id\":\"https:\/\/dariusz-muszer.de\/pl\/schadelfeld-pole-czaszek-na-frankfurckich-targach-ksiazki-2015\/#primaryimage\",\"url\":\"https:\/\/dariusz-muszer.de\/pl\/wp-content\/uploads\/sites\/2\/2015\/10\/Herbert-Woyke-Dariusz-Muszer-Frankfurter-Buchmesse-2015.jpg\",\"contentUrl\":\"https:\/\/dariusz-muszer.de\/pl\/wp-content\/uploads\/sites\/2\/2015\/10\/Herbert-Woyke-Dariusz-Muszer-Frankfurter-Buchmesse-2015.jpg\",\"width\":1100,\"height\":1956},{\"@type\":\"BreadcrumbList\",\"@id\":\"https:\/\/dariusz-muszer.de\/pl\/schadelfeld-pole-czaszek-na-frankfurckich-targach-ksiazki-2015\/#breadcrumb\",\"itemListElement\":[{\"@type\":\"ListItem\",\"position\":1,\"name\":\"Strona g\u0142\u00f3wna\",\"item\":\"https:\/\/dariusz-muszer.de\/pl\/\"},{\"@type\":\"ListItem\",\"position\":2,\"name\":\"&#8222;Sch\u00e4delfeld&#8221; (&#8222;Pole Czaszek&#8221;) na Frankfurckich Targach Ksi\u0105\u017cki 2015\"}]},{\"@type\":\"WebSite\",\"@id\":\"https:\/\/dariusz-muszer.de\/pl\/#website\",\"url\":\"https:\/\/dariusz-muszer.de\/pl\/\",\"name\":\"Dariusz Muszer\",\"description\":\"pisarz\",\"potentialAction\":[{\"@type\":\"SearchAction\",\"target\":{\"@type\":\"EntryPoint\",\"urlTemplate\":\"https:\/\/dariusz-muszer.de\/pl\/?s={search_term_string}\"},\"query-input\":{\"@type\":\"PropertyValueSpecification\",\"valueRequired\":true,\"valueName\":\"search_term_string\"}}],\"inLanguage\":\"pl-PL\"},{\"@type\":\"Person\",\"@id\":\"https:\/\/dariusz-muszer.de\/pl\/#\/schema\/person\/9f0c1c0310d5a835a41c892f377a9d48\",\"name\":\"Kalong\",\"image\":{\"@type\":\"ImageObject\",\"inLanguage\":\"pl-PL\",\"@id\":\"https:\/\/dariusz-muszer.de\/pl\/#\/schema\/person\/image\/\",\"url\":\"https:\/\/secure.gravatar.com\/avatar\/c9f779f2a71c9a87e8c401a809d61b28d74fc852ff3f345760cf377e19933461?s=96&d=mm&r=g\",\"contentUrl\":\"https:\/\/secure.gravatar.com\/avatar\/c9f779f2a71c9a87e8c401a809d61b28d74fc852ff3f345760cf377e19933461?s=96&d=mm&r=g\",\"caption\":\"Kalong\"},\"url\":\"https:\/\/dariusz-muszer.de\/pl\/author\/kalong\/\"}]}<\/script>\n<!-- \/ Yoast SEO plugin. -->","yoast_head_json":{"title":"\"Sch\u00e4delfeld\" (\"Pole Czaszek\") na Frankfurckich Targach Ksi\u0105\u017cki 2015 - Dariusz Muszer","description":"\"Sch\u00e4delfeld\". Z Herbertem Woyke, wydawc\u0105 i redaktorem z A1 Verlag, na Frankfurckich Tragach Ksi\u0105\u017cki 2015.","robots":{"index":"index","follow":"follow","max-snippet":"max-snippet:-1","max-image-preview":"max-image-preview:large","max-video-preview":"max-video-preview:-1"},"canonical":"https:\/\/dariusz-muszer.de\/pl\/schadelfeld-pole-czaszek-na-frankfurckich-targach-ksiazki-2015\/","og_locale":"pl_PL","og_type":"article","og_title":"\"Sch\u00e4delfeld\" (\"Pole Czaszek\") na Frankfurckich Targach Ksi\u0105\u017cki 2015 - Dariusz Muszer","og_description":"\"Sch\u00e4delfeld\". Z Herbertem Woyke, wydawc\u0105 i redaktorem z A1 Verlag, na Frankfurckich Tragach Ksi\u0105\u017cki 2015.","og_url":"https:\/\/dariusz-muszer.de\/pl\/schadelfeld-pole-czaszek-na-frankfurckich-targach-ksiazki-2015\/","og_site_name":"Dariusz Muszer","article_published_time":"2015-10-18T16:40:48+00:00","article_modified_time":"2015-12-28T12:16:29+00:00","og_image":[{"width":1100,"height":1956,"url":"https:\/\/dariusz-muszer.de\/pl\/wp-content\/uploads\/sites\/2\/2015\/10\/Herbert-Woyke-Dariusz-Muszer-Frankfurter-Buchmesse-2015.jpg","type":"image\/jpeg"}],"author":"Kalong","twitter_card":"summary_large_image","twitter_misc":{"Napisane przez":"Kalong"},"schema":{"@context":"https:\/\/schema.org","@graph":[{"@type":"Article","@id":"https:\/\/dariusz-muszer.de\/pl\/schadelfeld-pole-czaszek-na-frankfurckich-targach-ksiazki-2015\/#article","isPartOf":{"@id":"https:\/\/dariusz-muszer.de\/pl\/schadelfeld-pole-czaszek-na-frankfurckich-targach-ksiazki-2015\/"},"author":{"name":"Kalong","@id":"https:\/\/dariusz-muszer.de\/pl\/#\/schema\/person\/9f0c1c0310d5a835a41c892f377a9d48"},"headline":"&#8222;Sch\u00e4delfeld&#8221; (&#8222;Pole Czaszek&#8221;) na Frankfurckich Targach Ksi\u0105\u017cki 2015","datePublished":"2015-10-18T16:40:48+00:00","dateModified":"2015-12-28T12:16:29+00:00","mainEntityOfPage":{"@id":"https:\/\/dariusz-muszer.de\/pl\/schadelfeld-pole-czaszek-na-frankfurckich-targach-ksiazki-2015\/"},"wordCount":23,"image":{"@id":"https:\/\/dariusz-muszer.de\/pl\/schadelfeld-pole-czaszek-na-frankfurckich-targach-ksiazki-2015\/#primaryimage"},"thumbnailUrl":"https:\/\/dariusz-muszer.de\/pl\/wp-content\/uploads\/sites\/2\/2015\/10\/Herbert-Woyke-Dariusz-Muszer-Frankfurter-Buchmesse-2015.jpg","keywords":["A1 Verlag","Herbert Woyke"],"articleSection":["Allgemein"],"inLanguage":"pl-PL"},{"@type":"WebPage","@id":"https:\/\/dariusz-muszer.de\/pl\/schadelfeld-pole-czaszek-na-frankfurckich-targach-ksiazki-2015\/","url":"https:\/\/dariusz-muszer.de\/pl\/schadelfeld-pole-czaszek-na-frankfurckich-targach-ksiazki-2015\/","name":"\"Sch\u00e4delfeld\" (\"Pole Czaszek\") na Frankfurckich Targach Ksi\u0105\u017cki 2015 - Dariusz Muszer","isPartOf":{"@id":"https:\/\/dariusz-muszer.de\/pl\/#website"},"primaryImageOfPage":{"@id":"https:\/\/dariusz-muszer.de\/pl\/schadelfeld-pole-czaszek-na-frankfurckich-targach-ksiazki-2015\/#primaryimage"},"image":{"@id":"https:\/\/dariusz-muszer.de\/pl\/schadelfeld-pole-czaszek-na-frankfurckich-targach-ksiazki-2015\/#primaryimage"},"thumbnailUrl":"https:\/\/dariusz-muszer.de\/pl\/wp-content\/uploads\/sites\/2\/2015\/10\/Herbert-Woyke-Dariusz-Muszer-Frankfurter-Buchmesse-2015.jpg","datePublished":"2015-10-18T16:40:48+00:00","dateModified":"2015-12-28T12:16:29+00:00","author":{"@id":"https:\/\/dariusz-muszer.de\/pl\/#\/schema\/person\/9f0c1c0310d5a835a41c892f377a9d48"},"description":"\"Sch\u00e4delfeld\". Z Herbertem Woyke, wydawc\u0105 i redaktorem z A1 Verlag, na Frankfurckich Tragach Ksi\u0105\u017cki 2015.","breadcrumb":{"@id":"https:\/\/dariusz-muszer.de\/pl\/schadelfeld-pole-czaszek-na-frankfurckich-targach-ksiazki-2015\/#breadcrumb"},"inLanguage":"pl-PL","potentialAction":[{"@type":"ReadAction","target":["https:\/\/dariusz-muszer.de\/pl\/schadelfeld-pole-czaszek-na-frankfurckich-targach-ksiazki-2015\/"]}]},{"@type":"ImageObject","inLanguage":"pl-PL","@id":"https:\/\/dariusz-muszer.de\/pl\/schadelfeld-pole-czaszek-na-frankfurckich-targach-ksiazki-2015\/#primaryimage","url":"https:\/\/dariusz-muszer.de\/pl\/wp-content\/uploads\/sites\/2\/2015\/10\/Herbert-Woyke-Dariusz-Muszer-Frankfurter-Buchmesse-2015.jpg","contentUrl":"https:\/\/dariusz-muszer.de\/pl\/wp-content\/uploads\/sites\/2\/2015\/10\/Herbert-Woyke-Dariusz-Muszer-Frankfurter-Buchmesse-2015.jpg","width":1100,"height":1956},{"@type":"BreadcrumbList","@id":"https:\/\/dariusz-muszer.de\/pl\/schadelfeld-pole-czaszek-na-frankfurckich-targach-ksiazki-2015\/#breadcrumb","itemListElement":[{"@type":"ListItem","position":1,"name":"Strona g\u0142\u00f3wna","item":"https:\/\/dariusz-muszer.de\/pl\/"},{"@type":"ListItem","position":2,"name":"&#8222;Sch\u00e4delfeld&#8221; (&#8222;Pole Czaszek&#8221;) na Frankfurckich Targach Ksi\u0105\u017cki 2015"}]},{"@type":"WebSite","@id":"https:\/\/dariusz-muszer.de\/pl\/#website","url":"https:\/\/dariusz-muszer.de\/pl\/","name":"Dariusz Muszer","description":"pisarz","potentialAction":[{"@type":"SearchAction","target":{"@type":"EntryPoint","urlTemplate":"https:\/\/dariusz-muszer.de\/pl\/?s={search_term_string}"},"query-input":{"@type":"PropertyValueSpecification","valueRequired":true,"valueName":"search_term_string"}}],"inLanguage":"pl-PL"},{"@type":"Person","@id":"https:\/\/dariusz-muszer.de\/pl\/#\/schema\/person\/9f0c1c0310d5a835a41c892f377a9d48","name":"Kalong","image":{"@type":"ImageObject","inLanguage":"pl-PL","@id":"https:\/\/dariusz-muszer.de\/pl\/#\/schema\/person\/image\/","url":"https:\/\/secure.gravatar.com\/avatar\/c9f779f2a71c9a87e8c401a809d61b28d74fc852ff3f345760cf377e19933461?s=96&d=mm&r=g","contentUrl":"https:\/\/secure.gravatar.com\/avatar\/c9f779f2a71c9a87e8c401a809d61b28d74fc852ff3f345760cf377e19933461?s=96&d=mm&r=g","caption":"Kalong"},"url":"https:\/\/dariusz-muszer.de\/pl\/author\/kalong\/"}]}},"_links":{"self":[{"href":"https:\/\/dariusz-muszer.de\/pl\/wp-json\/wp\/v2\/posts\/795","targetHints":{"allow":["GET"]}}],"collection":[{"href":"https:\/\/dariusz-muszer.de\/pl\/wp-json\/wp\/v2\/posts"}],"about":[{"href":"https:\/\/dariusz-muszer.de\/pl\/wp-json\/wp\/v2\/types\/post"}],"author":[{"embeddable":true,"href":"https:\/\/dariusz-muszer.de\/pl\/wp-json\/wp\/v2\/users\/1"}],"replies":[{"embeddable":true,"href":"https:\/\/dariusz-muszer.de\/pl\/wp-json\/wp\/v2\/comments?post=795"}],"version-history":[{"count":0,"href":"https:\/\/dariusz-muszer.de\/pl\/wp-json\/wp\/v2\/posts\/795\/revisions"}],"wp:featuredmedia":[{"embeddable":true,"href":"https:\/\/dariusz-muszer.de\/pl\/wp-json\/wp\/v2\/media\/796"}],"wp:attachment":[{"href":"https:\/\/dariusz-muszer.de\/pl\/wp-json\/wp\/v2\/media?parent=795"}],"wp:term":[{"taxonomy":"category","embeddable":true,"href":"https:\/\/dariusz-muszer.de\/pl\/wp-json\/wp\/v2\/categories?post=795"},{"taxonomy":"post_tag","embeddable":true,"href":"https:\/\/dariusz-muszer.de\/pl\/wp-json\/wp\/v2\/tags?post=795"}],"curies":[{"name":"wp","href":"https:\/\/api.w.org\/{rel}","templated":true}]}}