{"id":743,"date":"2015-06-16T13:00:37","date_gmt":"2015-06-16T11:00:37","guid":{"rendered":"http:\/\/dariusz-muszer.de\/pl\/?p=743"},"modified":"2019-12-30T19:22:08","modified_gmt":"2019-12-30T18:22:08","slug":"trzy-koziolki-bruse-skad-wziely-sie-wilki","status":"publish","type":"post","link":"https:\/\/dariusz-muszer.de\/pl\/trzy-koziolki-bruse-skad-wziely-sie-wilki\/","title":{"rendered":"Trzy kozio\u0142ki Bruse: Sk\u0105d wzi\u0119\u0142y si\u0119 wilki"},"content":{"rendered":"<p>W owych czasach, kiedy to Pan chadza\u0142 jeszcze po ziemi, przyby\u0142 pewnego dnia do kobiety, kt\u00f3ra wyrabia\u0142a kie\u0142bas\u0119, jako \u017ce w\u0142a\u015bnie by\u0142 czas uboju.<\/p>\n<p>Pan by\u0142 z psem.<\/p>\n<p>\u2013 Moja dobra kobieto \u2013 rzek\u0142 Pan \u2013 da\u0142aby\u015b mojemu psu jaki\u015b k\u0105sek. Ca\u0142y dzie\u0144 nic nie mia\u0142 w pysku i jest strasznie g\u0142odny.<\/p>\n<p>Dobrze, kobieta by\u0142a gotowa odci\u0105\u0107 kawa\u0142ek kie\u0142basy dla psa. Gdy jednak to uczyni\u0142a, kawa\u0142ek wyda\u0142 jej si\u0119 zbyt poka\u017any; nie, tak du\u017co przecie\u017c nie mog\u0142a da\u0107! Tak wi\u0119c podzieli\u0142a go na p\u00f3\u0142. Jednak\u017ce teraz ka\u017cdy z obu kawa\u0142k\u00f3w by\u0142 wi\u0119kszy ni\u017c ten, kt\u00f3ry odci\u0119\u0142a na pocz\u0105tku. Kobiecie wyda\u0142o si\u0119 to nader osobliwe. Ponownie podzieli\u0142a oba kawa\u0142ki na p\u00f3\u0142. Lecz im wi\u0119cej dzieli\u0142a, tym wi\u0119ksze stawa\u0142y si\u0119 k\u0105ski. Uzna\u0142a, \u017ce by\u0142oby wielk\u0105 szkod\u0105 da\u0107 tak du\u017co psu. W ko\u0144cu rzek\u0142a prosto z mostu:<\/p>\n<p>\u2013 Nie, nie mam nic dla twojego psa, jako \u017ce grzechem by\u0142oby, da\u0107 psu tak du\u017co kie\u0142basy.<\/p>\n<p>I tak Pan i pies musieli odej\u015b\u0107, nic nie wsk\u00f3rawszy.<\/p>\n<p>\u2013 W przysz\u0142o\u015bci sam b\u0119dziesz musia\u0142 szuka\u0107 dla siebie po\u017cywienia \u2013 rzek\u0142 Pan do psa. \u2013 Widzisz przecie\u017c, jak ludzie ci dobrze \u017cycz\u0105. A teraz biegnij, gdzie ci\u0119 oczy ponios\u0105!<\/p>\n<p>I tak pies sta\u0142 si\u0119 wilkiem \u2013 wilkiem cia\u0142a, wilkiem duszy. I od tego wilka pochodz\u0105 wszystkie inne wilki, kt\u00f3re czyni\u0105 tak niepewnymi lasy i pastwiska.<\/p>\n<p>\u2013 A kiedy ludzie b\u0119d\u0105 krzyczeli i ci z\u0142orzeczyli \u2013 powiedzia\u0142 jeszcze Pan \u2013 po prostu odp\u0142acaj im warczeniem i wyciem.<\/p>\n<p>I tak to ju\u017c pozosta\u0142o do naszych czas\u00f3w. Im wi\u0119cej ur\u0105gasz wilkom, tym bardziej one wyj\u0105.<\/p>\n<p>&nbsp;<\/p>\n<p><strong>Bajka pochodzi z cyklu:<\/strong><\/p>\n<h3>Trzy kozio\u0142ki Bruse<\/h3>\n<p><strong>Bajki, klechdy, podania i anegdoty z Norwegii<\/strong><\/p>\n<p><strong>opowiedziane\u00a0<em>przez Dariusza Muszera<\/em><\/strong><\/p>\n<p>&nbsp;<\/p>\n<p>\u0179r\u00f3d\u0142o: <a href=\"http:\/\/www.polskacanada.com\/?p=656\">Dariusz Muszer &#8211; Sk\u0105d wzi\u0119\u0142y si\u0119 wilki<\/a><\/p>\n","protected":false},"excerpt":{"rendered":"<p>W owych czasach, kiedy to Pan chadza\u0142 jeszcze po ziemi, przyby\u0142 pewnego dnia do kobiety, kt\u00f3ra wyrabia\u0142a kie\u0142bas\u0119, jako \u017ce w\u0142a\u015bnie by\u0142 czas uboju. Pan by\u0142 z psem. \u2013 Moja dobra kobieto \u2013 rzek\u0142 Pan \u2013 da\u0142aby\u015b mojemu psu jaki\u015b k\u0105sek. Ca\u0142y dzie\u0144 nic nie mia\u0142 w pysku i jest strasznie g\u0142odny. Dobrze, kobieta by\u0142a [&hellip;]<\/p>\n","protected":false},"author":2,"featured_media":0,"comment_status":"closed","ping_status":"closed","sticky":false,"template":"","format":"standard","meta":{"footnotes":""},"categories":[288],"tags":[137,138,136,139],"class_list":["post-743","post","type-post","status-publish","format-standard","hentry","category-basnie-norweskie","tag-bajki-norweskie","tag-polska-canada","tag-trzy-koziolki-bruse","tag-wilki"],"yoast_head":"<!-- This site is optimized with the Yoast SEO plugin v27.0 - https:\/\/yoast.com\/product\/yoast-seo-wordpress\/ -->\n<title>Trzy kozio\u0142ki Bruse: Sk\u0105d wzi\u0119\u0142y si\u0119 wilki - Dariusz Muszer<\/title>\n<meta name=\"description\" content=\"Sk\u0105d wzi\u0119\u0142y si\u0119 wilki. Bajka pochodzi z cyklu: Trzy kozio\u0142ki Bruse. Bajki, klechdy, podania i anegdoty z Norwegii opowiedziane przez Dariusza Muszera\" \/>\n<meta name=\"robots\" content=\"index, follow, max-snippet:-1, max-image-preview:large, max-video-preview:-1\" \/>\n<link rel=\"canonical\" href=\"https:\/\/dariusz-muszer.de\/pl\/trzy-koziolki-bruse-skad-wziely-sie-wilki\/\" \/>\n<meta property=\"og:locale\" content=\"pl_PL\" \/>\n<meta property=\"og:type\" content=\"article\" \/>\n<meta property=\"og:title\" content=\"Trzy kozio\u0142ki Bruse: Sk\u0105d wzi\u0119\u0142y si\u0119 wilki - Dariusz Muszer\" \/>\n<meta property=\"og:description\" content=\"Sk\u0105d wzi\u0119\u0142y si\u0119 wilki. Bajka pochodzi z cyklu: Trzy kozio\u0142ki Bruse. Bajki, klechdy, podania i anegdoty z Norwegii opowiedziane przez Dariusza Muszera\" \/>\n<meta property=\"og:url\" content=\"https:\/\/dariusz-muszer.de\/pl\/trzy-koziolki-bruse-skad-wziely-sie-wilki\/\" \/>\n<meta property=\"og:site_name\" content=\"Dariusz Muszer\" \/>\n<meta property=\"article:published_time\" content=\"2015-06-16T11:00:37+00:00\" \/>\n<meta property=\"article:modified_time\" content=\"2019-12-30T18:22:08+00:00\" \/>\n<meta name=\"author\" content=\"Kama Dogo\" \/>\n<meta name=\"twitter:card\" content=\"summary_large_image\" \/>\n<meta name=\"twitter:label1\" content=\"Napisane przez\" \/>\n\t<meta name=\"twitter:data1\" content=\"Kama Dogo\" \/>\n\t<meta name=\"twitter:label2\" content=\"Szacowany czas czytania\" \/>\n\t<meta name=\"twitter:data2\" content=\"2 minuty\" \/>\n<script type=\"application\/ld+json\" class=\"yoast-schema-graph\">{\"@context\":\"https:\/\/schema.org\",\"@graph\":[{\"@type\":\"Article\",\"@id\":\"https:\/\/dariusz-muszer.de\/pl\/trzy-koziolki-bruse-skad-wziely-sie-wilki\/#article\",\"isPartOf\":{\"@id\":\"https:\/\/dariusz-muszer.de\/pl\/trzy-koziolki-bruse-skad-wziely-sie-wilki\/\"},\"author\":{\"name\":\"Kama Dogo\",\"@id\":\"https:\/\/dariusz-muszer.de\/pl\/#\/schema\/person\/cb3e5073c78ce8e49b03deed04e45211\"},\"headline\":\"Trzy kozio\u0142ki Bruse: Sk\u0105d wzi\u0119\u0142y si\u0119 wilki\",\"datePublished\":\"2015-06-16T11:00:37+00:00\",\"dateModified\":\"2019-12-30T18:22:08+00:00\",\"mainEntityOfPage\":{\"@id\":\"https:\/\/dariusz-muszer.de\/pl\/trzy-koziolki-bruse-skad-wziely-sie-wilki\/\"},\"wordCount\":343,\"keywords\":[\"bajki norweskie\",\"Polska Canada\",\"Trzy kozio\u0142ki Bruse\",\"wilki\"],\"articleSection\":[\"Ba\u015bnie norweskie\"],\"inLanguage\":\"pl-PL\"},{\"@type\":\"WebPage\",\"@id\":\"https:\/\/dariusz-muszer.de\/pl\/trzy-koziolki-bruse-skad-wziely-sie-wilki\/\",\"url\":\"https:\/\/dariusz-muszer.de\/pl\/trzy-koziolki-bruse-skad-wziely-sie-wilki\/\",\"name\":\"Trzy kozio\u0142ki Bruse: Sk\u0105d wzi\u0119\u0142y si\u0119 wilki - Dariusz Muszer\",\"isPartOf\":{\"@id\":\"https:\/\/dariusz-muszer.de\/pl\/#website\"},\"datePublished\":\"2015-06-16T11:00:37+00:00\",\"dateModified\":\"2019-12-30T18:22:08+00:00\",\"author\":{\"@id\":\"https:\/\/dariusz-muszer.de\/pl\/#\/schema\/person\/cb3e5073c78ce8e49b03deed04e45211\"},\"description\":\"Sk\u0105d wzi\u0119\u0142y si\u0119 wilki. Bajka pochodzi z cyklu: Trzy kozio\u0142ki Bruse. Bajki, klechdy, podania i anegdoty z Norwegii opowiedziane przez Dariusza Muszera\",\"breadcrumb\":{\"@id\":\"https:\/\/dariusz-muszer.de\/pl\/trzy-koziolki-bruse-skad-wziely-sie-wilki\/#breadcrumb\"},\"inLanguage\":\"pl-PL\",\"potentialAction\":[{\"@type\":\"ReadAction\",\"target\":[\"https:\/\/dariusz-muszer.de\/pl\/trzy-koziolki-bruse-skad-wziely-sie-wilki\/\"]}]},{\"@type\":\"BreadcrumbList\",\"@id\":\"https:\/\/dariusz-muszer.de\/pl\/trzy-koziolki-bruse-skad-wziely-sie-wilki\/#breadcrumb\",\"itemListElement\":[{\"@type\":\"ListItem\",\"position\":1,\"name\":\"Strona g\u0142\u00f3wna\",\"item\":\"https:\/\/dariusz-muszer.de\/pl\/\"},{\"@type\":\"ListItem\",\"position\":2,\"name\":\"Trzy kozio\u0142ki Bruse: Sk\u0105d wzi\u0119\u0142y si\u0119 wilki\"}]},{\"@type\":\"WebSite\",\"@id\":\"https:\/\/dariusz-muszer.de\/pl\/#website\",\"url\":\"https:\/\/dariusz-muszer.de\/pl\/\",\"name\":\"Dariusz Muszer\",\"description\":\"pisarz\",\"potentialAction\":[{\"@type\":\"SearchAction\",\"target\":{\"@type\":\"EntryPoint\",\"urlTemplate\":\"https:\/\/dariusz-muszer.de\/pl\/?s={search_term_string}\"},\"query-input\":{\"@type\":\"PropertyValueSpecification\",\"valueRequired\":true,\"valueName\":\"search_term_string\"}}],\"inLanguage\":\"pl-PL\"},{\"@type\":\"Person\",\"@id\":\"https:\/\/dariusz-muszer.de\/pl\/#\/schema\/person\/cb3e5073c78ce8e49b03deed04e45211\",\"name\":\"Kama Dogo\",\"image\":{\"@type\":\"ImageObject\",\"inLanguage\":\"pl-PL\",\"@id\":\"https:\/\/dariusz-muszer.de\/pl\/#\/schema\/person\/image\/\",\"url\":\"https:\/\/secure.gravatar.com\/avatar\/16c67aaddea682dc94a63eb3eb7791e38f5f6b75f4daa10cc7ccbe7d141a5472?s=96&d=mm&r=g\",\"contentUrl\":\"https:\/\/secure.gravatar.com\/avatar\/16c67aaddea682dc94a63eb3eb7791e38f5f6b75f4daa10cc7ccbe7d141a5472?s=96&d=mm&r=g\",\"caption\":\"Kama Dogo\"},\"url\":\"https:\/\/dariusz-muszer.de\/pl\/author\/kama-dogo\/\"}]}<\/script>\n<!-- \/ Yoast SEO plugin. -->","yoast_head_json":{"title":"Trzy kozio\u0142ki Bruse: Sk\u0105d wzi\u0119\u0142y si\u0119 wilki - Dariusz Muszer","description":"Sk\u0105d wzi\u0119\u0142y si\u0119 wilki. Bajka pochodzi z cyklu: Trzy kozio\u0142ki Bruse. Bajki, klechdy, podania i anegdoty z Norwegii opowiedziane przez Dariusza Muszera","robots":{"index":"index","follow":"follow","max-snippet":"max-snippet:-1","max-image-preview":"max-image-preview:large","max-video-preview":"max-video-preview:-1"},"canonical":"https:\/\/dariusz-muszer.de\/pl\/trzy-koziolki-bruse-skad-wziely-sie-wilki\/","og_locale":"pl_PL","og_type":"article","og_title":"Trzy kozio\u0142ki Bruse: Sk\u0105d wzi\u0119\u0142y si\u0119 wilki - Dariusz Muszer","og_description":"Sk\u0105d wzi\u0119\u0142y si\u0119 wilki. Bajka pochodzi z cyklu: Trzy kozio\u0142ki Bruse. Bajki, klechdy, podania i anegdoty z Norwegii opowiedziane przez Dariusza Muszera","og_url":"https:\/\/dariusz-muszer.de\/pl\/trzy-koziolki-bruse-skad-wziely-sie-wilki\/","og_site_name":"Dariusz Muszer","article_published_time":"2015-06-16T11:00:37+00:00","article_modified_time":"2019-12-30T18:22:08+00:00","author":"Kama Dogo","twitter_card":"summary_large_image","twitter_misc":{"Napisane przez":"Kama Dogo","Szacowany czas czytania":"2 minuty"},"schema":{"@context":"https:\/\/schema.org","@graph":[{"@type":"Article","@id":"https:\/\/dariusz-muszer.de\/pl\/trzy-koziolki-bruse-skad-wziely-sie-wilki\/#article","isPartOf":{"@id":"https:\/\/dariusz-muszer.de\/pl\/trzy-koziolki-bruse-skad-wziely-sie-wilki\/"},"author":{"name":"Kama Dogo","@id":"https:\/\/dariusz-muszer.de\/pl\/#\/schema\/person\/cb3e5073c78ce8e49b03deed04e45211"},"headline":"Trzy kozio\u0142ki Bruse: Sk\u0105d wzi\u0119\u0142y si\u0119 wilki","datePublished":"2015-06-16T11:00:37+00:00","dateModified":"2019-12-30T18:22:08+00:00","mainEntityOfPage":{"@id":"https:\/\/dariusz-muszer.de\/pl\/trzy-koziolki-bruse-skad-wziely-sie-wilki\/"},"wordCount":343,"keywords":["bajki norweskie","Polska Canada","Trzy kozio\u0142ki Bruse","wilki"],"articleSection":["Ba\u015bnie norweskie"],"inLanguage":"pl-PL"},{"@type":"WebPage","@id":"https:\/\/dariusz-muszer.de\/pl\/trzy-koziolki-bruse-skad-wziely-sie-wilki\/","url":"https:\/\/dariusz-muszer.de\/pl\/trzy-koziolki-bruse-skad-wziely-sie-wilki\/","name":"Trzy kozio\u0142ki Bruse: Sk\u0105d wzi\u0119\u0142y si\u0119 wilki - Dariusz Muszer","isPartOf":{"@id":"https:\/\/dariusz-muszer.de\/pl\/#website"},"datePublished":"2015-06-16T11:00:37+00:00","dateModified":"2019-12-30T18:22:08+00:00","author":{"@id":"https:\/\/dariusz-muszer.de\/pl\/#\/schema\/person\/cb3e5073c78ce8e49b03deed04e45211"},"description":"Sk\u0105d wzi\u0119\u0142y si\u0119 wilki. Bajka pochodzi z cyklu: Trzy kozio\u0142ki Bruse. Bajki, klechdy, podania i anegdoty z Norwegii opowiedziane przez Dariusza Muszera","breadcrumb":{"@id":"https:\/\/dariusz-muszer.de\/pl\/trzy-koziolki-bruse-skad-wziely-sie-wilki\/#breadcrumb"},"inLanguage":"pl-PL","potentialAction":[{"@type":"ReadAction","target":["https:\/\/dariusz-muszer.de\/pl\/trzy-koziolki-bruse-skad-wziely-sie-wilki\/"]}]},{"@type":"BreadcrumbList","@id":"https:\/\/dariusz-muszer.de\/pl\/trzy-koziolki-bruse-skad-wziely-sie-wilki\/#breadcrumb","itemListElement":[{"@type":"ListItem","position":1,"name":"Strona g\u0142\u00f3wna","item":"https:\/\/dariusz-muszer.de\/pl\/"},{"@type":"ListItem","position":2,"name":"Trzy kozio\u0142ki Bruse: Sk\u0105d wzi\u0119\u0142y si\u0119 wilki"}]},{"@type":"WebSite","@id":"https:\/\/dariusz-muszer.de\/pl\/#website","url":"https:\/\/dariusz-muszer.de\/pl\/","name":"Dariusz Muszer","description":"pisarz","potentialAction":[{"@type":"SearchAction","target":{"@type":"EntryPoint","urlTemplate":"https:\/\/dariusz-muszer.de\/pl\/?s={search_term_string}"},"query-input":{"@type":"PropertyValueSpecification","valueRequired":true,"valueName":"search_term_string"}}],"inLanguage":"pl-PL"},{"@type":"Person","@id":"https:\/\/dariusz-muszer.de\/pl\/#\/schema\/person\/cb3e5073c78ce8e49b03deed04e45211","name":"Kama Dogo","image":{"@type":"ImageObject","inLanguage":"pl-PL","@id":"https:\/\/dariusz-muszer.de\/pl\/#\/schema\/person\/image\/","url":"https:\/\/secure.gravatar.com\/avatar\/16c67aaddea682dc94a63eb3eb7791e38f5f6b75f4daa10cc7ccbe7d141a5472?s=96&d=mm&r=g","contentUrl":"https:\/\/secure.gravatar.com\/avatar\/16c67aaddea682dc94a63eb3eb7791e38f5f6b75f4daa10cc7ccbe7d141a5472?s=96&d=mm&r=g","caption":"Kama Dogo"},"url":"https:\/\/dariusz-muszer.de\/pl\/author\/kama-dogo\/"}]}},"_links":{"self":[{"href":"https:\/\/dariusz-muszer.de\/pl\/wp-json\/wp\/v2\/posts\/743","targetHints":{"allow":["GET"]}}],"collection":[{"href":"https:\/\/dariusz-muszer.de\/pl\/wp-json\/wp\/v2\/posts"}],"about":[{"href":"https:\/\/dariusz-muszer.de\/pl\/wp-json\/wp\/v2\/types\/post"}],"author":[{"embeddable":true,"href":"https:\/\/dariusz-muszer.de\/pl\/wp-json\/wp\/v2\/users\/2"}],"replies":[{"embeddable":true,"href":"https:\/\/dariusz-muszer.de\/pl\/wp-json\/wp\/v2\/comments?post=743"}],"version-history":[{"count":1,"href":"https:\/\/dariusz-muszer.de\/pl\/wp-json\/wp\/v2\/posts\/743\/revisions"}],"predecessor-version":[{"id":1243,"href":"https:\/\/dariusz-muszer.de\/pl\/wp-json\/wp\/v2\/posts\/743\/revisions\/1243"}],"wp:attachment":[{"href":"https:\/\/dariusz-muszer.de\/pl\/wp-json\/wp\/v2\/media?parent=743"}],"wp:term":[{"taxonomy":"category","embeddable":true,"href":"https:\/\/dariusz-muszer.de\/pl\/wp-json\/wp\/v2\/categories?post=743"},{"taxonomy":"post_tag","embeddable":true,"href":"https:\/\/dariusz-muszer.de\/pl\/wp-json\/wp\/v2\/tags?post=743"}],"curies":[{"name":"wp","href":"https:\/\/api.w.org\/{rel}","templated":true}]}}