{"id":703,"date":"2015-06-17T01:30:37","date_gmt":"2015-06-16T23:30:37","guid":{"rendered":"http:\/\/dariusz-muszer.de\/pl\/?p=703"},"modified":"2015-06-15T12:48:28","modified_gmt":"2015-06-15T10:48:28","slug":"sebastian-czaplinski-pozwol-zajrzec-do-swojej-duszy","status":"publish","type":"post","link":"https:\/\/dariusz-muszer.de\/pl\/sebastian-czaplinski-pozwol-zajrzec-do-swojej-duszy\/","title":{"rendered":"Sebastian Czapli\u0144ski: Pozw\u00f3l zajrze\u0107 do swojej duszy"},"content":{"rendered":"<h3>Polecam czyta\u0107 wieczorami przy otwartym oknie, bo mro\u017ane powietrze sprawi, \u017ce p\u00f3jdziemy spa\u0107, a nie 'zginiemy&#8217; si\u0119 w ksi\u0105\u017cce.<\/h3>\n<p>&nbsp;<\/p>\n<p><a href=\"https:\/\/dariusz-muszer.de\/pl\/wp-content\/uploads\/sites\/2\/2015\/06\/wolnosc-pachnie-wanilia.jpg\" rel=\"lightbox[703]\"><img loading=\"lazy\" decoding=\"async\" class=\"alignleft wp-image-448 size-medium\" title=\"Wolno\u015b\u0107 pachnie wanili\u0105\" src=\"https:\/\/dariusz-muszer.de\/pl\/wp-content\/uploads\/sites\/2\/2015\/06\/wolnosc-pachnie-wanilia-300x300.jpg\" alt=\"Wolno\u015b\u0107 pachnie wanili\u0105\" width=\"300\" height=\"300\" srcset=\"https:\/\/dariusz-muszer.de\/pl\/wp-content\/uploads\/sites\/2\/2015\/06\/wolnosc-pachnie-wanilia-300x300.jpg 300w, https:\/\/dariusz-muszer.de\/pl\/wp-content\/uploads\/sites\/2\/2015\/06\/wolnosc-pachnie-wanilia-200x200.jpg 200w, https:\/\/dariusz-muszer.de\/pl\/wp-content\/uploads\/sites\/2\/2015\/06\/wolnosc-pachnie-wanilia.jpg 600w\" sizes=\"auto, (max-width: 300px) 100vw, 300px\" \/><\/a>Ksi\u0105\u017cka zosta\u0142a napisana prostym, niezwykle precyzyjnym, jasnym i poetyckim j\u0119zykiem. Jest pe\u0142na czarnego humoru i fantastycznych przewrotek. Niekt\u00f3re historie s\u0105 bardzo kontrowersyjne i musz\u0119 przyzna\u0107, \u017ce nie raz chcia\u0142em ni\u0105 rzuci\u0107, ale ostatecznie zag\u0142\u0119bia\u0142em si\u0119 dalej. Mo\u017cna by du\u017co m\u00f3wi\u0107 dobrych rzeczy o tej ksi\u0105\u017cce, lecz wystarczy rzec: mistrzowska gra literacka.<\/p>\n<p>Ca\u0142y utw\u00f3r jest opowie\u015bci\u0105 pewnej osoby. Jest ona bardzo otwarta, pozwala nam zajrze\u0107 do swojej duszy i odkry\u0107 najg\u0142\u0119bsze i najkrwawsze tajemnice. Czasem spotykamy si\u0119 z humorem, a czasem z pe\u0142nymi grozy scenami. Autor nie dostarcza nam wielu informacji o g\u0142\u00f3wnym bohaterze. Mo\u017cemy si\u0119 tylko domy\u015bla\u0107 jak wygl\u0105da\u0142 oraz jaki by\u0142. To daje nam niezwyk\u0142e pole do popisu, bo jedni zobacz\u0105 rz\u0105dnego krwi mordercy, a inni zwyk\u0142ego, szarego cz\u0142owieka popsutego przez \u017cycie.<\/p>\n<p>Musz\u0119 przyzna\u0107, \u017ce spodoba\u0142o mi si\u0119 to dzie\u0142o. Poruszy\u0142o moje sumienie i da\u0142o do my\u015blenia. Dotar\u0142o do miejsca, gdzie rzadko trafiaj\u0105 ksi\u0105\u017cki. Polecam czyta\u0107 wieczorami przy otwartym oknie, bo mro\u017ane powietrze sprawi, \u017ce p\u00f3jdziemy spa\u0107, a nie 'zginiemy&#8217; si\u0119 w ksi\u0105\u017cce. Cho\u0107 to drugie jest bardzo mo\u017cliwe. Kolejnym argumentem, aby przeczyta\u0107 t\u0119 ksi\u0105\u017ck\u0119 jest fakt, \u017ce zosta\u0142a ona odznaczona nagrod\u0105 Zwi\u0105zku Pisarzy Niemieckich dla najlepszej ksi\u0105\u017cki roku 1999 w konkursie &#8222;Nowa ksi\u0105\u017cka w Dolnej Saksonii i Bremie&#8221;.<\/p>\n<p><a href=\"http:\/\/zaczytanywksiazkach.blogspot.de\/2015\/06\/pozwol-zajrzec-do-swojej-duszy.html\">Zaczytany w Ksi\u0105\u017ckach, 12 czerwca 2015<\/a><br \/>\n\u00a9 Sebastian Czapli\u0144ski<\/p>\n","protected":false},"excerpt":{"rendered":"<p>Polecam czyta\u0107 wieczorami przy otwartym oknie, bo mro\u017ane powietrze sprawi, \u017ce p\u00f3jdziemy spa\u0107, a nie 'zginiemy&#8217; si\u0119 w ksi\u0105\u017cce. &nbsp; Ksi\u0105\u017cka zosta\u0142a napisana prostym, niezwykle precyzyjnym, jasnym i poetyckim j\u0119zykiem. Jest pe\u0142na czarnego humoru i fantastycznych przewrotek. Niekt\u00f3re historie s\u0105 bardzo kontrowersyjne i musz\u0119 przyzna\u0107, \u017ce nie raz chcia\u0142em ni\u0105 rzuci\u0107, ale ostatecznie zag\u0142\u0119bia\u0142em si\u0119 [&hellip;]<\/p>\n","protected":false},"author":1,"featured_media":0,"comment_status":"closed","ping_status":"closed","sticky":false,"template":"","format":"standard","meta":{"footnotes":""},"categories":[9,4],"tags":[133,7,134],"class_list":["post-703","post","type-post","status-publish","format-standard","hentry","category-recenzja","category-wolnosc-pachnie-wanilia","tag-sebastian-czaplinski","tag-wolnosc-pachnie-wanilia","tag-zaczytany-w-ksiazkach"],"yoast_head":"<!-- This site is optimized with the Yoast SEO plugin v27.0 - https:\/\/yoast.com\/product\/yoast-seo-wordpress\/ -->\n<title>Sebastian Czapli\u0144ski: Pozw\u00f3l zajrze\u0107 do swojej duszy - Dariusz Muszer<\/title>\n<meta name=\"description\" content=\"Sebastian Czapli\u0144ski o Wolno\u015b\u0107 pachnie wanili\u0105 Dariusza Muszera: Polecam czyta\u0107 wieczorami przy otwartym oknie, bo mro\u017ane powietrze sprawi, \u017ce p\u00f3jdziemy\" \/>\n<meta name=\"robots\" content=\"index, follow, max-snippet:-1, max-image-preview:large, max-video-preview:-1\" \/>\n<link rel=\"canonical\" href=\"https:\/\/dariusz-muszer.de\/pl\/sebastian-czaplinski-pozwol-zajrzec-do-swojej-duszy\/\" \/>\n<meta property=\"og:locale\" content=\"pl_PL\" \/>\n<meta property=\"og:type\" content=\"article\" \/>\n<meta property=\"og:title\" content=\"Sebastian Czapli\u0144ski: Pozw\u00f3l zajrze\u0107 do swojej duszy - Dariusz Muszer\" \/>\n<meta property=\"og:description\" content=\"Sebastian Czapli\u0144ski o Wolno\u015b\u0107 pachnie wanili\u0105 Dariusza Muszera: Polecam czyta\u0107 wieczorami przy otwartym oknie, bo mro\u017ane powietrze sprawi, \u017ce p\u00f3jdziemy\" \/>\n<meta property=\"og:url\" content=\"https:\/\/dariusz-muszer.de\/pl\/sebastian-czaplinski-pozwol-zajrzec-do-swojej-duszy\/\" \/>\n<meta property=\"og:site_name\" content=\"Dariusz Muszer\" \/>\n<meta property=\"article:published_time\" content=\"2015-06-16T23:30:37+00:00\" \/>\n<meta property=\"og:image\" content=\"http:\/\/dariusz-muszer.de\/pl\/wp-content\/uploads\/sites\/2\/2015\/06\/wolnosc-pachnie-wanilia-300x300.jpg\" \/>\n<meta name=\"author\" content=\"Kalong\" \/>\n<meta name=\"twitter:card\" content=\"summary_large_image\" \/>\n<meta name=\"twitter:label1\" content=\"Napisane przez\" \/>\n\t<meta name=\"twitter:data1\" content=\"Kalong\" \/>\n\t<meta name=\"twitter:label2\" content=\"Szacowany czas czytania\" \/>\n\t<meta name=\"twitter:data2\" content=\"1 minuta\" \/>\n<script type=\"application\/ld+json\" class=\"yoast-schema-graph\">{\"@context\":\"https:\/\/schema.org\",\"@graph\":[{\"@type\":\"Article\",\"@id\":\"https:\/\/dariusz-muszer.de\/pl\/sebastian-czaplinski-pozwol-zajrzec-do-swojej-duszy\/#article\",\"isPartOf\":{\"@id\":\"https:\/\/dariusz-muszer.de\/pl\/sebastian-czaplinski-pozwol-zajrzec-do-swojej-duszy\/\"},\"author\":{\"name\":\"Kalong\",\"@id\":\"https:\/\/dariusz-muszer.de\/pl\/#\/schema\/person\/9f0c1c0310d5a835a41c892f377a9d48\"},\"headline\":\"Sebastian Czapli\u0144ski: Pozw\u00f3l zajrze\u0107 do swojej duszy\",\"datePublished\":\"2015-06-16T23:30:37+00:00\",\"mainEntityOfPage\":{\"@id\":\"https:\/\/dariusz-muszer.de\/pl\/sebastian-czaplinski-pozwol-zajrzec-do-swojej-duszy\/\"},\"wordCount\":280,\"image\":{\"@id\":\"https:\/\/dariusz-muszer.de\/pl\/sebastian-czaplinski-pozwol-zajrzec-do-swojej-duszy\/#primaryimage\"},\"thumbnailUrl\":\"http:\/\/dariusz-muszer.de\/pl\/wp-content\/uploads\/sites\/2\/2015\/06\/wolnosc-pachnie-wanilia-300x300.jpg\",\"keywords\":[\"Sebastian Czapli\u0144ski\",\"Wolno\u015b\u0107 pachnie wanili\u0105\",\"Zaczytany w Ksi\u0105\u017ckach\"],\"articleSection\":[\"Recenzja\",\"Wolno\u015b\u0107 pachnie wanili\u0105\"],\"inLanguage\":\"pl-PL\"},{\"@type\":\"WebPage\",\"@id\":\"https:\/\/dariusz-muszer.de\/pl\/sebastian-czaplinski-pozwol-zajrzec-do-swojej-duszy\/\",\"url\":\"https:\/\/dariusz-muszer.de\/pl\/sebastian-czaplinski-pozwol-zajrzec-do-swojej-duszy\/\",\"name\":\"Sebastian Czapli\u0144ski: Pozw\u00f3l zajrze\u0107 do swojej duszy - Dariusz Muszer\",\"isPartOf\":{\"@id\":\"https:\/\/dariusz-muszer.de\/pl\/#website\"},\"primaryImageOfPage\":{\"@id\":\"https:\/\/dariusz-muszer.de\/pl\/sebastian-czaplinski-pozwol-zajrzec-do-swojej-duszy\/#primaryimage\"},\"image\":{\"@id\":\"https:\/\/dariusz-muszer.de\/pl\/sebastian-czaplinski-pozwol-zajrzec-do-swojej-duszy\/#primaryimage\"},\"thumbnailUrl\":\"http:\/\/dariusz-muszer.de\/pl\/wp-content\/uploads\/sites\/2\/2015\/06\/wolnosc-pachnie-wanilia-300x300.jpg\",\"datePublished\":\"2015-06-16T23:30:37+00:00\",\"author\":{\"@id\":\"https:\/\/dariusz-muszer.de\/pl\/#\/schema\/person\/9f0c1c0310d5a835a41c892f377a9d48\"},\"description\":\"Sebastian Czapli\u0144ski o Wolno\u015b\u0107 pachnie wanili\u0105 Dariusza Muszera: Polecam czyta\u0107 wieczorami przy otwartym oknie, bo mro\u017ane powietrze sprawi, \u017ce p\u00f3jdziemy\",\"breadcrumb\":{\"@id\":\"https:\/\/dariusz-muszer.de\/pl\/sebastian-czaplinski-pozwol-zajrzec-do-swojej-duszy\/#breadcrumb\"},\"inLanguage\":\"pl-PL\",\"potentialAction\":[{\"@type\":\"ReadAction\",\"target\":[\"https:\/\/dariusz-muszer.de\/pl\/sebastian-czaplinski-pozwol-zajrzec-do-swojej-duszy\/\"]}]},{\"@type\":\"ImageObject\",\"inLanguage\":\"pl-PL\",\"@id\":\"https:\/\/dariusz-muszer.de\/pl\/sebastian-czaplinski-pozwol-zajrzec-do-swojej-duszy\/#primaryimage\",\"url\":\"http:\/\/dariusz-muszer.de\/pl\/wp-content\/uploads\/sites\/2\/2015\/06\/wolnosc-pachnie-wanilia-300x300.jpg\",\"contentUrl\":\"http:\/\/dariusz-muszer.de\/pl\/wp-content\/uploads\/sites\/2\/2015\/06\/wolnosc-pachnie-wanilia-300x300.jpg\"},{\"@type\":\"BreadcrumbList\",\"@id\":\"https:\/\/dariusz-muszer.de\/pl\/sebastian-czaplinski-pozwol-zajrzec-do-swojej-duszy\/#breadcrumb\",\"itemListElement\":[{\"@type\":\"ListItem\",\"position\":1,\"name\":\"Strona g\u0142\u00f3wna\",\"item\":\"https:\/\/dariusz-muszer.de\/pl\/\"},{\"@type\":\"ListItem\",\"position\":2,\"name\":\"Sebastian Czapli\u0144ski: Pozw\u00f3l zajrze\u0107 do swojej duszy\"}]},{\"@type\":\"WebSite\",\"@id\":\"https:\/\/dariusz-muszer.de\/pl\/#website\",\"url\":\"https:\/\/dariusz-muszer.de\/pl\/\",\"name\":\"Dariusz Muszer\",\"description\":\"pisarz\",\"potentialAction\":[{\"@type\":\"SearchAction\",\"target\":{\"@type\":\"EntryPoint\",\"urlTemplate\":\"https:\/\/dariusz-muszer.de\/pl\/?s={search_term_string}\"},\"query-input\":{\"@type\":\"PropertyValueSpecification\",\"valueRequired\":true,\"valueName\":\"search_term_string\"}}],\"inLanguage\":\"pl-PL\"},{\"@type\":\"Person\",\"@id\":\"https:\/\/dariusz-muszer.de\/pl\/#\/schema\/person\/9f0c1c0310d5a835a41c892f377a9d48\",\"name\":\"Kalong\",\"image\":{\"@type\":\"ImageObject\",\"inLanguage\":\"pl-PL\",\"@id\":\"https:\/\/dariusz-muszer.de\/pl\/#\/schema\/person\/image\/\",\"url\":\"https:\/\/secure.gravatar.com\/avatar\/c9f779f2a71c9a87e8c401a809d61b28d74fc852ff3f345760cf377e19933461?s=96&d=mm&r=g\",\"contentUrl\":\"https:\/\/secure.gravatar.com\/avatar\/c9f779f2a71c9a87e8c401a809d61b28d74fc852ff3f345760cf377e19933461?s=96&d=mm&r=g\",\"caption\":\"Kalong\"},\"url\":\"https:\/\/dariusz-muszer.de\/pl\/author\/kalong\/\"}]}<\/script>\n<!-- \/ Yoast SEO plugin. -->","yoast_head_json":{"title":"Sebastian Czapli\u0144ski: Pozw\u00f3l zajrze\u0107 do swojej duszy - Dariusz Muszer","description":"Sebastian Czapli\u0144ski o Wolno\u015b\u0107 pachnie wanili\u0105 Dariusza Muszera: Polecam czyta\u0107 wieczorami przy otwartym oknie, bo mro\u017ane powietrze sprawi, \u017ce p\u00f3jdziemy","robots":{"index":"index","follow":"follow","max-snippet":"max-snippet:-1","max-image-preview":"max-image-preview:large","max-video-preview":"max-video-preview:-1"},"canonical":"https:\/\/dariusz-muszer.de\/pl\/sebastian-czaplinski-pozwol-zajrzec-do-swojej-duszy\/","og_locale":"pl_PL","og_type":"article","og_title":"Sebastian Czapli\u0144ski: Pozw\u00f3l zajrze\u0107 do swojej duszy - Dariusz Muszer","og_description":"Sebastian Czapli\u0144ski o Wolno\u015b\u0107 pachnie wanili\u0105 Dariusza Muszera: Polecam czyta\u0107 wieczorami przy otwartym oknie, bo mro\u017ane powietrze sprawi, \u017ce p\u00f3jdziemy","og_url":"https:\/\/dariusz-muszer.de\/pl\/sebastian-czaplinski-pozwol-zajrzec-do-swojej-duszy\/","og_site_name":"Dariusz Muszer","article_published_time":"2015-06-16T23:30:37+00:00","og_image":[{"url":"http:\/\/dariusz-muszer.de\/pl\/wp-content\/uploads\/sites\/2\/2015\/06\/wolnosc-pachnie-wanilia-300x300.jpg","type":"","width":"","height":""}],"author":"Kalong","twitter_card":"summary_large_image","twitter_misc":{"Napisane przez":"Kalong","Szacowany czas czytania":"1 minuta"},"schema":{"@context":"https:\/\/schema.org","@graph":[{"@type":"Article","@id":"https:\/\/dariusz-muszer.de\/pl\/sebastian-czaplinski-pozwol-zajrzec-do-swojej-duszy\/#article","isPartOf":{"@id":"https:\/\/dariusz-muszer.de\/pl\/sebastian-czaplinski-pozwol-zajrzec-do-swojej-duszy\/"},"author":{"name":"Kalong","@id":"https:\/\/dariusz-muszer.de\/pl\/#\/schema\/person\/9f0c1c0310d5a835a41c892f377a9d48"},"headline":"Sebastian Czapli\u0144ski: Pozw\u00f3l zajrze\u0107 do swojej duszy","datePublished":"2015-06-16T23:30:37+00:00","mainEntityOfPage":{"@id":"https:\/\/dariusz-muszer.de\/pl\/sebastian-czaplinski-pozwol-zajrzec-do-swojej-duszy\/"},"wordCount":280,"image":{"@id":"https:\/\/dariusz-muszer.de\/pl\/sebastian-czaplinski-pozwol-zajrzec-do-swojej-duszy\/#primaryimage"},"thumbnailUrl":"http:\/\/dariusz-muszer.de\/pl\/wp-content\/uploads\/sites\/2\/2015\/06\/wolnosc-pachnie-wanilia-300x300.jpg","keywords":["Sebastian Czapli\u0144ski","Wolno\u015b\u0107 pachnie wanili\u0105","Zaczytany w Ksi\u0105\u017ckach"],"articleSection":["Recenzja","Wolno\u015b\u0107 pachnie wanili\u0105"],"inLanguage":"pl-PL"},{"@type":"WebPage","@id":"https:\/\/dariusz-muszer.de\/pl\/sebastian-czaplinski-pozwol-zajrzec-do-swojej-duszy\/","url":"https:\/\/dariusz-muszer.de\/pl\/sebastian-czaplinski-pozwol-zajrzec-do-swojej-duszy\/","name":"Sebastian Czapli\u0144ski: Pozw\u00f3l zajrze\u0107 do swojej duszy - Dariusz Muszer","isPartOf":{"@id":"https:\/\/dariusz-muszer.de\/pl\/#website"},"primaryImageOfPage":{"@id":"https:\/\/dariusz-muszer.de\/pl\/sebastian-czaplinski-pozwol-zajrzec-do-swojej-duszy\/#primaryimage"},"image":{"@id":"https:\/\/dariusz-muszer.de\/pl\/sebastian-czaplinski-pozwol-zajrzec-do-swojej-duszy\/#primaryimage"},"thumbnailUrl":"http:\/\/dariusz-muszer.de\/pl\/wp-content\/uploads\/sites\/2\/2015\/06\/wolnosc-pachnie-wanilia-300x300.jpg","datePublished":"2015-06-16T23:30:37+00:00","author":{"@id":"https:\/\/dariusz-muszer.de\/pl\/#\/schema\/person\/9f0c1c0310d5a835a41c892f377a9d48"},"description":"Sebastian Czapli\u0144ski o Wolno\u015b\u0107 pachnie wanili\u0105 Dariusza Muszera: Polecam czyta\u0107 wieczorami przy otwartym oknie, bo mro\u017ane powietrze sprawi, \u017ce p\u00f3jdziemy","breadcrumb":{"@id":"https:\/\/dariusz-muszer.de\/pl\/sebastian-czaplinski-pozwol-zajrzec-do-swojej-duszy\/#breadcrumb"},"inLanguage":"pl-PL","potentialAction":[{"@type":"ReadAction","target":["https:\/\/dariusz-muszer.de\/pl\/sebastian-czaplinski-pozwol-zajrzec-do-swojej-duszy\/"]}]},{"@type":"ImageObject","inLanguage":"pl-PL","@id":"https:\/\/dariusz-muszer.de\/pl\/sebastian-czaplinski-pozwol-zajrzec-do-swojej-duszy\/#primaryimage","url":"http:\/\/dariusz-muszer.de\/pl\/wp-content\/uploads\/sites\/2\/2015\/06\/wolnosc-pachnie-wanilia-300x300.jpg","contentUrl":"http:\/\/dariusz-muszer.de\/pl\/wp-content\/uploads\/sites\/2\/2015\/06\/wolnosc-pachnie-wanilia-300x300.jpg"},{"@type":"BreadcrumbList","@id":"https:\/\/dariusz-muszer.de\/pl\/sebastian-czaplinski-pozwol-zajrzec-do-swojej-duszy\/#breadcrumb","itemListElement":[{"@type":"ListItem","position":1,"name":"Strona g\u0142\u00f3wna","item":"https:\/\/dariusz-muszer.de\/pl\/"},{"@type":"ListItem","position":2,"name":"Sebastian Czapli\u0144ski: Pozw\u00f3l zajrze\u0107 do swojej duszy"}]},{"@type":"WebSite","@id":"https:\/\/dariusz-muszer.de\/pl\/#website","url":"https:\/\/dariusz-muszer.de\/pl\/","name":"Dariusz Muszer","description":"pisarz","potentialAction":[{"@type":"SearchAction","target":{"@type":"EntryPoint","urlTemplate":"https:\/\/dariusz-muszer.de\/pl\/?s={search_term_string}"},"query-input":{"@type":"PropertyValueSpecification","valueRequired":true,"valueName":"search_term_string"}}],"inLanguage":"pl-PL"},{"@type":"Person","@id":"https:\/\/dariusz-muszer.de\/pl\/#\/schema\/person\/9f0c1c0310d5a835a41c892f377a9d48","name":"Kalong","image":{"@type":"ImageObject","inLanguage":"pl-PL","@id":"https:\/\/dariusz-muszer.de\/pl\/#\/schema\/person\/image\/","url":"https:\/\/secure.gravatar.com\/avatar\/c9f779f2a71c9a87e8c401a809d61b28d74fc852ff3f345760cf377e19933461?s=96&d=mm&r=g","contentUrl":"https:\/\/secure.gravatar.com\/avatar\/c9f779f2a71c9a87e8c401a809d61b28d74fc852ff3f345760cf377e19933461?s=96&d=mm&r=g","caption":"Kalong"},"url":"https:\/\/dariusz-muszer.de\/pl\/author\/kalong\/"}]}},"_links":{"self":[{"href":"https:\/\/dariusz-muszer.de\/pl\/wp-json\/wp\/v2\/posts\/703","targetHints":{"allow":["GET"]}}],"collection":[{"href":"https:\/\/dariusz-muszer.de\/pl\/wp-json\/wp\/v2\/posts"}],"about":[{"href":"https:\/\/dariusz-muszer.de\/pl\/wp-json\/wp\/v2\/types\/post"}],"author":[{"embeddable":true,"href":"https:\/\/dariusz-muszer.de\/pl\/wp-json\/wp\/v2\/users\/1"}],"replies":[{"embeddable":true,"href":"https:\/\/dariusz-muszer.de\/pl\/wp-json\/wp\/v2\/comments?post=703"}],"version-history":[{"count":0,"href":"https:\/\/dariusz-muszer.de\/pl\/wp-json\/wp\/v2\/posts\/703\/revisions"}],"wp:attachment":[{"href":"https:\/\/dariusz-muszer.de\/pl\/wp-json\/wp\/v2\/media?parent=703"}],"wp:term":[{"taxonomy":"category","embeddable":true,"href":"https:\/\/dariusz-muszer.de\/pl\/wp-json\/wp\/v2\/categories?post=703"},{"taxonomy":"post_tag","embeddable":true,"href":"https:\/\/dariusz-muszer.de\/pl\/wp-json\/wp\/v2\/tags?post=703"}],"curies":[{"name":"wp","href":"https:\/\/api.w.org\/{rel}","templated":true}]}}