{"id":672,"date":"2015-06-10T20:21:49","date_gmt":"2015-06-10T18:21:49","guid":{"rendered":"http:\/\/dariusz-muszer.de\/pl\/?p=672"},"modified":"2015-06-17T10:26:48","modified_gmt":"2015-06-17T08:26:48","slug":"krystyna-kaminska-dariusz-muszer-w-lamusie","status":"publish","type":"post","link":"https:\/\/dariusz-muszer.de\/pl\/krystyna-kaminska-dariusz-muszer-w-lamusie\/","title":{"rendered":"Krystyna Kami\u0144ska: Dariusz Muszer w &#8222;Lamusie&#8221;"},"content":{"rendered":"<h2>\u201eNiebieski\u201d to utrzymana w konwencji absurdu pe\u0142na humoru i sarkazmu powie\u015b\u0107 o ponownym przybyciu Zbawiciela na Ziemi\u0119.<\/h2>\n<p>&nbsp;<\/p>\n<div id=\"attachment_673\" style=\"width: 244px\" class=\"wp-caption alignleft\"><a href=\"https:\/\/dariusz-muszer.de\/pl\/wp-content\/uploads\/sites\/2\/2015\/06\/Muszer-w-Lamusie.jpg\" rel=\"lightbox[672]\"><img loading=\"lazy\" decoding=\"async\" aria-describedby=\"caption-attachment-673\" class=\"wp-image-673 size-full\" title=\"Krystyna Kami\u0144ska i Dariusz Muszer w \u201eLamusie\u201d\" src=\"https:\/\/dariusz-muszer.de\/pl\/wp-content\/uploads\/sites\/2\/2015\/06\/Muszer-w-Lamusie.jpg\" alt=\"Krystyna Kami\u0144ska i Dariusz Muszer w \u201eLamusie\u201d\" width=\"234\" height=\"173\" srcset=\"https:\/\/dariusz-muszer.de\/pl\/wp-content\/uploads\/sites\/2\/2015\/06\/Muszer-w-Lamusie.jpg 234w, https:\/\/dariusz-muszer.de\/pl\/wp-content\/uploads\/sites\/2\/2015\/06\/Muszer-w-Lamusie-200x148.jpg 200w\" sizes=\"auto, (max-width: 234px) 100vw, 234px\" \/><\/a><p id=\"caption-attachment-673\" class=\"wp-caption-text\">Krystyna Kami\u0144ska i Dariusz Muszer w \u201eLamusie\u201d<\/p><\/div>\n<p>Zaprzyja\u017aniony z Gorzowem \u2013 ongi\u015b miejscem jego nauki w liceum, a dzi\u015b zamieszkania rodzic\u00f3w \u2013 poeta i pisarz, cz\u0142onek Zwi\u0105zku Pisarzy Niemieckich, odwiedzi\u0142 nasze miasto i spotka\u0142 si\u0119 z przyjaci\u00f3\u0142mi i czytelnikami w Klubie My\u015bli Tw\u00f3rczej \u201eLAMUS\u201d. Prac\u0119 literack\u0105 rozpocz\u0105\u0142 w Polsce, debiutowa\u0142 tomem wierszy pt. \u201eZatrzymane wersy\u201d (1987) w Bibliotece Literackiej Gorzowskiego Towarzystwa Kultury. W Polsce wyda\u0142 jeszcze dwie ksi\u0105\u017cki a nast\u0119pnie przeni\u00f3s\u0142 si\u0119 do Niemiec. Zamieszka\u0142 z rodzin\u0105 w Hanowerze i po kr\u00f3tkim okresie pracy jako taks\u00f3wkarz, utrzymuje si\u0119 wy\u0142\u0105cznie z pracy literackiej.<\/p>\n<p>Pisze ksi\u0105\u017cki po polsku i po niemiecku, jest uznawany i nagradzany w obu krajach. W 2005 r. wyda\u0142 dyptyk sk\u0142adaj\u0105cy si\u0119 z tom\u00f3w wierszy \u201eJestem ch\u0142op\u201d i \u201eWszyscy moi nieznajomi\u201d. Ostatnia jego publikacja to powie\u015b\u0107 \u201eNiebieski\u201d (Wyd. Forma, Szczecin, 2006), kt\u00f3r\u0105 jeszcze ciep\u0142\u0105 przywi\u00f3z\u0142 do Gorzowa.<\/p>\n<p><a href=\"https:\/\/dariusz-muszer.de\/pl\/wp-content\/uploads\/sites\/2\/2015\/06\/niebieski.jpg\" rel=\"lightbox[672]\"><img loading=\"lazy\" decoding=\"async\" class=\"alignright size-thumbnail wp-image-447\" src=\"https:\/\/dariusz-muszer.de\/pl\/wp-content\/uploads\/sites\/2\/2015\/06\/niebieski-200x200.jpg\" alt=\"Niebieski\" width=\"200\" height=\"200\" srcset=\"https:\/\/dariusz-muszer.de\/pl\/wp-content\/uploads\/sites\/2\/2015\/06\/niebieski-200x200.jpg 200w, https:\/\/dariusz-muszer.de\/pl\/wp-content\/uploads\/sites\/2\/2015\/06\/niebieski-300x300.jpg 300w, https:\/\/dariusz-muszer.de\/pl\/wp-content\/uploads\/sites\/2\/2015\/06\/niebieski.jpg 600w\" sizes=\"auto, (max-width: 200px) 100vw, 200px\" \/><\/a>Spotkanie w klubie \u201eLamus\u201d mia\u0142o charakter wr\u0119cz rodzinny, du\u017co by\u0142o wspomnie\u0144 o latach 80-tych, gdy Dariusz Muszer wsp\u00f3\u0142pracowa\u0142 z \u201eZiemi\u0105 Gorzowsk\u0105\u201d i wydawa\u0142 w\u0142asn\u0105 gazet\u0119, gdy organizowa\u0142 konkursy literackie i teatr amatorski. Po blisko 20 latach od wyjazdu na sta\u0142e jest tak samo przebojowym cz\u0142owiekiem, krytycznym wobec rzeczywisto\u015bci i literatury. \u201eNiebieski\u201d to opowie\u015b\u0107, co mog\u0142oby by by\u0107, gdyby&#8230;<\/p>\n<p>\u201eNiebieski\u201d to utrzymana w konwencji absurdu pe\u0142na humoru i sarkazmu powie\u015b\u0107 o ponownym przybyciu Zbawiciela na Ziemi\u0119.<br \/>\nPegaz Lubuski, Nr 1-2 (17-18) 2006<br \/>\n\u00a9 Krystyna Kami\u0144ska<\/p>\n","protected":false},"excerpt":{"rendered":"<p>\u201eNiebieski\u201d to utrzymana w konwencji absurdu pe\u0142na humoru i sarkazmu powie\u015b\u0107 o ponownym przybyciu Zbawiciela na Ziemi\u0119. &nbsp; Zaprzyja\u017aniony z Gorzowem \u2013 ongi\u015b miejscem jego nauki w liceum, a dzi\u015b zamieszkania rodzic\u00f3w \u2013 poeta i pisarz, cz\u0142onek Zwi\u0105zku Pisarzy Niemieckich, odwiedzi\u0142 nasze miasto i spotka\u0142 si\u0119 z przyjaci\u00f3\u0142mi i czytelnikami w Klubie My\u015bli Tw\u00f3rczej \u201eLAMUS\u201d. [&hellip;]<\/p>\n","protected":false},"author":2,"featured_media":0,"comment_status":"closed","ping_status":"closed","sticky":false,"template":"","format":"standard","meta":{"footnotes":""},"categories":[52,60,9,53],"tags":[125,119,126,63],"class_list":["post-672","post","type-post","status-publish","format-standard","hentry","category-jestem-chlop","category-niebieski","category-recenzja","category-wszyscy-moi-nieznajomi","tag-gorzow","tag-krystyna-kaminska","tag-lamus","tag-niebieski"],"yoast_head":"<!-- This site is optimized with the Yoast SEO plugin v27.0 - https:\/\/yoast.com\/product\/yoast-seo-wordpress\/ -->\n<title>Krystyna Kami\u0144ska: Dariusz Muszer w &quot;Lamusie&quot; - Dariusz Muszer<\/title>\n<meta name=\"description\" content=\"Krystyna Kami\u0144ska: Dariusz Muszer - Zaprzyja\u017aniony z Gorzowem \u2013 ongi\u015b miejscem jego nauki w liceum, a dzi\u015b zamieszkania rodzic\u00f3w \u2013 poeta i pisarz, cz\u0142onek\" \/>\n<meta name=\"robots\" content=\"index, follow, max-snippet:-1, max-image-preview:large, max-video-preview:-1\" \/>\n<link rel=\"canonical\" href=\"https:\/\/dariusz-muszer.de\/pl\/krystyna-kaminska-dariusz-muszer-w-lamusie\/\" \/>\n<meta property=\"og:locale\" content=\"pl_PL\" \/>\n<meta property=\"og:type\" content=\"article\" \/>\n<meta property=\"og:title\" content=\"Krystyna Kami\u0144ska: Dariusz Muszer w &quot;Lamusie&quot; - Dariusz Muszer\" \/>\n<meta property=\"og:description\" content=\"Krystyna Kami\u0144ska: Dariusz Muszer - Zaprzyja\u017aniony z Gorzowem \u2013 ongi\u015b miejscem jego nauki w liceum, a dzi\u015b zamieszkania rodzic\u00f3w \u2013 poeta i pisarz, cz\u0142onek\" \/>\n<meta property=\"og:url\" content=\"https:\/\/dariusz-muszer.de\/pl\/krystyna-kaminska-dariusz-muszer-w-lamusie\/\" \/>\n<meta property=\"og:site_name\" content=\"Dariusz Muszer\" \/>\n<meta property=\"article:published_time\" content=\"2015-06-10T18:21:49+00:00\" \/>\n<meta property=\"article:modified_time\" content=\"2015-06-17T08:26:48+00:00\" \/>\n<meta property=\"og:image\" content=\"http:\/\/dariusz-muszer.de\/pl\/wp-content\/uploads\/sites\/2\/2015\/06\/Muszer-w-Lamusie.jpg\" \/>\n<meta name=\"author\" content=\"Kama Dogo\" \/>\n<meta name=\"twitter:card\" content=\"summary_large_image\" \/>\n<meta name=\"twitter:label1\" content=\"Napisane przez\" \/>\n\t<meta name=\"twitter:data1\" content=\"Kama Dogo\" \/>\n\t<meta name=\"twitter:label2\" content=\"Szacowany czas czytania\" \/>\n\t<meta name=\"twitter:data2\" content=\"1 minuta\" \/>\n<script type=\"application\/ld+json\" class=\"yoast-schema-graph\">{\"@context\":\"https:\/\/schema.org\",\"@graph\":[{\"@type\":\"Article\",\"@id\":\"https:\/\/dariusz-muszer.de\/pl\/krystyna-kaminska-dariusz-muszer-w-lamusie\/#article\",\"isPartOf\":{\"@id\":\"https:\/\/dariusz-muszer.de\/pl\/krystyna-kaminska-dariusz-muszer-w-lamusie\/\"},\"author\":{\"name\":\"Kama Dogo\",\"@id\":\"https:\/\/dariusz-muszer.de\/pl\/#\/schema\/person\/cb3e5073c78ce8e49b03deed04e45211\"},\"headline\":\"Krystyna Kami\u0144ska: Dariusz Muszer w &#8222;Lamusie&#8221;\",\"datePublished\":\"2015-06-10T18:21:49+00:00\",\"dateModified\":\"2015-06-17T08:26:48+00:00\",\"mainEntityOfPage\":{\"@id\":\"https:\/\/dariusz-muszer.de\/pl\/krystyna-kaminska-dariusz-muszer-w-lamusie\/\"},\"wordCount\":280,\"image\":{\"@id\":\"https:\/\/dariusz-muszer.de\/pl\/krystyna-kaminska-dariusz-muszer-w-lamusie\/#primaryimage\"},\"thumbnailUrl\":\"http:\/\/dariusz-muszer.de\/pl\/wp-content\/uploads\/sites\/2\/2015\/06\/Muszer-w-Lamusie.jpg\",\"keywords\":[\"Gorz\u00f3w\",\"Krystyna Kami\u0144ska\",\"Lamus\",\"Niebieski\"],\"articleSection\":[\"Jestem ch\u0142op\",\"Niebieski\",\"Recenzja\",\"Wszyscy moi nieznajomi\"],\"inLanguage\":\"pl-PL\"},{\"@type\":\"WebPage\",\"@id\":\"https:\/\/dariusz-muszer.de\/pl\/krystyna-kaminska-dariusz-muszer-w-lamusie\/\",\"url\":\"https:\/\/dariusz-muszer.de\/pl\/krystyna-kaminska-dariusz-muszer-w-lamusie\/\",\"name\":\"Krystyna Kami\u0144ska: Dariusz Muszer w \\\"Lamusie\\\" - Dariusz Muszer\",\"isPartOf\":{\"@id\":\"https:\/\/dariusz-muszer.de\/pl\/#website\"},\"primaryImageOfPage\":{\"@id\":\"https:\/\/dariusz-muszer.de\/pl\/krystyna-kaminska-dariusz-muszer-w-lamusie\/#primaryimage\"},\"image\":{\"@id\":\"https:\/\/dariusz-muszer.de\/pl\/krystyna-kaminska-dariusz-muszer-w-lamusie\/#primaryimage\"},\"thumbnailUrl\":\"http:\/\/dariusz-muszer.de\/pl\/wp-content\/uploads\/sites\/2\/2015\/06\/Muszer-w-Lamusie.jpg\",\"datePublished\":\"2015-06-10T18:21:49+00:00\",\"dateModified\":\"2015-06-17T08:26:48+00:00\",\"author\":{\"@id\":\"https:\/\/dariusz-muszer.de\/pl\/#\/schema\/person\/cb3e5073c78ce8e49b03deed04e45211\"},\"description\":\"Krystyna Kami\u0144ska: Dariusz Muszer - Zaprzyja\u017aniony z Gorzowem \u2013 ongi\u015b miejscem jego nauki w liceum, a dzi\u015b zamieszkania rodzic\u00f3w \u2013 poeta i pisarz, cz\u0142onek\",\"breadcrumb\":{\"@id\":\"https:\/\/dariusz-muszer.de\/pl\/krystyna-kaminska-dariusz-muszer-w-lamusie\/#breadcrumb\"},\"inLanguage\":\"pl-PL\",\"potentialAction\":[{\"@type\":\"ReadAction\",\"target\":[\"https:\/\/dariusz-muszer.de\/pl\/krystyna-kaminska-dariusz-muszer-w-lamusie\/\"]}]},{\"@type\":\"ImageObject\",\"inLanguage\":\"pl-PL\",\"@id\":\"https:\/\/dariusz-muszer.de\/pl\/krystyna-kaminska-dariusz-muszer-w-lamusie\/#primaryimage\",\"url\":\"http:\/\/dariusz-muszer.de\/pl\/wp-content\/uploads\/sites\/2\/2015\/06\/Muszer-w-Lamusie.jpg\",\"contentUrl\":\"http:\/\/dariusz-muszer.de\/pl\/wp-content\/uploads\/sites\/2\/2015\/06\/Muszer-w-Lamusie.jpg\"},{\"@type\":\"BreadcrumbList\",\"@id\":\"https:\/\/dariusz-muszer.de\/pl\/krystyna-kaminska-dariusz-muszer-w-lamusie\/#breadcrumb\",\"itemListElement\":[{\"@type\":\"ListItem\",\"position\":1,\"name\":\"Strona g\u0142\u00f3wna\",\"item\":\"https:\/\/dariusz-muszer.de\/pl\/\"},{\"@type\":\"ListItem\",\"position\":2,\"name\":\"Krystyna Kami\u0144ska: Dariusz Muszer w &#8222;Lamusie&#8221;\"}]},{\"@type\":\"WebSite\",\"@id\":\"https:\/\/dariusz-muszer.de\/pl\/#website\",\"url\":\"https:\/\/dariusz-muszer.de\/pl\/\",\"name\":\"Dariusz Muszer\",\"description\":\"pisarz\",\"potentialAction\":[{\"@type\":\"SearchAction\",\"target\":{\"@type\":\"EntryPoint\",\"urlTemplate\":\"https:\/\/dariusz-muszer.de\/pl\/?s={search_term_string}\"},\"query-input\":{\"@type\":\"PropertyValueSpecification\",\"valueRequired\":true,\"valueName\":\"search_term_string\"}}],\"inLanguage\":\"pl-PL\"},{\"@type\":\"Person\",\"@id\":\"https:\/\/dariusz-muszer.de\/pl\/#\/schema\/person\/cb3e5073c78ce8e49b03deed04e45211\",\"name\":\"Kama Dogo\",\"image\":{\"@type\":\"ImageObject\",\"inLanguage\":\"pl-PL\",\"@id\":\"https:\/\/dariusz-muszer.de\/pl\/#\/schema\/person\/image\/\",\"url\":\"https:\/\/secure.gravatar.com\/avatar\/16c67aaddea682dc94a63eb3eb7791e38f5f6b75f4daa10cc7ccbe7d141a5472?s=96&d=mm&r=g\",\"contentUrl\":\"https:\/\/secure.gravatar.com\/avatar\/16c67aaddea682dc94a63eb3eb7791e38f5f6b75f4daa10cc7ccbe7d141a5472?s=96&d=mm&r=g\",\"caption\":\"Kama Dogo\"},\"url\":\"https:\/\/dariusz-muszer.de\/pl\/author\/kama-dogo\/\"}]}<\/script>\n<!-- \/ Yoast SEO plugin. -->","yoast_head_json":{"title":"Krystyna Kami\u0144ska: Dariusz Muszer w \"Lamusie\" - Dariusz Muszer","description":"Krystyna Kami\u0144ska: Dariusz Muszer - Zaprzyja\u017aniony z Gorzowem \u2013 ongi\u015b miejscem jego nauki w liceum, a dzi\u015b zamieszkania rodzic\u00f3w \u2013 poeta i pisarz, cz\u0142onek","robots":{"index":"index","follow":"follow","max-snippet":"max-snippet:-1","max-image-preview":"max-image-preview:large","max-video-preview":"max-video-preview:-1"},"canonical":"https:\/\/dariusz-muszer.de\/pl\/krystyna-kaminska-dariusz-muszer-w-lamusie\/","og_locale":"pl_PL","og_type":"article","og_title":"Krystyna Kami\u0144ska: Dariusz Muszer w \"Lamusie\" - Dariusz Muszer","og_description":"Krystyna Kami\u0144ska: Dariusz Muszer - Zaprzyja\u017aniony z Gorzowem \u2013 ongi\u015b miejscem jego nauki w liceum, a dzi\u015b zamieszkania rodzic\u00f3w \u2013 poeta i pisarz, cz\u0142onek","og_url":"https:\/\/dariusz-muszer.de\/pl\/krystyna-kaminska-dariusz-muszer-w-lamusie\/","og_site_name":"Dariusz Muszer","article_published_time":"2015-06-10T18:21:49+00:00","article_modified_time":"2015-06-17T08:26:48+00:00","og_image":[{"url":"http:\/\/dariusz-muszer.de\/pl\/wp-content\/uploads\/sites\/2\/2015\/06\/Muszer-w-Lamusie.jpg","type":"","width":"","height":""}],"author":"Kama Dogo","twitter_card":"summary_large_image","twitter_misc":{"Napisane przez":"Kama Dogo","Szacowany czas czytania":"1 minuta"},"schema":{"@context":"https:\/\/schema.org","@graph":[{"@type":"Article","@id":"https:\/\/dariusz-muszer.de\/pl\/krystyna-kaminska-dariusz-muszer-w-lamusie\/#article","isPartOf":{"@id":"https:\/\/dariusz-muszer.de\/pl\/krystyna-kaminska-dariusz-muszer-w-lamusie\/"},"author":{"name":"Kama Dogo","@id":"https:\/\/dariusz-muszer.de\/pl\/#\/schema\/person\/cb3e5073c78ce8e49b03deed04e45211"},"headline":"Krystyna Kami\u0144ska: Dariusz Muszer w &#8222;Lamusie&#8221;","datePublished":"2015-06-10T18:21:49+00:00","dateModified":"2015-06-17T08:26:48+00:00","mainEntityOfPage":{"@id":"https:\/\/dariusz-muszer.de\/pl\/krystyna-kaminska-dariusz-muszer-w-lamusie\/"},"wordCount":280,"image":{"@id":"https:\/\/dariusz-muszer.de\/pl\/krystyna-kaminska-dariusz-muszer-w-lamusie\/#primaryimage"},"thumbnailUrl":"http:\/\/dariusz-muszer.de\/pl\/wp-content\/uploads\/sites\/2\/2015\/06\/Muszer-w-Lamusie.jpg","keywords":["Gorz\u00f3w","Krystyna Kami\u0144ska","Lamus","Niebieski"],"articleSection":["Jestem ch\u0142op","Niebieski","Recenzja","Wszyscy moi nieznajomi"],"inLanguage":"pl-PL"},{"@type":"WebPage","@id":"https:\/\/dariusz-muszer.de\/pl\/krystyna-kaminska-dariusz-muszer-w-lamusie\/","url":"https:\/\/dariusz-muszer.de\/pl\/krystyna-kaminska-dariusz-muszer-w-lamusie\/","name":"Krystyna Kami\u0144ska: Dariusz Muszer w \"Lamusie\" - Dariusz Muszer","isPartOf":{"@id":"https:\/\/dariusz-muszer.de\/pl\/#website"},"primaryImageOfPage":{"@id":"https:\/\/dariusz-muszer.de\/pl\/krystyna-kaminska-dariusz-muszer-w-lamusie\/#primaryimage"},"image":{"@id":"https:\/\/dariusz-muszer.de\/pl\/krystyna-kaminska-dariusz-muszer-w-lamusie\/#primaryimage"},"thumbnailUrl":"http:\/\/dariusz-muszer.de\/pl\/wp-content\/uploads\/sites\/2\/2015\/06\/Muszer-w-Lamusie.jpg","datePublished":"2015-06-10T18:21:49+00:00","dateModified":"2015-06-17T08:26:48+00:00","author":{"@id":"https:\/\/dariusz-muszer.de\/pl\/#\/schema\/person\/cb3e5073c78ce8e49b03deed04e45211"},"description":"Krystyna Kami\u0144ska: Dariusz Muszer - Zaprzyja\u017aniony z Gorzowem \u2013 ongi\u015b miejscem jego nauki w liceum, a dzi\u015b zamieszkania rodzic\u00f3w \u2013 poeta i pisarz, cz\u0142onek","breadcrumb":{"@id":"https:\/\/dariusz-muszer.de\/pl\/krystyna-kaminska-dariusz-muszer-w-lamusie\/#breadcrumb"},"inLanguage":"pl-PL","potentialAction":[{"@type":"ReadAction","target":["https:\/\/dariusz-muszer.de\/pl\/krystyna-kaminska-dariusz-muszer-w-lamusie\/"]}]},{"@type":"ImageObject","inLanguage":"pl-PL","@id":"https:\/\/dariusz-muszer.de\/pl\/krystyna-kaminska-dariusz-muszer-w-lamusie\/#primaryimage","url":"http:\/\/dariusz-muszer.de\/pl\/wp-content\/uploads\/sites\/2\/2015\/06\/Muszer-w-Lamusie.jpg","contentUrl":"http:\/\/dariusz-muszer.de\/pl\/wp-content\/uploads\/sites\/2\/2015\/06\/Muszer-w-Lamusie.jpg"},{"@type":"BreadcrumbList","@id":"https:\/\/dariusz-muszer.de\/pl\/krystyna-kaminska-dariusz-muszer-w-lamusie\/#breadcrumb","itemListElement":[{"@type":"ListItem","position":1,"name":"Strona g\u0142\u00f3wna","item":"https:\/\/dariusz-muszer.de\/pl\/"},{"@type":"ListItem","position":2,"name":"Krystyna Kami\u0144ska: Dariusz Muszer w &#8222;Lamusie&#8221;"}]},{"@type":"WebSite","@id":"https:\/\/dariusz-muszer.de\/pl\/#website","url":"https:\/\/dariusz-muszer.de\/pl\/","name":"Dariusz Muszer","description":"pisarz","potentialAction":[{"@type":"SearchAction","target":{"@type":"EntryPoint","urlTemplate":"https:\/\/dariusz-muszer.de\/pl\/?s={search_term_string}"},"query-input":{"@type":"PropertyValueSpecification","valueRequired":true,"valueName":"search_term_string"}}],"inLanguage":"pl-PL"},{"@type":"Person","@id":"https:\/\/dariusz-muszer.de\/pl\/#\/schema\/person\/cb3e5073c78ce8e49b03deed04e45211","name":"Kama Dogo","image":{"@type":"ImageObject","inLanguage":"pl-PL","@id":"https:\/\/dariusz-muszer.de\/pl\/#\/schema\/person\/image\/","url":"https:\/\/secure.gravatar.com\/avatar\/16c67aaddea682dc94a63eb3eb7791e38f5f6b75f4daa10cc7ccbe7d141a5472?s=96&d=mm&r=g","contentUrl":"https:\/\/secure.gravatar.com\/avatar\/16c67aaddea682dc94a63eb3eb7791e38f5f6b75f4daa10cc7ccbe7d141a5472?s=96&d=mm&r=g","caption":"Kama Dogo"},"url":"https:\/\/dariusz-muszer.de\/pl\/author\/kama-dogo\/"}]}},"_links":{"self":[{"href":"https:\/\/dariusz-muszer.de\/pl\/wp-json\/wp\/v2\/posts\/672","targetHints":{"allow":["GET"]}}],"collection":[{"href":"https:\/\/dariusz-muszer.de\/pl\/wp-json\/wp\/v2\/posts"}],"about":[{"href":"https:\/\/dariusz-muszer.de\/pl\/wp-json\/wp\/v2\/types\/post"}],"author":[{"embeddable":true,"href":"https:\/\/dariusz-muszer.de\/pl\/wp-json\/wp\/v2\/users\/2"}],"replies":[{"embeddable":true,"href":"https:\/\/dariusz-muszer.de\/pl\/wp-json\/wp\/v2\/comments?post=672"}],"version-history":[{"count":0,"href":"https:\/\/dariusz-muszer.de\/pl\/wp-json\/wp\/v2\/posts\/672\/revisions"}],"wp:attachment":[{"href":"https:\/\/dariusz-muszer.de\/pl\/wp-json\/wp\/v2\/media?parent=672"}],"wp:term":[{"taxonomy":"category","embeddable":true,"href":"https:\/\/dariusz-muszer.de\/pl\/wp-json\/wp\/v2\/categories?post=672"},{"taxonomy":"post_tag","embeddable":true,"href":"https:\/\/dariusz-muszer.de\/pl\/wp-json\/wp\/v2\/tags?post=672"}],"curies":[{"name":"wp","href":"https:\/\/api.w.org\/{rel}","templated":true}]}}