{"id":654,"date":"2015-06-10T19:03:59","date_gmt":"2015-06-10T17:03:59","guid":{"rendered":"http:\/\/dariusz-muszer.de\/pl\/?p=654"},"modified":"2015-06-10T19:19:00","modified_gmt":"2015-06-10T17:19:00","slug":"urszula-pawlicka-wolnosc-odbija-sie-wanilia","status":"publish","type":"post","link":"https:\/\/dariusz-muszer.de\/pl\/urszula-pawlicka-wolnosc-odbija-sie-wanilia\/","title":{"rendered":"Urszula Pawlicka: Wolno\u015b\u0107 odbija si\u0119 wanili\u0105"},"content":{"rendered":"<p>&nbsp;<\/p>\n<h3>\u201eWolno\u015b\u0107 pachnie wanili\u0105\u201d to przyk\u0142ad literatury barbarzy\u0144skiej.<\/h3>\n<p><a href=\"https:\/\/dariusz-muszer.de\/pl\/wp-content\/uploads\/sites\/2\/2015\/06\/wolnosc-pachnie-wanilia.jpg\" rel=\"lightbox[654]\"><img loading=\"lazy\" decoding=\"async\" class=\" size-medium wp-image-448 alignleft\" src=\"https:\/\/dariusz-muszer.de\/pl\/wp-content\/uploads\/sites\/2\/2015\/06\/wolnosc-pachnie-wanilia-300x300.jpg\" alt=\"Wolno\u015b\u0107 pachnie wanili\u0105\" width=\"300\" height=\"300\" srcset=\"https:\/\/dariusz-muszer.de\/pl\/wp-content\/uploads\/sites\/2\/2015\/06\/wolnosc-pachnie-wanilia-300x300.jpg 300w, https:\/\/dariusz-muszer.de\/pl\/wp-content\/uploads\/sites\/2\/2015\/06\/wolnosc-pachnie-wanilia-200x200.jpg 200w, https:\/\/dariusz-muszer.de\/pl\/wp-content\/uploads\/sites\/2\/2015\/06\/wolnosc-pachnie-wanilia.jpg 600w\" sizes=\"auto, (max-width: 300px) 100vw, 300px\" \/><\/a>Muszer maluje mroczny obraz radykalnego patrioty. Akt obna\u017caj\u0105cy barbarzy\u0144stwo. Niemiecko\u015b\u0107 kojarzona nie ze s\u0142odko\u015bci\u0105 wanilii, lecz z brutalno\u015bci\u0105. Granicz\u0105cy z fanatyzmem niemiecki patriotyzm staje si\u0119 obsesj\u0105, poci\u0105gaj\u0105c\u0105 bohatera do nieludzkich czyn\u00f3w. (\u2026) \u201eWolno\u015b\u0107 pachnie wanili\u0105\u201d to przyk\u0142ad literatury barbarzy\u0144skiej, nie tylko w zakresie fabu\u0142y, lecz tak\u017ce warstwy merytorycznej. Prowokuj\u0105cym i oburzaj\u0105cym dosadnym j\u0119zykiem pos\u0142uguje si\u0119 istota pozaziemska \u2013 jak sam siebie nazywa bohater. Naletnik opisuje \u017cycie, od narodzin do \u015bmierci, z perspektywy kosmogenicznej. (\u2026) Powie\u015b\u0107 Muszera porusza problem polsko\u015bci, niemiecko\u015bci, nietolerancji, radykalnego patriotyzmu i wyrzekania si\u0119 obywatelstwa. Przedstawia stereotypy, kt\u00f3re s\u0105 zagro\u017ceniem dla jednorodno\u015bci europejskiej. Zajmuje si\u0119 tak\u017ce problemem rodziny, kt\u00f3rej korzenie niczym ze stali, nie jeste\u015bmy w stanie wyrwa\u0107. Powie\u015b\u0107 to r\u00f3wnie\u017c tragedia jednostki, na barkach kt\u00f3rej spoczywa dramatyczna historia ludzko\u015bci. Obraz cz\u0142owieka ambiwalentnego, kt\u00f3ry pod\u0105\u017ca za wolno\u015bci\u0105, a gdy j\u0105 osi\u0105ga nie potrafi si\u0119 w niej odnale\u017a\u0107. Przyt\u0142aczaj\u0105ca wolno\u015b\u0107, w kt\u00f3rej jak si\u0119 okazuje nie ma miejsca dla cz\u0142owieka bez to\u017csamo\u015bci narodowej. Autor dokonuje studium mrocznych zakamark\u00f3w duszy cz\u0142owieka, kt\u00f3ry obarczony grzechem \u015bmiertelnym, nara\u017cony jest na dewaluacje wyuczonych warto\u015bci. U Muszera dostrzec zatem mo\u017cna kafkowsk\u0105 tajemnic\u0119 cz\u0142owieka.<\/p>\n<p>Ca\u0142o\u015b\u0107 (pdf): <a href=\"https:\/\/dariusz-muszer.de\/pl\/wp-content\/uploads\/sites\/2\/2015\/06\/PortretOnline48_Wanilia.pdf\">Urszula Pawlicka: Wolno\u015b\u0107 odbija si\u0119 wanili\u0105<\/a><\/p>\n<p>PORTRET onLine, 48<br \/>\n\u00a9 Urszula Pawlicka<\/p>\n","protected":false},"excerpt":{"rendered":"<p>&nbsp; \u201eWolno\u015b\u0107 pachnie wanili\u0105\u201d to przyk\u0142ad literatury barbarzy\u0144skiej. Muszer maluje mroczny obraz radykalnego patrioty. Akt obna\u017caj\u0105cy barbarzy\u0144stwo. Niemiecko\u015b\u0107 kojarzona nie ze s\u0142odko\u015bci\u0105 wanilii, lecz z brutalno\u015bci\u0105. Granicz\u0105cy z fanatyzmem niemiecki patriotyzm staje si\u0119 obsesj\u0105, poci\u0105gaj\u0105c\u0105 bohatera do nieludzkich czyn\u00f3w. (\u2026) \u201eWolno\u015b\u0107 pachnie wanili\u0105\u201d to przyk\u0142ad literatury barbarzy\u0144skiej, nie tylko w zakresie fabu\u0142y, lecz tak\u017ce warstwy [&hellip;]<\/p>\n","protected":false},"author":2,"featured_media":0,"comment_status":"closed","ping_status":"closed","sticky":false,"template":"","format":"standard","meta":{"footnotes":""},"categories":[9,4],"tags":[84,117,7,87],"class_list":["post-654","post","type-post","status-publish","format-standard","hentry","category-recenzja","category-wolnosc-pachnie-wanilia","tag-die-freiheit-riecht-nach-vanille","tag-urszula-pawlicka","tag-wolnosc-pachnie-wanilia","tag-wydawnictwo-forma"],"yoast_head":"<!-- This site is optimized with the Yoast SEO plugin v27.0 - https:\/\/yoast.com\/product\/yoast-seo-wordpress\/ -->\n<title>Urszula Pawlicka: Wolno\u015b\u0107 odbija si\u0119 wanili\u0105 - Dariusz Muszer<\/title>\n<meta name=\"description\" content=\"Urszula Pawlicka o Wolno\u015b\u0107 pachnie wanili\u0105 - Muszer maluje mroczny obraz radykalnego patrioty. Niemiecko\u015b\u0107 kojarzona nie ze s\u0142odko\u015bci\u0105 wanilii, lecz z...\" \/>\n<meta name=\"robots\" content=\"index, follow, max-snippet:-1, max-image-preview:large, max-video-preview:-1\" \/>\n<link rel=\"canonical\" href=\"https:\/\/dariusz-muszer.de\/pl\/urszula-pawlicka-wolnosc-odbija-sie-wanilia\/\" \/>\n<meta property=\"og:locale\" content=\"pl_PL\" \/>\n<meta property=\"og:type\" content=\"article\" \/>\n<meta property=\"og:title\" content=\"Urszula Pawlicka: Wolno\u015b\u0107 odbija si\u0119 wanili\u0105 - Dariusz Muszer\" \/>\n<meta property=\"og:description\" content=\"Urszula Pawlicka o Wolno\u015b\u0107 pachnie wanili\u0105 - Muszer maluje mroczny obraz radykalnego patrioty. Niemiecko\u015b\u0107 kojarzona nie ze s\u0142odko\u015bci\u0105 wanilii, lecz z...\" \/>\n<meta property=\"og:url\" content=\"https:\/\/dariusz-muszer.de\/pl\/urszula-pawlicka-wolnosc-odbija-sie-wanilia\/\" \/>\n<meta property=\"og:site_name\" content=\"Dariusz Muszer\" \/>\n<meta property=\"article:published_time\" content=\"2015-06-10T17:03:59+00:00\" \/>\n<meta property=\"article:modified_time\" content=\"2015-06-10T17:19:00+00:00\" \/>\n<meta property=\"og:image\" content=\"http:\/\/dariusz-muszer.de\/pl\/wp-content\/uploads\/sites\/2\/2015\/06\/wolnosc-pachnie-wanilia-300x300.jpg\" \/>\n<meta name=\"author\" content=\"Kama Dogo\" \/>\n<meta name=\"twitter:card\" content=\"summary_large_image\" \/>\n<meta name=\"twitter:label1\" content=\"Napisane przez\" \/>\n\t<meta name=\"twitter:data1\" content=\"Kama Dogo\" \/>\n\t<meta name=\"twitter:label2\" content=\"Szacowany czas czytania\" \/>\n\t<meta name=\"twitter:data2\" content=\"1 minuta\" \/>\n<script type=\"application\/ld+json\" class=\"yoast-schema-graph\">{\"@context\":\"https:\/\/schema.org\",\"@graph\":[{\"@type\":\"Article\",\"@id\":\"https:\/\/dariusz-muszer.de\/pl\/urszula-pawlicka-wolnosc-odbija-sie-wanilia\/#article\",\"isPartOf\":{\"@id\":\"https:\/\/dariusz-muszer.de\/pl\/urszula-pawlicka-wolnosc-odbija-sie-wanilia\/\"},\"author\":{\"name\":\"Kama Dogo\",\"@id\":\"https:\/\/dariusz-muszer.de\/pl\/#\/schema\/person\/cb3e5073c78ce8e49b03deed04e45211\"},\"headline\":\"Urszula Pawlicka: Wolno\u015b\u0107 odbija si\u0119 wanili\u0105\",\"datePublished\":\"2015-06-10T17:03:59+00:00\",\"dateModified\":\"2015-06-10T17:19:00+00:00\",\"mainEntityOfPage\":{\"@id\":\"https:\/\/dariusz-muszer.de\/pl\/urszula-pawlicka-wolnosc-odbija-sie-wanilia\/\"},\"wordCount\":252,\"image\":{\"@id\":\"https:\/\/dariusz-muszer.de\/pl\/urszula-pawlicka-wolnosc-odbija-sie-wanilia\/#primaryimage\"},\"thumbnailUrl\":\"http:\/\/dariusz-muszer.de\/pl\/wp-content\/uploads\/sites\/2\/2015\/06\/wolnosc-pachnie-wanilia-300x300.jpg\",\"keywords\":[\"Die Freiheit riecht nach Vanille\",\"Urszula Pawlicka\",\"Wolno\u015b\u0107 pachnie wanili\u0105\",\"Wydawnictwo Forma\"],\"articleSection\":[\"Recenzja\",\"Wolno\u015b\u0107 pachnie wanili\u0105\"],\"inLanguage\":\"pl-PL\"},{\"@type\":\"WebPage\",\"@id\":\"https:\/\/dariusz-muszer.de\/pl\/urszula-pawlicka-wolnosc-odbija-sie-wanilia\/\",\"url\":\"https:\/\/dariusz-muszer.de\/pl\/urszula-pawlicka-wolnosc-odbija-sie-wanilia\/\",\"name\":\"Urszula Pawlicka: Wolno\u015b\u0107 odbija si\u0119 wanili\u0105 - Dariusz Muszer\",\"isPartOf\":{\"@id\":\"https:\/\/dariusz-muszer.de\/pl\/#website\"},\"primaryImageOfPage\":{\"@id\":\"https:\/\/dariusz-muszer.de\/pl\/urszula-pawlicka-wolnosc-odbija-sie-wanilia\/#primaryimage\"},\"image\":{\"@id\":\"https:\/\/dariusz-muszer.de\/pl\/urszula-pawlicka-wolnosc-odbija-sie-wanilia\/#primaryimage\"},\"thumbnailUrl\":\"http:\/\/dariusz-muszer.de\/pl\/wp-content\/uploads\/sites\/2\/2015\/06\/wolnosc-pachnie-wanilia-300x300.jpg\",\"datePublished\":\"2015-06-10T17:03:59+00:00\",\"dateModified\":\"2015-06-10T17:19:00+00:00\",\"author\":{\"@id\":\"https:\/\/dariusz-muszer.de\/pl\/#\/schema\/person\/cb3e5073c78ce8e49b03deed04e45211\"},\"description\":\"Urszula Pawlicka o Wolno\u015b\u0107 pachnie wanili\u0105 - Muszer maluje mroczny obraz radykalnego patrioty. Niemiecko\u015b\u0107 kojarzona nie ze s\u0142odko\u015bci\u0105 wanilii, lecz z...\",\"breadcrumb\":{\"@id\":\"https:\/\/dariusz-muszer.de\/pl\/urszula-pawlicka-wolnosc-odbija-sie-wanilia\/#breadcrumb\"},\"inLanguage\":\"pl-PL\",\"potentialAction\":[{\"@type\":\"ReadAction\",\"target\":[\"https:\/\/dariusz-muszer.de\/pl\/urszula-pawlicka-wolnosc-odbija-sie-wanilia\/\"]}]},{\"@type\":\"ImageObject\",\"inLanguage\":\"pl-PL\",\"@id\":\"https:\/\/dariusz-muszer.de\/pl\/urszula-pawlicka-wolnosc-odbija-sie-wanilia\/#primaryimage\",\"url\":\"http:\/\/dariusz-muszer.de\/pl\/wp-content\/uploads\/sites\/2\/2015\/06\/wolnosc-pachnie-wanilia-300x300.jpg\",\"contentUrl\":\"http:\/\/dariusz-muszer.de\/pl\/wp-content\/uploads\/sites\/2\/2015\/06\/wolnosc-pachnie-wanilia-300x300.jpg\"},{\"@type\":\"BreadcrumbList\",\"@id\":\"https:\/\/dariusz-muszer.de\/pl\/urszula-pawlicka-wolnosc-odbija-sie-wanilia\/#breadcrumb\",\"itemListElement\":[{\"@type\":\"ListItem\",\"position\":1,\"name\":\"Strona g\u0142\u00f3wna\",\"item\":\"https:\/\/dariusz-muszer.de\/pl\/\"},{\"@type\":\"ListItem\",\"position\":2,\"name\":\"Urszula Pawlicka: Wolno\u015b\u0107 odbija si\u0119 wanili\u0105\"}]},{\"@type\":\"WebSite\",\"@id\":\"https:\/\/dariusz-muszer.de\/pl\/#website\",\"url\":\"https:\/\/dariusz-muszer.de\/pl\/\",\"name\":\"Dariusz Muszer\",\"description\":\"pisarz\",\"potentialAction\":[{\"@type\":\"SearchAction\",\"target\":{\"@type\":\"EntryPoint\",\"urlTemplate\":\"https:\/\/dariusz-muszer.de\/pl\/?s={search_term_string}\"},\"query-input\":{\"@type\":\"PropertyValueSpecification\",\"valueRequired\":true,\"valueName\":\"search_term_string\"}}],\"inLanguage\":\"pl-PL\"},{\"@type\":\"Person\",\"@id\":\"https:\/\/dariusz-muszer.de\/pl\/#\/schema\/person\/cb3e5073c78ce8e49b03deed04e45211\",\"name\":\"Kama Dogo\",\"image\":{\"@type\":\"ImageObject\",\"inLanguage\":\"pl-PL\",\"@id\":\"https:\/\/dariusz-muszer.de\/pl\/#\/schema\/person\/image\/\",\"url\":\"https:\/\/secure.gravatar.com\/avatar\/16c67aaddea682dc94a63eb3eb7791e38f5f6b75f4daa10cc7ccbe7d141a5472?s=96&d=mm&r=g\",\"contentUrl\":\"https:\/\/secure.gravatar.com\/avatar\/16c67aaddea682dc94a63eb3eb7791e38f5f6b75f4daa10cc7ccbe7d141a5472?s=96&d=mm&r=g\",\"caption\":\"Kama Dogo\"},\"url\":\"https:\/\/dariusz-muszer.de\/pl\/author\/kama-dogo\/\"}]}<\/script>\n<!-- \/ Yoast SEO plugin. -->","yoast_head_json":{"title":"Urszula Pawlicka: Wolno\u015b\u0107 odbija si\u0119 wanili\u0105 - Dariusz Muszer","description":"Urszula Pawlicka o Wolno\u015b\u0107 pachnie wanili\u0105 - Muszer maluje mroczny obraz radykalnego patrioty. Niemiecko\u015b\u0107 kojarzona nie ze s\u0142odko\u015bci\u0105 wanilii, lecz z...","robots":{"index":"index","follow":"follow","max-snippet":"max-snippet:-1","max-image-preview":"max-image-preview:large","max-video-preview":"max-video-preview:-1"},"canonical":"https:\/\/dariusz-muszer.de\/pl\/urszula-pawlicka-wolnosc-odbija-sie-wanilia\/","og_locale":"pl_PL","og_type":"article","og_title":"Urszula Pawlicka: Wolno\u015b\u0107 odbija si\u0119 wanili\u0105 - Dariusz Muszer","og_description":"Urszula Pawlicka o Wolno\u015b\u0107 pachnie wanili\u0105 - Muszer maluje mroczny obraz radykalnego patrioty. Niemiecko\u015b\u0107 kojarzona nie ze s\u0142odko\u015bci\u0105 wanilii, lecz z...","og_url":"https:\/\/dariusz-muszer.de\/pl\/urszula-pawlicka-wolnosc-odbija-sie-wanilia\/","og_site_name":"Dariusz Muszer","article_published_time":"2015-06-10T17:03:59+00:00","article_modified_time":"2015-06-10T17:19:00+00:00","og_image":[{"url":"http:\/\/dariusz-muszer.de\/pl\/wp-content\/uploads\/sites\/2\/2015\/06\/wolnosc-pachnie-wanilia-300x300.jpg","type":"","width":"","height":""}],"author":"Kama Dogo","twitter_card":"summary_large_image","twitter_misc":{"Napisane przez":"Kama Dogo","Szacowany czas czytania":"1 minuta"},"schema":{"@context":"https:\/\/schema.org","@graph":[{"@type":"Article","@id":"https:\/\/dariusz-muszer.de\/pl\/urszula-pawlicka-wolnosc-odbija-sie-wanilia\/#article","isPartOf":{"@id":"https:\/\/dariusz-muszer.de\/pl\/urszula-pawlicka-wolnosc-odbija-sie-wanilia\/"},"author":{"name":"Kama Dogo","@id":"https:\/\/dariusz-muszer.de\/pl\/#\/schema\/person\/cb3e5073c78ce8e49b03deed04e45211"},"headline":"Urszula Pawlicka: Wolno\u015b\u0107 odbija si\u0119 wanili\u0105","datePublished":"2015-06-10T17:03:59+00:00","dateModified":"2015-06-10T17:19:00+00:00","mainEntityOfPage":{"@id":"https:\/\/dariusz-muszer.de\/pl\/urszula-pawlicka-wolnosc-odbija-sie-wanilia\/"},"wordCount":252,"image":{"@id":"https:\/\/dariusz-muszer.de\/pl\/urszula-pawlicka-wolnosc-odbija-sie-wanilia\/#primaryimage"},"thumbnailUrl":"http:\/\/dariusz-muszer.de\/pl\/wp-content\/uploads\/sites\/2\/2015\/06\/wolnosc-pachnie-wanilia-300x300.jpg","keywords":["Die Freiheit riecht nach Vanille","Urszula Pawlicka","Wolno\u015b\u0107 pachnie wanili\u0105","Wydawnictwo Forma"],"articleSection":["Recenzja","Wolno\u015b\u0107 pachnie wanili\u0105"],"inLanguage":"pl-PL"},{"@type":"WebPage","@id":"https:\/\/dariusz-muszer.de\/pl\/urszula-pawlicka-wolnosc-odbija-sie-wanilia\/","url":"https:\/\/dariusz-muszer.de\/pl\/urszula-pawlicka-wolnosc-odbija-sie-wanilia\/","name":"Urszula Pawlicka: Wolno\u015b\u0107 odbija si\u0119 wanili\u0105 - Dariusz Muszer","isPartOf":{"@id":"https:\/\/dariusz-muszer.de\/pl\/#website"},"primaryImageOfPage":{"@id":"https:\/\/dariusz-muszer.de\/pl\/urszula-pawlicka-wolnosc-odbija-sie-wanilia\/#primaryimage"},"image":{"@id":"https:\/\/dariusz-muszer.de\/pl\/urszula-pawlicka-wolnosc-odbija-sie-wanilia\/#primaryimage"},"thumbnailUrl":"http:\/\/dariusz-muszer.de\/pl\/wp-content\/uploads\/sites\/2\/2015\/06\/wolnosc-pachnie-wanilia-300x300.jpg","datePublished":"2015-06-10T17:03:59+00:00","dateModified":"2015-06-10T17:19:00+00:00","author":{"@id":"https:\/\/dariusz-muszer.de\/pl\/#\/schema\/person\/cb3e5073c78ce8e49b03deed04e45211"},"description":"Urszula Pawlicka o Wolno\u015b\u0107 pachnie wanili\u0105 - Muszer maluje mroczny obraz radykalnego patrioty. Niemiecko\u015b\u0107 kojarzona nie ze s\u0142odko\u015bci\u0105 wanilii, lecz z...","breadcrumb":{"@id":"https:\/\/dariusz-muszer.de\/pl\/urszula-pawlicka-wolnosc-odbija-sie-wanilia\/#breadcrumb"},"inLanguage":"pl-PL","potentialAction":[{"@type":"ReadAction","target":["https:\/\/dariusz-muszer.de\/pl\/urszula-pawlicka-wolnosc-odbija-sie-wanilia\/"]}]},{"@type":"ImageObject","inLanguage":"pl-PL","@id":"https:\/\/dariusz-muszer.de\/pl\/urszula-pawlicka-wolnosc-odbija-sie-wanilia\/#primaryimage","url":"http:\/\/dariusz-muszer.de\/pl\/wp-content\/uploads\/sites\/2\/2015\/06\/wolnosc-pachnie-wanilia-300x300.jpg","contentUrl":"http:\/\/dariusz-muszer.de\/pl\/wp-content\/uploads\/sites\/2\/2015\/06\/wolnosc-pachnie-wanilia-300x300.jpg"},{"@type":"BreadcrumbList","@id":"https:\/\/dariusz-muszer.de\/pl\/urszula-pawlicka-wolnosc-odbija-sie-wanilia\/#breadcrumb","itemListElement":[{"@type":"ListItem","position":1,"name":"Strona g\u0142\u00f3wna","item":"https:\/\/dariusz-muszer.de\/pl\/"},{"@type":"ListItem","position":2,"name":"Urszula Pawlicka: Wolno\u015b\u0107 odbija si\u0119 wanili\u0105"}]},{"@type":"WebSite","@id":"https:\/\/dariusz-muszer.de\/pl\/#website","url":"https:\/\/dariusz-muszer.de\/pl\/","name":"Dariusz Muszer","description":"pisarz","potentialAction":[{"@type":"SearchAction","target":{"@type":"EntryPoint","urlTemplate":"https:\/\/dariusz-muszer.de\/pl\/?s={search_term_string}"},"query-input":{"@type":"PropertyValueSpecification","valueRequired":true,"valueName":"search_term_string"}}],"inLanguage":"pl-PL"},{"@type":"Person","@id":"https:\/\/dariusz-muszer.de\/pl\/#\/schema\/person\/cb3e5073c78ce8e49b03deed04e45211","name":"Kama Dogo","image":{"@type":"ImageObject","inLanguage":"pl-PL","@id":"https:\/\/dariusz-muszer.de\/pl\/#\/schema\/person\/image\/","url":"https:\/\/secure.gravatar.com\/avatar\/16c67aaddea682dc94a63eb3eb7791e38f5f6b75f4daa10cc7ccbe7d141a5472?s=96&d=mm&r=g","contentUrl":"https:\/\/secure.gravatar.com\/avatar\/16c67aaddea682dc94a63eb3eb7791e38f5f6b75f4daa10cc7ccbe7d141a5472?s=96&d=mm&r=g","caption":"Kama Dogo"},"url":"https:\/\/dariusz-muszer.de\/pl\/author\/kama-dogo\/"}]}},"_links":{"self":[{"href":"https:\/\/dariusz-muszer.de\/pl\/wp-json\/wp\/v2\/posts\/654","targetHints":{"allow":["GET"]}}],"collection":[{"href":"https:\/\/dariusz-muszer.de\/pl\/wp-json\/wp\/v2\/posts"}],"about":[{"href":"https:\/\/dariusz-muszer.de\/pl\/wp-json\/wp\/v2\/types\/post"}],"author":[{"embeddable":true,"href":"https:\/\/dariusz-muszer.de\/pl\/wp-json\/wp\/v2\/users\/2"}],"replies":[{"embeddable":true,"href":"https:\/\/dariusz-muszer.de\/pl\/wp-json\/wp\/v2\/comments?post=654"}],"version-history":[{"count":0,"href":"https:\/\/dariusz-muszer.de\/pl\/wp-json\/wp\/v2\/posts\/654\/revisions"}],"wp:attachment":[{"href":"https:\/\/dariusz-muszer.de\/pl\/wp-json\/wp\/v2\/media?parent=654"}],"wp:term":[{"taxonomy":"category","embeddable":true,"href":"https:\/\/dariusz-muszer.de\/pl\/wp-json\/wp\/v2\/categories?post=654"},{"taxonomy":"post_tag","embeddable":true,"href":"https:\/\/dariusz-muszer.de\/pl\/wp-json\/wp\/v2\/tags?post=654"}],"curies":[{"name":"wp","href":"https:\/\/api.w.org\/{rel}","templated":true}]}}