{"id":650,"date":"2015-06-10T18:52:56","date_gmt":"2015-06-10T16:52:56","guid":{"rendered":"http:\/\/dariusz-muszer.de\/pl\/?p=650"},"modified":"2015-06-10T18:57:57","modified_gmt":"2015-06-10T16:57:57","slug":"karina-pielka-poza-nawiasem","status":"publish","type":"post","link":"https:\/\/dariusz-muszer.de\/pl\/karina-pielka-poza-nawiasem\/","title":{"rendered":"Karina Pielka: Poza nawiasem"},"content":{"rendered":"<blockquote>\n<h4 style=\"text-align: right\">Wolno\u015b\u0107 pachnie wanili\u0105 wykr\u0119ca trzewia. Ta ksi\u0105\u017cka jest ostr\u0105 jazd\u0105 bez trzymanki. (\u2026) W miar\u0119 czytania ta jazda staje si\u0119 op\u0119ta\u0144czo szybka, prawie do utraty kontroli nad akcj\u0105, kafkowski \u015bwiat prawdziwy miesza si\u0119 z kafkowskimi urojeniami narratora, sami nie wiemy w co wierzy\u0107, co dzia\u0142o si\u0119 w \u017cyciu bohatera naprawd\u0119, co zmy\u015bli\u0142, czy jest tylko katem, czy ofiar\u0105, czy jednym i drugim, co jest potencjaln\u0105 prawd\u0105? Okrucie\u0144stwa historii i rzeczywisto\u015bci \u2013 a jest ich wiele \u2013 wojna, Kielce 1946, 1968, nacjonalizm, antysemityzm, rasizm, szowinizm, donosicielstwo, polityczna i s\u0105siedzka inwigilacja, (\u2026) czy zbrodnie jednego chorego psychicznie cz\u0142owieka, kt\u00f3remu wydaje si\u0119, \u017ce jest istot\u0105 pozaziemsk\u0105.<br \/>\n<strong>Karina Pielka, LAMPA<\/strong><\/h4>\n<\/blockquote>\n<p><a href=\"https:\/\/dariusz-muszer.de\/pl\/wp-content\/uploads\/sites\/2\/2015\/06\/Lampa_wanilia.jpg\" rel=\"lightbox[650]\"><img loading=\"lazy\" decoding=\"async\" class=\"aligncenter size-medium wp-image-651\" src=\"https:\/\/dariusz-muszer.de\/pl\/wp-content\/uploads\/sites\/2\/2015\/06\/Lampa_wanilia-300x223.jpg\" alt=\"Karina Pielka: Poza nawiasem\" width=\"300\" height=\"223\" srcset=\"https:\/\/dariusz-muszer.de\/pl\/wp-content\/uploads\/sites\/2\/2015\/06\/Lampa_wanilia-300x223.jpg 300w, https:\/\/dariusz-muszer.de\/pl\/wp-content\/uploads\/sites\/2\/2015\/06\/Lampa_wanilia-200x149.jpg 200w, https:\/\/dariusz-muszer.de\/pl\/wp-content\/uploads\/sites\/2\/2015\/06\/Lampa_wanilia-1024x763.jpg 1024w, https:\/\/dariusz-muszer.de\/pl\/wp-content\/uploads\/sites\/2\/2015\/06\/Lampa_wanilia.jpg 1156w\" sizes=\"auto, (max-width: 300px) 100vw, 300px\" \/><\/a><\/p>\n","protected":false},"excerpt":{"rendered":"<p>Wolno\u015b\u0107 pachnie wanili\u0105 wykr\u0119ca trzewia. Ta ksi\u0105\u017cka jest ostr\u0105 jazd\u0105 bez trzymanki. (\u2026) W miar\u0119 czytania ta jazda staje si\u0119 op\u0119ta\u0144czo szybka, prawie do utraty kontroli nad akcj\u0105, kafkowski \u015bwiat prawdziwy miesza si\u0119 z kafkowskimi urojeniami narratora, sami nie wiemy w co wierzy\u0107, co dzia\u0142o si\u0119 w \u017cyciu bohatera naprawd\u0119, co zmy\u015bli\u0142, czy jest tylko [&hellip;]<\/p>\n","protected":false},"author":2,"featured_media":0,"comment_status":"closed","ping_status":"closed","sticky":false,"template":"","format":"standard","meta":{"footnotes":""},"categories":[9,4],"tags":[84,116,7,87],"class_list":["post-650","post","type-post","status-publish","format-standard","hentry","category-recenzja","category-wolnosc-pachnie-wanilia","tag-die-freiheit-riecht-nach-vanille","tag-karina-pielka","tag-wolnosc-pachnie-wanilia","tag-wydawnictwo-forma"],"yoast_head":"<!-- This site is optimized with the Yoast SEO plugin v27.0 - https:\/\/yoast.com\/product\/yoast-seo-wordpress\/ -->\n<title>Karina Pielka: Poza nawiasem - Dariusz Muszer<\/title>\n<meta name=\"description\" content=\"Karina Pielka: recenzja z powie\u015bci Dariusza Muszera: Wolno\u015b\u0107 pachnie wanili\u0105 wykr\u0119ca trzewia. Ta ksi\u0105\u017cka jest ostr\u0105 jazd\u0105 bez trzymanki.\" \/>\n<meta name=\"robots\" content=\"index, follow, max-snippet:-1, max-image-preview:large, max-video-preview:-1\" \/>\n<link rel=\"canonical\" href=\"https:\/\/dariusz-muszer.de\/pl\/karina-pielka-poza-nawiasem\/\" \/>\n<meta property=\"og:locale\" content=\"pl_PL\" \/>\n<meta property=\"og:type\" content=\"article\" \/>\n<meta property=\"og:title\" content=\"Karina Pielka: Poza nawiasem - Dariusz Muszer\" \/>\n<meta property=\"og:description\" content=\"Karina Pielka: recenzja z powie\u015bci Dariusza Muszera: Wolno\u015b\u0107 pachnie wanili\u0105 wykr\u0119ca trzewia. Ta ksi\u0105\u017cka jest ostr\u0105 jazd\u0105 bez trzymanki.\" \/>\n<meta property=\"og:url\" content=\"https:\/\/dariusz-muszer.de\/pl\/karina-pielka-poza-nawiasem\/\" \/>\n<meta property=\"og:site_name\" content=\"Dariusz Muszer\" \/>\n<meta property=\"article:published_time\" content=\"2015-06-10T16:52:56+00:00\" \/>\n<meta property=\"article:modified_time\" content=\"2015-06-10T16:57:57+00:00\" \/>\n<meta property=\"og:image\" content=\"http:\/\/dariusz-muszer.de\/pl\/wp-content\/uploads\/sites\/2\/2015\/06\/Lampa_wanilia-300x223.jpg\" \/>\n<meta name=\"author\" content=\"Kama Dogo\" \/>\n<meta name=\"twitter:card\" content=\"summary_large_image\" \/>\n<meta name=\"twitter:label1\" content=\"Napisane przez\" \/>\n\t<meta name=\"twitter:data1\" content=\"Kama Dogo\" \/>\n\t<meta name=\"twitter:label2\" content=\"Szacowany czas czytania\" \/>\n\t<meta name=\"twitter:data2\" content=\"1 minuta\" \/>\n<script type=\"application\/ld+json\" class=\"yoast-schema-graph\">{\"@context\":\"https:\/\/schema.org\",\"@graph\":[{\"@type\":\"Article\",\"@id\":\"https:\/\/dariusz-muszer.de\/pl\/karina-pielka-poza-nawiasem\/#article\",\"isPartOf\":{\"@id\":\"https:\/\/dariusz-muszer.de\/pl\/karina-pielka-poza-nawiasem\/\"},\"author\":{\"name\":\"Kama Dogo\",\"@id\":\"https:\/\/dariusz-muszer.de\/pl\/#\/schema\/person\/cb3e5073c78ce8e49b03deed04e45211\"},\"headline\":\"Karina Pielka: Poza nawiasem\",\"datePublished\":\"2015-06-10T16:52:56+00:00\",\"dateModified\":\"2015-06-10T16:57:57+00:00\",\"mainEntityOfPage\":{\"@id\":\"https:\/\/dariusz-muszer.de\/pl\/karina-pielka-poza-nawiasem\/\"},\"wordCount\":115,\"image\":{\"@id\":\"https:\/\/dariusz-muszer.de\/pl\/karina-pielka-poza-nawiasem\/#primaryimage\"},\"thumbnailUrl\":\"http:\/\/dariusz-muszer.de\/pl\/wp-content\/uploads\/sites\/2\/2015\/06\/Lampa_wanilia-300x223.jpg\",\"keywords\":[\"Die Freiheit riecht nach Vanille\",\"Karina Pielka\",\"Wolno\u015b\u0107 pachnie wanili\u0105\",\"Wydawnictwo Forma\"],\"articleSection\":[\"Recenzja\",\"Wolno\u015b\u0107 pachnie wanili\u0105\"],\"inLanguage\":\"pl-PL\"},{\"@type\":\"WebPage\",\"@id\":\"https:\/\/dariusz-muszer.de\/pl\/karina-pielka-poza-nawiasem\/\",\"url\":\"https:\/\/dariusz-muszer.de\/pl\/karina-pielka-poza-nawiasem\/\",\"name\":\"Karina Pielka: Poza nawiasem - Dariusz Muszer\",\"isPartOf\":{\"@id\":\"https:\/\/dariusz-muszer.de\/pl\/#website\"},\"primaryImageOfPage\":{\"@id\":\"https:\/\/dariusz-muszer.de\/pl\/karina-pielka-poza-nawiasem\/#primaryimage\"},\"image\":{\"@id\":\"https:\/\/dariusz-muszer.de\/pl\/karina-pielka-poza-nawiasem\/#primaryimage\"},\"thumbnailUrl\":\"http:\/\/dariusz-muszer.de\/pl\/wp-content\/uploads\/sites\/2\/2015\/06\/Lampa_wanilia-300x223.jpg\",\"datePublished\":\"2015-06-10T16:52:56+00:00\",\"dateModified\":\"2015-06-10T16:57:57+00:00\",\"author\":{\"@id\":\"https:\/\/dariusz-muszer.de\/pl\/#\/schema\/person\/cb3e5073c78ce8e49b03deed04e45211\"},\"description\":\"Karina Pielka: recenzja z powie\u015bci Dariusza Muszera: Wolno\u015b\u0107 pachnie wanili\u0105 wykr\u0119ca trzewia. Ta ksi\u0105\u017cka jest ostr\u0105 jazd\u0105 bez trzymanki.\",\"breadcrumb\":{\"@id\":\"https:\/\/dariusz-muszer.de\/pl\/karina-pielka-poza-nawiasem\/#breadcrumb\"},\"inLanguage\":\"pl-PL\",\"potentialAction\":[{\"@type\":\"ReadAction\",\"target\":[\"https:\/\/dariusz-muszer.de\/pl\/karina-pielka-poza-nawiasem\/\"]}]},{\"@type\":\"ImageObject\",\"inLanguage\":\"pl-PL\",\"@id\":\"https:\/\/dariusz-muszer.de\/pl\/karina-pielka-poza-nawiasem\/#primaryimage\",\"url\":\"http:\/\/dariusz-muszer.de\/pl\/wp-content\/uploads\/sites\/2\/2015\/06\/Lampa_wanilia-300x223.jpg\",\"contentUrl\":\"http:\/\/dariusz-muszer.de\/pl\/wp-content\/uploads\/sites\/2\/2015\/06\/Lampa_wanilia-300x223.jpg\"},{\"@type\":\"BreadcrumbList\",\"@id\":\"https:\/\/dariusz-muszer.de\/pl\/karina-pielka-poza-nawiasem\/#breadcrumb\",\"itemListElement\":[{\"@type\":\"ListItem\",\"position\":1,\"name\":\"Strona g\u0142\u00f3wna\",\"item\":\"https:\/\/dariusz-muszer.de\/pl\/\"},{\"@type\":\"ListItem\",\"position\":2,\"name\":\"Karina Pielka: Poza nawiasem\"}]},{\"@type\":\"WebSite\",\"@id\":\"https:\/\/dariusz-muszer.de\/pl\/#website\",\"url\":\"https:\/\/dariusz-muszer.de\/pl\/\",\"name\":\"Dariusz Muszer\",\"description\":\"pisarz\",\"potentialAction\":[{\"@type\":\"SearchAction\",\"target\":{\"@type\":\"EntryPoint\",\"urlTemplate\":\"https:\/\/dariusz-muszer.de\/pl\/?s={search_term_string}\"},\"query-input\":{\"@type\":\"PropertyValueSpecification\",\"valueRequired\":true,\"valueName\":\"search_term_string\"}}],\"inLanguage\":\"pl-PL\"},{\"@type\":\"Person\",\"@id\":\"https:\/\/dariusz-muszer.de\/pl\/#\/schema\/person\/cb3e5073c78ce8e49b03deed04e45211\",\"name\":\"Kama Dogo\",\"image\":{\"@type\":\"ImageObject\",\"inLanguage\":\"pl-PL\",\"@id\":\"https:\/\/dariusz-muszer.de\/pl\/#\/schema\/person\/image\/\",\"url\":\"https:\/\/secure.gravatar.com\/avatar\/16c67aaddea682dc94a63eb3eb7791e38f5f6b75f4daa10cc7ccbe7d141a5472?s=96&d=mm&r=g\",\"contentUrl\":\"https:\/\/secure.gravatar.com\/avatar\/16c67aaddea682dc94a63eb3eb7791e38f5f6b75f4daa10cc7ccbe7d141a5472?s=96&d=mm&r=g\",\"caption\":\"Kama Dogo\"},\"url\":\"https:\/\/dariusz-muszer.de\/pl\/author\/kama-dogo\/\"}]}<\/script>\n<!-- \/ Yoast SEO plugin. -->","yoast_head_json":{"title":"Karina Pielka: Poza nawiasem - Dariusz Muszer","description":"Karina Pielka: recenzja z powie\u015bci Dariusza Muszera: Wolno\u015b\u0107 pachnie wanili\u0105 wykr\u0119ca trzewia. Ta ksi\u0105\u017cka jest ostr\u0105 jazd\u0105 bez trzymanki.","robots":{"index":"index","follow":"follow","max-snippet":"max-snippet:-1","max-image-preview":"max-image-preview:large","max-video-preview":"max-video-preview:-1"},"canonical":"https:\/\/dariusz-muszer.de\/pl\/karina-pielka-poza-nawiasem\/","og_locale":"pl_PL","og_type":"article","og_title":"Karina Pielka: Poza nawiasem - Dariusz Muszer","og_description":"Karina Pielka: recenzja z powie\u015bci Dariusza Muszera: Wolno\u015b\u0107 pachnie wanili\u0105 wykr\u0119ca trzewia. Ta ksi\u0105\u017cka jest ostr\u0105 jazd\u0105 bez trzymanki.","og_url":"https:\/\/dariusz-muszer.de\/pl\/karina-pielka-poza-nawiasem\/","og_site_name":"Dariusz Muszer","article_published_time":"2015-06-10T16:52:56+00:00","article_modified_time":"2015-06-10T16:57:57+00:00","og_image":[{"url":"http:\/\/dariusz-muszer.de\/pl\/wp-content\/uploads\/sites\/2\/2015\/06\/Lampa_wanilia-300x223.jpg","type":"","width":"","height":""}],"author":"Kama Dogo","twitter_card":"summary_large_image","twitter_misc":{"Napisane przez":"Kama Dogo","Szacowany czas czytania":"1 minuta"},"schema":{"@context":"https:\/\/schema.org","@graph":[{"@type":"Article","@id":"https:\/\/dariusz-muszer.de\/pl\/karina-pielka-poza-nawiasem\/#article","isPartOf":{"@id":"https:\/\/dariusz-muszer.de\/pl\/karina-pielka-poza-nawiasem\/"},"author":{"name":"Kama Dogo","@id":"https:\/\/dariusz-muszer.de\/pl\/#\/schema\/person\/cb3e5073c78ce8e49b03deed04e45211"},"headline":"Karina Pielka: Poza nawiasem","datePublished":"2015-06-10T16:52:56+00:00","dateModified":"2015-06-10T16:57:57+00:00","mainEntityOfPage":{"@id":"https:\/\/dariusz-muszer.de\/pl\/karina-pielka-poza-nawiasem\/"},"wordCount":115,"image":{"@id":"https:\/\/dariusz-muszer.de\/pl\/karina-pielka-poza-nawiasem\/#primaryimage"},"thumbnailUrl":"http:\/\/dariusz-muszer.de\/pl\/wp-content\/uploads\/sites\/2\/2015\/06\/Lampa_wanilia-300x223.jpg","keywords":["Die Freiheit riecht nach Vanille","Karina Pielka","Wolno\u015b\u0107 pachnie wanili\u0105","Wydawnictwo Forma"],"articleSection":["Recenzja","Wolno\u015b\u0107 pachnie wanili\u0105"],"inLanguage":"pl-PL"},{"@type":"WebPage","@id":"https:\/\/dariusz-muszer.de\/pl\/karina-pielka-poza-nawiasem\/","url":"https:\/\/dariusz-muszer.de\/pl\/karina-pielka-poza-nawiasem\/","name":"Karina Pielka: Poza nawiasem - Dariusz Muszer","isPartOf":{"@id":"https:\/\/dariusz-muszer.de\/pl\/#website"},"primaryImageOfPage":{"@id":"https:\/\/dariusz-muszer.de\/pl\/karina-pielka-poza-nawiasem\/#primaryimage"},"image":{"@id":"https:\/\/dariusz-muszer.de\/pl\/karina-pielka-poza-nawiasem\/#primaryimage"},"thumbnailUrl":"http:\/\/dariusz-muszer.de\/pl\/wp-content\/uploads\/sites\/2\/2015\/06\/Lampa_wanilia-300x223.jpg","datePublished":"2015-06-10T16:52:56+00:00","dateModified":"2015-06-10T16:57:57+00:00","author":{"@id":"https:\/\/dariusz-muszer.de\/pl\/#\/schema\/person\/cb3e5073c78ce8e49b03deed04e45211"},"description":"Karina Pielka: recenzja z powie\u015bci Dariusza Muszera: Wolno\u015b\u0107 pachnie wanili\u0105 wykr\u0119ca trzewia. Ta ksi\u0105\u017cka jest ostr\u0105 jazd\u0105 bez trzymanki.","breadcrumb":{"@id":"https:\/\/dariusz-muszer.de\/pl\/karina-pielka-poza-nawiasem\/#breadcrumb"},"inLanguage":"pl-PL","potentialAction":[{"@type":"ReadAction","target":["https:\/\/dariusz-muszer.de\/pl\/karina-pielka-poza-nawiasem\/"]}]},{"@type":"ImageObject","inLanguage":"pl-PL","@id":"https:\/\/dariusz-muszer.de\/pl\/karina-pielka-poza-nawiasem\/#primaryimage","url":"http:\/\/dariusz-muszer.de\/pl\/wp-content\/uploads\/sites\/2\/2015\/06\/Lampa_wanilia-300x223.jpg","contentUrl":"http:\/\/dariusz-muszer.de\/pl\/wp-content\/uploads\/sites\/2\/2015\/06\/Lampa_wanilia-300x223.jpg"},{"@type":"BreadcrumbList","@id":"https:\/\/dariusz-muszer.de\/pl\/karina-pielka-poza-nawiasem\/#breadcrumb","itemListElement":[{"@type":"ListItem","position":1,"name":"Strona g\u0142\u00f3wna","item":"https:\/\/dariusz-muszer.de\/pl\/"},{"@type":"ListItem","position":2,"name":"Karina Pielka: Poza nawiasem"}]},{"@type":"WebSite","@id":"https:\/\/dariusz-muszer.de\/pl\/#website","url":"https:\/\/dariusz-muszer.de\/pl\/","name":"Dariusz Muszer","description":"pisarz","potentialAction":[{"@type":"SearchAction","target":{"@type":"EntryPoint","urlTemplate":"https:\/\/dariusz-muszer.de\/pl\/?s={search_term_string}"},"query-input":{"@type":"PropertyValueSpecification","valueRequired":true,"valueName":"search_term_string"}}],"inLanguage":"pl-PL"},{"@type":"Person","@id":"https:\/\/dariusz-muszer.de\/pl\/#\/schema\/person\/cb3e5073c78ce8e49b03deed04e45211","name":"Kama Dogo","image":{"@type":"ImageObject","inLanguage":"pl-PL","@id":"https:\/\/dariusz-muszer.de\/pl\/#\/schema\/person\/image\/","url":"https:\/\/secure.gravatar.com\/avatar\/16c67aaddea682dc94a63eb3eb7791e38f5f6b75f4daa10cc7ccbe7d141a5472?s=96&d=mm&r=g","contentUrl":"https:\/\/secure.gravatar.com\/avatar\/16c67aaddea682dc94a63eb3eb7791e38f5f6b75f4daa10cc7ccbe7d141a5472?s=96&d=mm&r=g","caption":"Kama Dogo"},"url":"https:\/\/dariusz-muszer.de\/pl\/author\/kama-dogo\/"}]}},"_links":{"self":[{"href":"https:\/\/dariusz-muszer.de\/pl\/wp-json\/wp\/v2\/posts\/650","targetHints":{"allow":["GET"]}}],"collection":[{"href":"https:\/\/dariusz-muszer.de\/pl\/wp-json\/wp\/v2\/posts"}],"about":[{"href":"https:\/\/dariusz-muszer.de\/pl\/wp-json\/wp\/v2\/types\/post"}],"author":[{"embeddable":true,"href":"https:\/\/dariusz-muszer.de\/pl\/wp-json\/wp\/v2\/users\/2"}],"replies":[{"embeddable":true,"href":"https:\/\/dariusz-muszer.de\/pl\/wp-json\/wp\/v2\/comments?post=650"}],"version-history":[{"count":0,"href":"https:\/\/dariusz-muszer.de\/pl\/wp-json\/wp\/v2\/posts\/650\/revisions"}],"wp:attachment":[{"href":"https:\/\/dariusz-muszer.de\/pl\/wp-json\/wp\/v2\/media?parent=650"}],"wp:term":[{"taxonomy":"category","embeddable":true,"href":"https:\/\/dariusz-muszer.de\/pl\/wp-json\/wp\/v2\/categories?post=650"},{"taxonomy":"post_tag","embeddable":true,"href":"https:\/\/dariusz-muszer.de\/pl\/wp-json\/wp\/v2\/tags?post=650"}],"curies":[{"name":"wp","href":"https:\/\/api.w.org\/{rel}","templated":true}]}}