{"id":606,"date":"2015-06-09T12:12:36","date_gmt":"2015-06-09T10:12:36","guid":{"rendered":"http:\/\/dariusz-muszer.de\/pl\/?p=606"},"modified":"2015-06-09T12:20:30","modified_gmt":"2015-06-09T10:20:30","slug":"anna-dobiegala-zeby-nie-zdechnac-z-nudow","status":"publish","type":"post","link":"https:\/\/dariusz-muszer.de\/pl\/anna-dobiegala-zeby-nie-zdechnac-z-nudow\/","title":{"rendered":"Anna Dobiega\u0142a: \u017beby nie zdechn\u0105\u0107 z nud\u00f3w"},"content":{"rendered":"<blockquote>\n<p style=\"text-align: right\">Niczego u Muszera z tradycji biblijnej nie zabrak\u0142o. Pojawia si\u0119 nawet p\u00f3\u0142naga wszetecznica i niewierni, cho\u0107 tym razem Jadzia i Zdzisiu, a nie Tomasz jak przed dwoma tysi\u0105cami lat, ale wszystko pojawia si\u0119 tu nie na swoim miejscu, ka\u017cdy symbol jest tu zdeformowany. Ubrany w kombinezon nie\u015bmiertelno\u015bci i pomalowany najnowszym cudem techniki, Niebieski bardziej przypomina Marsjanina ni\u017c boskiego dziedzica, maj\u0105cego przynie\u015b\u0107 ludziom wyzwolenie. \u015awi\u0119t\u0105 relikwi\u0105 jest w powie\u015bci spadochron, a na miejscu os\u0142a pojawia si\u0119 bia\u0142a koza, kt\u00f3ra przecie\u017c w tradycji europejskiej zwi\u0105zana jest z ide\u0105 grzechu i z legendami o diab\u0142ach. W w\u0105tki biblijne pisarz wplata mity i ba\u015bnie ludowego pochodzenia, jak legend\u0119 o kwiecie paproci czy o bli\u017aniakach Walig\u00f3rze i Wyrwid\u0119bie, nazywanych przez Niebieskiego Walig\u00f3rzysko i Wyrwid\u0119bczak i razem z nim udrabinowanych. Pojawia si\u0119 te\u017c w\u0105tek z Wesela Wyspia\u0144skiego. St\u0105d j\u0119zyk stylizowany jest zar\u00f3wno na biblijny, jak i na ludowy. Jak trafnie zauwa\u017ca czarownica, \u201eWszystko na tym \u015bwiecie jest zaczarowane\u201d. (&#8230;)<br \/>\nDariusz Muszer pisze, aby nie zdechn\u0105\u0107 z nud\u00f3w we wsp\u00f3\u0142czesnym \u015bwiecie. \u201eNiebieski\u201d to ksi\u0105\u017cka dla tych, kt\u00f3rzy podobnie jak jej autor nie chc\u0105 zanudzi\u0107 si\u0119 na \u015bmier\u0107 w dzisiejszych niepoetyckich czasach, kiedy \u201eprzoduj\u0105 kultury bladych twarzy\u201d.<\/p>\n<p style=\"text-align: right\"><strong>Anna Dobiega\u0142a<\/strong><br \/>\n<strong> Portret OnLine, nr 19, 08\/2006<\/strong><\/p>\n<\/blockquote>\n<p><a href=\"https:\/\/dariusz-muszer.de\/pl\/wp-content\/uploads\/sites\/2\/2015\/06\/portretonline19_1.jpg\" rel=\"lightbox[606]\"><img loading=\"lazy\" decoding=\"async\" class=\"size-medium wp-image-607 alignnone alignleft\" src=\"https:\/\/dariusz-muszer.de\/pl\/wp-content\/uploads\/sites\/2\/2015\/06\/portretonline19_1-107x300.jpg\" alt=\"portretonline19_1\" width=\"107\" height=\"300\" srcset=\"https:\/\/dariusz-muszer.de\/pl\/wp-content\/uploads\/sites\/2\/2015\/06\/portretonline19_1-107x300.jpg 107w, https:\/\/dariusz-muszer.de\/pl\/wp-content\/uploads\/sites\/2\/2015\/06\/portretonline19_1-71x200.jpg 71w, https:\/\/dariusz-muszer.de\/pl\/wp-content\/uploads\/sites\/2\/2015\/06\/portretonline19_1-364x1024.jpg 364w, https:\/\/dariusz-muszer.de\/pl\/wp-content\/uploads\/sites\/2\/2015\/06\/portretonline19_1.jpg 500w\" sizes=\"auto, (max-width: 107px) 100vw, 107px\" \/><\/a><a href=\"https:\/\/dariusz-muszer.de\/pl\/wp-content\/uploads\/sites\/2\/2015\/06\/portretonline19_2.jpg\" rel=\"lightbox[606]\"><img loading=\"lazy\" decoding=\"async\" class=\"size-medium wp-image-608 alignleft\" src=\"https:\/\/dariusz-muszer.de\/pl\/wp-content\/uploads\/sites\/2\/2015\/06\/portretonline19_2-169x300.jpg\" alt=\"portretonline19_2\" width=\"169\" height=\"300\" srcset=\"https:\/\/dariusz-muszer.de\/pl\/wp-content\/uploads\/sites\/2\/2015\/06\/portretonline19_2-169x300.jpg 169w, https:\/\/dariusz-muszer.de\/pl\/wp-content\/uploads\/sites\/2\/2015\/06\/portretonline19_2-113x200.jpg 113w, https:\/\/dariusz-muszer.de\/pl\/wp-content\/uploads\/sites\/2\/2015\/06\/portretonline19_2.jpg 500w\" sizes=\"auto, (max-width: 169px) 100vw, 169px\" \/><\/a><\/p>\n","protected":false},"excerpt":{"rendered":"<p>Niczego u Muszera z tradycji biblijnej nie zabrak\u0142o. Pojawia si\u0119 nawet p\u00f3\u0142naga wszetecznica i niewierni, cho\u0107 tym razem Jadzia i Zdzisiu, a nie Tomasz jak przed dwoma tysi\u0105cami lat, ale wszystko pojawia si\u0119 tu nie na swoim miejscu, ka\u017cdy symbol jest tu zdeformowany. Ubrany w kombinezon nie\u015bmiertelno\u015bci i pomalowany najnowszym cudem techniki, Niebieski bardziej przypomina [&hellip;]<\/p>\n","protected":false},"author":2,"featured_media":0,"comment_status":"closed","ping_status":"closed","sticky":false,"template":"","format":"standard","meta":{"footnotes":""},"categories":[60,9],"tags":[112,63,111,87],"class_list":["post-606","post","type-post","status-publish","format-standard","hentry","category-niebieski","category-recenzja","tag-anna-dobiegala","tag-niebieski","tag-portret-online","tag-wydawnictwo-forma"],"yoast_head":"<!-- This site is optimized with the Yoast SEO plugin v27.0 - https:\/\/yoast.com\/product\/yoast-seo-wordpress\/ -->\n<title>Anna Dobiega\u0142a: \u017beby nie zdechn\u0105\u0107 z nud\u00f3w - Dariusz Muszer<\/title>\n<meta name=\"description\" content=\"Anna Dobiega\u0142a o powie\u015bci Dariusza Muszera &quot;Niebieski&quot;: Niczego u Muszera z tradycji biblijnej nie zabrak\u0142o. Pojawia si\u0119 nawet p\u00f3\u0142naga wszetecznica i\" \/>\n<meta name=\"robots\" content=\"index, follow, max-snippet:-1, max-image-preview:large, max-video-preview:-1\" \/>\n<link rel=\"canonical\" href=\"https:\/\/dariusz-muszer.de\/pl\/anna-dobiegala-zeby-nie-zdechnac-z-nudow\/\" \/>\n<meta property=\"og:locale\" content=\"pl_PL\" \/>\n<meta property=\"og:type\" content=\"article\" \/>\n<meta property=\"og:title\" content=\"Anna Dobiega\u0142a: \u017beby nie zdechn\u0105\u0107 z nud\u00f3w - Dariusz Muszer\" \/>\n<meta property=\"og:description\" content=\"Anna Dobiega\u0142a o powie\u015bci Dariusza Muszera &quot;Niebieski&quot;: Niczego u Muszera z tradycji biblijnej nie zabrak\u0142o. Pojawia si\u0119 nawet p\u00f3\u0142naga wszetecznica i\" \/>\n<meta property=\"og:url\" content=\"https:\/\/dariusz-muszer.de\/pl\/anna-dobiegala-zeby-nie-zdechnac-z-nudow\/\" \/>\n<meta property=\"og:site_name\" content=\"Dariusz Muszer\" \/>\n<meta property=\"article:published_time\" content=\"2015-06-09T10:12:36+00:00\" \/>\n<meta property=\"article:modified_time\" content=\"2015-06-09T10:20:30+00:00\" \/>\n<meta property=\"og:image\" content=\"http:\/\/dariusz-muszer.de\/pl\/wp-content\/uploads\/sites\/2\/2015\/06\/portretonline19_1-107x300.jpg\" \/>\n<meta name=\"author\" content=\"Kama Dogo\" \/>\n<meta name=\"twitter:card\" content=\"summary_large_image\" \/>\n<meta name=\"twitter:label1\" content=\"Napisane przez\" \/>\n\t<meta name=\"twitter:data1\" content=\"Kama Dogo\" \/>\n\t<meta name=\"twitter:label2\" content=\"Szacowany czas czytania\" \/>\n\t<meta name=\"twitter:data2\" content=\"1 minuta\" \/>\n<script type=\"application\/ld+json\" class=\"yoast-schema-graph\">{\"@context\":\"https:\/\/schema.org\",\"@graph\":[{\"@type\":\"Article\",\"@id\":\"https:\/\/dariusz-muszer.de\/pl\/anna-dobiegala-zeby-nie-zdechnac-z-nudow\/#article\",\"isPartOf\":{\"@id\":\"https:\/\/dariusz-muszer.de\/pl\/anna-dobiegala-zeby-nie-zdechnac-z-nudow\/\"},\"author\":{\"name\":\"Kama Dogo\",\"@id\":\"https:\/\/dariusz-muszer.de\/pl\/#\/schema\/person\/cb3e5073c78ce8e49b03deed04e45211\"},\"headline\":\"Anna Dobiega\u0142a: \u017beby nie zdechn\u0105\u0107 z nud\u00f3w\",\"datePublished\":\"2015-06-09T10:12:36+00:00\",\"dateModified\":\"2015-06-09T10:20:30+00:00\",\"mainEntityOfPage\":{\"@id\":\"https:\/\/dariusz-muszer.de\/pl\/anna-dobiegala-zeby-nie-zdechnac-z-nudow\/\"},\"wordCount\":234,\"image\":{\"@id\":\"https:\/\/dariusz-muszer.de\/pl\/anna-dobiegala-zeby-nie-zdechnac-z-nudow\/#primaryimage\"},\"thumbnailUrl\":\"http:\/\/dariusz-muszer.de\/pl\/wp-content\/uploads\/sites\/2\/2015\/06\/portretonline19_1-107x300.jpg\",\"keywords\":[\"Anna Dobiega\u0142a\",\"Niebieski\",\"Portret OnLine\",\"Wydawnictwo Forma\"],\"articleSection\":[\"Niebieski\",\"Recenzja\"],\"inLanguage\":\"pl-PL\"},{\"@type\":\"WebPage\",\"@id\":\"https:\/\/dariusz-muszer.de\/pl\/anna-dobiegala-zeby-nie-zdechnac-z-nudow\/\",\"url\":\"https:\/\/dariusz-muszer.de\/pl\/anna-dobiegala-zeby-nie-zdechnac-z-nudow\/\",\"name\":\"Anna Dobiega\u0142a: \u017beby nie zdechn\u0105\u0107 z nud\u00f3w - Dariusz Muszer\",\"isPartOf\":{\"@id\":\"https:\/\/dariusz-muszer.de\/pl\/#website\"},\"primaryImageOfPage\":{\"@id\":\"https:\/\/dariusz-muszer.de\/pl\/anna-dobiegala-zeby-nie-zdechnac-z-nudow\/#primaryimage\"},\"image\":{\"@id\":\"https:\/\/dariusz-muszer.de\/pl\/anna-dobiegala-zeby-nie-zdechnac-z-nudow\/#primaryimage\"},\"thumbnailUrl\":\"http:\/\/dariusz-muszer.de\/pl\/wp-content\/uploads\/sites\/2\/2015\/06\/portretonline19_1-107x300.jpg\",\"datePublished\":\"2015-06-09T10:12:36+00:00\",\"dateModified\":\"2015-06-09T10:20:30+00:00\",\"author\":{\"@id\":\"https:\/\/dariusz-muszer.de\/pl\/#\/schema\/person\/cb3e5073c78ce8e49b03deed04e45211\"},\"description\":\"Anna Dobiega\u0142a o powie\u015bci Dariusza Muszera \\\"Niebieski\\\": Niczego u Muszera z tradycji biblijnej nie zabrak\u0142o. Pojawia si\u0119 nawet p\u00f3\u0142naga wszetecznica i\",\"breadcrumb\":{\"@id\":\"https:\/\/dariusz-muszer.de\/pl\/anna-dobiegala-zeby-nie-zdechnac-z-nudow\/#breadcrumb\"},\"inLanguage\":\"pl-PL\",\"potentialAction\":[{\"@type\":\"ReadAction\",\"target\":[\"https:\/\/dariusz-muszer.de\/pl\/anna-dobiegala-zeby-nie-zdechnac-z-nudow\/\"]}]},{\"@type\":\"ImageObject\",\"inLanguage\":\"pl-PL\",\"@id\":\"https:\/\/dariusz-muszer.de\/pl\/anna-dobiegala-zeby-nie-zdechnac-z-nudow\/#primaryimage\",\"url\":\"http:\/\/dariusz-muszer.de\/pl\/wp-content\/uploads\/sites\/2\/2015\/06\/portretonline19_1-107x300.jpg\",\"contentUrl\":\"http:\/\/dariusz-muszer.de\/pl\/wp-content\/uploads\/sites\/2\/2015\/06\/portretonline19_1-107x300.jpg\"},{\"@type\":\"BreadcrumbList\",\"@id\":\"https:\/\/dariusz-muszer.de\/pl\/anna-dobiegala-zeby-nie-zdechnac-z-nudow\/#breadcrumb\",\"itemListElement\":[{\"@type\":\"ListItem\",\"position\":1,\"name\":\"Strona g\u0142\u00f3wna\",\"item\":\"https:\/\/dariusz-muszer.de\/pl\/\"},{\"@type\":\"ListItem\",\"position\":2,\"name\":\"Anna Dobiega\u0142a: \u017beby nie zdechn\u0105\u0107 z nud\u00f3w\"}]},{\"@type\":\"WebSite\",\"@id\":\"https:\/\/dariusz-muszer.de\/pl\/#website\",\"url\":\"https:\/\/dariusz-muszer.de\/pl\/\",\"name\":\"Dariusz Muszer\",\"description\":\"pisarz\",\"potentialAction\":[{\"@type\":\"SearchAction\",\"target\":{\"@type\":\"EntryPoint\",\"urlTemplate\":\"https:\/\/dariusz-muszer.de\/pl\/?s={search_term_string}\"},\"query-input\":{\"@type\":\"PropertyValueSpecification\",\"valueRequired\":true,\"valueName\":\"search_term_string\"}}],\"inLanguage\":\"pl-PL\"},{\"@type\":\"Person\",\"@id\":\"https:\/\/dariusz-muszer.de\/pl\/#\/schema\/person\/cb3e5073c78ce8e49b03deed04e45211\",\"name\":\"Kama Dogo\",\"image\":{\"@type\":\"ImageObject\",\"inLanguage\":\"pl-PL\",\"@id\":\"https:\/\/dariusz-muszer.de\/pl\/#\/schema\/person\/image\/\",\"url\":\"https:\/\/secure.gravatar.com\/avatar\/16c67aaddea682dc94a63eb3eb7791e38f5f6b75f4daa10cc7ccbe7d141a5472?s=96&d=mm&r=g\",\"contentUrl\":\"https:\/\/secure.gravatar.com\/avatar\/16c67aaddea682dc94a63eb3eb7791e38f5f6b75f4daa10cc7ccbe7d141a5472?s=96&d=mm&r=g\",\"caption\":\"Kama Dogo\"},\"url\":\"https:\/\/dariusz-muszer.de\/pl\/author\/kama-dogo\/\"}]}<\/script>\n<!-- \/ Yoast SEO plugin. -->","yoast_head_json":{"title":"Anna Dobiega\u0142a: \u017beby nie zdechn\u0105\u0107 z nud\u00f3w - Dariusz Muszer","description":"Anna Dobiega\u0142a o powie\u015bci Dariusza Muszera \"Niebieski\": Niczego u Muszera z tradycji biblijnej nie zabrak\u0142o. Pojawia si\u0119 nawet p\u00f3\u0142naga wszetecznica i","robots":{"index":"index","follow":"follow","max-snippet":"max-snippet:-1","max-image-preview":"max-image-preview:large","max-video-preview":"max-video-preview:-1"},"canonical":"https:\/\/dariusz-muszer.de\/pl\/anna-dobiegala-zeby-nie-zdechnac-z-nudow\/","og_locale":"pl_PL","og_type":"article","og_title":"Anna Dobiega\u0142a: \u017beby nie zdechn\u0105\u0107 z nud\u00f3w - Dariusz Muszer","og_description":"Anna Dobiega\u0142a o powie\u015bci Dariusza Muszera \"Niebieski\": Niczego u Muszera z tradycji biblijnej nie zabrak\u0142o. Pojawia si\u0119 nawet p\u00f3\u0142naga wszetecznica i","og_url":"https:\/\/dariusz-muszer.de\/pl\/anna-dobiegala-zeby-nie-zdechnac-z-nudow\/","og_site_name":"Dariusz Muszer","article_published_time":"2015-06-09T10:12:36+00:00","article_modified_time":"2015-06-09T10:20:30+00:00","og_image":[{"url":"http:\/\/dariusz-muszer.de\/pl\/wp-content\/uploads\/sites\/2\/2015\/06\/portretonline19_1-107x300.jpg","type":"","width":"","height":""}],"author":"Kama Dogo","twitter_card":"summary_large_image","twitter_misc":{"Napisane przez":"Kama Dogo","Szacowany czas czytania":"1 minuta"},"schema":{"@context":"https:\/\/schema.org","@graph":[{"@type":"Article","@id":"https:\/\/dariusz-muszer.de\/pl\/anna-dobiegala-zeby-nie-zdechnac-z-nudow\/#article","isPartOf":{"@id":"https:\/\/dariusz-muszer.de\/pl\/anna-dobiegala-zeby-nie-zdechnac-z-nudow\/"},"author":{"name":"Kama Dogo","@id":"https:\/\/dariusz-muszer.de\/pl\/#\/schema\/person\/cb3e5073c78ce8e49b03deed04e45211"},"headline":"Anna Dobiega\u0142a: \u017beby nie zdechn\u0105\u0107 z nud\u00f3w","datePublished":"2015-06-09T10:12:36+00:00","dateModified":"2015-06-09T10:20:30+00:00","mainEntityOfPage":{"@id":"https:\/\/dariusz-muszer.de\/pl\/anna-dobiegala-zeby-nie-zdechnac-z-nudow\/"},"wordCount":234,"image":{"@id":"https:\/\/dariusz-muszer.de\/pl\/anna-dobiegala-zeby-nie-zdechnac-z-nudow\/#primaryimage"},"thumbnailUrl":"http:\/\/dariusz-muszer.de\/pl\/wp-content\/uploads\/sites\/2\/2015\/06\/portretonline19_1-107x300.jpg","keywords":["Anna Dobiega\u0142a","Niebieski","Portret OnLine","Wydawnictwo Forma"],"articleSection":["Niebieski","Recenzja"],"inLanguage":"pl-PL"},{"@type":"WebPage","@id":"https:\/\/dariusz-muszer.de\/pl\/anna-dobiegala-zeby-nie-zdechnac-z-nudow\/","url":"https:\/\/dariusz-muszer.de\/pl\/anna-dobiegala-zeby-nie-zdechnac-z-nudow\/","name":"Anna Dobiega\u0142a: \u017beby nie zdechn\u0105\u0107 z nud\u00f3w - Dariusz Muszer","isPartOf":{"@id":"https:\/\/dariusz-muszer.de\/pl\/#website"},"primaryImageOfPage":{"@id":"https:\/\/dariusz-muszer.de\/pl\/anna-dobiegala-zeby-nie-zdechnac-z-nudow\/#primaryimage"},"image":{"@id":"https:\/\/dariusz-muszer.de\/pl\/anna-dobiegala-zeby-nie-zdechnac-z-nudow\/#primaryimage"},"thumbnailUrl":"http:\/\/dariusz-muszer.de\/pl\/wp-content\/uploads\/sites\/2\/2015\/06\/portretonline19_1-107x300.jpg","datePublished":"2015-06-09T10:12:36+00:00","dateModified":"2015-06-09T10:20:30+00:00","author":{"@id":"https:\/\/dariusz-muszer.de\/pl\/#\/schema\/person\/cb3e5073c78ce8e49b03deed04e45211"},"description":"Anna Dobiega\u0142a o powie\u015bci Dariusza Muszera \"Niebieski\": Niczego u Muszera z tradycji biblijnej nie zabrak\u0142o. Pojawia si\u0119 nawet p\u00f3\u0142naga wszetecznica i","breadcrumb":{"@id":"https:\/\/dariusz-muszer.de\/pl\/anna-dobiegala-zeby-nie-zdechnac-z-nudow\/#breadcrumb"},"inLanguage":"pl-PL","potentialAction":[{"@type":"ReadAction","target":["https:\/\/dariusz-muszer.de\/pl\/anna-dobiegala-zeby-nie-zdechnac-z-nudow\/"]}]},{"@type":"ImageObject","inLanguage":"pl-PL","@id":"https:\/\/dariusz-muszer.de\/pl\/anna-dobiegala-zeby-nie-zdechnac-z-nudow\/#primaryimage","url":"http:\/\/dariusz-muszer.de\/pl\/wp-content\/uploads\/sites\/2\/2015\/06\/portretonline19_1-107x300.jpg","contentUrl":"http:\/\/dariusz-muszer.de\/pl\/wp-content\/uploads\/sites\/2\/2015\/06\/portretonline19_1-107x300.jpg"},{"@type":"BreadcrumbList","@id":"https:\/\/dariusz-muszer.de\/pl\/anna-dobiegala-zeby-nie-zdechnac-z-nudow\/#breadcrumb","itemListElement":[{"@type":"ListItem","position":1,"name":"Strona g\u0142\u00f3wna","item":"https:\/\/dariusz-muszer.de\/pl\/"},{"@type":"ListItem","position":2,"name":"Anna Dobiega\u0142a: \u017beby nie zdechn\u0105\u0107 z nud\u00f3w"}]},{"@type":"WebSite","@id":"https:\/\/dariusz-muszer.de\/pl\/#website","url":"https:\/\/dariusz-muszer.de\/pl\/","name":"Dariusz Muszer","description":"pisarz","potentialAction":[{"@type":"SearchAction","target":{"@type":"EntryPoint","urlTemplate":"https:\/\/dariusz-muszer.de\/pl\/?s={search_term_string}"},"query-input":{"@type":"PropertyValueSpecification","valueRequired":true,"valueName":"search_term_string"}}],"inLanguage":"pl-PL"},{"@type":"Person","@id":"https:\/\/dariusz-muszer.de\/pl\/#\/schema\/person\/cb3e5073c78ce8e49b03deed04e45211","name":"Kama Dogo","image":{"@type":"ImageObject","inLanguage":"pl-PL","@id":"https:\/\/dariusz-muszer.de\/pl\/#\/schema\/person\/image\/","url":"https:\/\/secure.gravatar.com\/avatar\/16c67aaddea682dc94a63eb3eb7791e38f5f6b75f4daa10cc7ccbe7d141a5472?s=96&d=mm&r=g","contentUrl":"https:\/\/secure.gravatar.com\/avatar\/16c67aaddea682dc94a63eb3eb7791e38f5f6b75f4daa10cc7ccbe7d141a5472?s=96&d=mm&r=g","caption":"Kama Dogo"},"url":"https:\/\/dariusz-muszer.de\/pl\/author\/kama-dogo\/"}]}},"_links":{"self":[{"href":"https:\/\/dariusz-muszer.de\/pl\/wp-json\/wp\/v2\/posts\/606","targetHints":{"allow":["GET"]}}],"collection":[{"href":"https:\/\/dariusz-muszer.de\/pl\/wp-json\/wp\/v2\/posts"}],"about":[{"href":"https:\/\/dariusz-muszer.de\/pl\/wp-json\/wp\/v2\/types\/post"}],"author":[{"embeddable":true,"href":"https:\/\/dariusz-muszer.de\/pl\/wp-json\/wp\/v2\/users\/2"}],"replies":[{"embeddable":true,"href":"https:\/\/dariusz-muszer.de\/pl\/wp-json\/wp\/v2\/comments?post=606"}],"version-history":[{"count":0,"href":"https:\/\/dariusz-muszer.de\/pl\/wp-json\/wp\/v2\/posts\/606\/revisions"}],"wp:attachment":[{"href":"https:\/\/dariusz-muszer.de\/pl\/wp-json\/wp\/v2\/media?parent=606"}],"wp:term":[{"taxonomy":"category","embeddable":true,"href":"https:\/\/dariusz-muszer.de\/pl\/wp-json\/wp\/v2\/categories?post=606"},{"taxonomy":"post_tag","embeddable":true,"href":"https:\/\/dariusz-muszer.de\/pl\/wp-json\/wp\/v2\/tags?post=606"}],"curies":[{"name":"wp","href":"https:\/\/api.w.org\/{rel}","templated":true}]}}