{"id":537,"date":"2015-06-05T06:01:30","date_gmt":"2015-06-05T04:01:30","guid":{"rendered":"http:\/\/dariusz-muszer.de\/pl\/?p=537"},"modified":"2015-06-08T18:12:18","modified_gmt":"2015-06-08T16:12:18","slug":"stanislaw-chyczynski-apokryf-o-niebieskim","status":"publish","type":"post","link":"https:\/\/dariusz-muszer.de\/pl\/stanislaw-chyczynski-apokryf-o-niebieskim\/","title":{"rendered":"Stanis\u0142aw Chyczy\u0144ski: Apokryf o Niebieskim"},"content":{"rendered":"<p><a href=\"https:\/\/dariusz-muszer.de\/pl\/wp-content\/uploads\/sites\/2\/2015\/06\/niebieski.jpg\" rel=\"lightbox[537]\"><img loading=\"lazy\" decoding=\"async\" class=\"alignleft size-medium wp-image-447\" src=\"https:\/\/dariusz-muszer.de\/pl\/wp-content\/uploads\/sites\/2\/2015\/06\/niebieski-300x300.jpg\" alt=\"Niebieski\" width=\"300\" height=\"300\" srcset=\"https:\/\/dariusz-muszer.de\/pl\/wp-content\/uploads\/sites\/2\/2015\/06\/niebieski-300x300.jpg 300w, https:\/\/dariusz-muszer.de\/pl\/wp-content\/uploads\/sites\/2\/2015\/06\/niebieski-200x200.jpg 200w, https:\/\/dariusz-muszer.de\/pl\/wp-content\/uploads\/sites\/2\/2015\/06\/niebieski.jpg 600w\" sizes=\"auto, (max-width: 300px) 100vw, 300px\" \/><\/a>Kiedy sze\u015b\u0107 lat temu bydgoski poeta Jan G\u00f3rec-Rosi\u0144ski promowa\u0142 swoje wielkie dzie\u0142o \u201eMesjasz Zbuntowany\u201d, dramat mityczny, wydawa\u0142o si\u0119, \u017ce prastary motyw mesja\u0144ski niepr\u0119dko powr\u00f3ci w rodzimej literaturze. W\u00f3wczas krytycy i komentatorzy nie docenili adekwatnie fenomenu wspomnianej ksi\u0119gi. Zatem czy odpowiednio doceni\u0105 now\u0105 powie\u015b\u0107 Dariusza Muszera pt. \u201eNiebieski\u201d? W\u0142a\u015bnie w niej autor postanowi\u0142 odkurzy\u0107 archaiczny topos Zbawiciela, zdawa\u0142oby si\u0119 \u2013 artystycznie wyeksploatowany do granic mo\u017cliwo\u015bci. Jednak trzeba przyzna\u0107, i\u017c mamy tutaj do czynienia z odmiennym, do\u015b\u0107 \u015bmia\u0142ym, liberty\u0144skim spojrzeniem na mo\u017cliwo\u015b\u0107 Paruzji. Jest to wynikiem postmodernistycznego podej\u015bcia do tematu.<\/p>\n<p>\u201eNiebieski\u201d to \u2013 \u015bci\u015ble rzecz bior\u0105c \u2013 ponowoczesna minipowie\u015b\u0107, utrzymana w konwencji absurdu, suto przyprawiona specyficznym humorem i przesycona cierpk\u0105 ironi\u0105. Traktuje o ponownym przybyciu Mesjasza na Ziemi\u0119 w celu uratowania rodzaju ludzkiego przed ostateczn\u0105 zag\u0142ad\u0105. Kosmiczny cichociemny zwany Niebieskim, przys\u0142any przez tajemnicz\u0105 Central\u0119, podejmuje pr\u00f3b\u0119 pokonania Wroga \u2013 z pomoc\u0105 pary osi\u0142k\u00f3w (Wyrwid\u0119bczak i Walig\u00f3rzysko), \u017cyczliwej baby-jagi i trzech sz\u00f3stek wybra\u0144c\u00f3w, czyli uczni\u00f3w z r\u00f3\u017cnych wiosek. Misja zbawcza napotyka na zaskakuj\u0105ce trudno\u015bci (jedn\u0105 z nich jest epifania alternatywnego Zbawcy) i ko\u0144czy si\u0119 krwaw\u0105 scen\u0105 udrabinowania na Wzg\u00f3rzu.<\/p>\n<p>Znana z NT historia zosta\u0142a tym razem odmalowana jakby w krzywym zwierciadle i oprawiona w bogaty ornament poga\u0144skich mit\u00f3w i ba\u015bni ludowych. Staro\u017cytny motyw ka\u017ani bo\u017cego pomaza\u0144ca ubogacono epizodami rodem z II wojny \u015bwiatowej \u2013 nocnym desantem cichociemnego czy brutaln\u0105 pacyfikacj\u0105 P\u00f3\u0142nocnej Wioski. Bezpo\u015brednie starcie Niebieskiego z siedmiog\u0142owym monstrum \u017cywcem przypomina alegori\u0119 walki \u015bw. Jerzego ze smokiem. Oto typowy postmodernistyczny miszmasz, przywo\u0142uj\u0105cy na my\u015bl pewne pomys\u0142y Stanis\u0142awa Lema czy te\u017c S\u0142awomira Mro\u017cka. Istotn\u0105 rol\u0119 w tych powi\u0105zaniach odgrywa szlif satyryczny. Mo\u017cna by wi\u0119c powiedzie\u0107, \u017ce ksi\u0105\u017cka Dariusza Muszera jest wsp\u00f3\u0142czesnym apokryfem, kt\u00f3ry w zakresie reinterpretacji biblijnych tre\u015bci nawi\u0105zuje do popularnych koncepcji Ericha von D\u00e4nikena (np. za\u0142o\u017cyciele globalnych religii jako przybysze z Kosmosu).<\/p>\n<p>A propos wa\u017ckich odniesie\u0144, warto zwr\u00f3ci\u0107 szczeg\u00f3ln\u0105 uwag\u0119 na stricte literackie walory tej opowie\u015bci. Muszer jest znakomitym gaw\u0119dziarzem, kt\u00f3ry w narracji umie spo\u017cytkowa\u0107 oczytanie r\u00f3wnie\u017c w dziedzinie lektur szkolnych pokroju \u201eWesela\u201d czy \u201eFerdydurke\u201d. W og\u00f3le tw\u00f3rca \u201ePornografii\u201d zdaje si\u0119 by\u0107 najwa\u017cniejszym, kultowym, osobistym mistrzem naszego pisarza z Hanoweru. Co i rusz odnosi si\u0119 wra\u017cenie, \u017ce pisz\u0105c \u201eNiebieskiego\u201d autor \u015bwiadomie na\u015bladowa\u0142 styl Gombrowiczowski, zar\u00f3wno w relacjach, jak i w dialogach. Oto jeden wyrazisty przyk\u0142ad: \u201e\u2013 Ja tutaj jestem od tego, aby ci dopom\u00f3c w k\u0105pieli. Jam \u0142aziebny tw\u00f3j, \u0142aziebnikiem mnie wi\u0119c zwij, \u0142aziebnikiem wo\u0142aj, jako \u0142aziebnika traktuj. Oto r\u0119ce \u017cylaste moje, oto nogi ow\u0142osione moje, oto stopy bose moje, oto j\u0119zyk czysty m\u00f3j, oto czyste uszy moje, gotowe do s\u0142uchania, otom ja ca\u0142y dla ciebie, ofiarowany i ofiarny, oto strumyk m\u00f3j dla ciebie, przez ciebie i z tob\u0105, oto woda strumykowa, \u017cywiczna i \u017ar\u00f3dlana, kt\u00f3r\u0105 strumyk ci podarowuje. \u2013 I tu uk\u0142on przede mn\u0105 jak przed panem jakim\u015b wielkim z\u0142o\u017cy\u0142 (\u2026)\u201d, (s. 37). Przecie\u017c ten kr\u00f3tki monolog r\u00f3wnie dobrze m\u00f3g\u0142by wyg\u0142osi\u0107 g\u0142\u00f3wny bohater \u201eTrans-Atlantyku\u201d, w ramach egzaltowanej perswazji, skierowanej do ekscentrycznego Gonzala. Oczywi\u015bcie pod warunkiem fabularnego dopasowania, ale nie o to chodzi. Tak wi\u0119c nachalne podobie\u0144stwo wspomnianego ju\u017c satyrycznego szlifu pozwala doszukiwa\u0107 si\u0119 takich a nie innych wp\u0142yw\u00f3w.<\/p>\n<p>Poniewa\u017c w\u0105tki ba\u015bniowe przewa\u017caj\u0105 w fantastycznych splotach akcji \u201eNiebieskiego\u201d, warto odnotowa\u0107 jeszcze jedn\u0105 analogi\u0119. Mianowicie, apokryf ten mo\u017ce si\u0119 dodatkowo kojarzy\u0107 z \u201eKilkoma czarodziejskimi historiami\u201d Zbigniewa Brzozowskiego. Przy czym nie chodzi o zwyk\u0142e zbie\u017cno\u015bci wewn\u0119trzne, inwentarzowe, tematyczne, ale raczej o spos\u00f3b przekazu, o podej\u015bcie do gaw\u0119dy, o tricki formalne. Zilustruj\u0119 to jednym drobnym przyk\u0142adem: \u201eLas urwa\u0142 si\u0119 nagle, jak przerwana my\u015bl albo pie\u015b\u0144, i przepi\u0119kny pejza\u017c wyskoczy\u0142 z worka\u201d (s.41). \u015awie\u017co\u015b\u0107, prostota i humor. Niczym w \u201eMiasteczku, kt\u00f3re jest jak ogr\u00f3d Andersena\u201d.<\/p>\n<p>Podczas lektury, coraz cz\u0119\u015bciej deliberowa\u0142em, czemu (tzn. jakiemu wy\u017cszemu celowi) mia\u0142oby s\u0142u\u017cy\u0107 takie wyko\u015blawianie chrze\u015bcija\u0144skiego orygina\u0142u? Odpowiedzi mog\u0105 by\u0107 r\u00f3\u017cne. Pozostawiam je domy\u015blno\u015bci czytelnik\u00f3w oraz ich os\u0105dom. Jedno jest pewne: Dariusz Muszer, jako \u015bwietny prozaik, mo\u017ce nas w przysz\u0142o\u015bci niejednym dzie\u0142em zaskoczy\u0107 lub zauroczy\u0107\u2026<\/p>\n<p>Latarnia Morska 4 (8) 2007 \/ 1 (9) 2008<br \/>\n\u00a9 Stanis\u0142aw Chyczy\u0144ski<\/p>\n<p>Dariusz Muszer: Niebieski, Wydawnictwo FORMA, Szczecin 2006, str. 158.<\/p>\n","protected":false},"excerpt":{"rendered":"<p>Kiedy sze\u015b\u0107 lat temu bydgoski poeta Jan G\u00f3rec-Rosi\u0144ski promowa\u0142 swoje wielkie dzie\u0142o \u201eMesjasz Zbuntowany\u201d, dramat mityczny, wydawa\u0142o si\u0119, \u017ce prastary motyw mesja\u0144ski niepr\u0119dko powr\u00f3ci w rodzimej literaturze. W\u00f3wczas krytycy i komentatorzy nie docenili adekwatnie fenomenu wspomnianej ksi\u0119gi. Zatem czy odpowiednio doceni\u0105 now\u0105 powie\u015b\u0107 Dariusza Muszera pt. \u201eNiebieski\u201d? W\u0142a\u015bnie w niej autor postanowi\u0142 odkurzy\u0107 archaiczny topos [&hellip;]<\/p>\n","protected":false},"author":2,"featured_media":0,"comment_status":"closed","ping_status":"closed","sticky":false,"template":"","format":"standard","meta":{"footnotes":""},"categories":[60,9],"tags":[89,63,99,87],"class_list":["post-537","post","type-post","status-publish","format-standard","hentry","category-niebieski","category-recenzja","tag-latarnia-morska","tag-niebieski","tag-stanislaw-chyczynski","tag-wydawnictwo-forma"],"yoast_head":"<!-- This site is optimized with the Yoast SEO plugin v27.0 - https:\/\/yoast.com\/product\/yoast-seo-wordpress\/ -->\n<title>Stanis\u0142aw Chyczy\u0144ski: Apokryf o Niebieskim - Dariusz Muszer<\/title>\n<meta name=\"description\" content=\"Stanis\u0142aw Chyczy\u0144ski o &quot;Niebieskim&quot;: &quot;Dariusz Muszer, jako \u015bwietny prozaik, mo\u017ce nas w przysz\u0142o\u015bci niejednym dzie\u0142em zaskoczy\u0107 lub zauroczy\u0107\u2026&quot;\" \/>\n<meta name=\"robots\" content=\"index, follow, max-snippet:-1, max-image-preview:large, max-video-preview:-1\" \/>\n<link rel=\"canonical\" href=\"https:\/\/dariusz-muszer.de\/pl\/stanislaw-chyczynski-apokryf-o-niebieskim\/\" \/>\n<meta property=\"og:locale\" content=\"pl_PL\" \/>\n<meta property=\"og:type\" content=\"article\" \/>\n<meta property=\"og:title\" content=\"Stanis\u0142aw Chyczy\u0144ski: Apokryf o Niebieskim - Dariusz Muszer\" \/>\n<meta property=\"og:description\" content=\"Stanis\u0142aw Chyczy\u0144ski o &quot;Niebieskim&quot;: &quot;Dariusz Muszer, jako \u015bwietny prozaik, mo\u017ce nas w przysz\u0142o\u015bci niejednym dzie\u0142em zaskoczy\u0107 lub zauroczy\u0107\u2026&quot;\" \/>\n<meta property=\"og:url\" content=\"https:\/\/dariusz-muszer.de\/pl\/stanislaw-chyczynski-apokryf-o-niebieskim\/\" \/>\n<meta property=\"og:site_name\" content=\"Dariusz Muszer\" \/>\n<meta property=\"article:published_time\" content=\"2015-06-05T04:01:30+00:00\" \/>\n<meta property=\"article:modified_time\" content=\"2015-06-08T16:12:18+00:00\" \/>\n<meta property=\"og:image\" content=\"http:\/\/dariusz-muszer.de\/pl\/wp-content\/uploads\/sites\/2\/2015\/06\/niebieski-300x300.jpg\" \/>\n<meta name=\"author\" content=\"Kama Dogo\" \/>\n<meta name=\"twitter:card\" content=\"summary_large_image\" \/>\n<meta name=\"twitter:label1\" content=\"Napisane przez\" \/>\n\t<meta name=\"twitter:data1\" content=\"Kama Dogo\" \/>\n\t<meta name=\"twitter:label2\" content=\"Szacowany czas czytania\" \/>\n\t<meta name=\"twitter:data2\" content=\"4 minuty\" \/>\n<script type=\"application\/ld+json\" class=\"yoast-schema-graph\">{\"@context\":\"https:\/\/schema.org\",\"@graph\":[{\"@type\":\"Article\",\"@id\":\"https:\/\/dariusz-muszer.de\/pl\/stanislaw-chyczynski-apokryf-o-niebieskim\/#article\",\"isPartOf\":{\"@id\":\"https:\/\/dariusz-muszer.de\/pl\/stanislaw-chyczynski-apokryf-o-niebieskim\/\"},\"author\":{\"name\":\"Kama Dogo\",\"@id\":\"https:\/\/dariusz-muszer.de\/pl\/#\/schema\/person\/cb3e5073c78ce8e49b03deed04e45211\"},\"headline\":\"Stanis\u0142aw Chyczy\u0144ski: Apokryf o Niebieskim\",\"datePublished\":\"2015-06-05T04:01:30+00:00\",\"dateModified\":\"2015-06-08T16:12:18+00:00\",\"mainEntityOfPage\":{\"@id\":\"https:\/\/dariusz-muszer.de\/pl\/stanislaw-chyczynski-apokryf-o-niebieskim\/\"},\"wordCount\":777,\"image\":{\"@id\":\"https:\/\/dariusz-muszer.de\/pl\/stanislaw-chyczynski-apokryf-o-niebieskim\/#primaryimage\"},\"thumbnailUrl\":\"http:\/\/dariusz-muszer.de\/pl\/wp-content\/uploads\/sites\/2\/2015\/06\/niebieski-300x300.jpg\",\"keywords\":[\"Latarnia Morska\",\"Niebieski\",\"Stanis\u0142aw Chyczy\u0144ski\",\"Wydawnictwo Forma\"],\"articleSection\":[\"Niebieski\",\"Recenzja\"],\"inLanguage\":\"pl-PL\"},{\"@type\":\"WebPage\",\"@id\":\"https:\/\/dariusz-muszer.de\/pl\/stanislaw-chyczynski-apokryf-o-niebieskim\/\",\"url\":\"https:\/\/dariusz-muszer.de\/pl\/stanislaw-chyczynski-apokryf-o-niebieskim\/\",\"name\":\"Stanis\u0142aw Chyczy\u0144ski: Apokryf o Niebieskim - Dariusz Muszer\",\"isPartOf\":{\"@id\":\"https:\/\/dariusz-muszer.de\/pl\/#website\"},\"primaryImageOfPage\":{\"@id\":\"https:\/\/dariusz-muszer.de\/pl\/stanislaw-chyczynski-apokryf-o-niebieskim\/#primaryimage\"},\"image\":{\"@id\":\"https:\/\/dariusz-muszer.de\/pl\/stanislaw-chyczynski-apokryf-o-niebieskim\/#primaryimage\"},\"thumbnailUrl\":\"http:\/\/dariusz-muszer.de\/pl\/wp-content\/uploads\/sites\/2\/2015\/06\/niebieski-300x300.jpg\",\"datePublished\":\"2015-06-05T04:01:30+00:00\",\"dateModified\":\"2015-06-08T16:12:18+00:00\",\"author\":{\"@id\":\"https:\/\/dariusz-muszer.de\/pl\/#\/schema\/person\/cb3e5073c78ce8e49b03deed04e45211\"},\"description\":\"Stanis\u0142aw Chyczy\u0144ski o \\\"Niebieskim\\\": \\\"Dariusz Muszer, jako \u015bwietny prozaik, mo\u017ce nas w przysz\u0142o\u015bci niejednym dzie\u0142em zaskoczy\u0107 lub zauroczy\u0107\u2026\\\"\",\"breadcrumb\":{\"@id\":\"https:\/\/dariusz-muszer.de\/pl\/stanislaw-chyczynski-apokryf-o-niebieskim\/#breadcrumb\"},\"inLanguage\":\"pl-PL\",\"potentialAction\":[{\"@type\":\"ReadAction\",\"target\":[\"https:\/\/dariusz-muszer.de\/pl\/stanislaw-chyczynski-apokryf-o-niebieskim\/\"]}]},{\"@type\":\"ImageObject\",\"inLanguage\":\"pl-PL\",\"@id\":\"https:\/\/dariusz-muszer.de\/pl\/stanislaw-chyczynski-apokryf-o-niebieskim\/#primaryimage\",\"url\":\"http:\/\/dariusz-muszer.de\/pl\/wp-content\/uploads\/sites\/2\/2015\/06\/niebieski-300x300.jpg\",\"contentUrl\":\"http:\/\/dariusz-muszer.de\/pl\/wp-content\/uploads\/sites\/2\/2015\/06\/niebieski-300x300.jpg\"},{\"@type\":\"BreadcrumbList\",\"@id\":\"https:\/\/dariusz-muszer.de\/pl\/stanislaw-chyczynski-apokryf-o-niebieskim\/#breadcrumb\",\"itemListElement\":[{\"@type\":\"ListItem\",\"position\":1,\"name\":\"Strona g\u0142\u00f3wna\",\"item\":\"https:\/\/dariusz-muszer.de\/pl\/\"},{\"@type\":\"ListItem\",\"position\":2,\"name\":\"Stanis\u0142aw Chyczy\u0144ski: Apokryf o Niebieskim\"}]},{\"@type\":\"WebSite\",\"@id\":\"https:\/\/dariusz-muszer.de\/pl\/#website\",\"url\":\"https:\/\/dariusz-muszer.de\/pl\/\",\"name\":\"Dariusz Muszer\",\"description\":\"pisarz\",\"potentialAction\":[{\"@type\":\"SearchAction\",\"target\":{\"@type\":\"EntryPoint\",\"urlTemplate\":\"https:\/\/dariusz-muszer.de\/pl\/?s={search_term_string}\"},\"query-input\":{\"@type\":\"PropertyValueSpecification\",\"valueRequired\":true,\"valueName\":\"search_term_string\"}}],\"inLanguage\":\"pl-PL\"},{\"@type\":\"Person\",\"@id\":\"https:\/\/dariusz-muszer.de\/pl\/#\/schema\/person\/cb3e5073c78ce8e49b03deed04e45211\",\"name\":\"Kama Dogo\",\"image\":{\"@type\":\"ImageObject\",\"inLanguage\":\"pl-PL\",\"@id\":\"https:\/\/dariusz-muszer.de\/pl\/#\/schema\/person\/image\/\",\"url\":\"https:\/\/secure.gravatar.com\/avatar\/16c67aaddea682dc94a63eb3eb7791e38f5f6b75f4daa10cc7ccbe7d141a5472?s=96&d=mm&r=g\",\"contentUrl\":\"https:\/\/secure.gravatar.com\/avatar\/16c67aaddea682dc94a63eb3eb7791e38f5f6b75f4daa10cc7ccbe7d141a5472?s=96&d=mm&r=g\",\"caption\":\"Kama Dogo\"},\"url\":\"https:\/\/dariusz-muszer.de\/pl\/author\/kama-dogo\/\"}]}<\/script>\n<!-- \/ Yoast SEO plugin. -->","yoast_head_json":{"title":"Stanis\u0142aw Chyczy\u0144ski: Apokryf o Niebieskim - Dariusz Muszer","description":"Stanis\u0142aw Chyczy\u0144ski o \"Niebieskim\": \"Dariusz Muszer, jako \u015bwietny prozaik, mo\u017ce nas w przysz\u0142o\u015bci niejednym dzie\u0142em zaskoczy\u0107 lub zauroczy\u0107\u2026\"","robots":{"index":"index","follow":"follow","max-snippet":"max-snippet:-1","max-image-preview":"max-image-preview:large","max-video-preview":"max-video-preview:-1"},"canonical":"https:\/\/dariusz-muszer.de\/pl\/stanislaw-chyczynski-apokryf-o-niebieskim\/","og_locale":"pl_PL","og_type":"article","og_title":"Stanis\u0142aw Chyczy\u0144ski: Apokryf o Niebieskim - Dariusz Muszer","og_description":"Stanis\u0142aw Chyczy\u0144ski o \"Niebieskim\": \"Dariusz Muszer, jako \u015bwietny prozaik, mo\u017ce nas w przysz\u0142o\u015bci niejednym dzie\u0142em zaskoczy\u0107 lub zauroczy\u0107\u2026\"","og_url":"https:\/\/dariusz-muszer.de\/pl\/stanislaw-chyczynski-apokryf-o-niebieskim\/","og_site_name":"Dariusz Muszer","article_published_time":"2015-06-05T04:01:30+00:00","article_modified_time":"2015-06-08T16:12:18+00:00","og_image":[{"url":"http:\/\/dariusz-muszer.de\/pl\/wp-content\/uploads\/sites\/2\/2015\/06\/niebieski-300x300.jpg","type":"","width":"","height":""}],"author":"Kama Dogo","twitter_card":"summary_large_image","twitter_misc":{"Napisane przez":"Kama Dogo","Szacowany czas czytania":"4 minuty"},"schema":{"@context":"https:\/\/schema.org","@graph":[{"@type":"Article","@id":"https:\/\/dariusz-muszer.de\/pl\/stanislaw-chyczynski-apokryf-o-niebieskim\/#article","isPartOf":{"@id":"https:\/\/dariusz-muszer.de\/pl\/stanislaw-chyczynski-apokryf-o-niebieskim\/"},"author":{"name":"Kama Dogo","@id":"https:\/\/dariusz-muszer.de\/pl\/#\/schema\/person\/cb3e5073c78ce8e49b03deed04e45211"},"headline":"Stanis\u0142aw Chyczy\u0144ski: Apokryf o Niebieskim","datePublished":"2015-06-05T04:01:30+00:00","dateModified":"2015-06-08T16:12:18+00:00","mainEntityOfPage":{"@id":"https:\/\/dariusz-muszer.de\/pl\/stanislaw-chyczynski-apokryf-o-niebieskim\/"},"wordCount":777,"image":{"@id":"https:\/\/dariusz-muszer.de\/pl\/stanislaw-chyczynski-apokryf-o-niebieskim\/#primaryimage"},"thumbnailUrl":"http:\/\/dariusz-muszer.de\/pl\/wp-content\/uploads\/sites\/2\/2015\/06\/niebieski-300x300.jpg","keywords":["Latarnia Morska","Niebieski","Stanis\u0142aw Chyczy\u0144ski","Wydawnictwo Forma"],"articleSection":["Niebieski","Recenzja"],"inLanguage":"pl-PL"},{"@type":"WebPage","@id":"https:\/\/dariusz-muszer.de\/pl\/stanislaw-chyczynski-apokryf-o-niebieskim\/","url":"https:\/\/dariusz-muszer.de\/pl\/stanislaw-chyczynski-apokryf-o-niebieskim\/","name":"Stanis\u0142aw Chyczy\u0144ski: Apokryf o Niebieskim - Dariusz Muszer","isPartOf":{"@id":"https:\/\/dariusz-muszer.de\/pl\/#website"},"primaryImageOfPage":{"@id":"https:\/\/dariusz-muszer.de\/pl\/stanislaw-chyczynski-apokryf-o-niebieskim\/#primaryimage"},"image":{"@id":"https:\/\/dariusz-muszer.de\/pl\/stanislaw-chyczynski-apokryf-o-niebieskim\/#primaryimage"},"thumbnailUrl":"http:\/\/dariusz-muszer.de\/pl\/wp-content\/uploads\/sites\/2\/2015\/06\/niebieski-300x300.jpg","datePublished":"2015-06-05T04:01:30+00:00","dateModified":"2015-06-08T16:12:18+00:00","author":{"@id":"https:\/\/dariusz-muszer.de\/pl\/#\/schema\/person\/cb3e5073c78ce8e49b03deed04e45211"},"description":"Stanis\u0142aw Chyczy\u0144ski o \"Niebieskim\": \"Dariusz Muszer, jako \u015bwietny prozaik, mo\u017ce nas w przysz\u0142o\u015bci niejednym dzie\u0142em zaskoczy\u0107 lub zauroczy\u0107\u2026\"","breadcrumb":{"@id":"https:\/\/dariusz-muszer.de\/pl\/stanislaw-chyczynski-apokryf-o-niebieskim\/#breadcrumb"},"inLanguage":"pl-PL","potentialAction":[{"@type":"ReadAction","target":["https:\/\/dariusz-muszer.de\/pl\/stanislaw-chyczynski-apokryf-o-niebieskim\/"]}]},{"@type":"ImageObject","inLanguage":"pl-PL","@id":"https:\/\/dariusz-muszer.de\/pl\/stanislaw-chyczynski-apokryf-o-niebieskim\/#primaryimage","url":"http:\/\/dariusz-muszer.de\/pl\/wp-content\/uploads\/sites\/2\/2015\/06\/niebieski-300x300.jpg","contentUrl":"http:\/\/dariusz-muszer.de\/pl\/wp-content\/uploads\/sites\/2\/2015\/06\/niebieski-300x300.jpg"},{"@type":"BreadcrumbList","@id":"https:\/\/dariusz-muszer.de\/pl\/stanislaw-chyczynski-apokryf-o-niebieskim\/#breadcrumb","itemListElement":[{"@type":"ListItem","position":1,"name":"Strona g\u0142\u00f3wna","item":"https:\/\/dariusz-muszer.de\/pl\/"},{"@type":"ListItem","position":2,"name":"Stanis\u0142aw Chyczy\u0144ski: Apokryf o Niebieskim"}]},{"@type":"WebSite","@id":"https:\/\/dariusz-muszer.de\/pl\/#website","url":"https:\/\/dariusz-muszer.de\/pl\/","name":"Dariusz Muszer","description":"pisarz","potentialAction":[{"@type":"SearchAction","target":{"@type":"EntryPoint","urlTemplate":"https:\/\/dariusz-muszer.de\/pl\/?s={search_term_string}"},"query-input":{"@type":"PropertyValueSpecification","valueRequired":true,"valueName":"search_term_string"}}],"inLanguage":"pl-PL"},{"@type":"Person","@id":"https:\/\/dariusz-muszer.de\/pl\/#\/schema\/person\/cb3e5073c78ce8e49b03deed04e45211","name":"Kama Dogo","image":{"@type":"ImageObject","inLanguage":"pl-PL","@id":"https:\/\/dariusz-muszer.de\/pl\/#\/schema\/person\/image\/","url":"https:\/\/secure.gravatar.com\/avatar\/16c67aaddea682dc94a63eb3eb7791e38f5f6b75f4daa10cc7ccbe7d141a5472?s=96&d=mm&r=g","contentUrl":"https:\/\/secure.gravatar.com\/avatar\/16c67aaddea682dc94a63eb3eb7791e38f5f6b75f4daa10cc7ccbe7d141a5472?s=96&d=mm&r=g","caption":"Kama Dogo"},"url":"https:\/\/dariusz-muszer.de\/pl\/author\/kama-dogo\/"}]}},"_links":{"self":[{"href":"https:\/\/dariusz-muszer.de\/pl\/wp-json\/wp\/v2\/posts\/537","targetHints":{"allow":["GET"]}}],"collection":[{"href":"https:\/\/dariusz-muszer.de\/pl\/wp-json\/wp\/v2\/posts"}],"about":[{"href":"https:\/\/dariusz-muszer.de\/pl\/wp-json\/wp\/v2\/types\/post"}],"author":[{"embeddable":true,"href":"https:\/\/dariusz-muszer.de\/pl\/wp-json\/wp\/v2\/users\/2"}],"replies":[{"embeddable":true,"href":"https:\/\/dariusz-muszer.de\/pl\/wp-json\/wp\/v2\/comments?post=537"}],"version-history":[{"count":0,"href":"https:\/\/dariusz-muszer.de\/pl\/wp-json\/wp\/v2\/posts\/537\/revisions"}],"wp:attachment":[{"href":"https:\/\/dariusz-muszer.de\/pl\/wp-json\/wp\/v2\/media?parent=537"}],"wp:term":[{"taxonomy":"category","embeddable":true,"href":"https:\/\/dariusz-muszer.de\/pl\/wp-json\/wp\/v2\/categories?post=537"},{"taxonomy":"post_tag","embeddable":true,"href":"https:\/\/dariusz-muszer.de\/pl\/wp-json\/wp\/v2\/tags?post=537"}],"curies":[{"name":"wp","href":"https:\/\/api.w.org\/{rel}","templated":true}]}}