{"id":520,"date":"2015-06-08T10:38:07","date_gmt":"2015-06-08T08:38:07","guid":{"rendered":"http:\/\/dariusz-muszer.de\/pl\/?p=520"},"modified":"2015-06-10T18:20:33","modified_gmt":"2015-06-10T16:20:33","slug":"katarzyna-bereta-komiczna-historia-poplatanego-zycia-faceta","status":"publish","type":"post","link":"https:\/\/dariusz-muszer.de\/pl\/katarzyna-bereta-komiczna-historia-poplatanego-zycia-faceta\/","title":{"rendered":"Katarzyna Bereta: Komiczna historia popl\u0105tanego \u017cycia faceta"},"content":{"rendered":"<p><a href=\"https:\/\/dariusz-muszer.de\/pl\/wp-content\/uploads\/sites\/2\/2015\/06\/wolnosc-pachnie-wanilia.jpg\" rel=\"lightbox[520]\"><img loading=\"lazy\" decoding=\"async\" class=\"alignleft size-medium wp-image-448\" src=\"https:\/\/dariusz-muszer.de\/pl\/wp-content\/uploads\/sites\/2\/2015\/06\/wolnosc-pachnie-wanilia-300x300.jpg\" alt=\"Wolno\u015b\u0107 pachnie wanili\u0105\" width=\"300\" height=\"300\" srcset=\"https:\/\/dariusz-muszer.de\/pl\/wp-content\/uploads\/sites\/2\/2015\/06\/wolnosc-pachnie-wanilia-300x300.jpg 300w, https:\/\/dariusz-muszer.de\/pl\/wp-content\/uploads\/sites\/2\/2015\/06\/wolnosc-pachnie-wanilia-200x200.jpg 200w, https:\/\/dariusz-muszer.de\/pl\/wp-content\/uploads\/sites\/2\/2015\/06\/wolnosc-pachnie-wanilia.jpg 600w\" sizes=\"auto, (max-width: 300px) 100vw, 300px\" \/><\/a>\u201eWolno\u015b\u0107 pachnie wanili\u0105\u201d Dariusza Muszera to powie\u015b\u0107 z kr\u0119gu literatury poszukuj\u0105cej wyt\u0142umaczenia stosunk\u00f3w polsko-niemieckich i polsko-\u017cydowskich, wyja\u015bnienia istniej\u0105cych oficjalnie i nieoficjalnie zasz\u0142o\u015bci, nieporozumie\u0144, a nawet wrogo\u015bci czy wr\u0119cz nienawi\u015bci. Klamr\u0105 spinaj\u0105c\u0105 te trzy \u015bwiaty kulturowo-historyczne jest czwarta grupa etniczna &#8211; \u0141u\u017cyczanie.<\/p>\n<p>Naletnik, czyli g\u0142\u00f3wny bohater, jako \u0141u\u017cyczanin o korzeniach polsko-niemiecko-\u017cydowskich stanowi dla czytelnika \u017ar\u00f3d\u0142o informacji o zawi\u0142ych relacjach pomi\u0119dzy poszczeg\u00f3lnymi odnogami tych\u017ce korzeni. Jest swego rodzaju polem, na kt\u00f3rym toczy si\u0119 bitwa gen\u00f3w, kultur, mentalno\u015bci, \u015bwiadomo\u015bci historycznej i przynale\u017cno\u015bci obszarowej. I by\u0107 mo\u017ce z faktu, i\u017c wygrana kt\u00f3rejkolwiek ze stron stanowi\u0142aby przyczynek do podj\u0119cia burzliwej dyskusji medialno-politycznej w kt\u00f3rym\u015b z kraj\u00f3w, w kt\u00f3rym przeczytana zosta\u0142aby wzmiankowana ksi\u0105\u017cka, zawa\u017cy\u0142 na do\u0142\u0105czeniu przez Autora jeszcze jednego pochodzenia Naletnika. Jako Mieszkaniec Kosmosu, kt\u00f3ry przypadkiem tylko zosta\u0142 zrzucony na ten popl\u0105tany kawa\u0142ek Ziemi, a kt\u00f3rego prawdziwym przeznaczeniem by\u0142y narodziny w Svingen w Norwegii, nie mo\u017ce obrazi\u0107 nikogo ze swoich przypadkowych pobratymc\u00f3w, czy to polskich, czy \u017cydowskich, czy niemieckich. Rozwi\u0105zaniem zatem kwestii wszelkich k\u0142\u00f3tni powy\u017cszych narodowo\u015bci, jak i kwestii pochodzenia Naletnika i jemu podobnych jest dopuszczenie do \u015bwiadomo\u015bci istnienia alternatywy w postaci desantu z Kosmosu, co tu powiedzie\u0107, czasami nieudanego. By\u0107 mo\u017ce tak\u017ce z powodu tego chybionego desantu zaistnia\u0142y w przesz\u0142o\u015bci i trwaj\u0105 do dzisiaj wa\u015bnie pomi\u0119dzy Polakami, \u017bydami i Niemcami. Mo\u017ce to wina Upierzonych, kt\u00f3rzy zrzucili obok siebie niew\u0142a\u015bciwych ludzi i kazali im nauczy\u0107 si\u0119 \u017cy\u0107 razem, cho\u0107 by\u0142o to z g\u00f3ry niemo\u017cliwe.<\/p>\n<p>\u201eWolno\u015b\u0107 pachnie wanili\u0105\u201d to jednak\u017ce nie jaka\u015b wielka epopeja tych trzech narodowo\u015bci, nie gloryfikacja lub poni\u017canie kt\u00f3rejkolwiek z nich. To po prostu komiczna historia popl\u0105tanego \u017cycia faceta, kt\u00f3ry swoim nieokrzesaniem, dosadno\u015bci\u0105 wypowiedzi, chamskimi wr\u0119cz zachowaniami wobec \u017cony momentami budzi w czytelniku najgorsze uczucia. R\u00f3wnocze\u015bnie jednak m\u00f3wi nam wiele o nas samych, o naszym stosunku do innych nacji, o ci\u0105g\u0142ym napi\u0119tnowaniu naszej \u015bwiadomo\u015bci przez peerelowsk\u0105 przesz\u0142o\u015b\u0107, o nalecia\u0142o\u015bciach z tamtych czas\u00f3w oraz o naszej wielkiej, narodowej specjalno\u015bci \u2013 totalnym wykorzenieniu, kt\u00f3re pozwala na swobodn\u0105 emigracj\u0119, na plucie na w\u0142asn\u0105 Ojczyzn\u0119, gdy co\u015b mi osobi\u015bcie nie pasuje i na wieczne narzekanie, \u017ce wsz\u0119dzie dobrze, gdzie nas nie ma, \u017ce tylko nad nami pada deszcz, podczas gdy gdzie indziej \u015bwieci rajskie s\u0142o\u0144ce.<\/p>\n<p>Gor\u0105co polecam ksi\u0105\u017ck\u0119 Muszera, szczeg\u00f3lnie tym wszystkim, kt\u00f3rym wydaje si\u0119, \u017ce wolno\u015b\u0107 pachnie wanili\u0105, proszkiem Persil i banknotami euro, \u017ce nie kosztuje wysi\u0142ku zmierzenia si\u0119 ze swoim pochodzeniem, ze zmitologizowan\u0105 w du\u017cej mierze przesz\u0142o\u015bci\u0105, \u017ce przychodzi \u0142atwo, lekko i przyjemnie wraz z ucieczk\u0105 spod tego kawa\u0142ka nieba, pod kt\u00f3rym przysz\u0142o nam akuratnie \u017cy\u0107. P\u00f3ki co, m\u00f3zgu i gen\u00f3w nikt nie przeszczepia, a zatem zabieramy ze sob\u0105 ca\u0142y ten balast, kt\u00f3ry nam ci\u0105\u017cy\u0142. Zabieramy nasze problemy, korzenie, mentalno\u015b\u0107, \u015bwiadomo\u015b\u0107, zmieniamy tylko punkt na Ziemi, ale czy punkt widzenia\u2026? Na te i inne pytania jeszcze raz polecam lektur\u0119 Muszera.<\/p>\n<p><a href=\"http:\/\/www.iik.pl\/recenzje.php\/678\">Internetowe Imperium Ksi\u0105\u017cki, 23.09.2009<\/a><br \/>\n\u00a9 Katarzyna Bereta<\/p>\n","protected":false},"excerpt":{"rendered":"<p>\u201eWolno\u015b\u0107 pachnie wanili\u0105\u201d Dariusza Muszera to powie\u015b\u0107 z kr\u0119gu literatury poszukuj\u0105cej wyt\u0142umaczenia stosunk\u00f3w polsko-niemieckich i polsko-\u017cydowskich, wyja\u015bnienia istniej\u0105cych oficjalnie i nieoficjalnie zasz\u0142o\u015bci, nieporozumie\u0144, a nawet wrogo\u015bci czy wr\u0119cz nienawi\u015bci. Klamr\u0105 spinaj\u0105c\u0105 te trzy \u015bwiaty kulturowo-historyczne jest czwarta grupa etniczna &#8211; \u0141u\u017cyczanie. Naletnik, czyli g\u0142\u00f3wny bohater, jako \u0141u\u017cyczanin o korzeniach polsko-niemiecko-\u017cydowskich stanowi dla czytelnika \u017ar\u00f3d\u0142o informacji [&hellip;]<\/p>\n","protected":false},"author":2,"featured_media":0,"comment_status":"closed","ping_status":"closed","sticky":false,"template":"","format":"standard","meta":{"footnotes":""},"categories":[9,4],"tags":[84,91,7,87],"class_list":["post-520","post","type-post","status-publish","format-standard","hentry","category-recenzja","category-wolnosc-pachnie-wanilia","tag-die-freiheit-riecht-nach-vanille","tag-katarzyna-bereta","tag-wolnosc-pachnie-wanilia","tag-wydawnictwo-forma"],"yoast_head":"<!-- This site is optimized with the Yoast SEO plugin v27.0 - https:\/\/yoast.com\/product\/yoast-seo-wordpress\/ -->\n<title>Katarzyna Bereta: Komiczna historia popl\u0105tanego \u017cycia faceta - Dariusz Muszer<\/title>\n<meta name=\"description\" content=\"Katarzyna Bereta: \u201eWolno\u015b\u0107 pachnie wanili\u0105\u201d Dariusza Muszera to powie\u015b\u0107 z kr\u0119gu literatury poszukuj\u0105cej wyt\u0142umaczenia stosunk\u00f3w polsko-niemieckich i polsko-\u017cydowskich, wyja\u015bnienia istniej\u0105cych oficjalnie i nieoficjalnie zasz\u0142o\u015bci,\" \/>\n<meta name=\"robots\" content=\"index, follow, max-snippet:-1, max-image-preview:large, max-video-preview:-1\" \/>\n<link rel=\"canonical\" href=\"https:\/\/dariusz-muszer.de\/pl\/katarzyna-bereta-komiczna-historia-poplatanego-zycia-faceta\/\" \/>\n<meta property=\"og:locale\" content=\"pl_PL\" \/>\n<meta property=\"og:type\" content=\"article\" \/>\n<meta property=\"og:title\" content=\"Katarzyna Bereta: Komiczna historia popl\u0105tanego \u017cycia faceta - Dariusz Muszer\" \/>\n<meta property=\"og:description\" content=\"Katarzyna Bereta: \u201eWolno\u015b\u0107 pachnie wanili\u0105\u201d Dariusza Muszera to powie\u015b\u0107 z kr\u0119gu literatury poszukuj\u0105cej wyt\u0142umaczenia stosunk\u00f3w polsko-niemieckich i polsko-\u017cydowskich, wyja\u015bnienia istniej\u0105cych oficjalnie i nieoficjalnie zasz\u0142o\u015bci,\" \/>\n<meta property=\"og:url\" content=\"https:\/\/dariusz-muszer.de\/pl\/katarzyna-bereta-komiczna-historia-poplatanego-zycia-faceta\/\" \/>\n<meta property=\"og:site_name\" content=\"Dariusz Muszer\" \/>\n<meta property=\"article:published_time\" content=\"2015-06-08T08:38:07+00:00\" \/>\n<meta property=\"article:modified_time\" content=\"2015-06-10T16:20:33+00:00\" \/>\n<meta property=\"og:image\" content=\"http:\/\/dariusz-muszer.de\/pl\/wp-content\/uploads\/sites\/2\/2015\/06\/wolnosc-pachnie-wanilia-300x300.jpg\" \/>\n<meta name=\"author\" content=\"Kama Dogo\" \/>\n<meta name=\"twitter:card\" content=\"summary_large_image\" \/>\n<meta name=\"twitter:label1\" content=\"Napisane przez\" \/>\n\t<meta name=\"twitter:data1\" content=\"Kama Dogo\" \/>\n\t<meta name=\"twitter:label2\" content=\"Szacowany czas czytania\" \/>\n\t<meta name=\"twitter:data2\" content=\"3 minuty\" \/>\n<script type=\"application\/ld+json\" class=\"yoast-schema-graph\">{\"@context\":\"https:\/\/schema.org\",\"@graph\":[{\"@type\":\"Article\",\"@id\":\"https:\/\/dariusz-muszer.de\/pl\/katarzyna-bereta-komiczna-historia-poplatanego-zycia-faceta\/#article\",\"isPartOf\":{\"@id\":\"https:\/\/dariusz-muszer.de\/pl\/katarzyna-bereta-komiczna-historia-poplatanego-zycia-faceta\/\"},\"author\":{\"name\":\"Kama Dogo\",\"@id\":\"https:\/\/dariusz-muszer.de\/pl\/#\/schema\/person\/cb3e5073c78ce8e49b03deed04e45211\"},\"headline\":\"Katarzyna Bereta: Komiczna historia popl\u0105tanego \u017cycia faceta\",\"datePublished\":\"2015-06-08T08:38:07+00:00\",\"dateModified\":\"2015-06-10T16:20:33+00:00\",\"mainEntityOfPage\":{\"@id\":\"https:\/\/dariusz-muszer.de\/pl\/katarzyna-bereta-komiczna-historia-poplatanego-zycia-faceta\/\"},\"wordCount\":567,\"image\":{\"@id\":\"https:\/\/dariusz-muszer.de\/pl\/katarzyna-bereta-komiczna-historia-poplatanego-zycia-faceta\/#primaryimage\"},\"thumbnailUrl\":\"http:\/\/dariusz-muszer.de\/pl\/wp-content\/uploads\/sites\/2\/2015\/06\/wolnosc-pachnie-wanilia-300x300.jpg\",\"keywords\":[\"Die Freiheit riecht nach Vanille\",\"Katarzyna Bereta\",\"Wolno\u015b\u0107 pachnie wanili\u0105\",\"Wydawnictwo Forma\"],\"articleSection\":[\"Recenzja\",\"Wolno\u015b\u0107 pachnie wanili\u0105\"],\"inLanguage\":\"pl-PL\"},{\"@type\":\"WebPage\",\"@id\":\"https:\/\/dariusz-muszer.de\/pl\/katarzyna-bereta-komiczna-historia-poplatanego-zycia-faceta\/\",\"url\":\"https:\/\/dariusz-muszer.de\/pl\/katarzyna-bereta-komiczna-historia-poplatanego-zycia-faceta\/\",\"name\":\"Katarzyna Bereta: Komiczna historia popl\u0105tanego \u017cycia faceta - Dariusz Muszer\",\"isPartOf\":{\"@id\":\"https:\/\/dariusz-muszer.de\/pl\/#website\"},\"primaryImageOfPage\":{\"@id\":\"https:\/\/dariusz-muszer.de\/pl\/katarzyna-bereta-komiczna-historia-poplatanego-zycia-faceta\/#primaryimage\"},\"image\":{\"@id\":\"https:\/\/dariusz-muszer.de\/pl\/katarzyna-bereta-komiczna-historia-poplatanego-zycia-faceta\/#primaryimage\"},\"thumbnailUrl\":\"http:\/\/dariusz-muszer.de\/pl\/wp-content\/uploads\/sites\/2\/2015\/06\/wolnosc-pachnie-wanilia-300x300.jpg\",\"datePublished\":\"2015-06-08T08:38:07+00:00\",\"dateModified\":\"2015-06-10T16:20:33+00:00\",\"author\":{\"@id\":\"https:\/\/dariusz-muszer.de\/pl\/#\/schema\/person\/cb3e5073c78ce8e49b03deed04e45211\"},\"description\":\"Katarzyna Bereta: \u201eWolno\u015b\u0107 pachnie wanili\u0105\u201d Dariusza Muszera to powie\u015b\u0107 z kr\u0119gu literatury poszukuj\u0105cej wyt\u0142umaczenia stosunk\u00f3w polsko-niemieckich i polsko-\u017cydowskich, wyja\u015bnienia istniej\u0105cych oficjalnie i nieoficjalnie zasz\u0142o\u015bci,\",\"breadcrumb\":{\"@id\":\"https:\/\/dariusz-muszer.de\/pl\/katarzyna-bereta-komiczna-historia-poplatanego-zycia-faceta\/#breadcrumb\"},\"inLanguage\":\"pl-PL\",\"potentialAction\":[{\"@type\":\"ReadAction\",\"target\":[\"https:\/\/dariusz-muszer.de\/pl\/katarzyna-bereta-komiczna-historia-poplatanego-zycia-faceta\/\"]}]},{\"@type\":\"ImageObject\",\"inLanguage\":\"pl-PL\",\"@id\":\"https:\/\/dariusz-muszer.de\/pl\/katarzyna-bereta-komiczna-historia-poplatanego-zycia-faceta\/#primaryimage\",\"url\":\"http:\/\/dariusz-muszer.de\/pl\/wp-content\/uploads\/sites\/2\/2015\/06\/wolnosc-pachnie-wanilia-300x300.jpg\",\"contentUrl\":\"http:\/\/dariusz-muszer.de\/pl\/wp-content\/uploads\/sites\/2\/2015\/06\/wolnosc-pachnie-wanilia-300x300.jpg\"},{\"@type\":\"BreadcrumbList\",\"@id\":\"https:\/\/dariusz-muszer.de\/pl\/katarzyna-bereta-komiczna-historia-poplatanego-zycia-faceta\/#breadcrumb\",\"itemListElement\":[{\"@type\":\"ListItem\",\"position\":1,\"name\":\"Strona g\u0142\u00f3wna\",\"item\":\"https:\/\/dariusz-muszer.de\/pl\/\"},{\"@type\":\"ListItem\",\"position\":2,\"name\":\"Katarzyna Bereta: Komiczna historia popl\u0105tanego \u017cycia faceta\"}]},{\"@type\":\"WebSite\",\"@id\":\"https:\/\/dariusz-muszer.de\/pl\/#website\",\"url\":\"https:\/\/dariusz-muszer.de\/pl\/\",\"name\":\"Dariusz Muszer\",\"description\":\"pisarz\",\"potentialAction\":[{\"@type\":\"SearchAction\",\"target\":{\"@type\":\"EntryPoint\",\"urlTemplate\":\"https:\/\/dariusz-muszer.de\/pl\/?s={search_term_string}\"},\"query-input\":{\"@type\":\"PropertyValueSpecification\",\"valueRequired\":true,\"valueName\":\"search_term_string\"}}],\"inLanguage\":\"pl-PL\"},{\"@type\":\"Person\",\"@id\":\"https:\/\/dariusz-muszer.de\/pl\/#\/schema\/person\/cb3e5073c78ce8e49b03deed04e45211\",\"name\":\"Kama Dogo\",\"image\":{\"@type\":\"ImageObject\",\"inLanguage\":\"pl-PL\",\"@id\":\"https:\/\/dariusz-muszer.de\/pl\/#\/schema\/person\/image\/\",\"url\":\"https:\/\/secure.gravatar.com\/avatar\/16c67aaddea682dc94a63eb3eb7791e38f5f6b75f4daa10cc7ccbe7d141a5472?s=96&d=mm&r=g\",\"contentUrl\":\"https:\/\/secure.gravatar.com\/avatar\/16c67aaddea682dc94a63eb3eb7791e38f5f6b75f4daa10cc7ccbe7d141a5472?s=96&d=mm&r=g\",\"caption\":\"Kama Dogo\"},\"url\":\"https:\/\/dariusz-muszer.de\/pl\/author\/kama-dogo\/\"}]}<\/script>\n<!-- \/ Yoast SEO plugin. -->","yoast_head_json":{"title":"Katarzyna Bereta: Komiczna historia popl\u0105tanego \u017cycia faceta - Dariusz Muszer","description":"Katarzyna Bereta: \u201eWolno\u015b\u0107 pachnie wanili\u0105\u201d Dariusza Muszera to powie\u015b\u0107 z kr\u0119gu literatury poszukuj\u0105cej wyt\u0142umaczenia stosunk\u00f3w polsko-niemieckich i polsko-\u017cydowskich, wyja\u015bnienia istniej\u0105cych oficjalnie i nieoficjalnie zasz\u0142o\u015bci,","robots":{"index":"index","follow":"follow","max-snippet":"max-snippet:-1","max-image-preview":"max-image-preview:large","max-video-preview":"max-video-preview:-1"},"canonical":"https:\/\/dariusz-muszer.de\/pl\/katarzyna-bereta-komiczna-historia-poplatanego-zycia-faceta\/","og_locale":"pl_PL","og_type":"article","og_title":"Katarzyna Bereta: Komiczna historia popl\u0105tanego \u017cycia faceta - Dariusz Muszer","og_description":"Katarzyna Bereta: \u201eWolno\u015b\u0107 pachnie wanili\u0105\u201d Dariusza Muszera to powie\u015b\u0107 z kr\u0119gu literatury poszukuj\u0105cej wyt\u0142umaczenia stosunk\u00f3w polsko-niemieckich i polsko-\u017cydowskich, wyja\u015bnienia istniej\u0105cych oficjalnie i nieoficjalnie zasz\u0142o\u015bci,","og_url":"https:\/\/dariusz-muszer.de\/pl\/katarzyna-bereta-komiczna-historia-poplatanego-zycia-faceta\/","og_site_name":"Dariusz Muszer","article_published_time":"2015-06-08T08:38:07+00:00","article_modified_time":"2015-06-10T16:20:33+00:00","og_image":[{"url":"http:\/\/dariusz-muszer.de\/pl\/wp-content\/uploads\/sites\/2\/2015\/06\/wolnosc-pachnie-wanilia-300x300.jpg","type":"","width":"","height":""}],"author":"Kama Dogo","twitter_card":"summary_large_image","twitter_misc":{"Napisane przez":"Kama Dogo","Szacowany czas czytania":"3 minuty"},"schema":{"@context":"https:\/\/schema.org","@graph":[{"@type":"Article","@id":"https:\/\/dariusz-muszer.de\/pl\/katarzyna-bereta-komiczna-historia-poplatanego-zycia-faceta\/#article","isPartOf":{"@id":"https:\/\/dariusz-muszer.de\/pl\/katarzyna-bereta-komiczna-historia-poplatanego-zycia-faceta\/"},"author":{"name":"Kama Dogo","@id":"https:\/\/dariusz-muszer.de\/pl\/#\/schema\/person\/cb3e5073c78ce8e49b03deed04e45211"},"headline":"Katarzyna Bereta: Komiczna historia popl\u0105tanego \u017cycia faceta","datePublished":"2015-06-08T08:38:07+00:00","dateModified":"2015-06-10T16:20:33+00:00","mainEntityOfPage":{"@id":"https:\/\/dariusz-muszer.de\/pl\/katarzyna-bereta-komiczna-historia-poplatanego-zycia-faceta\/"},"wordCount":567,"image":{"@id":"https:\/\/dariusz-muszer.de\/pl\/katarzyna-bereta-komiczna-historia-poplatanego-zycia-faceta\/#primaryimage"},"thumbnailUrl":"http:\/\/dariusz-muszer.de\/pl\/wp-content\/uploads\/sites\/2\/2015\/06\/wolnosc-pachnie-wanilia-300x300.jpg","keywords":["Die Freiheit riecht nach Vanille","Katarzyna Bereta","Wolno\u015b\u0107 pachnie wanili\u0105","Wydawnictwo Forma"],"articleSection":["Recenzja","Wolno\u015b\u0107 pachnie wanili\u0105"],"inLanguage":"pl-PL"},{"@type":"WebPage","@id":"https:\/\/dariusz-muszer.de\/pl\/katarzyna-bereta-komiczna-historia-poplatanego-zycia-faceta\/","url":"https:\/\/dariusz-muszer.de\/pl\/katarzyna-bereta-komiczna-historia-poplatanego-zycia-faceta\/","name":"Katarzyna Bereta: Komiczna historia popl\u0105tanego \u017cycia faceta - Dariusz Muszer","isPartOf":{"@id":"https:\/\/dariusz-muszer.de\/pl\/#website"},"primaryImageOfPage":{"@id":"https:\/\/dariusz-muszer.de\/pl\/katarzyna-bereta-komiczna-historia-poplatanego-zycia-faceta\/#primaryimage"},"image":{"@id":"https:\/\/dariusz-muszer.de\/pl\/katarzyna-bereta-komiczna-historia-poplatanego-zycia-faceta\/#primaryimage"},"thumbnailUrl":"http:\/\/dariusz-muszer.de\/pl\/wp-content\/uploads\/sites\/2\/2015\/06\/wolnosc-pachnie-wanilia-300x300.jpg","datePublished":"2015-06-08T08:38:07+00:00","dateModified":"2015-06-10T16:20:33+00:00","author":{"@id":"https:\/\/dariusz-muszer.de\/pl\/#\/schema\/person\/cb3e5073c78ce8e49b03deed04e45211"},"description":"Katarzyna Bereta: \u201eWolno\u015b\u0107 pachnie wanili\u0105\u201d Dariusza Muszera to powie\u015b\u0107 z kr\u0119gu literatury poszukuj\u0105cej wyt\u0142umaczenia stosunk\u00f3w polsko-niemieckich i polsko-\u017cydowskich, wyja\u015bnienia istniej\u0105cych oficjalnie i nieoficjalnie zasz\u0142o\u015bci,","breadcrumb":{"@id":"https:\/\/dariusz-muszer.de\/pl\/katarzyna-bereta-komiczna-historia-poplatanego-zycia-faceta\/#breadcrumb"},"inLanguage":"pl-PL","potentialAction":[{"@type":"ReadAction","target":["https:\/\/dariusz-muszer.de\/pl\/katarzyna-bereta-komiczna-historia-poplatanego-zycia-faceta\/"]}]},{"@type":"ImageObject","inLanguage":"pl-PL","@id":"https:\/\/dariusz-muszer.de\/pl\/katarzyna-bereta-komiczna-historia-poplatanego-zycia-faceta\/#primaryimage","url":"http:\/\/dariusz-muszer.de\/pl\/wp-content\/uploads\/sites\/2\/2015\/06\/wolnosc-pachnie-wanilia-300x300.jpg","contentUrl":"http:\/\/dariusz-muszer.de\/pl\/wp-content\/uploads\/sites\/2\/2015\/06\/wolnosc-pachnie-wanilia-300x300.jpg"},{"@type":"BreadcrumbList","@id":"https:\/\/dariusz-muszer.de\/pl\/katarzyna-bereta-komiczna-historia-poplatanego-zycia-faceta\/#breadcrumb","itemListElement":[{"@type":"ListItem","position":1,"name":"Strona g\u0142\u00f3wna","item":"https:\/\/dariusz-muszer.de\/pl\/"},{"@type":"ListItem","position":2,"name":"Katarzyna Bereta: Komiczna historia popl\u0105tanego \u017cycia faceta"}]},{"@type":"WebSite","@id":"https:\/\/dariusz-muszer.de\/pl\/#website","url":"https:\/\/dariusz-muszer.de\/pl\/","name":"Dariusz Muszer","description":"pisarz","potentialAction":[{"@type":"SearchAction","target":{"@type":"EntryPoint","urlTemplate":"https:\/\/dariusz-muszer.de\/pl\/?s={search_term_string}"},"query-input":{"@type":"PropertyValueSpecification","valueRequired":true,"valueName":"search_term_string"}}],"inLanguage":"pl-PL"},{"@type":"Person","@id":"https:\/\/dariusz-muszer.de\/pl\/#\/schema\/person\/cb3e5073c78ce8e49b03deed04e45211","name":"Kama Dogo","image":{"@type":"ImageObject","inLanguage":"pl-PL","@id":"https:\/\/dariusz-muszer.de\/pl\/#\/schema\/person\/image\/","url":"https:\/\/secure.gravatar.com\/avatar\/16c67aaddea682dc94a63eb3eb7791e38f5f6b75f4daa10cc7ccbe7d141a5472?s=96&d=mm&r=g","contentUrl":"https:\/\/secure.gravatar.com\/avatar\/16c67aaddea682dc94a63eb3eb7791e38f5f6b75f4daa10cc7ccbe7d141a5472?s=96&d=mm&r=g","caption":"Kama Dogo"},"url":"https:\/\/dariusz-muszer.de\/pl\/author\/kama-dogo\/"}]}},"_links":{"self":[{"href":"https:\/\/dariusz-muszer.de\/pl\/wp-json\/wp\/v2\/posts\/520","targetHints":{"allow":["GET"]}}],"collection":[{"href":"https:\/\/dariusz-muszer.de\/pl\/wp-json\/wp\/v2\/posts"}],"about":[{"href":"https:\/\/dariusz-muszer.de\/pl\/wp-json\/wp\/v2\/types\/post"}],"author":[{"embeddable":true,"href":"https:\/\/dariusz-muszer.de\/pl\/wp-json\/wp\/v2\/users\/2"}],"replies":[{"embeddable":true,"href":"https:\/\/dariusz-muszer.de\/pl\/wp-json\/wp\/v2\/comments?post=520"}],"version-history":[{"count":0,"href":"https:\/\/dariusz-muszer.de\/pl\/wp-json\/wp\/v2\/posts\/520\/revisions"}],"wp:attachment":[{"href":"https:\/\/dariusz-muszer.de\/pl\/wp-json\/wp\/v2\/media?parent=520"}],"wp:term":[{"taxonomy":"category","embeddable":true,"href":"https:\/\/dariusz-muszer.de\/pl\/wp-json\/wp\/v2\/categories?post=520"},{"taxonomy":"post_tag","embeddable":true,"href":"https:\/\/dariusz-muszer.de\/pl\/wp-json\/wp\/v2\/tags?post=520"}],"curies":[{"name":"wp","href":"https:\/\/api.w.org\/{rel}","templated":true}]}}