{"id":352,"date":"2015-06-02T07:59:54","date_gmt":"2015-06-02T05:59:54","guid":{"rendered":"http:\/\/dariusz-muszer.de\/pl\/?p=352"},"modified":"2015-06-08T19:01:51","modified_gmt":"2015-06-08T17:01:51","slug":"jaroslaw-jakubowski-o-sobie-w-cudzej-osobie","status":"publish","type":"post","link":"https:\/\/dariusz-muszer.de\/pl\/jaroslaw-jakubowski-o-sobie-w-cudzej-osobie\/","title":{"rendered":"Jaros\u0142aw Jakubowski: O sobie w cudzej osobie"},"content":{"rendered":"<p><a href=\"https:\/\/dariusz-muszer.de\/pl\/wp-content\/uploads\/sites\/2\/2015\/06\/wszyscy-moi-nieznajomi.jpg\" rel=\"lightbox[352]\"><img loading=\"lazy\" decoding=\"async\" class=\"alignleft size-medium wp-image-442\" src=\"https:\/\/dariusz-muszer.de\/pl\/wp-content\/uploads\/sites\/2\/2015\/06\/wszyscy-moi-nieznajomi-216x300.jpg\" alt=\"Wszyscy moi nieznajomi\" width=\"216\" height=\"300\" srcset=\"https:\/\/dariusz-muszer.de\/pl\/wp-content\/uploads\/sites\/2\/2015\/06\/wszyscy-moi-nieznajomi-216x300.jpg 216w, https:\/\/dariusz-muszer.de\/pl\/wp-content\/uploads\/sites\/2\/2015\/06\/wszyscy-moi-nieznajomi-144x200.jpg 144w, https:\/\/dariusz-muszer.de\/pl\/wp-content\/uploads\/sites\/2\/2015\/06\/wszyscy-moi-nieznajomi.jpg 600w\" sizes=\"auto, (max-width: 216px) 100vw, 216px\" \/><\/a>Nasze wyobra\u017cenia o innych ludziach rzadko pokrywaj\u0105 si\u0119 z ich wyobra\u017ceniami o sobie samych. Nasze oceny ludzi bywaj\u0105 krzywdz\u0105ce, tak jak krzywdz\u0105 nas czasem oceny cudze. R\u00f3\u017cnice w postrzeganiu bior\u0105 si\u0119 nie tylko z r\u00f3\u017cnych punkt\u00f3w widzenia, ale tak\u017ce z r\u00f3\u017cnic w j\u0119zyku, kt\u00f3rym si\u0119 pos\u0142ugujemy. Niby jest to ten sam j\u0119zyk, te same rz\u0105dz\u0105 nim prawa, ale tak naprawd\u0119 s\u0105 to j\u0119zyki obce, obce sobie.<\/p>\n<p>Dariusz Muszer spr\u00f3bowa\u0142 przekroczy\u0107 granice w\u0142asnego JA wchodz\u0105c w cudze my\u015bli i s\u0142owa. Tom Wszyscy moi nieznajomi jest owocem tego swoistego eksperymentu, cho\u0107 dodajmy od razu, \u017ce &#8222;liryka roli&#8221; ma w naszej literaturze bogat\u0105 tradycj\u0119. Z powodzeniem stosowa\u0142 j\u0105 Zbigniew Herbert, kt\u00f3remu postaci mitologiczne czy znani bohaterowie literaccy pomagali przemyci\u0107 tre\u015bci, kt\u00f3re w bezpo\u015brednim wydaniu by\u0107 mo\u017ce brzmia\u0142yby zbyt dosadnie (a wi\u0119c niecenzuralnie w cenzorskim tego s\u0142owa znaczeniu). Nieco inaczej jest u Muszera \u2013 tutaj przemawia tak zwany zwyk\u0142y cz\u0142owiek, o okre\u015blonym miejscu i roli w spo\u0142ecze\u0144stwie, cz\u0142owiek, kt\u00f3rego tak naprawd\u0119 jedynym &#8222;bogactwem&#8221; jest historia, jak\u0105 ma do opowiedzenia.<\/p>\n<p>Wydawa\u0107 by si\u0119 mog\u0142o, \u017ce rozpisuj\u0105c podmiot liryczny wierszy na poszczeg\u00f3lne, pierwszoosobowe g\u0142osy Muszer osi\u0105gn\u0105\u0142 jeden podstawowy cel: obiektywizacj\u0119 wypowiedzi. Czas przesz\u0142y dodatkowo nadaje jej charakter pami\u0119tnika. Czy jednak autor jest obiektywnym &#8222;medium&#8221;, jedynie &#8222;przekazuj\u0105cym&#8221; nam to co maj\u0105 do powiedzenia &#8222;g\u0142osy&#8221;? Gdyby tak mia\u0142o by\u0107 w istocie, to najnowszy tom Muszera musieliby\u015bmy nazwa\u0107 raczej quasireporta\u017cem ni\u017c zbiorem poezji. Mamy tu jednak do czynienia z czym\u015b na kszta\u0142t wsp\u00f3\u0142czesnej &#8222;Dziad\u00f3w cz\u0119\u015bci II&#8221;, w kt\u00f3rej w roli Gu\u015blarza wyst\u0119puje polski pisarz na obczy\u017anie. U\u017cywam nie bez powodu tego troch\u0119 dzi\u015b zu\u017cytego okre\u015blenia, poniewa\u017c jak si\u0119 zdaje, sytuacja w kt\u00f3rej znajduje si\u0119 autor mia\u0142a niebagatelny wp\u0142yw na kszta\u0142t tych wierszy. Stosuj\u0105c bardziej wsp\u00f3\u0142czesne nazewnictwo mo\u017cna go okre\u015bli\u0107 jako cz\u0142owieka zanurzonego w kosmopolitycznym oceanie ludzkich los\u00f3w. Swego rodzaju wyobcowanie wytworzy\u0142o w nim czu\u0142o\u015b\u0107 w stosunku do wszelkich objaw\u00f3w inno\u015bci, samotno\u015bci, braku porozumienia. W zmienionej nieco postaci wyst\u0119puje to zjawisko u innego poety-emigranta Grzegorza Wr\u00f3blewskiego, kt\u00f3ry tak\u017ce &#8222;chowa si\u0119&#8221; za powo\u0142anymi do \u017cycia postaciami.<\/p>\n<p>Muszer konsekwentnie rezygnuje z ozdabiania wierszy metaforami, nie bawi si\u0119 w poszukiwania formalne. D\u0105\u017cy jak najkr\u00f3tsz\u0105 drog\u0105 \u2013 jak Bukowski \u2013 do ukazania ludzkiego dramatu. Wersy s\u0105 rozci\u0105gni\u0119te, a zdania, kt\u00f3re je buduj\u0105, nierzadko wielokrotnie z\u0142o\u017cone. Wszystkie te zabiegi zbli\u017caj\u0105 te utwory bardziej do prozy ni\u017c do poezji. Mimo \u017ce pochodz\u0105 od ludzi r\u00f3\u017cnego statusu spo\u0142ecznego, a nawet r\u00f3\u017cnego czasu, wypowiedzi s\u0105 ma\u0142o zr\u00f3\u017cnicowane, niemal wszyscy bohaterowie pos\u0142uguj\u0105 si\u0119 j\u0119zykiem literackim, a zabiegi stylizuj\u0105ce tekst na j\u0119zyk m\u00f3wiony, takie jak w wierszu J\u0119drek, \u017ce tak powiem, nale\u017c\u0105 w tej ksi\u0105\u017cce do rzadko\u015bci. Wida\u0107 z tego, \u017ce Muszer nie jest &#8222;poet\u0105 j\u0119zyka&#8221;, tym, co go zajmuje, jest przede wszystkim znalezienie wsp\u00f3lnego mianownika dla zr\u00f3\u017cnicowanych i odleg\u0142ych przestrzennie i czasowo los\u00f3w.<\/p>\n<p>Nie mog\u0119 jednak oprze\u0107 si\u0119 wra\u017ceniu, \u017ce do swojego &#8222;ch\u00f3ru&#8221; wybra\u0142 g\u0142osy nieco zbyt &#8222;modelowe&#8221; i socjologicznie &#8222;reprezentatywne&#8221;. Jednym z ulubionych temat\u00f3w Muszera jest ma\u0142\u017ce\u0144stwo \u2013 a to \u017cona m\u00f3wi o swoim zmar\u0142ym m\u0119\u017cu-draniu, a to ten sam m\u0105\u017c wyznaje: &#8222;Nie da\u0142em jej tego, co chcia\u0142a\/ gdy\u017c nigdy nie dowiedzia\u0142em si\u0119\/ czego chce naprawd\u0119&#8221;. Troch\u0119 zbyt du\u017co tu publicystyki, a za ma\u0142o pr\u00f3b wej\u015bcia pod powierzchni\u0119 do\u015b\u0107 banalnych w istocie dramat\u00f3w, mog\u0105cych sta\u0107 si\u0119 r\u00f3wnie dobrze kanw\u0105 tokszo\u0142u. Nic dziwnego, \u017ce najlepiej wypadaj\u0105 te utwory, w kt\u00f3rych Muszer z gaw\u0119dziarza przeistacza si\u0119 w &#8222;archeologa pami\u0119ci&#8221;. To najistotniejsza tkanka tej poezji, w kt\u00f3rej g\u0142osy \u017cywych przeplataj\u0105 si\u0119 z g\u0142osami umar\u0142ych. Jak w wierszu Pani z wyspy, kt\u00f3rego tytu\u0142owa bohaterka konstatuje: &#8222;Wyspa by\u0142a przede mn\u0105,\/ woda b\u0119dzie po mnie&#8221;, a w nast\u0119pnym wierszu jej zmar\u0142y tragicznie m\u0105\u017c m\u00f3wi tak: &#8222;Obieca\u0142em wyspie, \u017ce wr\u00f3c\u0119.\/ Zobaczymy, jak z tym wracaniem b\u0119dzie&#8221;. Taki &#8222;dwug\u0142os&#8221; pozwala uzyska\u0107 szerszy kontekst przywo\u0142ywanego zdarzenia, ale przecie\u017c nie dowiadujemy si\u0119 wi\u0119cej o jego bohaterach. Wiemy tylko jak trudno w tej wsp\u00f3\u0142czesnej wie\u017cy Babel znale\u017a\u0107 wsp\u00f3lny j\u0119zyk.<\/p>\n<p>Rzecz jasna stosunek autora do jego bohater\u00f3w nie jest i nie mo\u017ce by\u0107 oboj\u0119tny. Mo\u017cna powiedzie\u0107 trawestuj\u0105c s\u0142ynne zdanie Flauberta, \u017ce Muszer to ka\u017cdy z nich, cho\u0107 \u017caden z bohater\u00f3w nie jest Muszerem. Ju\u017c w otwieraj\u0105cym tom wierszu Yeti pojawiaj\u0105 si\u0119 zwroty wa\u017cne dla zrozumienia tej ksi\u0105\u017cki: &#8222;wpatruj\u0105c si\u0119 w moje twarze&#8221;, &#8222;moje ziemskie cia\u0142o,\/ pogrzebane w kilku poprzednich \u017cycia&#8221; \u2013 wyra\u017ane odwo\u0142ania do teorii reinkarnacji. &#8222;Nieznajomi&#8221; Dariusza Muszera s\u0105 w istocie jego w\u0142asnymi odbiciami, tyle \u017ce w innych losach, czasach, twarzach. Problem w tym, \u017ce s\u0105 to twarze po liftingu, polegaj\u0105cym na odrzuceniu wszystkiego, co nietypowe albo raczej \u2013 nie pasuj\u0105ce do szablonu przyj\u0119tego przez poet\u0119 z Hannoweru. Ten szablon nie mie\u015bci w sobie niczego poza kolejnymi odmianami tragedii Orfeusza, kt\u00f3ry schodzi do piek\u0142a po to, aby przekona\u0107 si\u0119, \u017ce powr\u00f3t do Eurydyki, do szcz\u0119\u015bcia nie jest ju\u017c mo\u017cliwy.<\/p>\n<p>W czasach, kiedy absolutnie wszystko jest na sprzeda\u017c, budowanie ksi\u0105\u017cki poetyckiej z cudzych albo nawet pozornie cudzych historii mo\u017ce by\u0107 ryzykowne, bo \u0142atwo popa\u015b\u0107 w poetyk\u0119 ramotki z cyklu &#8222;urzek\u0142a mnie twoja historia&#8221;. Z drugiej strony \u2013 cze\u015b\u0107 i chwa\u0142a tym, kt\u00f3rzy wierz\u0105 jeszcze w cudown\u0105 moc oczyszczania przez opowiadanie, jak w Dekameronie. Wsp\u00f3\u0142czesna poezja, tak bardzo skupiona na sobie i na \u2013 jak to powiedzia\u0142 Mi\u0142osz \u2013 &#8222;zapisywaniu ma\u0142ych wra\u017ce\u0144&#8221;, jak powietrza potrzebuje wyj\u015bcia poza JA, spotkania z &#8222;Nieznajomym&#8221;, &#8222;Obcym&#8221;. Muszer to zrozumia\u0142, zaryzykowa\u0142 i&#8230; poni\u00f3s\u0142 szlachetn\u0105 kl\u0119sk\u0119. Podejrzewam zreszt\u0105, \u017ce z g\u00f3ry, z Camusowsk\u0105 premedytacj\u0105 zaplanowan\u0105 kl\u0119sk\u0119.<\/p>\n<p>Topos, nr 6 (79) 2004<br \/>\n\u00a9 Jaros\u0142aw Jakubowski<\/p>\n<hr \/>\n<p>Dariusz Muszer: Wszyscy moi nieznajomi. Szczecin: Wydawnictwo 13 Muz, Biblioteka \u201ePograniczy\u201d, 2004. \u2013 75 s.<\/p>\n","protected":false},"excerpt":{"rendered":"<p>Nasze wyobra\u017cenia o innych ludziach rzadko pokrywaj\u0105 si\u0119 z ich wyobra\u017ceniami o sobie samych. Nasze oceny ludzi bywaj\u0105 krzywdz\u0105ce, tak jak krzywdz\u0105 nas czasem oceny cudze. R\u00f3\u017cnice w postrzeganiu bior\u0105 si\u0119 nie tylko z r\u00f3\u017cnych punkt\u00f3w widzenia, ale tak\u017ce z r\u00f3\u017cnic w j\u0119zyku, kt\u00f3rym si\u0119 pos\u0142ugujemy. Niby jest to ten sam j\u0119zyk, te same rz\u0105dz\u0105 [&hellip;]<\/p>\n","protected":false},"author":1,"featured_media":0,"comment_status":"closed","ping_status":"closed","sticky":false,"template":"","format":"standard","meta":{"footnotes":""},"categories":[9,53],"tags":[58,74,21,75,73,17,56,83],"class_list":["post-352","post","type-post","status-publish","format-standard","hentry","category-recenzja","category-wszyscy-moi-nieznajomi","tag-biblioteka-pograniczy","tag-bukowski","tag-dariusz-muszer","tag-flaubert","tag-jaroslaw-jakubowski","tag-topos","tag-wszyscy-moi-nieznajomi","tag-wydawnictwo-13-muz"],"yoast_head":"<!-- This site is optimized with the Yoast SEO plugin v27.0 - https:\/\/yoast.com\/product\/yoast-seo-wordpress\/ -->\n<title>Jaros\u0142aw Jakubowski: O sobie w cudzej osobie - Dariusz Muszer<\/title>\n<meta name=\"description\" content=\"&quot;O sobie w cudzej osobie&quot; - Jaros\u0142aw Jakubowski o tomie wierszy Dariusza Muszera &quot;Wszyscy moi nieznajomi&quot;. Topos.\" \/>\n<meta name=\"robots\" content=\"index, follow, max-snippet:-1, max-image-preview:large, max-video-preview:-1\" \/>\n<link rel=\"canonical\" href=\"https:\/\/dariusz-muszer.de\/pl\/jaroslaw-jakubowski-o-sobie-w-cudzej-osobie\/\" \/>\n<meta property=\"og:locale\" content=\"pl_PL\" \/>\n<meta property=\"og:type\" content=\"article\" \/>\n<meta property=\"og:title\" content=\"Jaros\u0142aw Jakubowski: O sobie w cudzej osobie - Dariusz Muszer\" \/>\n<meta property=\"og:description\" content=\"&quot;O sobie w cudzej osobie&quot; - Jaros\u0142aw Jakubowski o tomie wierszy Dariusza Muszera &quot;Wszyscy moi nieznajomi&quot;. Topos.\" \/>\n<meta property=\"og:url\" content=\"https:\/\/dariusz-muszer.de\/pl\/jaroslaw-jakubowski-o-sobie-w-cudzej-osobie\/\" \/>\n<meta property=\"og:site_name\" content=\"Dariusz Muszer\" \/>\n<meta property=\"article:published_time\" content=\"2015-06-02T05:59:54+00:00\" \/>\n<meta property=\"article:modified_time\" content=\"2015-06-08T17:01:51+00:00\" \/>\n<meta property=\"og:image\" content=\"http:\/\/dariusz-muszer.de\/pl\/wp-content\/uploads\/sites\/2\/2015\/06\/wszyscy-moi-nieznajomi-216x300.jpg\" \/>\n<meta name=\"author\" content=\"Kalong\" \/>\n<meta name=\"twitter:card\" content=\"summary_large_image\" \/>\n<meta name=\"twitter:label1\" content=\"Napisane przez\" \/>\n\t<meta name=\"twitter:data1\" content=\"Kalong\" \/>\n\t<meta name=\"twitter:label2\" content=\"Szacowany czas czytania\" \/>\n\t<meta name=\"twitter:data2\" content=\"5 minut\" \/>\n<script type=\"application\/ld+json\" class=\"yoast-schema-graph\">{\"@context\":\"https:\/\/schema.org\",\"@graph\":[{\"@type\":\"Article\",\"@id\":\"https:\/\/dariusz-muszer.de\/pl\/jaroslaw-jakubowski-o-sobie-w-cudzej-osobie\/#article\",\"isPartOf\":{\"@id\":\"https:\/\/dariusz-muszer.de\/pl\/jaroslaw-jakubowski-o-sobie-w-cudzej-osobie\/\"},\"author\":{\"name\":\"Kalong\",\"@id\":\"https:\/\/dariusz-muszer.de\/pl\/#\/schema\/person\/9f0c1c0310d5a835a41c892f377a9d48\"},\"headline\":\"Jaros\u0142aw Jakubowski: O sobie w cudzej osobie\",\"datePublished\":\"2015-06-02T05:59:54+00:00\",\"dateModified\":\"2015-06-08T17:01:51+00:00\",\"mainEntityOfPage\":{\"@id\":\"https:\/\/dariusz-muszer.de\/pl\/jaroslaw-jakubowski-o-sobie-w-cudzej-osobie\/\"},\"wordCount\":1060,\"image\":{\"@id\":\"https:\/\/dariusz-muszer.de\/pl\/jaroslaw-jakubowski-o-sobie-w-cudzej-osobie\/#primaryimage\"},\"thumbnailUrl\":\"http:\/\/dariusz-muszer.de\/pl\/wp-content\/uploads\/sites\/2\/2015\/06\/wszyscy-moi-nieznajomi-216x300.jpg\",\"keywords\":[\"Biblioteka \u201ePograniczy\u201d\",\"Bukowski\",\"Dariusz Muszer\",\"Flaubert\",\"Jaros\u0142aw Jakubowski\",\"Topos\",\"Wszyscy moi nieznajomi\",\"Wydawnictwo 13 Muz\"],\"articleSection\":[\"Recenzja\",\"Wszyscy moi nieznajomi\"],\"inLanguage\":\"pl-PL\"},{\"@type\":\"WebPage\",\"@id\":\"https:\/\/dariusz-muszer.de\/pl\/jaroslaw-jakubowski-o-sobie-w-cudzej-osobie\/\",\"url\":\"https:\/\/dariusz-muszer.de\/pl\/jaroslaw-jakubowski-o-sobie-w-cudzej-osobie\/\",\"name\":\"Jaros\u0142aw Jakubowski: O sobie w cudzej osobie - Dariusz Muszer\",\"isPartOf\":{\"@id\":\"https:\/\/dariusz-muszer.de\/pl\/#website\"},\"primaryImageOfPage\":{\"@id\":\"https:\/\/dariusz-muszer.de\/pl\/jaroslaw-jakubowski-o-sobie-w-cudzej-osobie\/#primaryimage\"},\"image\":{\"@id\":\"https:\/\/dariusz-muszer.de\/pl\/jaroslaw-jakubowski-o-sobie-w-cudzej-osobie\/#primaryimage\"},\"thumbnailUrl\":\"http:\/\/dariusz-muszer.de\/pl\/wp-content\/uploads\/sites\/2\/2015\/06\/wszyscy-moi-nieznajomi-216x300.jpg\",\"datePublished\":\"2015-06-02T05:59:54+00:00\",\"dateModified\":\"2015-06-08T17:01:51+00:00\",\"author\":{\"@id\":\"https:\/\/dariusz-muszer.de\/pl\/#\/schema\/person\/9f0c1c0310d5a835a41c892f377a9d48\"},\"description\":\"\\\"O sobie w cudzej osobie\\\" - Jaros\u0142aw Jakubowski o tomie wierszy Dariusza Muszera \\\"Wszyscy moi nieznajomi\\\". Topos.\",\"breadcrumb\":{\"@id\":\"https:\/\/dariusz-muszer.de\/pl\/jaroslaw-jakubowski-o-sobie-w-cudzej-osobie\/#breadcrumb\"},\"inLanguage\":\"pl-PL\",\"potentialAction\":[{\"@type\":\"ReadAction\",\"target\":[\"https:\/\/dariusz-muszer.de\/pl\/jaroslaw-jakubowski-o-sobie-w-cudzej-osobie\/\"]}]},{\"@type\":\"ImageObject\",\"inLanguage\":\"pl-PL\",\"@id\":\"https:\/\/dariusz-muszer.de\/pl\/jaroslaw-jakubowski-o-sobie-w-cudzej-osobie\/#primaryimage\",\"url\":\"http:\/\/dariusz-muszer.de\/pl\/wp-content\/uploads\/sites\/2\/2015\/06\/wszyscy-moi-nieznajomi-216x300.jpg\",\"contentUrl\":\"http:\/\/dariusz-muszer.de\/pl\/wp-content\/uploads\/sites\/2\/2015\/06\/wszyscy-moi-nieznajomi-216x300.jpg\"},{\"@type\":\"BreadcrumbList\",\"@id\":\"https:\/\/dariusz-muszer.de\/pl\/jaroslaw-jakubowski-o-sobie-w-cudzej-osobie\/#breadcrumb\",\"itemListElement\":[{\"@type\":\"ListItem\",\"position\":1,\"name\":\"Strona g\u0142\u00f3wna\",\"item\":\"https:\/\/dariusz-muszer.de\/pl\/\"},{\"@type\":\"ListItem\",\"position\":2,\"name\":\"Jaros\u0142aw Jakubowski: O sobie w cudzej osobie\"}]},{\"@type\":\"WebSite\",\"@id\":\"https:\/\/dariusz-muszer.de\/pl\/#website\",\"url\":\"https:\/\/dariusz-muszer.de\/pl\/\",\"name\":\"Dariusz Muszer\",\"description\":\"pisarz\",\"potentialAction\":[{\"@type\":\"SearchAction\",\"target\":{\"@type\":\"EntryPoint\",\"urlTemplate\":\"https:\/\/dariusz-muszer.de\/pl\/?s={search_term_string}\"},\"query-input\":{\"@type\":\"PropertyValueSpecification\",\"valueRequired\":true,\"valueName\":\"search_term_string\"}}],\"inLanguage\":\"pl-PL\"},{\"@type\":\"Person\",\"@id\":\"https:\/\/dariusz-muszer.de\/pl\/#\/schema\/person\/9f0c1c0310d5a835a41c892f377a9d48\",\"name\":\"Kalong\",\"image\":{\"@type\":\"ImageObject\",\"inLanguage\":\"pl-PL\",\"@id\":\"https:\/\/dariusz-muszer.de\/pl\/#\/schema\/person\/image\/\",\"url\":\"https:\/\/secure.gravatar.com\/avatar\/c9f779f2a71c9a87e8c401a809d61b28d74fc852ff3f345760cf377e19933461?s=96&d=mm&r=g\",\"contentUrl\":\"https:\/\/secure.gravatar.com\/avatar\/c9f779f2a71c9a87e8c401a809d61b28d74fc852ff3f345760cf377e19933461?s=96&d=mm&r=g\",\"caption\":\"Kalong\"},\"url\":\"https:\/\/dariusz-muszer.de\/pl\/author\/kalong\/\"}]}<\/script>\n<!-- \/ Yoast SEO plugin. -->","yoast_head_json":{"title":"Jaros\u0142aw Jakubowski: O sobie w cudzej osobie - Dariusz Muszer","description":"\"O sobie w cudzej osobie\" - Jaros\u0142aw Jakubowski o tomie wierszy Dariusza Muszera \"Wszyscy moi nieznajomi\". Topos.","robots":{"index":"index","follow":"follow","max-snippet":"max-snippet:-1","max-image-preview":"max-image-preview:large","max-video-preview":"max-video-preview:-1"},"canonical":"https:\/\/dariusz-muszer.de\/pl\/jaroslaw-jakubowski-o-sobie-w-cudzej-osobie\/","og_locale":"pl_PL","og_type":"article","og_title":"Jaros\u0142aw Jakubowski: O sobie w cudzej osobie - Dariusz Muszer","og_description":"\"O sobie w cudzej osobie\" - Jaros\u0142aw Jakubowski o tomie wierszy Dariusza Muszera \"Wszyscy moi nieznajomi\". Topos.","og_url":"https:\/\/dariusz-muszer.de\/pl\/jaroslaw-jakubowski-o-sobie-w-cudzej-osobie\/","og_site_name":"Dariusz Muszer","article_published_time":"2015-06-02T05:59:54+00:00","article_modified_time":"2015-06-08T17:01:51+00:00","og_image":[{"url":"http:\/\/dariusz-muszer.de\/pl\/wp-content\/uploads\/sites\/2\/2015\/06\/wszyscy-moi-nieznajomi-216x300.jpg","type":"","width":"","height":""}],"author":"Kalong","twitter_card":"summary_large_image","twitter_misc":{"Napisane przez":"Kalong","Szacowany czas czytania":"5 minut"},"schema":{"@context":"https:\/\/schema.org","@graph":[{"@type":"Article","@id":"https:\/\/dariusz-muszer.de\/pl\/jaroslaw-jakubowski-o-sobie-w-cudzej-osobie\/#article","isPartOf":{"@id":"https:\/\/dariusz-muszer.de\/pl\/jaroslaw-jakubowski-o-sobie-w-cudzej-osobie\/"},"author":{"name":"Kalong","@id":"https:\/\/dariusz-muszer.de\/pl\/#\/schema\/person\/9f0c1c0310d5a835a41c892f377a9d48"},"headline":"Jaros\u0142aw Jakubowski: O sobie w cudzej osobie","datePublished":"2015-06-02T05:59:54+00:00","dateModified":"2015-06-08T17:01:51+00:00","mainEntityOfPage":{"@id":"https:\/\/dariusz-muszer.de\/pl\/jaroslaw-jakubowski-o-sobie-w-cudzej-osobie\/"},"wordCount":1060,"image":{"@id":"https:\/\/dariusz-muszer.de\/pl\/jaroslaw-jakubowski-o-sobie-w-cudzej-osobie\/#primaryimage"},"thumbnailUrl":"http:\/\/dariusz-muszer.de\/pl\/wp-content\/uploads\/sites\/2\/2015\/06\/wszyscy-moi-nieznajomi-216x300.jpg","keywords":["Biblioteka \u201ePograniczy\u201d","Bukowski","Dariusz Muszer","Flaubert","Jaros\u0142aw Jakubowski","Topos","Wszyscy moi nieznajomi","Wydawnictwo 13 Muz"],"articleSection":["Recenzja","Wszyscy moi nieznajomi"],"inLanguage":"pl-PL"},{"@type":"WebPage","@id":"https:\/\/dariusz-muszer.de\/pl\/jaroslaw-jakubowski-o-sobie-w-cudzej-osobie\/","url":"https:\/\/dariusz-muszer.de\/pl\/jaroslaw-jakubowski-o-sobie-w-cudzej-osobie\/","name":"Jaros\u0142aw Jakubowski: O sobie w cudzej osobie - Dariusz Muszer","isPartOf":{"@id":"https:\/\/dariusz-muszer.de\/pl\/#website"},"primaryImageOfPage":{"@id":"https:\/\/dariusz-muszer.de\/pl\/jaroslaw-jakubowski-o-sobie-w-cudzej-osobie\/#primaryimage"},"image":{"@id":"https:\/\/dariusz-muszer.de\/pl\/jaroslaw-jakubowski-o-sobie-w-cudzej-osobie\/#primaryimage"},"thumbnailUrl":"http:\/\/dariusz-muszer.de\/pl\/wp-content\/uploads\/sites\/2\/2015\/06\/wszyscy-moi-nieznajomi-216x300.jpg","datePublished":"2015-06-02T05:59:54+00:00","dateModified":"2015-06-08T17:01:51+00:00","author":{"@id":"https:\/\/dariusz-muszer.de\/pl\/#\/schema\/person\/9f0c1c0310d5a835a41c892f377a9d48"},"description":"\"O sobie w cudzej osobie\" - Jaros\u0142aw Jakubowski o tomie wierszy Dariusza Muszera \"Wszyscy moi nieznajomi\". Topos.","breadcrumb":{"@id":"https:\/\/dariusz-muszer.de\/pl\/jaroslaw-jakubowski-o-sobie-w-cudzej-osobie\/#breadcrumb"},"inLanguage":"pl-PL","potentialAction":[{"@type":"ReadAction","target":["https:\/\/dariusz-muszer.de\/pl\/jaroslaw-jakubowski-o-sobie-w-cudzej-osobie\/"]}]},{"@type":"ImageObject","inLanguage":"pl-PL","@id":"https:\/\/dariusz-muszer.de\/pl\/jaroslaw-jakubowski-o-sobie-w-cudzej-osobie\/#primaryimage","url":"http:\/\/dariusz-muszer.de\/pl\/wp-content\/uploads\/sites\/2\/2015\/06\/wszyscy-moi-nieznajomi-216x300.jpg","contentUrl":"http:\/\/dariusz-muszer.de\/pl\/wp-content\/uploads\/sites\/2\/2015\/06\/wszyscy-moi-nieznajomi-216x300.jpg"},{"@type":"BreadcrumbList","@id":"https:\/\/dariusz-muszer.de\/pl\/jaroslaw-jakubowski-o-sobie-w-cudzej-osobie\/#breadcrumb","itemListElement":[{"@type":"ListItem","position":1,"name":"Strona g\u0142\u00f3wna","item":"https:\/\/dariusz-muszer.de\/pl\/"},{"@type":"ListItem","position":2,"name":"Jaros\u0142aw Jakubowski: O sobie w cudzej osobie"}]},{"@type":"WebSite","@id":"https:\/\/dariusz-muszer.de\/pl\/#website","url":"https:\/\/dariusz-muszer.de\/pl\/","name":"Dariusz Muszer","description":"pisarz","potentialAction":[{"@type":"SearchAction","target":{"@type":"EntryPoint","urlTemplate":"https:\/\/dariusz-muszer.de\/pl\/?s={search_term_string}"},"query-input":{"@type":"PropertyValueSpecification","valueRequired":true,"valueName":"search_term_string"}}],"inLanguage":"pl-PL"},{"@type":"Person","@id":"https:\/\/dariusz-muszer.de\/pl\/#\/schema\/person\/9f0c1c0310d5a835a41c892f377a9d48","name":"Kalong","image":{"@type":"ImageObject","inLanguage":"pl-PL","@id":"https:\/\/dariusz-muszer.de\/pl\/#\/schema\/person\/image\/","url":"https:\/\/secure.gravatar.com\/avatar\/c9f779f2a71c9a87e8c401a809d61b28d74fc852ff3f345760cf377e19933461?s=96&d=mm&r=g","contentUrl":"https:\/\/secure.gravatar.com\/avatar\/c9f779f2a71c9a87e8c401a809d61b28d74fc852ff3f345760cf377e19933461?s=96&d=mm&r=g","caption":"Kalong"},"url":"https:\/\/dariusz-muszer.de\/pl\/author\/kalong\/"}]}},"_links":{"self":[{"href":"https:\/\/dariusz-muszer.de\/pl\/wp-json\/wp\/v2\/posts\/352","targetHints":{"allow":["GET"]}}],"collection":[{"href":"https:\/\/dariusz-muszer.de\/pl\/wp-json\/wp\/v2\/posts"}],"about":[{"href":"https:\/\/dariusz-muszer.de\/pl\/wp-json\/wp\/v2\/types\/post"}],"author":[{"embeddable":true,"href":"https:\/\/dariusz-muszer.de\/pl\/wp-json\/wp\/v2\/users\/1"}],"replies":[{"embeddable":true,"href":"https:\/\/dariusz-muszer.de\/pl\/wp-json\/wp\/v2\/comments?post=352"}],"version-history":[{"count":0,"href":"https:\/\/dariusz-muszer.de\/pl\/wp-json\/wp\/v2\/posts\/352\/revisions"}],"wp:attachment":[{"href":"https:\/\/dariusz-muszer.de\/pl\/wp-json\/wp\/v2\/media?parent=352"}],"wp:term":[{"taxonomy":"category","embeddable":true,"href":"https:\/\/dariusz-muszer.de\/pl\/wp-json\/wp\/v2\/categories?post=352"},{"taxonomy":"post_tag","embeddable":true,"href":"https:\/\/dariusz-muszer.de\/pl\/wp-json\/wp\/v2\/tags?post=352"}],"curies":[{"name":"wp","href":"https:\/\/api.w.org\/{rel}","templated":true}]}}