{"id":1628,"date":"2022-12-04T00:04:15","date_gmt":"2022-12-03T23:04:15","guid":{"rendered":"https:\/\/dariusz-muszer.de\/pl\/?p=1628"},"modified":"2022-11-23T23:13:47","modified_gmt":"2022-11-23T22:13:47","slug":"basnie-norweskie-5-maria-panna-i-jaskolka","status":"publish","type":"post","link":"https:\/\/dariusz-muszer.de\/pl\/basnie-norweskie-5-maria-panna-i-jaskolka\/","title":{"rendered":"Ba\u015bnie norweskie (5) &#8211; Maria Panna i jask\u00f3\u0142ka"},"content":{"rendered":"<p><iframe loading=\"lazy\" title=\"YouTube video player\" src=\"https:\/\/www.youtube.com\/embed\/Rc6BHZ8TaN0\" width=\"560\" height=\"315\" frameborder=\"0\" allowfullscreen=\"allowfullscreen\"><\/iframe><\/p>\n<h1 class=\"western\" lang=\"pl-PL\">Maria Panna i jask\u00f3\u0142ka<\/h1>\n<p class=\"western\" lang=\"pl-PL\" align=\"justify\"><span style=\"color: #000000;\">Dawno, dawno temu, w pi\u0119kny letni dzie\u0144, Maria Panna siedzia\u0142a przy szyciu na \u0142onie natury. Wcze\u015bniej po\u0142o\u017cy\u0142a obok siebie z\u0142ote no\u017cyczki i k\u0142\u0119bek czerwonego jedwabiu, ale gdy chcia\u0142a si\u0119gn\u0105\u0107 po te rzeczy, okaza\u0142o si\u0119, \u017ce znikn\u0119\u0142y. Szuka\u0142a i szuka\u0142a, pyta\u0142a wszystkie drzewa i wszystkie zwierz\u0119ta, zar\u00f3wno ptaki, jak i ryby, czy kt\u00f3re\u015b z nich nie zabra\u0142o k\u0142\u0119bka i no\u017cyc. Wszyscy jednak twierdzili, \u017ce nie, \u017ce ani nie widzieli, ani nie dotykali tych przedmiot\u00f3w. I wtedy przelecia\u0142a jask\u00f3\u0142ka, i za\u015bwiergota\u0142a:<\/span><\/p>\n<p class=\"western\" lang=\"pl-PL\" align=\"justify\"><span style=\"color: #000000;\"><i>Ch\u0142opcy i dziewcz\u0119ta,<br \/>\n<\/i><\/span><i style=\"color: #000000;\">ch\u0142opcy i dziewcz\u0119ta<br \/>\n<\/i><span style=\"color: #000000;\"><i>w stodole siedz\u0105! <\/i><\/span><\/p>\n<p class=\"western\" lang=\"pl-PL\" align=\"justify\"><span style=\"color: #000000;\"><i>I tam si\u0119 ca\u0142uj\u0105,<br \/>\n<\/i><\/span><i style=\"color: #000000;\">tam si\u0119 obmacuj\u0105,<br \/>\n<\/i><span style=\"color: #000000;\"><i>a mnie nie widz\u0105!<\/i><\/span><\/p>\n<p class=\"western\" lang=\"pl-PL\" align=\"justify\"><span style=\"color: #000000;\"><i>Siedzia\u0142am, patrza\u0142am,<br \/>\n<\/i><\/span><span style=\"color: #000000;\"><i>oko na nich mia\u0142am,<br \/>\n<\/i><\/span><span style=\"color: #000000;\"><i>wszystko widzia\u0142am!<\/i><\/span><\/p>\n<p class=\"western\" lang=\"pl-PL\" align=\"justify\"><span style=\"color: #000000;\">\u2013<\/span> <span style=\"color: #000000;\">To ty zabra\u0142a\u015b mi no\u017cyczki i k\u0142\u0119bek! \u2013 rzek\u0142a Maria Panna. \u2013 Bo nikt inny nie potrafi przemyka\u0107 tak jak ty, raz wysoko, to zn\u00f3w nisko, nad domem i podw\u00f3rkiem, pod chmurami i na niebie, i po zielonej \u0142\u0105ce!<\/span><\/p>\n<p class=\"western\" lang=\"pl-PL\" align=\"justify\"><span style=\"color: #000000;\">Na to jask\u00f3\u0142ka odpar\u0142a:<\/span><\/p>\n<p class=\"western\" lang=\"pl-PL\" align=\"justify\"><span style=\"color: #000000;\"><i>Maria Panna m\u00f3wi, \u017cem ja winna,<br \/>\n<\/i><\/span><i style=\"color: #000000;\">no\u017cyc i k\u0142\u0119bka bra\u0107 nie powinnam!<\/i><\/p>\n<p class=\"western\" lang=\"pl-PL\" align=\"justify\"><span style=\"color: #000000;\"><i>Czy je wzi\u0119\u0142am, czym bra\u0142a no\u017cyce?<br \/>\n<\/i><\/span><span style=\"color: #000000;\"><i>To k\u0142amstwo! A ja na prawd\u0119 licz\u0119! <\/i><\/span><\/p>\n<p class=\"western\" lang=\"pl-PL\" align=\"justify\"><span style=\"color: #000000;\"><i>Gdyby\u017c to by\u0142a wszelako prawda,<br \/>\n<\/i><\/span><span style=\"color: #000000;\"><i>to obym w odm\u0119ty wodne spad\u0142a!<\/i><\/span><\/p>\n<p><i style=\"color: #000000;\">Daj ma\u015b\u0107 k\u0142\u0119bka na czole i gardle,<br \/>\n<\/i><span style=\"color: #000000;\"><i>temu, co zabra\u0142 go tak zajadle!<\/i><\/span><\/p>\n<p class=\"western\" lang=\"pl-PL\" align=\"justify\"><span style=\"color: #000000;\"><i>No\u017cyczki za\u015b wytnij mu w ogonie,<br \/>\n<\/i><\/span><i style=\"color: #000000;\">temu, co schowa\u0142 je gdzie\u015b na stronie!<\/i><\/p>\n<p class=\"western\" lang=\"pl-PL\" align=\"justify\"><span style=\"color: #000000;\">\u2013<\/span> <span style=\"color: #000000;\">Sama na siebie wyda\u0142a\u015b wyrok \u2013 rzek\u0142a Maria Panna. \u2013 To, czego sobie za\u017cyczy\u0142a\u015b, dostaniesz: twoje piersi b\u0119d\u0105 naznaczone przez barw\u0119 k\u0142\u0119bka, a tw\u00f3j ogon przez no\u017cyczki. W zimie za\u015b b\u0119dziesz le\u017ce\u0107 na dnie jezior i staw\u00f3w. I jako \u017ce ty, kt\u00f3ra sama sk\u0142ama\u0142a\u015b i ukrad\u0142a\u015b, pos\u0105dzi\u0142a\u015b mnie o k\u0142amstwo, za to b\u0119dziesz budowa\u0107 swe gniazdo w pop\u0142ochu i strachu pod dachami i kalenicami, i nigdy nie zago\u015bcisz na zielonej ga\u0142\u0119zi.<\/span><\/p>\n<p class=\"western\" lang=\"pl-PL\" align=\"justify\"><span style=\"color: #000000;\">Od tego dnia jask\u00f3\u0142ka lata z ceglastoczerwon\u0105 plam\u0105 na czole i gardle za kradzie\u017c jedwabnego k\u0142\u0119bka i z no\u017cyczkami w ogonie. Jesieni\u0105 spada z nieba i kr\u0119ci si\u0119 w\u015br\u00f3d ludzi pracuj\u0105cych w polu niekiedy tak blisko, jakby chcia\u0142a si\u0119 po\u017cegna\u0107 z nimi przed wyruszeniem w dalek\u0105 podr\u00f3\u017c. Ale wcale nie my\u015bli o udaniu si\u0119 na po\u0142udnie, gdy\u017c musi schodzi\u0107 na dno bagien i staw\u00f3w, gdzie si\u0119 k\u0142adzie i zapada w sen zimowy, jak powiedzia\u0142a Maria Panna. Niekt\u00f3rzy ludzie powiadaj\u0105, \u017ce znale\u017ali ca\u0142e k\u0142\u0119by jask\u00f3\u0142ek na dnie w\u00f3d. <\/span><\/p>\n<p class=\"western\" lang=\"pl-PL\" align=\"justify\"><span style=\"color: #000000;\">Ale jask\u00f3\u0142ka nie chce przyj\u0105\u0107 tego do wiadomo\u015bci i uwa\u017ca, \u017ce jesieni\u0105 odlatuje wraz z innymi ptakami do ciep\u0142ych krain. I pierwsze, co s\u0142ycha\u0107 na wiosn\u0119, to jej \u015bpiew:<\/span><\/p>\n<p class=\"western\" lang=\"pl-PL\" align=\"justify\"><span style=\"color: #000000;\"><i>Jesieni\u0105, gdy w \u015bwiat lec\u0119,<br \/>\n<\/i><\/span><span style=\"color: #000000;\"><i>pe\u0142ne wszystkie chaty;<br \/>\n<\/i><\/span><span style=\"color: #000000;\"><i>Jak powracam na wiosn\u0119,<br \/>\n<\/i><\/span><span style=\"color: #000000;\"><i>w chatach puste \u0142aty.<br \/>\n<\/i><\/span><span style=\"color: #000000;\"><i>Ka\u017c-da, ka\u017c-de, ka\u017c-dy!<\/i><\/span><\/p>\n<p class=\"western\" lang=\"pl-PL\" align=\"justify\"><span style=\"color: #000000;\"><i>Kobiety si\u0119 nie mieszcz\u0105,<br \/>\n<\/i><\/span><span style=\"color: #000000;\"><i>kieckami szeleszcz\u0105,<br \/>\n<\/i><\/span><span style=\"color: #000000;\"><i>a gniazdo moje gdzie!<br \/>\n<\/i><\/span><i style=\"color: #000000;\">\u015awi-wi, \u015bwi-wia, \u015bwi-wie!<\/i><\/p>\n<p lang=\"pl-PL\" align=\"justify\">\u00a9 Dariusz Muszer<\/p>\n","protected":false},"excerpt":{"rendered":"<p>Maria Panna i jask\u00f3\u0142ka Dawno, dawno temu, w pi\u0119kny letni dzie\u0144, Maria Panna siedzia\u0142a przy szyciu na \u0142onie natury. Wcze\u015bniej po\u0142o\u017cy\u0142a obok siebie z\u0142ote no\u017cyczki i k\u0142\u0119bek czerwonego jedwabiu, ale gdy chcia\u0142a si\u0119gn\u0105\u0107 po te rzeczy, okaza\u0142o si\u0119, \u017ce znikn\u0119\u0142y. Szuka\u0142a i szuka\u0142a, pyta\u0142a wszystkie drzewa i wszystkie zwierz\u0119ta, zar\u00f3wno ptaki, jak i ryby, czy [&hellip;]<\/p>\n","protected":false},"author":1,"featured_media":0,"comment_status":"closed","ping_status":"closed","sticky":false,"template":"","format":"standard","meta":{"footnotes":""},"categories":[288],"tags":[401,399,400,402],"class_list":["post-1628","post","type-post","status-publish","format-standard","hentry","category-basnie-norweskie","tag-bagna","tag-jaskolka","tag-maria-panna","tag-stawy"],"yoast_head":"<!-- This site is optimized with the Yoast SEO plugin v27.0 - https:\/\/yoast.com\/product\/yoast-seo-wordpress\/ -->\n<title>Ba\u015bnie norweskie (5) - Maria Panna i jask\u00f3\u0142ka - Dariusz Muszer<\/title>\n<meta name=\"description\" content=\"Dawno, dawno temu, w pi\u0119kny letni dzie\u0144, Maria Panna siedzia\u0142a przy szyciu na \u0142onie natury. Wcze\u015bniej po\u0142o\u017cy\u0142a obok siebie z\u0142ote no\u017cyczki\" \/>\n<meta name=\"robots\" content=\"index, follow, max-snippet:-1, max-image-preview:large, max-video-preview:-1\" \/>\n<link rel=\"canonical\" href=\"https:\/\/dariusz-muszer.de\/pl\/basnie-norweskie-5-maria-panna-i-jaskolka\/\" \/>\n<meta property=\"og:locale\" content=\"pl_PL\" \/>\n<meta property=\"og:type\" content=\"article\" \/>\n<meta property=\"og:title\" content=\"Ba\u015bnie norweskie (5) - Maria Panna i jask\u00f3\u0142ka - Dariusz Muszer\" \/>\n<meta property=\"og:description\" content=\"Dawno, dawno temu, w pi\u0119kny letni dzie\u0144, Maria Panna siedzia\u0142a przy szyciu na \u0142onie natury. Wcze\u015bniej po\u0142o\u017cy\u0142a obok siebie z\u0142ote no\u017cyczki\" \/>\n<meta property=\"og:url\" content=\"https:\/\/dariusz-muszer.de\/pl\/basnie-norweskie-5-maria-panna-i-jaskolka\/\" \/>\n<meta property=\"og:site_name\" content=\"Dariusz Muszer\" \/>\n<meta property=\"article:published_time\" content=\"2022-12-03T23:04:15+00:00\" \/>\n<meta name=\"author\" content=\"Kalong\" \/>\n<meta name=\"twitter:card\" content=\"summary_large_image\" \/>\n<meta name=\"twitter:label1\" content=\"Napisane przez\" \/>\n\t<meta name=\"twitter:data1\" content=\"Kalong\" \/>\n\t<meta name=\"twitter:label2\" content=\"Szacowany czas czytania\" \/>\n\t<meta name=\"twitter:data2\" content=\"3 minuty\" \/>\n<script type=\"application\/ld+json\" class=\"yoast-schema-graph\">{\"@context\":\"https:\/\/schema.org\",\"@graph\":[{\"@type\":\"Article\",\"@id\":\"https:\/\/dariusz-muszer.de\/pl\/basnie-norweskie-5-maria-panna-i-jaskolka\/#article\",\"isPartOf\":{\"@id\":\"https:\/\/dariusz-muszer.de\/pl\/basnie-norweskie-5-maria-panna-i-jaskolka\/\"},\"author\":{\"name\":\"Kalong\",\"@id\":\"https:\/\/dariusz-muszer.de\/pl\/#\/schema\/person\/9f0c1c0310d5a835a41c892f377a9d48\"},\"headline\":\"Ba\u015bnie norweskie (5) &#8211; Maria Panna i jask\u00f3\u0142ka\",\"datePublished\":\"2022-12-03T23:04:15+00:00\",\"mainEntityOfPage\":{\"@id\":\"https:\/\/dariusz-muszer.de\/pl\/basnie-norweskie-5-maria-panna-i-jaskolka\/\"},\"wordCount\":550,\"keywords\":[\"bagna\",\"jask\u00f3\u0142ka\",\"Maria Panna\",\"stawy\"],\"articleSection\":[\"Ba\u015bnie norweskie\"],\"inLanguage\":\"pl-PL\"},{\"@type\":\"WebPage\",\"@id\":\"https:\/\/dariusz-muszer.de\/pl\/basnie-norweskie-5-maria-panna-i-jaskolka\/\",\"url\":\"https:\/\/dariusz-muszer.de\/pl\/basnie-norweskie-5-maria-panna-i-jaskolka\/\",\"name\":\"Ba\u015bnie norweskie (5) - Maria Panna i jask\u00f3\u0142ka - Dariusz Muszer\",\"isPartOf\":{\"@id\":\"https:\/\/dariusz-muszer.de\/pl\/#website\"},\"datePublished\":\"2022-12-03T23:04:15+00:00\",\"author\":{\"@id\":\"https:\/\/dariusz-muszer.de\/pl\/#\/schema\/person\/9f0c1c0310d5a835a41c892f377a9d48\"},\"description\":\"Dawno, dawno temu, w pi\u0119kny letni dzie\u0144, Maria Panna siedzia\u0142a przy szyciu na \u0142onie natury. Wcze\u015bniej po\u0142o\u017cy\u0142a obok siebie z\u0142ote no\u017cyczki\",\"breadcrumb\":{\"@id\":\"https:\/\/dariusz-muszer.de\/pl\/basnie-norweskie-5-maria-panna-i-jaskolka\/#breadcrumb\"},\"inLanguage\":\"pl-PL\",\"potentialAction\":[{\"@type\":\"ReadAction\",\"target\":[\"https:\/\/dariusz-muszer.de\/pl\/basnie-norweskie-5-maria-panna-i-jaskolka\/\"]}]},{\"@type\":\"BreadcrumbList\",\"@id\":\"https:\/\/dariusz-muszer.de\/pl\/basnie-norweskie-5-maria-panna-i-jaskolka\/#breadcrumb\",\"itemListElement\":[{\"@type\":\"ListItem\",\"position\":1,\"name\":\"Strona g\u0142\u00f3wna\",\"item\":\"https:\/\/dariusz-muszer.de\/pl\/\"},{\"@type\":\"ListItem\",\"position\":2,\"name\":\"Ba\u015bnie norweskie (5) &#8211; Maria Panna i jask\u00f3\u0142ka\"}]},{\"@type\":\"WebSite\",\"@id\":\"https:\/\/dariusz-muszer.de\/pl\/#website\",\"url\":\"https:\/\/dariusz-muszer.de\/pl\/\",\"name\":\"Dariusz Muszer\",\"description\":\"pisarz\",\"potentialAction\":[{\"@type\":\"SearchAction\",\"target\":{\"@type\":\"EntryPoint\",\"urlTemplate\":\"https:\/\/dariusz-muszer.de\/pl\/?s={search_term_string}\"},\"query-input\":{\"@type\":\"PropertyValueSpecification\",\"valueRequired\":true,\"valueName\":\"search_term_string\"}}],\"inLanguage\":\"pl-PL\"},{\"@type\":\"Person\",\"@id\":\"https:\/\/dariusz-muszer.de\/pl\/#\/schema\/person\/9f0c1c0310d5a835a41c892f377a9d48\",\"name\":\"Kalong\",\"image\":{\"@type\":\"ImageObject\",\"inLanguage\":\"pl-PL\",\"@id\":\"https:\/\/dariusz-muszer.de\/pl\/#\/schema\/person\/image\/\",\"url\":\"https:\/\/secure.gravatar.com\/avatar\/c9f779f2a71c9a87e8c401a809d61b28d74fc852ff3f345760cf377e19933461?s=96&d=mm&r=g\",\"contentUrl\":\"https:\/\/secure.gravatar.com\/avatar\/c9f779f2a71c9a87e8c401a809d61b28d74fc852ff3f345760cf377e19933461?s=96&d=mm&r=g\",\"caption\":\"Kalong\"},\"url\":\"https:\/\/dariusz-muszer.de\/pl\/author\/kalong\/\"}]}<\/script>\n<!-- \/ Yoast SEO plugin. -->","yoast_head_json":{"title":"Ba\u015bnie norweskie (5) - Maria Panna i jask\u00f3\u0142ka - Dariusz Muszer","description":"Dawno, dawno temu, w pi\u0119kny letni dzie\u0144, Maria Panna siedzia\u0142a przy szyciu na \u0142onie natury. Wcze\u015bniej po\u0142o\u017cy\u0142a obok siebie z\u0142ote no\u017cyczki","robots":{"index":"index","follow":"follow","max-snippet":"max-snippet:-1","max-image-preview":"max-image-preview:large","max-video-preview":"max-video-preview:-1"},"canonical":"https:\/\/dariusz-muszer.de\/pl\/basnie-norweskie-5-maria-panna-i-jaskolka\/","og_locale":"pl_PL","og_type":"article","og_title":"Ba\u015bnie norweskie (5) - Maria Panna i jask\u00f3\u0142ka - Dariusz Muszer","og_description":"Dawno, dawno temu, w pi\u0119kny letni dzie\u0144, Maria Panna siedzia\u0142a przy szyciu na \u0142onie natury. Wcze\u015bniej po\u0142o\u017cy\u0142a obok siebie z\u0142ote no\u017cyczki","og_url":"https:\/\/dariusz-muszer.de\/pl\/basnie-norweskie-5-maria-panna-i-jaskolka\/","og_site_name":"Dariusz Muszer","article_published_time":"2022-12-03T23:04:15+00:00","author":"Kalong","twitter_card":"summary_large_image","twitter_misc":{"Napisane przez":"Kalong","Szacowany czas czytania":"3 minuty"},"schema":{"@context":"https:\/\/schema.org","@graph":[{"@type":"Article","@id":"https:\/\/dariusz-muszer.de\/pl\/basnie-norweskie-5-maria-panna-i-jaskolka\/#article","isPartOf":{"@id":"https:\/\/dariusz-muszer.de\/pl\/basnie-norweskie-5-maria-panna-i-jaskolka\/"},"author":{"name":"Kalong","@id":"https:\/\/dariusz-muszer.de\/pl\/#\/schema\/person\/9f0c1c0310d5a835a41c892f377a9d48"},"headline":"Ba\u015bnie norweskie (5) &#8211; Maria Panna i jask\u00f3\u0142ka","datePublished":"2022-12-03T23:04:15+00:00","mainEntityOfPage":{"@id":"https:\/\/dariusz-muszer.de\/pl\/basnie-norweskie-5-maria-panna-i-jaskolka\/"},"wordCount":550,"keywords":["bagna","jask\u00f3\u0142ka","Maria Panna","stawy"],"articleSection":["Ba\u015bnie norweskie"],"inLanguage":"pl-PL"},{"@type":"WebPage","@id":"https:\/\/dariusz-muszer.de\/pl\/basnie-norweskie-5-maria-panna-i-jaskolka\/","url":"https:\/\/dariusz-muszer.de\/pl\/basnie-norweskie-5-maria-panna-i-jaskolka\/","name":"Ba\u015bnie norweskie (5) - Maria Panna i jask\u00f3\u0142ka - Dariusz Muszer","isPartOf":{"@id":"https:\/\/dariusz-muszer.de\/pl\/#website"},"datePublished":"2022-12-03T23:04:15+00:00","author":{"@id":"https:\/\/dariusz-muszer.de\/pl\/#\/schema\/person\/9f0c1c0310d5a835a41c892f377a9d48"},"description":"Dawno, dawno temu, w pi\u0119kny letni dzie\u0144, Maria Panna siedzia\u0142a przy szyciu na \u0142onie natury. Wcze\u015bniej po\u0142o\u017cy\u0142a obok siebie z\u0142ote no\u017cyczki","breadcrumb":{"@id":"https:\/\/dariusz-muszer.de\/pl\/basnie-norweskie-5-maria-panna-i-jaskolka\/#breadcrumb"},"inLanguage":"pl-PL","potentialAction":[{"@type":"ReadAction","target":["https:\/\/dariusz-muszer.de\/pl\/basnie-norweskie-5-maria-panna-i-jaskolka\/"]}]},{"@type":"BreadcrumbList","@id":"https:\/\/dariusz-muszer.de\/pl\/basnie-norweskie-5-maria-panna-i-jaskolka\/#breadcrumb","itemListElement":[{"@type":"ListItem","position":1,"name":"Strona g\u0142\u00f3wna","item":"https:\/\/dariusz-muszer.de\/pl\/"},{"@type":"ListItem","position":2,"name":"Ba\u015bnie norweskie (5) &#8211; Maria Panna i jask\u00f3\u0142ka"}]},{"@type":"WebSite","@id":"https:\/\/dariusz-muszer.de\/pl\/#website","url":"https:\/\/dariusz-muszer.de\/pl\/","name":"Dariusz Muszer","description":"pisarz","potentialAction":[{"@type":"SearchAction","target":{"@type":"EntryPoint","urlTemplate":"https:\/\/dariusz-muszer.de\/pl\/?s={search_term_string}"},"query-input":{"@type":"PropertyValueSpecification","valueRequired":true,"valueName":"search_term_string"}}],"inLanguage":"pl-PL"},{"@type":"Person","@id":"https:\/\/dariusz-muszer.de\/pl\/#\/schema\/person\/9f0c1c0310d5a835a41c892f377a9d48","name":"Kalong","image":{"@type":"ImageObject","inLanguage":"pl-PL","@id":"https:\/\/dariusz-muszer.de\/pl\/#\/schema\/person\/image\/","url":"https:\/\/secure.gravatar.com\/avatar\/c9f779f2a71c9a87e8c401a809d61b28d74fc852ff3f345760cf377e19933461?s=96&d=mm&r=g","contentUrl":"https:\/\/secure.gravatar.com\/avatar\/c9f779f2a71c9a87e8c401a809d61b28d74fc852ff3f345760cf377e19933461?s=96&d=mm&r=g","caption":"Kalong"},"url":"https:\/\/dariusz-muszer.de\/pl\/author\/kalong\/"}]}},"_links":{"self":[{"href":"https:\/\/dariusz-muszer.de\/pl\/wp-json\/wp\/v2\/posts\/1628","targetHints":{"allow":["GET"]}}],"collection":[{"href":"https:\/\/dariusz-muszer.de\/pl\/wp-json\/wp\/v2\/posts"}],"about":[{"href":"https:\/\/dariusz-muszer.de\/pl\/wp-json\/wp\/v2\/types\/post"}],"author":[{"embeddable":true,"href":"https:\/\/dariusz-muszer.de\/pl\/wp-json\/wp\/v2\/users\/1"}],"replies":[{"embeddable":true,"href":"https:\/\/dariusz-muszer.de\/pl\/wp-json\/wp\/v2\/comments?post=1628"}],"version-history":[{"count":3,"href":"https:\/\/dariusz-muszer.de\/pl\/wp-json\/wp\/v2\/posts\/1628\/revisions"}],"predecessor-version":[{"id":1631,"href":"https:\/\/dariusz-muszer.de\/pl\/wp-json\/wp\/v2\/posts\/1628\/revisions\/1631"}],"wp:attachment":[{"href":"https:\/\/dariusz-muszer.de\/pl\/wp-json\/wp\/v2\/media?parent=1628"}],"wp:term":[{"taxonomy":"category","embeddable":true,"href":"https:\/\/dariusz-muszer.de\/pl\/wp-json\/wp\/v2\/categories?post=1628"},{"taxonomy":"post_tag","embeddable":true,"href":"https:\/\/dariusz-muszer.de\/pl\/wp-json\/wp\/v2\/tags?post=1628"}],"curies":[{"name":"wp","href":"https:\/\/api.w.org\/{rel}","templated":true}]}}