{"id":1600,"date":"2022-01-22T08:29:23","date_gmt":"2022-01-22T07:29:23","guid":{"rendered":"http:\/\/dariusz-muszer.de\/pl\/?p=1600"},"modified":"2022-01-22T08:29:23","modified_gmt":"2022-01-22T07:29:23","slug":"o-tym-jak-kalafior-uratowal-ogrod","status":"publish","type":"post","link":"https:\/\/dariusz-muszer.de\/pl\/o-tym-jak-kalafior-uratowal-ogrod\/","title":{"rendered":"O tym, jak kalafior uratowa\u0142 ogr\u00f3d"},"content":{"rendered":"<h2><span style=\"color: #008000;\">Ze wspomnie\u0144 krzaczka porzeczki<\/span><\/h2>\n<h1>O tym, jak kalafior uratowa\u0142 ogr\u00f3d<\/h1>\n<p>Pewnego dnia zjawili si\u0119 w naszym ogrodzie selekcjonerzy. Szukali niezaczepionych. Chcieli si\u0119 z nimi rozprawi\u0107. Raz na zawsze. Taki otrzymali rozkaz. A rozkaz to rzecz \u015bwi\u0119tsza od deszczu, s\u0142o\u0144ca i t\u0119czy. I dobrze p\u0142atna. Rabarbar twierdzi, \u017ce na wykonywaniu rozkaz\u00f3w mo\u017cna si\u0119 ca\u0142kiem nie\u017ale ob\u0142owi\u0107; wprawdzie nie tak dobrze, jak na ich wydawaniu, ale zawsze co\u015b tam ekstra skapnie do gardzieli lub pod korze\u0144 palowy. Nie wiem, co ten huncwot ma na my\u015bli z t\u0105 form\u0105 korzenia, ale pewnie wspomina czasy, gdy by\u0142 m\u0142ody i jeszcze mu si\u0119 chcia\u0142o. Bo teraz ma tylko korze\u0144 spichrzowy, w dodatku w stanie spoczynku.<\/p>\n<p>Obcy ubrani byli w\u2006kombinezony ochronne, na kt\u00f3re dodatkowo zarzucili nylonowe fartuchy, \u017ceby si\u0119 zbytnio nie upa\u0107ka\u0107 podczas brudnej roboty, jakiej zamierzali si\u0119 ca\u0142ym sercem odda\u0107. Bo jak kto\u015b ma fartuch, to mokra robota zawsze si\u0119 znajdzie. Na pyskach mieli ponaci\u0105gane maski przeciwgazowe, tak wi\u0119c ich oblicza pozosta\u0142y dla nas nieodgadnione. Przynajmniej w tej fazie kontaktu, bo potem mia\u0142o si\u0119 to zmieni\u0107. Jednemu z nich zsun\u0119\u0142a si\u0119 w pewnym momencie przeciwgaz\u00f3wka i okaza\u0142o si\u0119, \u017ce pod ni\u0105 nosi kolejn\u0105 mask\u0119, kt\u00f3ra wygl\u0105da\u0142a na przeciwpy\u0142ow\u0105. Rabarbar od razu stwierdzi\u0142, \u017ce da\u0142by sobie wszystkie k\u0119dziorki z li\u015bci wyrwa\u0107, i\u017c pod t\u0105 mask\u0105 typek mia\u0142 jeszcze mask\u0119 lakiernicz\u0105, pod ni\u0105 smogow\u0105 FFP33, tudzie\u017c zwyk\u0142\u0105, chirurgiczn\u0105, a pod tymi wszystkimi zwalniaczami oddychania widnia\u0142 na jego g\u0119bie anilinowy szalik. Rabarbar nazwa\u0142 t\u0119 piramid\u0119 masek akuratnym kamufla\u017cem. Sk\u0105d mu przychodz\u0105 do g\u0142owy takie pomys\u0142y, nie wiem i wiedzie\u0107 nie zamierzam. Przysz\u0142o\u015b\u0107 jednak pokaza\u0142a, \u017ce wcale si\u0119 nie myli\u0142.<\/p>\n<p>Zacz\u0119li w\u0119szy\u0107. Ci, co przyszli potajemnie i wtargn\u0119li do ogrodu. Jak si\u0119 w\u0119szy z tak\u0105 ilo\u015bci\u0105 masek na pysku, ka\u017cdy wie, wi\u0119c nie musz\u0119 wyja\u015bnia\u0107, \u017ce ich w\u0119szenie nale\u017ca\u0142o do krainy metafor. Gdy tylko weszli na \u015bcie\u017cki mi\u0119dzy grz\u0105dkami, kto z nas m\u00f3g\u0142, kry\u0142 si\u0119 po k\u0105tach, a kto nie m\u00f3g\u0142, stan\u0105\u0142 jak zdrewnia\u0142y. \u017badna z ro\u015blin nie ugina\u0142a si\u0119 pod naporem zachodniego wiatru, kt\u00f3ry od wczesnego rana myszkowa\u0142 w naszym ogrodzie i tyle nam swoj\u0105 wizyt\u0105 rado\u015bci przyni\u00f3s\u0142. \u017baden li\u015b\u0107 nie zatrzepota\u0142, \u017cadna \u0142odyga nie drgn\u0119\u0142a, \u017caden korze\u0144 nie czerpa\u0142 z ziemi sok\u00f3w. Zamarli\u015bmy ze strachu. Mo\u017cna by nawet rzec, \u017ce z przera\u017cenia \u017cy\u0107 nam si\u0119 odechcia\u0142o. Bo taka selekcja niezaczepionych to nie jakie\u015b tam przelewki. A dwuno\u017cni to nie popo\u0142udniowy deszczyk: nie ma z nimi \u017cart\u00f3w i przekomarza\u0144 o wy\u017cszo\u015bci bytu nad niebytem.<\/p>\n<p>Odkryli, \u017ce z nas wszystkich zaledwie bluszcz i pow\u00f3j zdradzali oznaki zaczepienia. Gdy jednak przyjrzeli si\u0119 uwa\u017cniej, okaza\u0142o si\u0119, \u017ce ci dwaj w\u0142a\u015bnie si\u0119 odczepili, przy\u0142\u0105czaj\u0105c si\u0119 tym samym do og\u00f3lnoogrodowego protestu przeciwko czepieniom. Intruzi wypatrzyli jeszcze \u0142opian, ukryty w ramionach ligustrowego \u017cywop\u0142otu, kt\u00f3rego owoce, pokryte haczykami,\u2006 \u2006 sprawia\u0142y wra\u017cenie zaczepionych. Ogarn\u0119li wzrokiem rzepy i machn\u0119li g\u00f3rnymi odn\u00f3\u017cami, na znak, \u017ce taka zaczepno\u015b\u0107 w ich \u015bwiecie si\u0119 nie liczy.<\/p>\n<p>Gdy zbli\u017cyli si\u0119 do przytulii, ta sczepi\u0142a si\u0119 z marzank\u0105, wbijaj\u0105c haczykowate w\u0142oski swoich szorstkich p\u0119d\u00f3w w przylistki ukochanej przyjaci\u00f3\u0142ki, i obie w jednej chwili zapad\u0142y si\u0119 pod ziemi\u0119. Selekcjonerzy zbaranieli. Dos\u0142ownie. Nawet rogi im na g\u0142owach powyrasta\u0142y. Przez chwil\u0119 naradzali si\u0119, wydaj\u0105c gard\u0142owe odg\u0142osy przypominaj\u0105ce bulgotanie fermentacyjne pokrzywowej gnoj\u00f3wki, a potem zabrali si\u0119 za nas. Chwycili maczety w d\u0142onie i rozpierzchli si\u0119 po ogrodzie, by sia\u0107 dzie\u0142o zniszczenia. Nie mieli lito\u015bci dla niezaczepionych.<\/p>\n<p>Pierwsze pad\u0142y konwalie i tulipany, potem koperek oraz pietruszka, nast\u0119pnie pad\u0142a marchew, po niej kalarepa, ziemniaki, fasolka szparagowa i groszek. Zup\u0119 warzywn\u0105 mieli ju\u017c z g\u0142owy, ale to nie zaspokoi\u0142o ich wilczego apetytu: ci\u0119li, wci\u0105\u017c dalej i dalej! Trup \u015bcieli\u0142 si\u0119 w ogrodzie tak g\u0119sto, \u017ce wkr\u00f3tce deptali po grubym kobiercu ro\u015blinnych zw\u0142ok. Szatkowali wszystko, co im pod maczety podesz\u0142o: astry, pomidory, nasturcje, ostropesty, \u0142opian, go\u017adziki, irysy, mniszki, og\u00f3reczniki, macierzanki, chrzan, przylaszczki, a tak\u017ce rzodkiewki czerwone i bia\u0142e. Na razie omijali brzoz\u0119, klon i wierzb\u0119 korkow\u0105. Wida\u0107 nie byli pewni swych ostrzy. Dobrali si\u0119 natomiast do agrestu, kt\u00f3ry sta\u0142 nieopodal mnie.<\/p>\n<p>I wtedy zdarzy\u0142o si\u0119 co\u015b, czego pocz\u0105tkowo nie rozumia\u0142em, a gdy dotar\u0142o do mnie, co jest grane, by\u0142o ju\u017c po wszystkim. Ale opowiem po kolei, czyli nie tak, jak zdarzenia zapami\u0119ta\u0142em, lecz tak, jak si\u0119 domy\u015blam, \u017ce przebiega\u0142y.<\/p>\n<p>Zaczn\u0119 od tego, \u017ce krzaczki porzeczki umieraj\u0105 wyprostowane. Tego nauczy\u0142a mnie Stara Porzeczucha, kt\u00f3ra wiele jesieni temu przenios\u0142a si\u0119 do krainy wiecznego kwitnienia po zmasowanym ataku gronowca, specjalisty od szarej ple\u015bni. Sta\u0142em wi\u0119c, zgodnie z naukami mojej babki, w miejscu, nieruchomo, z ga\u0142\u0119ziami i li\u015b\u0107mi wzniesionymi ku \u017cyciodajnym chmurom, i czeka\u0142em na swoje ostatnie oberwanie. Rzuca\u0142em wzrokiem to na kalafiora, to na rabarbar, to na tamaryszek, spodziewaj\u0105c si\u0119, \u017ce lada chwila dwunogi przyjd\u0105 i policz\u0105 si\u0119 ze mn\u0105\u2006 \u2006 za moje bezprawne niezaczepienie. A wiosna by\u0142a pi\u0119kna tego dnia. Dwutlenek w\u0119gla obficie wype\u0142nia\u0142 powietrze, a\u017c ch\u0119\u0107 bra\u0142a, \u017ceby poczu\u0107 jego kwaskowaty smak na \u015bwie\u017cych p\u0119dach; chcia\u0142o si\u0119 po prostu \u017cy\u0107. Ci\u0119\u017cko mi zatem przysz\u0142o to moje stanie bez ruchu i czekanie na nieuniknione.<\/p>\n<p>Nagle m\u00f3j porzeczkowy \u015bwiat stan\u0105\u0142 na g\u0142owie i wszystko potoczy\u0142o si\u0119 bardzo szybko. Jeden zamaskowany zbir przypad\u0142 w\u0142a\u015bnie z wzniesion\u0105 maczet\u0105 do kalafiora i ju\u017c mia\u0142 wyprowadzi\u0107 rozstrzygaj\u0105ce ci\u0119cie, gdy nagle sta\u0142a si\u0119 rzecz niepoj\u0119ta: kalafior wytr\u0105ci\u0142 napastnikowi bro\u0144 z r\u0119ki i zacz\u0105\u0142 rosn\u0105\u0107. Tak mi si\u0119 przynajmniej wydawa\u0142o. W rzeczywisto\u015bci kalafior nie tyle r\u00f3s\u0142, ile na moich oczach przekszta\u0142ca\u0142 sw\u0105 r\u00f3\u017c\u0119 w straszliw\u0105 bro\u0144. Jego bia\u0142e, dot\u0105d zwarte, mi\u0119siste p\u0119dy kwiatowe, wyprysn\u0119\u0142y niespodzianie w powietrze i utworzy\u0142y co\u015b w rodzaju baldachimu, kt\u00f3ry w nast\u0119pnej chwili uleg\u0142 podzia\u0142owi i rozwarciu, a wtedy w powietrzu zata\u0144czy\u0142o mn\u00f3stwo z\u0142owieszczych macek. Kalafior przeobrazi\u0142 si\u0119 w wieloramienn\u0105 o\u015bmiornic\u0119, kt\u00f3ra zacz\u0119\u0142a bato\u017cy\u0107 selekcjoner\u00f3w.<\/p>\n<p>Pod jego ciosami opada\u0142y z nich kolejno maski, potem przysz\u0142a kolej na fartuchy i kombinezony ochronne. Pru\u0142y si\u0119 i strz\u0119pi\u0142y jak stare wspomnienia. D\u0142ugo nie trwa\u0142o, a wyznawcy kultu czepiennego stali si\u0119 nadzy, lecz kalafior nie ustawa\u0142 w wysi\u0142kach, bo jeszcze nie sko\u0144czy\u0142: ok\u0142ada\u0142 ich nadal swymi mackami. Zlani krwi\u0105, potem, \u015blin\u0105, moczem oraz \u0142zami, powalani ka\u0142em i smarkami, darli si\u0119 wniebog\u0142osy, wzywaj\u0105c na pomoc swego czepialskiego boga i swoich zaczepionych rozkazodawc\u00f3w. A nast\u0119pnie salwowali si\u0119 ucieczk\u0105, pozostawiaj\u0105c w ogrodzie wszystko, z czym przyszli. Tak\u017ce swoj\u0105 dum\u0119 i but\u0119.<\/p>\n<p>Do p\u00f3\u017anej nocy sprz\u0105tali\u015bmy po nich ogr\u00f3d, op\u0142akuj\u0105c ka\u017cdego zabitego. Nie cieszyli\u015bmy si\u0119 ze zwyci\u0119stwa, bo straty, jakie odnie\u015bli\u015bmy, by\u0142y zbyt wielkie. Starali\u015bmy si\u0119 nie robi\u0107 sobie wzajemnie wyrzut\u00f3w, \u017ce si\u0119 nie bronili\u015bmy, \u017ce niemo czekali\u015bmy na zag\u0142ad\u0119. Ale i tak ka\u017cdy my\u015bla\u0142 swoje, i na widok kalafiora, naszego wyrzutu sumienia, wszyscy odwracali g\u0142owy. A on ukry\u0142 swoje macki i sta\u0142 si\u0119 na powr\u00f3t zwyczajnym kalafiorem.<\/p>\n<p>Nikt nie widzia\u0142, jak pod os\u0142on\u0105 ciemno\u015bci podszed\u0142em cichaczem do kalafiora i poklepa\u0142em go po li\u015bciach. P\u00f3\u017aniej uczyni\u0142 to r\u00f3wnie\u017c rabarbar. A po nim wszyscy inni.<\/p>\n<p>Nast\u0119pnego dnia spad\u0142 rz\u0119sisty deszcz, kt\u00f3ry zmy\u0142 z nas ca\u0142y wstyd i pozwoli\u0142 nam zacz\u0105\u0107 na nowo rosn\u0105\u0107.<\/p>\n<p>Po kilku miesi\u0105cach od wizyty selekcjoner\u00f3w z po\u017cogi nie pozosta\u0142 nawet \u015blad. Ogr\u00f3d zakwit\u0142 wspaniale i wygl\u0105da\u0142 jak prawdziwy, niezaczepiony raj.<\/p>\n<p>A dwunogi mia\u0142y takiego pietra przed nami, \u017ce odt\u0105d omija\u0142y nasz dom z daleka. Czego\u015b ich jednak ten kalafior nauczy\u0142.<\/p>\n<p>&nbsp;<\/p>\n<p>\u00a9 Dariusz Muszer<\/p>\n","protected":false},"excerpt":{"rendered":"<p>Ze wspomnie\u0144 krzaczka porzeczki O tym, jak kalafior uratowa\u0142 ogr\u00f3d Pewnego dnia zjawili si\u0119 w naszym ogrodzie selekcjonerzy. Szukali niezaczepionych. Chcieli si\u0119 z nimi rozprawi\u0107. Raz na zawsze. Taki otrzymali rozkaz. A rozkaz to rzecz \u015bwi\u0119tsza od deszczu, s\u0142o\u0144ca i t\u0119czy. I dobrze p\u0142atna. Rabarbar twierdzi, \u017ce na wykonywaniu rozkaz\u00f3w mo\u017cna si\u0119 ca\u0142kiem nie\u017ale ob\u0142owi\u0107; [&hellip;]<\/p>\n","protected":false},"author":1,"featured_media":1506,"comment_status":"closed","ping_status":"closed","sticky":false,"template":"","format":"standard","meta":{"footnotes":""},"categories":[241],"tags":[383,392,243,391,377],"class_list":["post-1600","post","type-post","status-publish","format-standard","has-post-thumbnail","hentry","category-ze-wspomnien-krzaczka-porzeczki","tag-kalafior","tag-kalarepa","tag-krzaczek-porzeczki","tag-marchew","tag-przytulia"],"yoast_head":"<!-- This site is optimized with the Yoast SEO plugin v27.0 - https:\/\/yoast.com\/product\/yoast-seo-wordpress\/ -->\n<title>O tym, jak kalafior uratowa\u0142 ogr\u00f3d - Dariusz Muszer<\/title>\n<meta name=\"description\" content=\"Pewnego dnia zjawili si\u0119 w naszym ogrodzie selekcjonerzy. Szukali niezaczepionych. Chcieli si\u0119 z nimi rozprawi\u0107. Taki otrzymali rozkaz.\" \/>\n<meta name=\"robots\" content=\"index, follow, max-snippet:-1, max-image-preview:large, max-video-preview:-1\" \/>\n<link rel=\"canonical\" href=\"https:\/\/dariusz-muszer.de\/pl\/o-tym-jak-kalafior-uratowal-ogrod\/\" \/>\n<meta property=\"og:locale\" content=\"pl_PL\" \/>\n<meta property=\"og:type\" content=\"article\" \/>\n<meta property=\"og:title\" content=\"O tym, jak kalafior uratowa\u0142 ogr\u00f3d - Dariusz Muszer\" \/>\n<meta property=\"og:description\" content=\"Pewnego dnia zjawili si\u0119 w naszym ogrodzie selekcjonerzy. Szukali niezaczepionych. Chcieli si\u0119 z nimi rozprawi\u0107. Taki otrzymali rozkaz.\" \/>\n<meta property=\"og:url\" content=\"https:\/\/dariusz-muszer.de\/pl\/o-tym-jak-kalafior-uratowal-ogrod\/\" \/>\n<meta property=\"og:site_name\" content=\"Dariusz Muszer\" \/>\n<meta property=\"article:published_time\" content=\"2022-01-22T07:29:23+00:00\" \/>\n<meta property=\"og:image\" content=\"https:\/\/dariusz-muszer.de\/pl\/wp-content\/uploads\/sites\/2\/2021\/05\/sukulent-1-web-dariusz-muszer.jpg\" \/>\n\t<meta property=\"og:image:width\" content=\"800\" \/>\n\t<meta property=\"og:image:height\" content=\"533\" \/>\n\t<meta property=\"og:image:type\" content=\"image\/jpeg\" \/>\n<meta name=\"author\" content=\"Kalong\" \/>\n<meta name=\"twitter:card\" content=\"summary_large_image\" \/>\n<meta name=\"twitter:label1\" content=\"Napisane przez\" \/>\n\t<meta name=\"twitter:data1\" content=\"Kalong\" \/>\n\t<meta name=\"twitter:label2\" content=\"Szacowany czas czytania\" \/>\n\t<meta name=\"twitter:data2\" content=\"6 minut\" \/>\n<script type=\"application\/ld+json\" class=\"yoast-schema-graph\">{\"@context\":\"https:\/\/schema.org\",\"@graph\":[{\"@type\":\"Article\",\"@id\":\"https:\/\/dariusz-muszer.de\/pl\/o-tym-jak-kalafior-uratowal-ogrod\/#article\",\"isPartOf\":{\"@id\":\"https:\/\/dariusz-muszer.de\/pl\/o-tym-jak-kalafior-uratowal-ogrod\/\"},\"author\":{\"name\":\"Kalong\",\"@id\":\"https:\/\/dariusz-muszer.de\/pl\/#\/schema\/person\/9f0c1c0310d5a835a41c892f377a9d48\"},\"headline\":\"O tym, jak kalafior uratowa\u0142 ogr\u00f3d\",\"datePublished\":\"2022-01-22T07:29:23+00:00\",\"mainEntityOfPage\":{\"@id\":\"https:\/\/dariusz-muszer.de\/pl\/o-tym-jak-kalafior-uratowal-ogrod\/\"},\"wordCount\":1401,\"image\":{\"@id\":\"https:\/\/dariusz-muszer.de\/pl\/o-tym-jak-kalafior-uratowal-ogrod\/#primaryimage\"},\"thumbnailUrl\":\"https:\/\/dariusz-muszer.de\/pl\/wp-content\/uploads\/sites\/2\/2021\/05\/sukulent-1-web-dariusz-muszer.jpg\",\"keywords\":[\"kalafior\",\"kalarepa\",\"krzaczek porzeczki\",\"marchew\",\"przytulia\"],\"articleSection\":[\"Ze wspomnie\u0144 krzaczka porzeczki\"],\"inLanguage\":\"pl-PL\"},{\"@type\":\"WebPage\",\"@id\":\"https:\/\/dariusz-muszer.de\/pl\/o-tym-jak-kalafior-uratowal-ogrod\/\",\"url\":\"https:\/\/dariusz-muszer.de\/pl\/o-tym-jak-kalafior-uratowal-ogrod\/\",\"name\":\"O tym, jak kalafior uratowa\u0142 ogr\u00f3d - Dariusz Muszer\",\"isPartOf\":{\"@id\":\"https:\/\/dariusz-muszer.de\/pl\/#website\"},\"primaryImageOfPage\":{\"@id\":\"https:\/\/dariusz-muszer.de\/pl\/o-tym-jak-kalafior-uratowal-ogrod\/#primaryimage\"},\"image\":{\"@id\":\"https:\/\/dariusz-muszer.de\/pl\/o-tym-jak-kalafior-uratowal-ogrod\/#primaryimage\"},\"thumbnailUrl\":\"https:\/\/dariusz-muszer.de\/pl\/wp-content\/uploads\/sites\/2\/2021\/05\/sukulent-1-web-dariusz-muszer.jpg\",\"datePublished\":\"2022-01-22T07:29:23+00:00\",\"author\":{\"@id\":\"https:\/\/dariusz-muszer.de\/pl\/#\/schema\/person\/9f0c1c0310d5a835a41c892f377a9d48\"},\"description\":\"Pewnego dnia zjawili si\u0119 w naszym ogrodzie selekcjonerzy. Szukali niezaczepionych. Chcieli si\u0119 z nimi rozprawi\u0107. Taki otrzymali rozkaz.\",\"breadcrumb\":{\"@id\":\"https:\/\/dariusz-muszer.de\/pl\/o-tym-jak-kalafior-uratowal-ogrod\/#breadcrumb\"},\"inLanguage\":\"pl-PL\",\"potentialAction\":[{\"@type\":\"ReadAction\",\"target\":[\"https:\/\/dariusz-muszer.de\/pl\/o-tym-jak-kalafior-uratowal-ogrod\/\"]}]},{\"@type\":\"ImageObject\",\"inLanguage\":\"pl-PL\",\"@id\":\"https:\/\/dariusz-muszer.de\/pl\/o-tym-jak-kalafior-uratowal-ogrod\/#primaryimage\",\"url\":\"https:\/\/dariusz-muszer.de\/pl\/wp-content\/uploads\/sites\/2\/2021\/05\/sukulent-1-web-dariusz-muszer.jpg\",\"contentUrl\":\"https:\/\/dariusz-muszer.de\/pl\/wp-content\/uploads\/sites\/2\/2021\/05\/sukulent-1-web-dariusz-muszer.jpg\",\"width\":800,\"height\":533,\"caption\":\"ro\u015blina\"},{\"@type\":\"BreadcrumbList\",\"@id\":\"https:\/\/dariusz-muszer.de\/pl\/o-tym-jak-kalafior-uratowal-ogrod\/#breadcrumb\",\"itemListElement\":[{\"@type\":\"ListItem\",\"position\":1,\"name\":\"Strona g\u0142\u00f3wna\",\"item\":\"https:\/\/dariusz-muszer.de\/pl\/\"},{\"@type\":\"ListItem\",\"position\":2,\"name\":\"O tym, jak kalafior uratowa\u0142 ogr\u00f3d\"}]},{\"@type\":\"WebSite\",\"@id\":\"https:\/\/dariusz-muszer.de\/pl\/#website\",\"url\":\"https:\/\/dariusz-muszer.de\/pl\/\",\"name\":\"Dariusz Muszer\",\"description\":\"pisarz\",\"potentialAction\":[{\"@type\":\"SearchAction\",\"target\":{\"@type\":\"EntryPoint\",\"urlTemplate\":\"https:\/\/dariusz-muszer.de\/pl\/?s={search_term_string}\"},\"query-input\":{\"@type\":\"PropertyValueSpecification\",\"valueRequired\":true,\"valueName\":\"search_term_string\"}}],\"inLanguage\":\"pl-PL\"},{\"@type\":\"Person\",\"@id\":\"https:\/\/dariusz-muszer.de\/pl\/#\/schema\/person\/9f0c1c0310d5a835a41c892f377a9d48\",\"name\":\"Kalong\",\"image\":{\"@type\":\"ImageObject\",\"inLanguage\":\"pl-PL\",\"@id\":\"https:\/\/dariusz-muszer.de\/pl\/#\/schema\/person\/image\/\",\"url\":\"https:\/\/secure.gravatar.com\/avatar\/c9f779f2a71c9a87e8c401a809d61b28d74fc852ff3f345760cf377e19933461?s=96&d=mm&r=g\",\"contentUrl\":\"https:\/\/secure.gravatar.com\/avatar\/c9f779f2a71c9a87e8c401a809d61b28d74fc852ff3f345760cf377e19933461?s=96&d=mm&r=g\",\"caption\":\"Kalong\"},\"url\":\"https:\/\/dariusz-muszer.de\/pl\/author\/kalong\/\"}]}<\/script>\n<!-- \/ Yoast SEO plugin. -->","yoast_head_json":{"title":"O tym, jak kalafior uratowa\u0142 ogr\u00f3d - Dariusz Muszer","description":"Pewnego dnia zjawili si\u0119 w naszym ogrodzie selekcjonerzy. Szukali niezaczepionych. Chcieli si\u0119 z nimi rozprawi\u0107. Taki otrzymali rozkaz.","robots":{"index":"index","follow":"follow","max-snippet":"max-snippet:-1","max-image-preview":"max-image-preview:large","max-video-preview":"max-video-preview:-1"},"canonical":"https:\/\/dariusz-muszer.de\/pl\/o-tym-jak-kalafior-uratowal-ogrod\/","og_locale":"pl_PL","og_type":"article","og_title":"O tym, jak kalafior uratowa\u0142 ogr\u00f3d - Dariusz Muszer","og_description":"Pewnego dnia zjawili si\u0119 w naszym ogrodzie selekcjonerzy. Szukali niezaczepionych. Chcieli si\u0119 z nimi rozprawi\u0107. Taki otrzymali rozkaz.","og_url":"https:\/\/dariusz-muszer.de\/pl\/o-tym-jak-kalafior-uratowal-ogrod\/","og_site_name":"Dariusz Muszer","article_published_time":"2022-01-22T07:29:23+00:00","og_image":[{"width":800,"height":533,"url":"https:\/\/dariusz-muszer.de\/pl\/wp-content\/uploads\/sites\/2\/2021\/05\/sukulent-1-web-dariusz-muszer.jpg","type":"image\/jpeg"}],"author":"Kalong","twitter_card":"summary_large_image","twitter_misc":{"Napisane przez":"Kalong","Szacowany czas czytania":"6 minut"},"schema":{"@context":"https:\/\/schema.org","@graph":[{"@type":"Article","@id":"https:\/\/dariusz-muszer.de\/pl\/o-tym-jak-kalafior-uratowal-ogrod\/#article","isPartOf":{"@id":"https:\/\/dariusz-muszer.de\/pl\/o-tym-jak-kalafior-uratowal-ogrod\/"},"author":{"name":"Kalong","@id":"https:\/\/dariusz-muszer.de\/pl\/#\/schema\/person\/9f0c1c0310d5a835a41c892f377a9d48"},"headline":"O tym, jak kalafior uratowa\u0142 ogr\u00f3d","datePublished":"2022-01-22T07:29:23+00:00","mainEntityOfPage":{"@id":"https:\/\/dariusz-muszer.de\/pl\/o-tym-jak-kalafior-uratowal-ogrod\/"},"wordCount":1401,"image":{"@id":"https:\/\/dariusz-muszer.de\/pl\/o-tym-jak-kalafior-uratowal-ogrod\/#primaryimage"},"thumbnailUrl":"https:\/\/dariusz-muszer.de\/pl\/wp-content\/uploads\/sites\/2\/2021\/05\/sukulent-1-web-dariusz-muszer.jpg","keywords":["kalafior","kalarepa","krzaczek porzeczki","marchew","przytulia"],"articleSection":["Ze wspomnie\u0144 krzaczka porzeczki"],"inLanguage":"pl-PL"},{"@type":"WebPage","@id":"https:\/\/dariusz-muszer.de\/pl\/o-tym-jak-kalafior-uratowal-ogrod\/","url":"https:\/\/dariusz-muszer.de\/pl\/o-tym-jak-kalafior-uratowal-ogrod\/","name":"O tym, jak kalafior uratowa\u0142 ogr\u00f3d - Dariusz Muszer","isPartOf":{"@id":"https:\/\/dariusz-muszer.de\/pl\/#website"},"primaryImageOfPage":{"@id":"https:\/\/dariusz-muszer.de\/pl\/o-tym-jak-kalafior-uratowal-ogrod\/#primaryimage"},"image":{"@id":"https:\/\/dariusz-muszer.de\/pl\/o-tym-jak-kalafior-uratowal-ogrod\/#primaryimage"},"thumbnailUrl":"https:\/\/dariusz-muszer.de\/pl\/wp-content\/uploads\/sites\/2\/2021\/05\/sukulent-1-web-dariusz-muszer.jpg","datePublished":"2022-01-22T07:29:23+00:00","author":{"@id":"https:\/\/dariusz-muszer.de\/pl\/#\/schema\/person\/9f0c1c0310d5a835a41c892f377a9d48"},"description":"Pewnego dnia zjawili si\u0119 w naszym ogrodzie selekcjonerzy. Szukali niezaczepionych. Chcieli si\u0119 z nimi rozprawi\u0107. Taki otrzymali rozkaz.","breadcrumb":{"@id":"https:\/\/dariusz-muszer.de\/pl\/o-tym-jak-kalafior-uratowal-ogrod\/#breadcrumb"},"inLanguage":"pl-PL","potentialAction":[{"@type":"ReadAction","target":["https:\/\/dariusz-muszer.de\/pl\/o-tym-jak-kalafior-uratowal-ogrod\/"]}]},{"@type":"ImageObject","inLanguage":"pl-PL","@id":"https:\/\/dariusz-muszer.de\/pl\/o-tym-jak-kalafior-uratowal-ogrod\/#primaryimage","url":"https:\/\/dariusz-muszer.de\/pl\/wp-content\/uploads\/sites\/2\/2021\/05\/sukulent-1-web-dariusz-muszer.jpg","contentUrl":"https:\/\/dariusz-muszer.de\/pl\/wp-content\/uploads\/sites\/2\/2021\/05\/sukulent-1-web-dariusz-muszer.jpg","width":800,"height":533,"caption":"ro\u015blina"},{"@type":"BreadcrumbList","@id":"https:\/\/dariusz-muszer.de\/pl\/o-tym-jak-kalafior-uratowal-ogrod\/#breadcrumb","itemListElement":[{"@type":"ListItem","position":1,"name":"Strona g\u0142\u00f3wna","item":"https:\/\/dariusz-muszer.de\/pl\/"},{"@type":"ListItem","position":2,"name":"O tym, jak kalafior uratowa\u0142 ogr\u00f3d"}]},{"@type":"WebSite","@id":"https:\/\/dariusz-muszer.de\/pl\/#website","url":"https:\/\/dariusz-muszer.de\/pl\/","name":"Dariusz Muszer","description":"pisarz","potentialAction":[{"@type":"SearchAction","target":{"@type":"EntryPoint","urlTemplate":"https:\/\/dariusz-muszer.de\/pl\/?s={search_term_string}"},"query-input":{"@type":"PropertyValueSpecification","valueRequired":true,"valueName":"search_term_string"}}],"inLanguage":"pl-PL"},{"@type":"Person","@id":"https:\/\/dariusz-muszer.de\/pl\/#\/schema\/person\/9f0c1c0310d5a835a41c892f377a9d48","name":"Kalong","image":{"@type":"ImageObject","inLanguage":"pl-PL","@id":"https:\/\/dariusz-muszer.de\/pl\/#\/schema\/person\/image\/","url":"https:\/\/secure.gravatar.com\/avatar\/c9f779f2a71c9a87e8c401a809d61b28d74fc852ff3f345760cf377e19933461?s=96&d=mm&r=g","contentUrl":"https:\/\/secure.gravatar.com\/avatar\/c9f779f2a71c9a87e8c401a809d61b28d74fc852ff3f345760cf377e19933461?s=96&d=mm&r=g","caption":"Kalong"},"url":"https:\/\/dariusz-muszer.de\/pl\/author\/kalong\/"}]}},"_links":{"self":[{"href":"https:\/\/dariusz-muszer.de\/pl\/wp-json\/wp\/v2\/posts\/1600","targetHints":{"allow":["GET"]}}],"collection":[{"href":"https:\/\/dariusz-muszer.de\/pl\/wp-json\/wp\/v2\/posts"}],"about":[{"href":"https:\/\/dariusz-muszer.de\/pl\/wp-json\/wp\/v2\/types\/post"}],"author":[{"embeddable":true,"href":"https:\/\/dariusz-muszer.de\/pl\/wp-json\/wp\/v2\/users\/1"}],"replies":[{"embeddable":true,"href":"https:\/\/dariusz-muszer.de\/pl\/wp-json\/wp\/v2\/comments?post=1600"}],"version-history":[{"count":3,"href":"https:\/\/dariusz-muszer.de\/pl\/wp-json\/wp\/v2\/posts\/1600\/revisions"}],"predecessor-version":[{"id":1603,"href":"https:\/\/dariusz-muszer.de\/pl\/wp-json\/wp\/v2\/posts\/1600\/revisions\/1603"}],"wp:featuredmedia":[{"embeddable":true,"href":"https:\/\/dariusz-muszer.de\/pl\/wp-json\/wp\/v2\/media\/1506"}],"wp:attachment":[{"href":"https:\/\/dariusz-muszer.de\/pl\/wp-json\/wp\/v2\/media?parent=1600"}],"wp:term":[{"taxonomy":"category","embeddable":true,"href":"https:\/\/dariusz-muszer.de\/pl\/wp-json\/wp\/v2\/categories?post=1600"},{"taxonomy":"post_tag","embeddable":true,"href":"https:\/\/dariusz-muszer.de\/pl\/wp-json\/wp\/v2\/tags?post=1600"}],"curies":[{"name":"wp","href":"https:\/\/api.w.org\/{rel}","templated":true}]}}