{"id":1575,"date":"2021-12-12T18:23:35","date_gmt":"2021-12-12T17:23:35","guid":{"rendered":"http:\/\/dariusz-muszer.de\/pl\/?p=1575"},"modified":"2021-12-12T18:23:35","modified_gmt":"2021-12-12T17:23:35","slug":"msza-zmarlych","status":"publish","type":"post","link":"https:\/\/dariusz-muszer.de\/pl\/msza-zmarlych\/","title":{"rendered":"Msza zmar\u0142ych"},"content":{"rendered":"<h1>Msza zmar\u0142ych<\/h1>\n<p align=\"justify\">By\u0142a kiedy\u015b pewna kobieta, kt\u00f3ra w Wigili\u0119 pomy\u015bla\u0142a sobie, \u017ce dobrze by\u0142oby, gdyby w poranek Bo\u017cego Narodzenia posz\u0142a na wczesne nabo\u017ce\u0144stwo, jako \u017ce by\u0142a \u017carliw\u0105 wiern\u0105. Tak wi\u0119c wyda\u0142a\u00a0kaw\u0119 dziewczynie, aby rano mie\u0107 co\u015b ciep\u0142ego w ustach i nie i\u015b\u0107 na czczo do ko\u015bcio\u0142a. Kiedy obudzi\u0142a si\u0119, \u015bwiat\u0142o ksi\u0119\u017cyca wpada\u0142o do jej izby. Wsta\u0142a wi\u0119c, aby zobaczy\u0107, kt\u00f3ra jest godzina, lecz zegar zatrzyma\u0142 si\u0119, a wskaz\u00f3wki pokazywa\u0142y na p\u00f3\u0142 godziny przed p\u00f3\u0142noc\u0105. Nie wiedzia\u0142a, jak to jest dok\u0142adnie z czasem, podesz\u0142a wi\u0119c do okna i spojrza\u0142a w kierunku ko\u015bcio\u0142a. Zobaczy\u0142a, \u017ce wszystkie okna s\u0105 w nim o\u015bwietlone. Obudzi\u0142a wi\u0119c dziewczyn\u0119 i kaza\u0142a jej zagotowa\u0107 kaw\u0119, sama za\u015b w tym czasie ubra\u0142a si\u0119, a nast\u0119pnie wzi\u0119\u0142a \u015bpiewnik i posz\u0142a do ko\u015bcio\u0142a. Na ulicy panowa\u0142a cisza jak makiem zasia\u0142 i nie wida\u0107 by\u0142o \u017cywej duszy.<\/p>\n<p align=\"justify\">Kobieta wesz\u0142a do ko\u015bcio\u0142a i usiad\u0142a na swoim sta\u0142ym miejscu, a gdy si\u0119 rozejrza\u0142a, ludzie wydali si\u0119 jej jacy\u015b dziwaczni i bladzi, jakby wszyscy nale\u017celi do nie\u017cywych. Nie zna\u0142a nikogo, ale wydawa\u0142o jej si\u0119, \u017ce niekt\u00f3rych ju\u017c niegdy\u015b widzia\u0142a, jednak\u017ce nie mog\u0142a sobie przypomnie\u0107, gdzie i kiedy.<\/p>\n<p align=\"justify\">Ksi\u0105dz wspi\u0105\u0142 si\u0119 na kazalnic\u0119, lecz nie by\u0142 to \u017caden z miejscowych duchownych, tylko wielki, poblad\u0142y m\u0119\u017cczyzna, kt\u00f3ry jawi\u0142 si\u0119 kobiecie sk\u0105d\u015b znajomy. Wyg\u0142osi\u0142 bardzo buduj\u0105ce kazanie, a w ko\u015bciele panowa\u0142 spok\u00f3j. Nie rozlega\u0142y si\u0119 \u017cadne pokas\u0142ywania i pochrz\u0105kiwania, jak to zwykle zdarza\u0142o si\u0119 w bo\u017conarodzeniowy poranek podczas wczesnego nabo\u017ce\u0144stwa. Wszyscy siedzieli tak cicho, \u017ce mo\u017cna by by\u0142o us\u0142ysze\u0107 spadaj\u0105c\u0105 ig\u0142\u0119. I ta niczym niezm\u0105cona cisza spowodowa\u0142a, \u017ce kobiet\u0119 ogarn\u0105\u0142 niespodzianie przejmuj\u0105cy strach.<\/p>\n<p align=\"justify\">Kiedy zacz\u0119to \u015bpiewa\u0107, siedz\u0105ca obok niewiasta pochyli\u0142a si\u0119 ku niej i szepn\u0119\u0142a jej do ucha:<\/p>\n<p align=\"justify\">\u2013 Zarzu\u0107 jeno p\u0142aszcz na grzbiet i uchod\u017a st\u0105d bez zw\u0142oki, gdy\u017c je\u015bli b\u0119dziesz czeka\u0142a, a\u017c msza si\u0119 sko\u0144czy, to ci\u0119 zakatrupi\u0105. Jest to bowiem msza zmar\u0142ych.<\/p>\n<p align=\"justify\">Kobieta zatrwo\u017cy\u0142a si\u0119 ogromnie, gdy\u017c kiedy us\u0142ysza\u0142a g\u0142os i spojrza\u0142a na m\u00f3wi\u0105c\u0105, rozpozna\u0142a w niej swoj\u0105 dawn\u0105 s\u0105siadk\u0119, kt\u00f3ra nie \u017cy\u0142a ju\u017c od wielu lat. Poczu\u0142a, \u017ce krew zamarza jej w \u017cy\u0142ach, taki strach j\u0105 ogarn\u0105\u0142. Zarzuci\u0142a p\u0142aszcz na plecy, jak jej poleci\u0142a s\u0105siadka, i ruszy\u0142a do wyj\u015bcia. Odnios\u0142a wra\u017cenie, jakby wszyscy nagle ruszyli ku niej. Kolana ugi\u0119\u0142y si\u0119 pod ni\u0105 i o ma\u0142y w\u0142os nie upad\u0142a na pod\u0142og\u0119. Kiedy dotar\u0142a do schod\u00f3w, poczu\u0142a, jak dziesi\u0105tki r\u0105k chwytaj\u0105 p\u0142aszcz, odrzuci\u0142a go wi\u0119c i na \u0142eb na szyj\u0119 pop\u0119dzi\u0142a do domu. Dok\u0142adnie wtedy, gdy stan\u0119\u0142a w drzwiach, zegar wybi\u0142 godzin\u0119 pierwsz\u0105. Ledwo \u017cywa ze strachu wesz\u0142a do \u015brodka.<\/p>\n<p align=\"justify\">Rano, kiedy ludzie szli do ko\u015bcio\u0142a, na schodach le\u017ca\u0142 p\u0142aszcz. By\u0142 rozerwany na tysi\u0105ce kawa\u0142k\u00f3w.<\/p>\n<p align=\"justify\">\n<p style=\"text-align: right;\" align=\"justify\"><span lang=\"nb-NO\">De d\u00f8des messe<\/span><span lang=\"nb-NO\">, <\/span><span lang=\"nb-NO\">Peter Christen Asbj\u00f8rnsen<br \/>\n<\/span>Msza zmar\u0142ych, Dariusz Muszer<\/p>\n<p>&nbsp;<\/p>\n","protected":false},"excerpt":{"rendered":"<p>Msza zmar\u0142ych By\u0142a kiedy\u015b pewna kobieta, kt\u00f3ra w Wigili\u0119 pomy\u015bla\u0142a sobie, \u017ce dobrze by\u0142oby, gdyby w poranek Bo\u017cego Narodzenia posz\u0142a na wczesne nabo\u017ce\u0144stwo, jako \u017ce by\u0142a \u017carliw\u0105 wiern\u0105. Tak wi\u0119c wyda\u0142a\u00a0kaw\u0119 dziewczynie, aby rano mie\u0107 co\u015b ciep\u0142ego w ustach i nie i\u015b\u0107 na czczo do ko\u015bcio\u0142a. Kiedy obudzi\u0142a si\u0119, \u015bwiat\u0142o ksi\u0119\u017cyca wpada\u0142o do jej izby. [&hellip;]<\/p>\n","protected":false},"author":1,"featured_media":1576,"comment_status":"closed","ping_status":"closed","sticky":false,"template":"","format":"standard","meta":{"footnotes":""},"categories":[288],"tags":[385,388,387,386],"class_list":["post-1575","post","type-post","status-publish","format-standard","has-post-thumbnail","hentry","category-basnie-norweskie","tag-basn-norweska","tag-peter-christen-asbjornsen","tag-plaszcz","tag-wigilia"],"yoast_head":"<!-- This site is optimized with the Yoast SEO plugin v27.0 - https:\/\/yoast.com\/product\/yoast-seo-wordpress\/ -->\n<title>Msza zmar\u0142ych - Dariusz Muszer<\/title>\n<meta name=\"description\" content=\"Ba\u015b\u0144 norweska. By\u0142a kiedy\u015b pewna kobieta, kt\u00f3ra w Wigili\u0119 pomy\u015bla\u0142a sobie, \u017ce dobrze by\u0142oby, gdyby w poranek Bo\u017cego Narodzenia...\" \/>\n<meta name=\"robots\" content=\"index, follow, max-snippet:-1, max-image-preview:large, max-video-preview:-1\" \/>\n<link rel=\"canonical\" href=\"https:\/\/dariusz-muszer.de\/pl\/msza-zmarlych\/\" \/>\n<meta property=\"og:locale\" content=\"pl_PL\" \/>\n<meta property=\"og:type\" content=\"article\" \/>\n<meta property=\"og:title\" content=\"Msza zmar\u0142ych - Dariusz Muszer\" \/>\n<meta property=\"og:description\" content=\"Ba\u015b\u0144 norweska. By\u0142a kiedy\u015b pewna kobieta, kt\u00f3ra w Wigili\u0119 pomy\u015bla\u0142a sobie, \u017ce dobrze by\u0142oby, gdyby w poranek Bo\u017cego Narodzenia...\" \/>\n<meta property=\"og:url\" content=\"https:\/\/dariusz-muszer.de\/pl\/msza-zmarlych\/\" \/>\n<meta property=\"og:site_name\" content=\"Dariusz Muszer\" \/>\n<meta property=\"article:published_time\" content=\"2021-12-12T17:23:35+00:00\" \/>\n<meta property=\"og:image\" content=\"https:\/\/dariusz-muszer.de\/pl\/wp-content\/uploads\/sites\/2\/2021\/12\/Lawka-zima.jpg\" \/>\n\t<meta property=\"og:image:width\" content=\"800\" \/>\n\t<meta property=\"og:image:height\" content=\"600\" \/>\n\t<meta property=\"og:image:type\" content=\"image\/jpeg\" \/>\n<meta name=\"author\" content=\"Kalong\" \/>\n<meta name=\"twitter:card\" content=\"summary_large_image\" \/>\n<meta name=\"twitter:label1\" content=\"Napisane przez\" \/>\n\t<meta name=\"twitter:data1\" content=\"Kalong\" \/>\n\t<meta name=\"twitter:label2\" content=\"Szacowany czas czytania\" \/>\n\t<meta name=\"twitter:data2\" content=\"2 minuty\" \/>\n<script type=\"application\/ld+json\" class=\"yoast-schema-graph\">{\"@context\":\"https:\/\/schema.org\",\"@graph\":[{\"@type\":\"Article\",\"@id\":\"https:\/\/dariusz-muszer.de\/pl\/msza-zmarlych\/#article\",\"isPartOf\":{\"@id\":\"https:\/\/dariusz-muszer.de\/pl\/msza-zmarlych\/\"},\"author\":{\"name\":\"Kalong\",\"@id\":\"https:\/\/dariusz-muszer.de\/pl\/#\/schema\/person\/9f0c1c0310d5a835a41c892f377a9d48\"},\"headline\":\"Msza zmar\u0142ych\",\"datePublished\":\"2021-12-12T17:23:35+00:00\",\"mainEntityOfPage\":{\"@id\":\"https:\/\/dariusz-muszer.de\/pl\/msza-zmarlych\/\"},\"wordCount\":578,\"image\":{\"@id\":\"https:\/\/dariusz-muszer.de\/pl\/msza-zmarlych\/#primaryimage\"},\"thumbnailUrl\":\"https:\/\/dariusz-muszer.de\/pl\/wp-content\/uploads\/sites\/2\/2021\/12\/Lawka-zima.jpg\",\"keywords\":[\"ba\u015b\u0144 norweska\",\"Peter Christen Asbj\u00f8rnsen\",\"p\u0142aszcz\",\"Wigilia\"],\"articleSection\":[\"Ba\u015bnie norweskie\"],\"inLanguage\":\"pl-PL\"},{\"@type\":\"WebPage\",\"@id\":\"https:\/\/dariusz-muszer.de\/pl\/msza-zmarlych\/\",\"url\":\"https:\/\/dariusz-muszer.de\/pl\/msza-zmarlych\/\",\"name\":\"Msza zmar\u0142ych - Dariusz Muszer\",\"isPartOf\":{\"@id\":\"https:\/\/dariusz-muszer.de\/pl\/#website\"},\"primaryImageOfPage\":{\"@id\":\"https:\/\/dariusz-muszer.de\/pl\/msza-zmarlych\/#primaryimage\"},\"image\":{\"@id\":\"https:\/\/dariusz-muszer.de\/pl\/msza-zmarlych\/#primaryimage\"},\"thumbnailUrl\":\"https:\/\/dariusz-muszer.de\/pl\/wp-content\/uploads\/sites\/2\/2021\/12\/Lawka-zima.jpg\",\"datePublished\":\"2021-12-12T17:23:35+00:00\",\"author\":{\"@id\":\"https:\/\/dariusz-muszer.de\/pl\/#\/schema\/person\/9f0c1c0310d5a835a41c892f377a9d48\"},\"description\":\"Ba\u015b\u0144 norweska. By\u0142a kiedy\u015b pewna kobieta, kt\u00f3ra w Wigili\u0119 pomy\u015bla\u0142a sobie, \u017ce dobrze by\u0142oby, gdyby w poranek Bo\u017cego Narodzenia...\",\"breadcrumb\":{\"@id\":\"https:\/\/dariusz-muszer.de\/pl\/msza-zmarlych\/#breadcrumb\"},\"inLanguage\":\"pl-PL\",\"potentialAction\":[{\"@type\":\"ReadAction\",\"target\":[\"https:\/\/dariusz-muszer.de\/pl\/msza-zmarlych\/\"]}]},{\"@type\":\"ImageObject\",\"inLanguage\":\"pl-PL\",\"@id\":\"https:\/\/dariusz-muszer.de\/pl\/msza-zmarlych\/#primaryimage\",\"url\":\"https:\/\/dariusz-muszer.de\/pl\/wp-content\/uploads\/sites\/2\/2021\/12\/Lawka-zima.jpg\",\"contentUrl\":\"https:\/\/dariusz-muszer.de\/pl\/wp-content\/uploads\/sites\/2\/2021\/12\/Lawka-zima.jpg\",\"width\":800,\"height\":600,\"caption\":\"\u0141awka - zima\"},{\"@type\":\"BreadcrumbList\",\"@id\":\"https:\/\/dariusz-muszer.de\/pl\/msza-zmarlych\/#breadcrumb\",\"itemListElement\":[{\"@type\":\"ListItem\",\"position\":1,\"name\":\"Strona g\u0142\u00f3wna\",\"item\":\"https:\/\/dariusz-muszer.de\/pl\/\"},{\"@type\":\"ListItem\",\"position\":2,\"name\":\"Msza zmar\u0142ych\"}]},{\"@type\":\"WebSite\",\"@id\":\"https:\/\/dariusz-muszer.de\/pl\/#website\",\"url\":\"https:\/\/dariusz-muszer.de\/pl\/\",\"name\":\"Dariusz Muszer\",\"description\":\"pisarz\",\"potentialAction\":[{\"@type\":\"SearchAction\",\"target\":{\"@type\":\"EntryPoint\",\"urlTemplate\":\"https:\/\/dariusz-muszer.de\/pl\/?s={search_term_string}\"},\"query-input\":{\"@type\":\"PropertyValueSpecification\",\"valueRequired\":true,\"valueName\":\"search_term_string\"}}],\"inLanguage\":\"pl-PL\"},{\"@type\":\"Person\",\"@id\":\"https:\/\/dariusz-muszer.de\/pl\/#\/schema\/person\/9f0c1c0310d5a835a41c892f377a9d48\",\"name\":\"Kalong\",\"image\":{\"@type\":\"ImageObject\",\"inLanguage\":\"pl-PL\",\"@id\":\"https:\/\/dariusz-muszer.de\/pl\/#\/schema\/person\/image\/\",\"url\":\"https:\/\/secure.gravatar.com\/avatar\/c9f779f2a71c9a87e8c401a809d61b28d74fc852ff3f345760cf377e19933461?s=96&d=mm&r=g\",\"contentUrl\":\"https:\/\/secure.gravatar.com\/avatar\/c9f779f2a71c9a87e8c401a809d61b28d74fc852ff3f345760cf377e19933461?s=96&d=mm&r=g\",\"caption\":\"Kalong\"},\"url\":\"https:\/\/dariusz-muszer.de\/pl\/author\/kalong\/\"}]}<\/script>\n<!-- \/ Yoast SEO plugin. -->","yoast_head_json":{"title":"Msza zmar\u0142ych - Dariusz Muszer","description":"Ba\u015b\u0144 norweska. By\u0142a kiedy\u015b pewna kobieta, kt\u00f3ra w Wigili\u0119 pomy\u015bla\u0142a sobie, \u017ce dobrze by\u0142oby, gdyby w poranek Bo\u017cego Narodzenia...","robots":{"index":"index","follow":"follow","max-snippet":"max-snippet:-1","max-image-preview":"max-image-preview:large","max-video-preview":"max-video-preview:-1"},"canonical":"https:\/\/dariusz-muszer.de\/pl\/msza-zmarlych\/","og_locale":"pl_PL","og_type":"article","og_title":"Msza zmar\u0142ych - Dariusz Muszer","og_description":"Ba\u015b\u0144 norweska. By\u0142a kiedy\u015b pewna kobieta, kt\u00f3ra w Wigili\u0119 pomy\u015bla\u0142a sobie, \u017ce dobrze by\u0142oby, gdyby w poranek Bo\u017cego Narodzenia...","og_url":"https:\/\/dariusz-muszer.de\/pl\/msza-zmarlych\/","og_site_name":"Dariusz Muszer","article_published_time":"2021-12-12T17:23:35+00:00","og_image":[{"width":800,"height":600,"url":"https:\/\/dariusz-muszer.de\/pl\/wp-content\/uploads\/sites\/2\/2021\/12\/Lawka-zima.jpg","type":"image\/jpeg"}],"author":"Kalong","twitter_card":"summary_large_image","twitter_misc":{"Napisane przez":"Kalong","Szacowany czas czytania":"2 minuty"},"schema":{"@context":"https:\/\/schema.org","@graph":[{"@type":"Article","@id":"https:\/\/dariusz-muszer.de\/pl\/msza-zmarlych\/#article","isPartOf":{"@id":"https:\/\/dariusz-muszer.de\/pl\/msza-zmarlych\/"},"author":{"name":"Kalong","@id":"https:\/\/dariusz-muszer.de\/pl\/#\/schema\/person\/9f0c1c0310d5a835a41c892f377a9d48"},"headline":"Msza zmar\u0142ych","datePublished":"2021-12-12T17:23:35+00:00","mainEntityOfPage":{"@id":"https:\/\/dariusz-muszer.de\/pl\/msza-zmarlych\/"},"wordCount":578,"image":{"@id":"https:\/\/dariusz-muszer.de\/pl\/msza-zmarlych\/#primaryimage"},"thumbnailUrl":"https:\/\/dariusz-muszer.de\/pl\/wp-content\/uploads\/sites\/2\/2021\/12\/Lawka-zima.jpg","keywords":["ba\u015b\u0144 norweska","Peter Christen Asbj\u00f8rnsen","p\u0142aszcz","Wigilia"],"articleSection":["Ba\u015bnie norweskie"],"inLanguage":"pl-PL"},{"@type":"WebPage","@id":"https:\/\/dariusz-muszer.de\/pl\/msza-zmarlych\/","url":"https:\/\/dariusz-muszer.de\/pl\/msza-zmarlych\/","name":"Msza zmar\u0142ych - Dariusz Muszer","isPartOf":{"@id":"https:\/\/dariusz-muszer.de\/pl\/#website"},"primaryImageOfPage":{"@id":"https:\/\/dariusz-muszer.de\/pl\/msza-zmarlych\/#primaryimage"},"image":{"@id":"https:\/\/dariusz-muszer.de\/pl\/msza-zmarlych\/#primaryimage"},"thumbnailUrl":"https:\/\/dariusz-muszer.de\/pl\/wp-content\/uploads\/sites\/2\/2021\/12\/Lawka-zima.jpg","datePublished":"2021-12-12T17:23:35+00:00","author":{"@id":"https:\/\/dariusz-muszer.de\/pl\/#\/schema\/person\/9f0c1c0310d5a835a41c892f377a9d48"},"description":"Ba\u015b\u0144 norweska. By\u0142a kiedy\u015b pewna kobieta, kt\u00f3ra w Wigili\u0119 pomy\u015bla\u0142a sobie, \u017ce dobrze by\u0142oby, gdyby w poranek Bo\u017cego Narodzenia...","breadcrumb":{"@id":"https:\/\/dariusz-muszer.de\/pl\/msza-zmarlych\/#breadcrumb"},"inLanguage":"pl-PL","potentialAction":[{"@type":"ReadAction","target":["https:\/\/dariusz-muszer.de\/pl\/msza-zmarlych\/"]}]},{"@type":"ImageObject","inLanguage":"pl-PL","@id":"https:\/\/dariusz-muszer.de\/pl\/msza-zmarlych\/#primaryimage","url":"https:\/\/dariusz-muszer.de\/pl\/wp-content\/uploads\/sites\/2\/2021\/12\/Lawka-zima.jpg","contentUrl":"https:\/\/dariusz-muszer.de\/pl\/wp-content\/uploads\/sites\/2\/2021\/12\/Lawka-zima.jpg","width":800,"height":600,"caption":"\u0141awka - zima"},{"@type":"BreadcrumbList","@id":"https:\/\/dariusz-muszer.de\/pl\/msza-zmarlych\/#breadcrumb","itemListElement":[{"@type":"ListItem","position":1,"name":"Strona g\u0142\u00f3wna","item":"https:\/\/dariusz-muszer.de\/pl\/"},{"@type":"ListItem","position":2,"name":"Msza zmar\u0142ych"}]},{"@type":"WebSite","@id":"https:\/\/dariusz-muszer.de\/pl\/#website","url":"https:\/\/dariusz-muszer.de\/pl\/","name":"Dariusz Muszer","description":"pisarz","potentialAction":[{"@type":"SearchAction","target":{"@type":"EntryPoint","urlTemplate":"https:\/\/dariusz-muszer.de\/pl\/?s={search_term_string}"},"query-input":{"@type":"PropertyValueSpecification","valueRequired":true,"valueName":"search_term_string"}}],"inLanguage":"pl-PL"},{"@type":"Person","@id":"https:\/\/dariusz-muszer.de\/pl\/#\/schema\/person\/9f0c1c0310d5a835a41c892f377a9d48","name":"Kalong","image":{"@type":"ImageObject","inLanguage":"pl-PL","@id":"https:\/\/dariusz-muszer.de\/pl\/#\/schema\/person\/image\/","url":"https:\/\/secure.gravatar.com\/avatar\/c9f779f2a71c9a87e8c401a809d61b28d74fc852ff3f345760cf377e19933461?s=96&d=mm&r=g","contentUrl":"https:\/\/secure.gravatar.com\/avatar\/c9f779f2a71c9a87e8c401a809d61b28d74fc852ff3f345760cf377e19933461?s=96&d=mm&r=g","caption":"Kalong"},"url":"https:\/\/dariusz-muszer.de\/pl\/author\/kalong\/"}]}},"_links":{"self":[{"href":"https:\/\/dariusz-muszer.de\/pl\/wp-json\/wp\/v2\/posts\/1575","targetHints":{"allow":["GET"]}}],"collection":[{"href":"https:\/\/dariusz-muszer.de\/pl\/wp-json\/wp\/v2\/posts"}],"about":[{"href":"https:\/\/dariusz-muszer.de\/pl\/wp-json\/wp\/v2\/types\/post"}],"author":[{"embeddable":true,"href":"https:\/\/dariusz-muszer.de\/pl\/wp-json\/wp\/v2\/users\/1"}],"replies":[{"embeddable":true,"href":"https:\/\/dariusz-muszer.de\/pl\/wp-json\/wp\/v2\/comments?post=1575"}],"version-history":[{"count":7,"href":"https:\/\/dariusz-muszer.de\/pl\/wp-json\/wp\/v2\/posts\/1575\/revisions"}],"predecessor-version":[{"id":1583,"href":"https:\/\/dariusz-muszer.de\/pl\/wp-json\/wp\/v2\/posts\/1575\/revisions\/1583"}],"wp:featuredmedia":[{"embeddable":true,"href":"https:\/\/dariusz-muszer.de\/pl\/wp-json\/wp\/v2\/media\/1576"}],"wp:attachment":[{"href":"https:\/\/dariusz-muszer.de\/pl\/wp-json\/wp\/v2\/media?parent=1575"}],"wp:term":[{"taxonomy":"category","embeddable":true,"href":"https:\/\/dariusz-muszer.de\/pl\/wp-json\/wp\/v2\/categories?post=1575"},{"taxonomy":"post_tag","embeddable":true,"href":"https:\/\/dariusz-muszer.de\/pl\/wp-json\/wp\/v2\/tags?post=1575"}],"curies":[{"name":"wp","href":"https:\/\/api.w.org\/{rel}","templated":true}]}}