{"id":1571,"date":"2021-07-06T17:12:43","date_gmt":"2021-07-06T15:12:43","guid":{"rendered":"http:\/\/dariusz-muszer.de\/pl\/?p=1571"},"modified":"2021-07-06T17:12:43","modified_gmt":"2021-07-06T15:12:43","slug":"o-powrocie-na-bialym-kroliku-i-paciorkach","status":"publish","type":"post","link":"https:\/\/dariusz-muszer.de\/pl\/o-powrocie-na-bialym-kroliku-i-paciorkach\/","title":{"rendered":"O powrocie na bia\u0142ym kr\u00f3liku i paciorkach"},"content":{"rendered":"<h2><span style=\"color: #008000;\">Ze wspomnie\u0144 krzaczka porzeczki<\/span><\/h2>\n<h1>O powrocie na bia\u0142ym kr\u00f3liku i paciorkach<\/h1>\n<p>W ogrodzie znowu chryja. Nie w naszym, lecz w innym. Ale w tamtym ogrodzie zawsze jest jaka\u015b chryja, a jak przez chwil\u0119 nie ma, to zaraz j\u0105 zrobi\u0105. Bo to taki chryjowy ogr\u00f3d, tamtejsi dwuno\u017cni lubi\u0105 si\u0119 bra\u0107 za czuby, tak samo jak lubi\u0105 mie\u0107 w czubie, tr\u0105ca\u0107 si\u0119 czubkami i innych uwa\u017ca\u0107 za czubk\u00f3w.<\/p>\n<p>A tamtejsze ro\u015bliny mocno na tym cierpi\u0105, bo s\u0105 traktowane po macoszemu albo skracane o g\u0142ow\u0119, co szczeg\u00f3lnie dotyczy wiekowych drzew. Jest to bowiem ogr\u00f3d, w kt\u00f3rym dwuno\u017cni maj\u0105 du\u017co do powiedzenia, zbyt du\u017co, jak twierdzi renkloda. I jak im si\u0119 nudzi albo jak im odbije, dodaje cz\u0119sto, to tn\u0105 na pot\u0119g\u0119, pal\u0105 li\u015bcie, przypiekaj\u0105 martwe fragmenty zwierz\u0105t na grillu i nie pozwalaj\u0105 \u017cabom przechodzi\u0107 na drug\u0105 stron\u0119 drogi, \u017ceby mog\u0142y si\u0119 rozmno\u017cy\u0107. Renklodzie chodz\u0105 cz\u0119sto r\u00f3\u017cne robaki po owocach, dlatego widzi i czuje wi\u0119cej, ale te\u017c to, co widzi i czuje, bywa niekiedy zamglone i robaczywe.<\/p>\n<p>O chryi doni\u00f3s\u0142 nam kalafior, kt\u00f3ry s\u0142ucha radia w obcych j\u0119zykach i zapycha sw\u00f3j olbrzymi kwiatostan informacjami, kt\u00f3re nikomu nie s\u0105 do niczego potrzebne. Nie podoba si\u0119 to kalafiorowej, jego \u017conie, ale nic nie mo\u017ce zrobi\u0107, gdy\u017c sama s\u0142ucha, tyle \u017ce nie radia, a kalafiora. Co kalafior powie, jest dla niej m\u0105dre i \u015bwi\u0119te. A czego kalafior nie powie i nie wie, to kalafiorowej wisi kalafiorem. Dlatego dobrze si\u0119 rozumiej\u0105 i s\u0105 tak zgodnym stad\u0142em.<\/p>\n<p>A teraz opowiem, jak nam kalafior doni\u00f3s\u0142 o chryi w chryjowym ogrodzie. Wdrapa\u0142 si\u0119 na star\u0105 skrzynk\u0119 pod jab\u0142kach, wci\u0105gn\u0105\u0142 brzuch i og\u0142osi\u0142, \u017ce wr\u00f3ci\u0142. Zdziwili\u015bmy si\u0119, gdy\u017c kalafior nigdzie nie wyje\u017cd\u017ca\u0142, dlaczego wi\u0119c mia\u0142by teraz nagle sk\u0105d\u015b wraca\u0107. Gdy mu to zarzucili\u015bmy, kalafior spojrza\u0142 na nas z politowaniem i og\u0142osi\u0142, \u017ce przecie\u017c to nie on, kalafior, wr\u00f3ci\u0142, tylko kto\u015b zupe\u0142nie inny. Pomy\u015bla\u0142em w tym momencie, \u017ce m\u00f3g\u0142by chocia\u017c spr\u00f3bowa\u0107 wyra\u017ca\u0107 si\u0119 troch\u0119 ja\u015bniej, bo nie wszyscy nad\u0105\u017caj\u0105 za tokiem jego my\u015bli. Kalafior, jakby czytaj\u0105c w mojej g\u0142owie niczym w ksi\u0119dze, zacz\u0105\u0142 rozja\u015bnia\u0107 kwesti\u0119 powrotu i rzek\u0142 dono\u015bnym g\u0142osem:<\/p>\n<p>\u2014 Na kr\u00f3liku okrakiem jecha\u0142. Kr\u00f3lik by\u0142 bia\u0142y i w\u0105sami rusza\u0142. Ten, co jecha\u0142, nie mia\u0142 w\u0105s\u00f3w, ale w d\u0142oni trzyma\u0142 czerwon\u0105 rzodkiewk\u0119, jako oznak\u0119 swej w\u0142adzy.<\/p>\n<p>Zamarli\u015bmy ze zgrozy. Stara przepowiednia m\u00f3wi\u0142a bowiem o bia\u0142ym kr\u00f3liku z w\u0105sami, kt\u00f3ry przyb\u0119dzie z rzodkiewk\u0105 i b\u0119dzie s\u0105dzi\u0142, \u017ce ma prawo do s\u0105dzenia, i zacznie s\u0105dzi\u0107, a gdy ju\u017c nic nie zostanie do s\u0105dzenia, to wykopie wielk\u0105 nor\u0119 i zniknie, zapowiadaj\u0105c, \u017ce kiedy\u015b wr\u00f3ci i ponownie b\u0119dzie s\u0105dzi\u0142, \u017ce wolno mu innych s\u0105dzi\u0107. W wielu ogrodach naszej planety znano t\u0119 apokaliptyczn\u0105 wizj\u0119 i bano si\u0119, \u017ce mo\u017ce si\u0119 zi\u015bci\u0107.<\/p>\n<p>Nic jednak ta stara wieszczba nie wspomina\u0142a o tym, \u017ce kto\u015b ma na rzeczonym bia\u0142ym kr\u00f3liku jecha\u0107 okrakiem i \u017ce to nie kr\u00f3lik, tylko \u00f3w kto\u015b, ma dzier\u017cy\u0107 rzodkiewk\u0119, a rzodkiewka nie mia\u0142a by\u0107 wcale czerwona, tylko bia\u0142a. St\u0105d powia\u0142o w naszym ogrodzie zgroz\u0105 i zacz\u0119li\u015bmy si\u0119 martwi\u0107 o ten inny ogr\u00f3d, gdzie chryja goni chryj\u0119, bo zjawi\u0142o si\u0119 tam monstrum z nocnych koszmar\u00f3w d\u017cd\u017cownic rodem.<\/p>\n<p>\u2014 I on\u017ce to \u2014 m\u00f3wi\u0142 dalej kalafior \u2014 oznajmi\u0142, \u017ce przybywa z zagranicy, gdzie pozna\u0142 wiele wa\u017cnych g\u0142\u0105b\u00f3w kapu\u015bcianych, i \u017ce odt\u0105d b\u0119dzie wszystko dobrze, bo nikt nie b\u0119dzie ju\u017c rozdawa\u0142, tylko dzieli\u0142 sprawiedliwie.<\/p>\n<p>Tylko kapusta warzywna g\u0142owiasta bi\u0142a brawo na znak solidarno\u015bci z zagranic\u0105, ale gdy kalarepa i rzepak, mieszaniec warzywnej z kapust\u0105 w\u0142a\u015bciw\u0105, spojrzeli na ni\u0105 krzywym okiem, zaraz stuli\u0142a li\u015bcie pod siebie i si\u0119 zamkn\u0119\u0142a.<\/p>\n<p>Perz wyda\u0142 z siebie okrzyk przera\u017cenia, bo przypomnia\u0142o mu si\u0119, jak go ostatnio wyrywano z ziemi i dzielono, pomimo \u017ce b\u0142aga\u0142, \u017ceby zostawiono jego k\u0142\u0105cza w spokoju. Podobnie do perzu zareagowa\u0142y konwalie majowe, kt\u00f3re wola\u0142y by\u0107 rozdawane ni\u017c dzielone, i nie lubi\u0142y, jak wszystko by\u0142o dobrze, gdy taki stan uniemo\u017cliwia\u0142 im prowadzenie dzia\u0142alno\u015bci trucicielskiej.<\/p>\n<p>Z zupe\u0142nie innego powodu doby\u0142 si\u0119 r\u00f3wnie\u017c g\u0142os trwogi z ust pozosta\u0142ych mieszka\u0144c\u00f3w naszego ogrodu. Wszyscy bowiem wiedzieli\u015bmy, \u017ce ten, kto m\u00f3wi, \u017ce chce dobrze, w rzeczywisto\u015bci ma wszystko gdzie\u015b i tylko czeka, \u017ceby zacz\u0119to rozsypywa\u0107 po ca\u0142ym ogrodzie trutk\u0119 na szczury albo czeka, kiedy wreszcie spadnie kwa\u015bny deszcz.<\/p>\n<p>Nie inaczej maj\u0105 si\u0119 sprawy zwi\u0105zane ze sprawiedliwym podzia\u0142em. Ten, kto stara si\u0119 go uskuteczni\u0107, leje zawsze obficiej wod\u0119 i podsypuje wi\u0119cej kompostu w miejscach, gdzie rosn\u0105 jego krewni i znajomi, a pozostali musz\u0105 obej\u015b\u0107 si\u0119 smakiem i siedzie\u0107 o suchym pysku. Jak m\u00f3wi stare ogrodowe przys\u0142owie: ka\u017cda marchewka ma dwa ko\u0144ce, a sprawiedliwy podzia\u0142 nie ma ko\u0144ca \u017cadnego.<\/p>\n<p>\u2014 I przywi\u00f3z\u0142 paciorki, kt\u00f3rych jeszcze nie zacz\u0105\u0142 rozdawa\u0107, ale powiedzia\u0142, \u017ce niebawem zacznie \u2014 zako\u0144czy\u0142 swoje wyst\u0105pienie kalafior i chcia\u0142 zej\u015b\u0107 ze skrzynki, ale go powstrzymano.<\/p>\n<p>T\u0142um chcia\u0142 wiedzie\u0107, co to s\u0105 paciorki i czy mo\u017cna si\u0119 nimi naje\u015b\u0107. Kalafior nie bardzo wiedzia\u0142, co ma odpowiedzie\u0107, bo go kompletnie zamurowa\u0142o, ale na szcz\u0119\u015bcie wyr\u0119czy\u0142a go kalafiorowa. Zgrabnie wskoczy\u0142a na prowizoryczn\u0105 m\u00f3wnic\u0119, chwyci\u0142a m\u0119\u017ca za r\u0119k\u0119 i rzek\u0142a:<\/p>\n<p>\u2014 Paciorki nale\u017c\u0105 do spraw ducha, to takie ma\u0142e pacierze, kt\u00f3re odmawia si\u0119, jak kto\u015b chce nawi\u0105za\u0107 kontakt z chmurami, piorunami, ogniem lub deszczem, i poprosi\u0107, \u017ceby co\u015b si\u0119 zmieni\u0142o w jego \u017cyciu albo \u017ceby dosta\u0107 co\u015b za darmo, i to w najbli\u017cszej przysz\u0142o\u015bci. Poza tym paciorek, podobnie jak pacierz, to miara czasu i odleg\u0142o\u015bci. Pacierz to oko\u0142o 25 sekund, bo tyle trwa jego odmawianie. Paciorek z kolei to tyle, co dwa mgnienia oka.<\/p>\n<p>\u2014 A co z miar\u0105 odleg\u0142o\u015bci? \u2014 pr\u00f3bowa\u0142 wym\u0105drzy\u0107 si\u0119 pytaniem rabarbar.<\/p>\n<p>\u2014 Tyle, ile przejdziesz, odmawiaj\u0105c jeden pacierz \u2014 odpar\u0142a rezolutnie kalafiorowa. \u2014 A paciorek to po\u0142owa \u017cabiego skoku.<\/p>\n<p>\u2014 Nie chcia\u0142bym przy tym by\u0107, jak ten, co przyby\u0142 okrakiem na bia\u0142ym kr\u00f3liku z czerwon\u0105 rzodkiewk\u0105 w gar\u015bci, b\u0119dzie rozdawa\u0142 te paciorki \u2014 o\u015bwiadczy\u0142a \u017caba, gdy\u017c pomy\u015bla\u0142a, \u017ce kalafiorowa chyba do niej pije. \u2014 Po co mi te dwa mgnienia oka, pogaduszki z chmurami i po\u0142owa \u017cabiego skoku? Sama, bez niczyjej pomocy potrafi\u0119 skoczy\u0107 o wiele dalej!<\/p>\n<p>Za to swoje wyst\u0105pienie \u017caba dosta\u0142a od ca\u0142ego ogrodu brawa na stoj\u0105co, co nie by\u0142o jednak \u017cadnym specjalnym wyr\u00f3\u017cnieniem, gdy\u017c i tak wszyscy przez ca\u0142y czas stali.<\/p>\n<p>Tylko rabarbar przykucn\u0105\u0142 podczas owacji, gdy\u017c si\u0119 w\u015bcieka\u0142, \u017ce tego dnia nawet \u017caba okaza\u0142a si\u0119 by\u0107 od niego m\u0105drzejsza. Postanowi\u0142 si\u0119 zem\u015bci\u0107 i po po\u0142udniu zam\u00f3wi\u0142 w chryjowym ogrodzie dla siebie paciorki.<\/p>\n<p>\u2014 Jak przyjd\u0105, to dopiero b\u0119dziecie si\u0119 mieli wszyscy z pyszna! \u2014 krzykn\u0105\u0142 po zachodzie s\u0142o\u0144ca.<\/p>\n<p>\u2014 A jak nie przyjd\u0105? \u2014 odkrzykn\u0119\u0142a kalafiorowa kr\u00f3tko przed p\u00f3\u0142noc\u0105.<\/p>\n<p>Jak to dobrze, \u017ce w naszym ogrodzie czas biegnie inaczej. I nie napastuj\u0105 nas dwuno\u017cni dosiadaj\u0105cy bia\u0142ych kr\u00f3lik\u00f3w.<\/p>\n<p>\u00a9 Dariusz Muszer<\/p>\n","protected":false},"excerpt":{"rendered":"<p>Ze wspomnie\u0144 krzaczka porzeczki O powrocie na bia\u0142ym kr\u00f3liku i paciorkach W ogrodzie znowu chryja. Nie w naszym, lecz w innym. Ale w tamtym ogrodzie zawsze jest jaka\u015b chryja, a jak przez chwil\u0119 nie ma, to zaraz j\u0105 zrobi\u0105. Bo to taki chryjowy ogr\u00f3d, tamtejsi dwuno\u017cni lubi\u0105 si\u0119 bra\u0107 za czuby, tak samo jak lubi\u0105 [&hellip;]<\/p>\n","protected":false},"author":1,"featured_media":1495,"comment_status":"closed","ping_status":"closed","sticky":false,"template":"","format":"standard","meta":{"footnotes":""},"categories":[241],"tags":[381,383,384,242,382],"class_list":["post-1571","post","type-post","status-publish","format-standard","has-post-thumbnail","hentry","category-ze-wspomnien-krzaczka-porzeczki","tag-bialy-krolik","tag-kalafior","tag-kapusta-warzywna","tag-rabarbar","tag-trutka-na-szczury"],"yoast_head":"<!-- This site is optimized with the Yoast SEO plugin v27.0 - https:\/\/yoast.com\/product\/yoast-seo-wordpress\/ -->\n<title>O powrocie na bia\u0142ym kr\u00f3liku i paciorkach - Dariusz Muszer<\/title>\n<meta name=\"robots\" content=\"index, follow, max-snippet:-1, max-image-preview:large, max-video-preview:-1\" \/>\n<link rel=\"canonical\" href=\"https:\/\/dariusz-muszer.de\/pl\/o-powrocie-na-bialym-kroliku-i-paciorkach\/\" \/>\n<meta property=\"og:locale\" content=\"pl_PL\" \/>\n<meta property=\"og:type\" content=\"article\" \/>\n<meta property=\"og:title\" content=\"O powrocie na bia\u0142ym kr\u00f3liku i paciorkach - Dariusz Muszer\" \/>\n<meta property=\"og:description\" content=\"Ze wspomnie\u0144 krzaczka porzeczki O powrocie na bia\u0142ym kr\u00f3liku i paciorkach W ogrodzie znowu chryja. Nie w naszym, lecz w innym. Ale w tamtym ogrodzie zawsze jest jaka\u015b chryja, a jak przez chwil\u0119 nie ma, to zaraz j\u0105 zrobi\u0105. Bo to taki chryjowy ogr\u00f3d, tamtejsi dwuno\u017cni lubi\u0105 si\u0119 bra\u0107 za czuby, tak samo jak lubi\u0105 [&hellip;]\" \/>\n<meta property=\"og:url\" content=\"https:\/\/dariusz-muszer.de\/pl\/o-powrocie-na-bialym-kroliku-i-paciorkach\/\" \/>\n<meta property=\"og:site_name\" content=\"Dariusz Muszer\" \/>\n<meta property=\"article:published_time\" content=\"2021-07-06T15:12:43+00:00\" \/>\n<meta property=\"og:image\" content=\"https:\/\/dariusz-muszer.de\/pl\/wp-content\/uploads\/sites\/2\/2021\/05\/pigwa-1-web.jpg\" \/>\n\t<meta property=\"og:image:width\" content=\"800\" \/>\n\t<meta property=\"og:image:height\" content=\"533\" \/>\n\t<meta property=\"og:image:type\" content=\"image\/jpeg\" \/>\n<meta name=\"author\" content=\"Kalong\" \/>\n<meta name=\"twitter:card\" content=\"summary_large_image\" \/>\n<meta name=\"twitter:label1\" content=\"Napisane przez\" \/>\n\t<meta name=\"twitter:data1\" content=\"Kalong\" \/>\n\t<meta name=\"twitter:label2\" content=\"Szacowany czas czytania\" \/>\n\t<meta name=\"twitter:data2\" content=\"5 minut\" \/>\n<script type=\"application\/ld+json\" class=\"yoast-schema-graph\">{\"@context\":\"https:\/\/schema.org\",\"@graph\":[{\"@type\":\"Article\",\"@id\":\"https:\/\/dariusz-muszer.de\/pl\/o-powrocie-na-bialym-kroliku-i-paciorkach\/#article\",\"isPartOf\":{\"@id\":\"https:\/\/dariusz-muszer.de\/pl\/o-powrocie-na-bialym-kroliku-i-paciorkach\/\"},\"author\":{\"name\":\"Kalong\",\"@id\":\"https:\/\/dariusz-muszer.de\/pl\/#\/schema\/person\/9f0c1c0310d5a835a41c892f377a9d48\"},\"headline\":\"O powrocie na bia\u0142ym kr\u00f3liku i paciorkach\",\"datePublished\":\"2021-07-06T15:12:43+00:00\",\"mainEntityOfPage\":{\"@id\":\"https:\/\/dariusz-muszer.de\/pl\/o-powrocie-na-bialym-kroliku-i-paciorkach\/\"},\"wordCount\":1281,\"image\":{\"@id\":\"https:\/\/dariusz-muszer.de\/pl\/o-powrocie-na-bialym-kroliku-i-paciorkach\/#primaryimage\"},\"thumbnailUrl\":\"https:\/\/dariusz-muszer.de\/pl\/wp-content\/uploads\/sites\/2\/2021\/05\/pigwa-1-web.jpg\",\"keywords\":[\"bia\u0142y kr\u00f3lik\",\"kalafior\",\"kapusta warzywna\",\"rabarbar\",\"trutka na szczury\"],\"articleSection\":[\"Ze wspomnie\u0144 krzaczka porzeczki\"],\"inLanguage\":\"pl-PL\"},{\"@type\":\"WebPage\",\"@id\":\"https:\/\/dariusz-muszer.de\/pl\/o-powrocie-na-bialym-kroliku-i-paciorkach\/\",\"url\":\"https:\/\/dariusz-muszer.de\/pl\/o-powrocie-na-bialym-kroliku-i-paciorkach\/\",\"name\":\"O powrocie na bia\u0142ym kr\u00f3liku i paciorkach - Dariusz Muszer\",\"isPartOf\":{\"@id\":\"https:\/\/dariusz-muszer.de\/pl\/#website\"},\"primaryImageOfPage\":{\"@id\":\"https:\/\/dariusz-muszer.de\/pl\/o-powrocie-na-bialym-kroliku-i-paciorkach\/#primaryimage\"},\"image\":{\"@id\":\"https:\/\/dariusz-muszer.de\/pl\/o-powrocie-na-bialym-kroliku-i-paciorkach\/#primaryimage\"},\"thumbnailUrl\":\"https:\/\/dariusz-muszer.de\/pl\/wp-content\/uploads\/sites\/2\/2021\/05\/pigwa-1-web.jpg\",\"datePublished\":\"2021-07-06T15:12:43+00:00\",\"author\":{\"@id\":\"https:\/\/dariusz-muszer.de\/pl\/#\/schema\/person\/9f0c1c0310d5a835a41c892f377a9d48\"},\"breadcrumb\":{\"@id\":\"https:\/\/dariusz-muszer.de\/pl\/o-powrocie-na-bialym-kroliku-i-paciorkach\/#breadcrumb\"},\"inLanguage\":\"pl-PL\",\"potentialAction\":[{\"@type\":\"ReadAction\",\"target\":[\"https:\/\/dariusz-muszer.de\/pl\/o-powrocie-na-bialym-kroliku-i-paciorkach\/\"]}]},{\"@type\":\"ImageObject\",\"inLanguage\":\"pl-PL\",\"@id\":\"https:\/\/dariusz-muszer.de\/pl\/o-powrocie-na-bialym-kroliku-i-paciorkach\/#primaryimage\",\"url\":\"https:\/\/dariusz-muszer.de\/pl\/wp-content\/uploads\/sites\/2\/2021\/05\/pigwa-1-web.jpg\",\"contentUrl\":\"https:\/\/dariusz-muszer.de\/pl\/wp-content\/uploads\/sites\/2\/2021\/05\/pigwa-1-web.jpg\",\"width\":800,\"height\":533,\"caption\":\"binary comment\"},{\"@type\":\"BreadcrumbList\",\"@id\":\"https:\/\/dariusz-muszer.de\/pl\/o-powrocie-na-bialym-kroliku-i-paciorkach\/#breadcrumb\",\"itemListElement\":[{\"@type\":\"ListItem\",\"position\":1,\"name\":\"Strona g\u0142\u00f3wna\",\"item\":\"https:\/\/dariusz-muszer.de\/pl\/\"},{\"@type\":\"ListItem\",\"position\":2,\"name\":\"O powrocie na bia\u0142ym kr\u00f3liku i paciorkach\"}]},{\"@type\":\"WebSite\",\"@id\":\"https:\/\/dariusz-muszer.de\/pl\/#website\",\"url\":\"https:\/\/dariusz-muszer.de\/pl\/\",\"name\":\"Dariusz Muszer\",\"description\":\"pisarz\",\"potentialAction\":[{\"@type\":\"SearchAction\",\"target\":{\"@type\":\"EntryPoint\",\"urlTemplate\":\"https:\/\/dariusz-muszer.de\/pl\/?s={search_term_string}\"},\"query-input\":{\"@type\":\"PropertyValueSpecification\",\"valueRequired\":true,\"valueName\":\"search_term_string\"}}],\"inLanguage\":\"pl-PL\"},{\"@type\":\"Person\",\"@id\":\"https:\/\/dariusz-muszer.de\/pl\/#\/schema\/person\/9f0c1c0310d5a835a41c892f377a9d48\",\"name\":\"Kalong\",\"image\":{\"@type\":\"ImageObject\",\"inLanguage\":\"pl-PL\",\"@id\":\"https:\/\/dariusz-muszer.de\/pl\/#\/schema\/person\/image\/\",\"url\":\"https:\/\/secure.gravatar.com\/avatar\/c9f779f2a71c9a87e8c401a809d61b28d74fc852ff3f345760cf377e19933461?s=96&d=mm&r=g\",\"contentUrl\":\"https:\/\/secure.gravatar.com\/avatar\/c9f779f2a71c9a87e8c401a809d61b28d74fc852ff3f345760cf377e19933461?s=96&d=mm&r=g\",\"caption\":\"Kalong\"},\"url\":\"https:\/\/dariusz-muszer.de\/pl\/author\/kalong\/\"}]}<\/script>\n<!-- \/ Yoast SEO plugin. -->","yoast_head_json":{"title":"O powrocie na bia\u0142ym kr\u00f3liku i paciorkach - Dariusz Muszer","robots":{"index":"index","follow":"follow","max-snippet":"max-snippet:-1","max-image-preview":"max-image-preview:large","max-video-preview":"max-video-preview:-1"},"canonical":"https:\/\/dariusz-muszer.de\/pl\/o-powrocie-na-bialym-kroliku-i-paciorkach\/","og_locale":"pl_PL","og_type":"article","og_title":"O powrocie na bia\u0142ym kr\u00f3liku i paciorkach - Dariusz Muszer","og_description":"Ze wspomnie\u0144 krzaczka porzeczki O powrocie na bia\u0142ym kr\u00f3liku i paciorkach W ogrodzie znowu chryja. Nie w naszym, lecz w innym. Ale w tamtym ogrodzie zawsze jest jaka\u015b chryja, a jak przez chwil\u0119 nie ma, to zaraz j\u0105 zrobi\u0105. Bo to taki chryjowy ogr\u00f3d, tamtejsi dwuno\u017cni lubi\u0105 si\u0119 bra\u0107 za czuby, tak samo jak lubi\u0105 [&hellip;]","og_url":"https:\/\/dariusz-muszer.de\/pl\/o-powrocie-na-bialym-kroliku-i-paciorkach\/","og_site_name":"Dariusz Muszer","article_published_time":"2021-07-06T15:12:43+00:00","og_image":[{"width":800,"height":533,"url":"https:\/\/dariusz-muszer.de\/pl\/wp-content\/uploads\/sites\/2\/2021\/05\/pigwa-1-web.jpg","type":"image\/jpeg"}],"author":"Kalong","twitter_card":"summary_large_image","twitter_misc":{"Napisane przez":"Kalong","Szacowany czas czytania":"5 minut"},"schema":{"@context":"https:\/\/schema.org","@graph":[{"@type":"Article","@id":"https:\/\/dariusz-muszer.de\/pl\/o-powrocie-na-bialym-kroliku-i-paciorkach\/#article","isPartOf":{"@id":"https:\/\/dariusz-muszer.de\/pl\/o-powrocie-na-bialym-kroliku-i-paciorkach\/"},"author":{"name":"Kalong","@id":"https:\/\/dariusz-muszer.de\/pl\/#\/schema\/person\/9f0c1c0310d5a835a41c892f377a9d48"},"headline":"O powrocie na bia\u0142ym kr\u00f3liku i paciorkach","datePublished":"2021-07-06T15:12:43+00:00","mainEntityOfPage":{"@id":"https:\/\/dariusz-muszer.de\/pl\/o-powrocie-na-bialym-kroliku-i-paciorkach\/"},"wordCount":1281,"image":{"@id":"https:\/\/dariusz-muszer.de\/pl\/o-powrocie-na-bialym-kroliku-i-paciorkach\/#primaryimage"},"thumbnailUrl":"https:\/\/dariusz-muszer.de\/pl\/wp-content\/uploads\/sites\/2\/2021\/05\/pigwa-1-web.jpg","keywords":["bia\u0142y kr\u00f3lik","kalafior","kapusta warzywna","rabarbar","trutka na szczury"],"articleSection":["Ze wspomnie\u0144 krzaczka porzeczki"],"inLanguage":"pl-PL"},{"@type":"WebPage","@id":"https:\/\/dariusz-muszer.de\/pl\/o-powrocie-na-bialym-kroliku-i-paciorkach\/","url":"https:\/\/dariusz-muszer.de\/pl\/o-powrocie-na-bialym-kroliku-i-paciorkach\/","name":"O powrocie na bia\u0142ym kr\u00f3liku i paciorkach - Dariusz Muszer","isPartOf":{"@id":"https:\/\/dariusz-muszer.de\/pl\/#website"},"primaryImageOfPage":{"@id":"https:\/\/dariusz-muszer.de\/pl\/o-powrocie-na-bialym-kroliku-i-paciorkach\/#primaryimage"},"image":{"@id":"https:\/\/dariusz-muszer.de\/pl\/o-powrocie-na-bialym-kroliku-i-paciorkach\/#primaryimage"},"thumbnailUrl":"https:\/\/dariusz-muszer.de\/pl\/wp-content\/uploads\/sites\/2\/2021\/05\/pigwa-1-web.jpg","datePublished":"2021-07-06T15:12:43+00:00","author":{"@id":"https:\/\/dariusz-muszer.de\/pl\/#\/schema\/person\/9f0c1c0310d5a835a41c892f377a9d48"},"breadcrumb":{"@id":"https:\/\/dariusz-muszer.de\/pl\/o-powrocie-na-bialym-kroliku-i-paciorkach\/#breadcrumb"},"inLanguage":"pl-PL","potentialAction":[{"@type":"ReadAction","target":["https:\/\/dariusz-muszer.de\/pl\/o-powrocie-na-bialym-kroliku-i-paciorkach\/"]}]},{"@type":"ImageObject","inLanguage":"pl-PL","@id":"https:\/\/dariusz-muszer.de\/pl\/o-powrocie-na-bialym-kroliku-i-paciorkach\/#primaryimage","url":"https:\/\/dariusz-muszer.de\/pl\/wp-content\/uploads\/sites\/2\/2021\/05\/pigwa-1-web.jpg","contentUrl":"https:\/\/dariusz-muszer.de\/pl\/wp-content\/uploads\/sites\/2\/2021\/05\/pigwa-1-web.jpg","width":800,"height":533,"caption":"binary comment"},{"@type":"BreadcrumbList","@id":"https:\/\/dariusz-muszer.de\/pl\/o-powrocie-na-bialym-kroliku-i-paciorkach\/#breadcrumb","itemListElement":[{"@type":"ListItem","position":1,"name":"Strona g\u0142\u00f3wna","item":"https:\/\/dariusz-muszer.de\/pl\/"},{"@type":"ListItem","position":2,"name":"O powrocie na bia\u0142ym kr\u00f3liku i paciorkach"}]},{"@type":"WebSite","@id":"https:\/\/dariusz-muszer.de\/pl\/#website","url":"https:\/\/dariusz-muszer.de\/pl\/","name":"Dariusz Muszer","description":"pisarz","potentialAction":[{"@type":"SearchAction","target":{"@type":"EntryPoint","urlTemplate":"https:\/\/dariusz-muszer.de\/pl\/?s={search_term_string}"},"query-input":{"@type":"PropertyValueSpecification","valueRequired":true,"valueName":"search_term_string"}}],"inLanguage":"pl-PL"},{"@type":"Person","@id":"https:\/\/dariusz-muszer.de\/pl\/#\/schema\/person\/9f0c1c0310d5a835a41c892f377a9d48","name":"Kalong","image":{"@type":"ImageObject","inLanguage":"pl-PL","@id":"https:\/\/dariusz-muszer.de\/pl\/#\/schema\/person\/image\/","url":"https:\/\/secure.gravatar.com\/avatar\/c9f779f2a71c9a87e8c401a809d61b28d74fc852ff3f345760cf377e19933461?s=96&d=mm&r=g","contentUrl":"https:\/\/secure.gravatar.com\/avatar\/c9f779f2a71c9a87e8c401a809d61b28d74fc852ff3f345760cf377e19933461?s=96&d=mm&r=g","caption":"Kalong"},"url":"https:\/\/dariusz-muszer.de\/pl\/author\/kalong\/"}]}},"_links":{"self":[{"href":"https:\/\/dariusz-muszer.de\/pl\/wp-json\/wp\/v2\/posts\/1571","targetHints":{"allow":["GET"]}}],"collection":[{"href":"https:\/\/dariusz-muszer.de\/pl\/wp-json\/wp\/v2\/posts"}],"about":[{"href":"https:\/\/dariusz-muszer.de\/pl\/wp-json\/wp\/v2\/types\/post"}],"author":[{"embeddable":true,"href":"https:\/\/dariusz-muszer.de\/pl\/wp-json\/wp\/v2\/users\/1"}],"replies":[{"embeddable":true,"href":"https:\/\/dariusz-muszer.de\/pl\/wp-json\/wp\/v2\/comments?post=1571"}],"version-history":[{"count":2,"href":"https:\/\/dariusz-muszer.de\/pl\/wp-json\/wp\/v2\/posts\/1571\/revisions"}],"predecessor-version":[{"id":1573,"href":"https:\/\/dariusz-muszer.de\/pl\/wp-json\/wp\/v2\/posts\/1571\/revisions\/1573"}],"wp:featuredmedia":[{"embeddable":true,"href":"https:\/\/dariusz-muszer.de\/pl\/wp-json\/wp\/v2\/media\/1495"}],"wp:attachment":[{"href":"https:\/\/dariusz-muszer.de\/pl\/wp-json\/wp\/v2\/media?parent=1571"}],"wp:term":[{"taxonomy":"category","embeddable":true,"href":"https:\/\/dariusz-muszer.de\/pl\/wp-json\/wp\/v2\/categories?post=1571"},{"taxonomy":"post_tag","embeddable":true,"href":"https:\/\/dariusz-muszer.de\/pl\/wp-json\/wp\/v2\/tags?post=1571"}],"curies":[{"name":"wp","href":"https:\/\/api.w.org\/{rel}","templated":true}]}}