{"id":1567,"date":"2021-07-04T16:36:23","date_gmt":"2021-07-04T14:36:23","guid":{"rendered":"http:\/\/dariusz-muszer.de\/pl\/?p=1567"},"modified":"2021-07-04T16:36:23","modified_gmt":"2021-07-04T14:36:23","slug":"o-tym-jak-mielismy-sie-zaczepic","status":"publish","type":"post","link":"https:\/\/dariusz-muszer.de\/pl\/o-tym-jak-mielismy-sie-zaczepic\/","title":{"rendered":"O tym, jak mieli\u015bmy si\u0119 zaczepi\u0107"},"content":{"rendered":"<h2 style=\"text-align: left;\"><span style=\"color: #008000;\">Ze wspomnie\u0144 krzaczka porzeczki<\/span><\/h2>\n<h1>O tym, jak mieli\u015bmy si\u0119 zaczepi\u0107<\/h1>\n<p>Z centralnego zrzeszenia niezale\u017cnych ogrod\u00f3w przysz\u0142a dyrektywa, \u017ce wszyscy mamy si\u0119 zaczepi\u0107. Nie powiedziano nam jednak, jak, czym i gdzie mamy dokona\u0107 zaczepienia.<\/p>\n<p>No i zacz\u0119\u0142y si\u0119 nieko\u0144cz\u0105ce dyskusje. \u017bywop\u0142ot uwa\u017ca\u0142, \u017ce je\u015bli ju\u017c zaczepia\u0107 si\u0119, to tylko pospo\u0142u i na zardzewia\u0142ej siatce, bo mo\u017cna si\u0119 zgrabnie wple\u015b\u0107 mi\u0119dzy oczka i ma si\u0119 najlepsz\u0105 przyczepno\u015b\u0107.<\/p>\n<p>Rzep, jak to rzep, sta\u0142 na stanowisku czepiania si\u0119 psiego ogona i za\u017cyczy\u0142 sobie psa, a \u017ce niebawem przypada\u0142y jego urodziny, czworon\u00f3g mia\u0142 by\u0107 kupny, a nie jaka\u015b tam zwyk\u0142a znajda, co si\u0119 do ogrodu przypadkiem przypa\u0142\u0119ta\u0142a.<\/p>\n<p>Przytulia wyzna\u0142a, \u017ce ona mo\u017ce si\u0119 przyczepi\u0107 dos\u0142ownie wsz\u0119dzie, gdy\u017c z natury jest bardzo czepialska, ale najbardziej chcia\u0142aby dokona\u0107 aktu przyczepienia gdzie\u015b w okolicach ostropestu plamistego, bo lubi jego okaza\u0142o\u015b\u0107 i dumn\u0105 postaw\u0119. Zaraz te\u017c ruszy\u0142a w kierunku swego wybranka, ale zaczepi\u0142a si\u0119 swymi sztywnymi i haczykowatymi w\u0142oskami o w\u0142asne \u0142odygi i zamar\u0142a w bezruchu. Tyle dobrego z tego wysz\u0142o, \u017ce w ca\u0142ym ogrodzie nagle zapachnia\u0142o przyjemnie sianem i wszyscy poczuli\u015bmy si\u0119 jak na wakacjach.<\/p>\n<p>Wspomnie\u0107 w tym miejscu nale\u017cy, \u017ce ostropest, gdy si\u0119 dowiedzia\u0142, \u017ce przytulia ma si\u0119 ku niemu, dosta\u0142 takich bladych plam na swych bezogonkowych i kolczastych li\u015bciach, \u017ce wszyscy obawiali si\u0119, czy aby w nocy nie dojdzie do mi\u0119dzygatunkowego ch\u0119do\u017cenia. Rabarbar stwierdzi\u0142, \u017ce krzy\u017c\u00f3wki s\u0105 wprawdzie w ogrodzie zawsze mile widziane, ale co po\u017cytecznego mo\u017ce powsta\u0107 z ostropestu i przytulii? Chyba tylko poplamiony \u015bcisk! Co\u015b mi si\u0119 wydaje, \u017ce rabarbar patrzy krzywym okiem na ostropest i jest zazdrosny o przytuli\u0119, i pewnie sam chcia\u0142by, \u017ceby go przytuli\u0142a. Wtedy nie czepia\u0142by si\u0119 nikogo, bo mia\u0142by swoj\u0105 w\u0142asn\u0105 krzy\u017c\u00f3wk\u0119 do zawi\u0105zania.<\/p>\n<p>Po kilku dniach burzliwych rozm\u00f3w i teoretycznych rozwa\u017ca\u0144 dosz\u0142o do prze\u0142omu. Pierwszym, kt\u00f3ry wy\u0142ama\u0142 si\u0119 i przyst\u0105pi\u0142 do konkretnych dzia\u0142a\u0144, by\u0142 bluszcz. Zaczepi\u0142 si\u0119 o kawa\u0142ek starego muru w po\u0142udniowym k\u0105cie ogrodu i stwierdzi\u0142, \u017ce jest zaczepiony, nale\u017cy mu si\u0119 zatem \u015bwiadectwo zaczepienia, najlepiej cyfrowe. Na nic zda\u0142y si\u0119 t\u0142umaczenia, \u017ce na cyfrach to my si\u0119 wprawdzie w ogrodzie troch\u0119 znamy, ale do cyfryzacji to nam tak daleko, jak klonowemu noskowi do w pe\u0142ni wyro\u015bni\u0119tego drzewa.<\/p>\n<p>Bluszcz nie s\u0142ucha\u0142 nikogo, tylko obstawa\u0142 przy swoim: mamy mu wbi\u0107 do jego smartfona \u015bwiadectwo zaczepienia. Na nie\u015bmia\u0142\u0105 uwag\u0119 jask\u00f3\u0142czego ziela, \u017ce przecie\u017c w ogrodzie nikt nie posiada smartfona, bo nadal, je\u015bli chcemy z kim\u015b pogada\u0107, to go po prostu wo\u0142amy, a nie anga\u017cujemy do tego fal radiowych, bluszcz po\u017c\u00f3\u0142k\u0142 ze zdenerwowania na dolnych li\u015bciach i o\u015bwiadczy\u0142, \u017ceby\u015bmy si\u0119 od niego wszyscy odczepili i poszukali sobie kogo\u015b innego do czepiania. Co te\u017c zrobili\u015bmy.<\/p>\n<p>Kalafior, pij\u0105c \u017ar\u00f3d\u0142\u00f3wk\u0119 bez zak\u0105ski, o\u015bwiadczy\u0142 z przek\u0105sem, \u017ce zaczepienie nie jest mu do niczego potrzebne, bo sam potrafi swoj\u0105 r\u00f3\u017c\u0119 trzyma\u0107 w kupie, wi\u0119c nie b\u0119dzie si\u0119 o nic dodatkowo zaczepia\u0142, ani te\u017c z nikim sczepia\u0142. I tymi s\u0142owy wywo\u0142a\u0142 przys\u0142owiow\u0105 ros\u00f3wk\u0119 z kompostownika! Rabarbar bowiem raczy\u0142 z miejsca zauwa\u017cy\u0107, \u017ce w przypadku kalafiora nie o r\u00f3\u017c\u0119 chodzi, lecz o zwyk\u0142e mi\u0119siste p\u0119dy skr\u00f3cone, wi\u0119c niech nie robi z siebie estety. Na takie dictum kalafior ruszy\u0142 z miejsca na niego, przy\u0142o\u017cy\u0142 mu z kalafiora, a w odpowiedzi rabarbar przy\u0142o\u017cy\u0142 kalafiorowi z li\u015bcia \u2014 i tak si\u0119 sczepili, \u017ce dopiero poranna rosa by\u0142a w stanie ich jako tako rozdzieli\u0107.<\/p>\n<p>Po miesi\u0105cu czepiania si\u0119, podczepiania, zaczepiania i sczepiania okaza\u0142o si\u0119, \u017ce do dyrektywy, kt\u00f3ra nadesz\u0142a z centralnego zrzeszenia niezale\u017cnych ogrod\u00f3w, zakrad\u0142 si\u0119 powa\u017cny b\u0142\u0105d. Mianowicie wysz\u0142o na jaw, \u017ce mr\u00f3wki faraona zjad\u0142y dwie litery: \u201es\u201d i \u201ez\u201d, kt\u00f3re cz\u0119sto w moim ulubionym j\u0119zyku wyst\u0119puj\u0105 w dwupaku, jako \u201esz\u201d. Oznacza to, i\u017c kazano si\u0119 nam zaszczepi\u0107, a nie zaczepi\u0107. Jako \u017ce faraonki zamieszkuj\u0105 zazwyczaj siedziby dwuno\u017cnych, a nie ogrody, od razu domy\u015blili\u015bmy si\u0119, co jest grane i kto naprawd\u0119 jest sprawc\u0105 ca\u0142ego zamieszania.<\/p>\n<p>I wtedy dopiero zacz\u0119\u0142a si\u0119 prawdziwa chryja. Tym razem musieli\u015bmy zmaga\u0107 si\u0119 ze szczepieniem i szczepionkami, o czym jednak pisa\u0107 nie b\u0119d\u0119, bo nie chc\u0119 siedzie\u0107. Krzaczki porzeczki wol\u0105 sta\u0107, gdy\u017c taka jest ich naturalna postawa i odwietrzna potrzeba.<\/p>\n<p>\u00a9 Dariusz Muszer<\/p>\n","protected":false},"excerpt":{"rendered":"<p>Ze wspomnie\u0144 krzaczka porzeczki O tym, jak mieli\u015bmy si\u0119 zaczepi\u0107 Z centralnego zrzeszenia niezale\u017cnych ogrod\u00f3w przysz\u0142a dyrektywa, \u017ce wszyscy mamy si\u0119 zaczepi\u0107. Nie powiedziano nam jednak, jak, czym i gdzie mamy dokona\u0107 zaczepienia. No i zacz\u0119\u0142y si\u0119 nieko\u0144cz\u0105ce dyskusje. \u017bywop\u0142ot uwa\u017ca\u0142, \u017ce je\u015bli ju\u017c zaczepia\u0107 si\u0119, to tylko pospo\u0142u i na zardzewia\u0142ej siatce, bo mo\u017cna [&hellip;]<\/p>\n","protected":false},"author":1,"featured_media":1500,"comment_status":"closed","ping_status":"closed","sticky":false,"template":"","format":"standard","meta":{"footnotes":""},"categories":[241],"tags":[380,378,379,376,377,375],"class_list":["post-1567","post","type-post","status-publish","format-standard","has-post-thumbnail","hentry","category-ze-wspomnien-krzaczka-porzeczki","tag-bluszcz","tag-faraonki","tag-jaskolcze-ziele","tag-ostropest","tag-przytulia","tag-rzep"],"yoast_head":"<!-- This site is optimized with the Yoast SEO plugin v27.0 - https:\/\/yoast.com\/product\/yoast-seo-wordpress\/ -->\n<title>O tym, jak mieli\u015bmy si\u0119 zaczepi\u0107 - Dariusz Muszer<\/title>\n<meta name=\"description\" content=\"Z centralnego zrzeszenia ogrod\u00f3w przysz\u0142a dyrektywa, \u017ce wszyscy mamy si\u0119 zaczepi\u0107. Nie powiedziano nam jednak, gdzie mamy dokona\u0107 zaczepienia.\" \/>\n<meta name=\"robots\" content=\"index, follow, max-snippet:-1, max-image-preview:large, max-video-preview:-1\" \/>\n<link rel=\"canonical\" href=\"https:\/\/dariusz-muszer.de\/pl\/o-tym-jak-mielismy-sie-zaczepic\/\" \/>\n<meta property=\"og:locale\" content=\"pl_PL\" \/>\n<meta property=\"og:type\" content=\"article\" \/>\n<meta property=\"og:title\" content=\"O tym, jak mieli\u015bmy si\u0119 zaczepi\u0107 - Dariusz Muszer\" \/>\n<meta property=\"og:description\" content=\"Z centralnego zrzeszenia ogrod\u00f3w przysz\u0142a dyrektywa, \u017ce wszyscy mamy si\u0119 zaczepi\u0107. Nie powiedziano nam jednak, gdzie mamy dokona\u0107 zaczepienia.\" \/>\n<meta property=\"og:url\" content=\"https:\/\/dariusz-muszer.de\/pl\/o-tym-jak-mielismy-sie-zaczepic\/\" \/>\n<meta property=\"og:site_name\" content=\"Dariusz Muszer\" \/>\n<meta property=\"article:published_time\" content=\"2021-07-04T14:36:23+00:00\" \/>\n<meta property=\"og:image\" content=\"https:\/\/dariusz-muszer.de\/pl\/wp-content\/uploads\/sites\/2\/2021\/05\/rosa-1-web.jpg\" \/>\n\t<meta property=\"og:image:width\" content=\"800\" \/>\n\t<meta property=\"og:image:height\" content=\"533\" \/>\n\t<meta property=\"og:image:type\" content=\"image\/jpeg\" \/>\n<meta name=\"author\" content=\"Kalong\" \/>\n<meta name=\"twitter:card\" content=\"summary_large_image\" \/>\n<meta name=\"twitter:label1\" content=\"Napisane przez\" \/>\n\t<meta name=\"twitter:data1\" content=\"Kalong\" \/>\n\t<meta name=\"twitter:label2\" content=\"Szacowany czas czytania\" \/>\n\t<meta name=\"twitter:data2\" content=\"3 minuty\" \/>\n<script type=\"application\/ld+json\" class=\"yoast-schema-graph\">{\"@context\":\"https:\/\/schema.org\",\"@graph\":[{\"@type\":\"Article\",\"@id\":\"https:\/\/dariusz-muszer.de\/pl\/o-tym-jak-mielismy-sie-zaczepic\/#article\",\"isPartOf\":{\"@id\":\"https:\/\/dariusz-muszer.de\/pl\/o-tym-jak-mielismy-sie-zaczepic\/\"},\"author\":{\"name\":\"Kalong\",\"@id\":\"https:\/\/dariusz-muszer.de\/pl\/#\/schema\/person\/9f0c1c0310d5a835a41c892f377a9d48\"},\"headline\":\"O tym, jak mieli\u015bmy si\u0119 zaczepi\u0107\",\"datePublished\":\"2021-07-04T14:36:23+00:00\",\"mainEntityOfPage\":{\"@id\":\"https:\/\/dariusz-muszer.de\/pl\/o-tym-jak-mielismy-sie-zaczepic\/\"},\"wordCount\":786,\"image\":{\"@id\":\"https:\/\/dariusz-muszer.de\/pl\/o-tym-jak-mielismy-sie-zaczepic\/#primaryimage\"},\"thumbnailUrl\":\"https:\/\/dariusz-muszer.de\/pl\/wp-content\/uploads\/sites\/2\/2021\/05\/rosa-1-web.jpg\",\"keywords\":[\"bluszcz\",\"faraonki\",\"jask\u00f3\u0142cze ziele\",\"ostropest\",\"przytulia\",\"rzep\"],\"articleSection\":[\"Ze wspomnie\u0144 krzaczka porzeczki\"],\"inLanguage\":\"pl-PL\"},{\"@type\":\"WebPage\",\"@id\":\"https:\/\/dariusz-muszer.de\/pl\/o-tym-jak-mielismy-sie-zaczepic\/\",\"url\":\"https:\/\/dariusz-muszer.de\/pl\/o-tym-jak-mielismy-sie-zaczepic\/\",\"name\":\"O tym, jak mieli\u015bmy si\u0119 zaczepi\u0107 - Dariusz Muszer\",\"isPartOf\":{\"@id\":\"https:\/\/dariusz-muszer.de\/pl\/#website\"},\"primaryImageOfPage\":{\"@id\":\"https:\/\/dariusz-muszer.de\/pl\/o-tym-jak-mielismy-sie-zaczepic\/#primaryimage\"},\"image\":{\"@id\":\"https:\/\/dariusz-muszer.de\/pl\/o-tym-jak-mielismy-sie-zaczepic\/#primaryimage\"},\"thumbnailUrl\":\"https:\/\/dariusz-muszer.de\/pl\/wp-content\/uploads\/sites\/2\/2021\/05\/rosa-1-web.jpg\",\"datePublished\":\"2021-07-04T14:36:23+00:00\",\"author\":{\"@id\":\"https:\/\/dariusz-muszer.de\/pl\/#\/schema\/person\/9f0c1c0310d5a835a41c892f377a9d48\"},\"description\":\"Z centralnego zrzeszenia ogrod\u00f3w przysz\u0142a dyrektywa, \u017ce wszyscy mamy si\u0119 zaczepi\u0107. Nie powiedziano nam jednak, gdzie mamy dokona\u0107 zaczepienia.\",\"breadcrumb\":{\"@id\":\"https:\/\/dariusz-muszer.de\/pl\/o-tym-jak-mielismy-sie-zaczepic\/#breadcrumb\"},\"inLanguage\":\"pl-PL\",\"potentialAction\":[{\"@type\":\"ReadAction\",\"target\":[\"https:\/\/dariusz-muszer.de\/pl\/o-tym-jak-mielismy-sie-zaczepic\/\"]}]},{\"@type\":\"ImageObject\",\"inLanguage\":\"pl-PL\",\"@id\":\"https:\/\/dariusz-muszer.de\/pl\/o-tym-jak-mielismy-sie-zaczepic\/#primaryimage\",\"url\":\"https:\/\/dariusz-muszer.de\/pl\/wp-content\/uploads\/sites\/2\/2021\/05\/rosa-1-web.jpg\",\"contentUrl\":\"https:\/\/dariusz-muszer.de\/pl\/wp-content\/uploads\/sites\/2\/2021\/05\/rosa-1-web.jpg\",\"width\":800,\"height\":533,\"caption\":\"rosa\"},{\"@type\":\"BreadcrumbList\",\"@id\":\"https:\/\/dariusz-muszer.de\/pl\/o-tym-jak-mielismy-sie-zaczepic\/#breadcrumb\",\"itemListElement\":[{\"@type\":\"ListItem\",\"position\":1,\"name\":\"Strona g\u0142\u00f3wna\",\"item\":\"https:\/\/dariusz-muszer.de\/pl\/\"},{\"@type\":\"ListItem\",\"position\":2,\"name\":\"O tym, jak mieli\u015bmy si\u0119 zaczepi\u0107\"}]},{\"@type\":\"WebSite\",\"@id\":\"https:\/\/dariusz-muszer.de\/pl\/#website\",\"url\":\"https:\/\/dariusz-muszer.de\/pl\/\",\"name\":\"Dariusz Muszer\",\"description\":\"pisarz\",\"potentialAction\":[{\"@type\":\"SearchAction\",\"target\":{\"@type\":\"EntryPoint\",\"urlTemplate\":\"https:\/\/dariusz-muszer.de\/pl\/?s={search_term_string}\"},\"query-input\":{\"@type\":\"PropertyValueSpecification\",\"valueRequired\":true,\"valueName\":\"search_term_string\"}}],\"inLanguage\":\"pl-PL\"},{\"@type\":\"Person\",\"@id\":\"https:\/\/dariusz-muszer.de\/pl\/#\/schema\/person\/9f0c1c0310d5a835a41c892f377a9d48\",\"name\":\"Kalong\",\"image\":{\"@type\":\"ImageObject\",\"inLanguage\":\"pl-PL\",\"@id\":\"https:\/\/dariusz-muszer.de\/pl\/#\/schema\/person\/image\/\",\"url\":\"https:\/\/secure.gravatar.com\/avatar\/c9f779f2a71c9a87e8c401a809d61b28d74fc852ff3f345760cf377e19933461?s=96&d=mm&r=g\",\"contentUrl\":\"https:\/\/secure.gravatar.com\/avatar\/c9f779f2a71c9a87e8c401a809d61b28d74fc852ff3f345760cf377e19933461?s=96&d=mm&r=g\",\"caption\":\"Kalong\"},\"url\":\"https:\/\/dariusz-muszer.de\/pl\/author\/kalong\/\"}]}<\/script>\n<!-- \/ Yoast SEO plugin. -->","yoast_head_json":{"title":"O tym, jak mieli\u015bmy si\u0119 zaczepi\u0107 - Dariusz Muszer","description":"Z centralnego zrzeszenia ogrod\u00f3w przysz\u0142a dyrektywa, \u017ce wszyscy mamy si\u0119 zaczepi\u0107. Nie powiedziano nam jednak, gdzie mamy dokona\u0107 zaczepienia.","robots":{"index":"index","follow":"follow","max-snippet":"max-snippet:-1","max-image-preview":"max-image-preview:large","max-video-preview":"max-video-preview:-1"},"canonical":"https:\/\/dariusz-muszer.de\/pl\/o-tym-jak-mielismy-sie-zaczepic\/","og_locale":"pl_PL","og_type":"article","og_title":"O tym, jak mieli\u015bmy si\u0119 zaczepi\u0107 - Dariusz Muszer","og_description":"Z centralnego zrzeszenia ogrod\u00f3w przysz\u0142a dyrektywa, \u017ce wszyscy mamy si\u0119 zaczepi\u0107. Nie powiedziano nam jednak, gdzie mamy dokona\u0107 zaczepienia.","og_url":"https:\/\/dariusz-muszer.de\/pl\/o-tym-jak-mielismy-sie-zaczepic\/","og_site_name":"Dariusz Muszer","article_published_time":"2021-07-04T14:36:23+00:00","og_image":[{"width":800,"height":533,"url":"https:\/\/dariusz-muszer.de\/pl\/wp-content\/uploads\/sites\/2\/2021\/05\/rosa-1-web.jpg","type":"image\/jpeg"}],"author":"Kalong","twitter_card":"summary_large_image","twitter_misc":{"Napisane przez":"Kalong","Szacowany czas czytania":"3 minuty"},"schema":{"@context":"https:\/\/schema.org","@graph":[{"@type":"Article","@id":"https:\/\/dariusz-muszer.de\/pl\/o-tym-jak-mielismy-sie-zaczepic\/#article","isPartOf":{"@id":"https:\/\/dariusz-muszer.de\/pl\/o-tym-jak-mielismy-sie-zaczepic\/"},"author":{"name":"Kalong","@id":"https:\/\/dariusz-muszer.de\/pl\/#\/schema\/person\/9f0c1c0310d5a835a41c892f377a9d48"},"headline":"O tym, jak mieli\u015bmy si\u0119 zaczepi\u0107","datePublished":"2021-07-04T14:36:23+00:00","mainEntityOfPage":{"@id":"https:\/\/dariusz-muszer.de\/pl\/o-tym-jak-mielismy-sie-zaczepic\/"},"wordCount":786,"image":{"@id":"https:\/\/dariusz-muszer.de\/pl\/o-tym-jak-mielismy-sie-zaczepic\/#primaryimage"},"thumbnailUrl":"https:\/\/dariusz-muszer.de\/pl\/wp-content\/uploads\/sites\/2\/2021\/05\/rosa-1-web.jpg","keywords":["bluszcz","faraonki","jask\u00f3\u0142cze ziele","ostropest","przytulia","rzep"],"articleSection":["Ze wspomnie\u0144 krzaczka porzeczki"],"inLanguage":"pl-PL"},{"@type":"WebPage","@id":"https:\/\/dariusz-muszer.de\/pl\/o-tym-jak-mielismy-sie-zaczepic\/","url":"https:\/\/dariusz-muszer.de\/pl\/o-tym-jak-mielismy-sie-zaczepic\/","name":"O tym, jak mieli\u015bmy si\u0119 zaczepi\u0107 - Dariusz Muszer","isPartOf":{"@id":"https:\/\/dariusz-muszer.de\/pl\/#website"},"primaryImageOfPage":{"@id":"https:\/\/dariusz-muszer.de\/pl\/o-tym-jak-mielismy-sie-zaczepic\/#primaryimage"},"image":{"@id":"https:\/\/dariusz-muszer.de\/pl\/o-tym-jak-mielismy-sie-zaczepic\/#primaryimage"},"thumbnailUrl":"https:\/\/dariusz-muszer.de\/pl\/wp-content\/uploads\/sites\/2\/2021\/05\/rosa-1-web.jpg","datePublished":"2021-07-04T14:36:23+00:00","author":{"@id":"https:\/\/dariusz-muszer.de\/pl\/#\/schema\/person\/9f0c1c0310d5a835a41c892f377a9d48"},"description":"Z centralnego zrzeszenia ogrod\u00f3w przysz\u0142a dyrektywa, \u017ce wszyscy mamy si\u0119 zaczepi\u0107. Nie powiedziano nam jednak, gdzie mamy dokona\u0107 zaczepienia.","breadcrumb":{"@id":"https:\/\/dariusz-muszer.de\/pl\/o-tym-jak-mielismy-sie-zaczepic\/#breadcrumb"},"inLanguage":"pl-PL","potentialAction":[{"@type":"ReadAction","target":["https:\/\/dariusz-muszer.de\/pl\/o-tym-jak-mielismy-sie-zaczepic\/"]}]},{"@type":"ImageObject","inLanguage":"pl-PL","@id":"https:\/\/dariusz-muszer.de\/pl\/o-tym-jak-mielismy-sie-zaczepic\/#primaryimage","url":"https:\/\/dariusz-muszer.de\/pl\/wp-content\/uploads\/sites\/2\/2021\/05\/rosa-1-web.jpg","contentUrl":"https:\/\/dariusz-muszer.de\/pl\/wp-content\/uploads\/sites\/2\/2021\/05\/rosa-1-web.jpg","width":800,"height":533,"caption":"rosa"},{"@type":"BreadcrumbList","@id":"https:\/\/dariusz-muszer.de\/pl\/o-tym-jak-mielismy-sie-zaczepic\/#breadcrumb","itemListElement":[{"@type":"ListItem","position":1,"name":"Strona g\u0142\u00f3wna","item":"https:\/\/dariusz-muszer.de\/pl\/"},{"@type":"ListItem","position":2,"name":"O tym, jak mieli\u015bmy si\u0119 zaczepi\u0107"}]},{"@type":"WebSite","@id":"https:\/\/dariusz-muszer.de\/pl\/#website","url":"https:\/\/dariusz-muszer.de\/pl\/","name":"Dariusz Muszer","description":"pisarz","potentialAction":[{"@type":"SearchAction","target":{"@type":"EntryPoint","urlTemplate":"https:\/\/dariusz-muszer.de\/pl\/?s={search_term_string}"},"query-input":{"@type":"PropertyValueSpecification","valueRequired":true,"valueName":"search_term_string"}}],"inLanguage":"pl-PL"},{"@type":"Person","@id":"https:\/\/dariusz-muszer.de\/pl\/#\/schema\/person\/9f0c1c0310d5a835a41c892f377a9d48","name":"Kalong","image":{"@type":"ImageObject","inLanguage":"pl-PL","@id":"https:\/\/dariusz-muszer.de\/pl\/#\/schema\/person\/image\/","url":"https:\/\/secure.gravatar.com\/avatar\/c9f779f2a71c9a87e8c401a809d61b28d74fc852ff3f345760cf377e19933461?s=96&d=mm&r=g","contentUrl":"https:\/\/secure.gravatar.com\/avatar\/c9f779f2a71c9a87e8c401a809d61b28d74fc852ff3f345760cf377e19933461?s=96&d=mm&r=g","caption":"Kalong"},"url":"https:\/\/dariusz-muszer.de\/pl\/author\/kalong\/"}]}},"_links":{"self":[{"href":"https:\/\/dariusz-muszer.de\/pl\/wp-json\/wp\/v2\/posts\/1567","targetHints":{"allow":["GET"]}}],"collection":[{"href":"https:\/\/dariusz-muszer.de\/pl\/wp-json\/wp\/v2\/posts"}],"about":[{"href":"https:\/\/dariusz-muszer.de\/pl\/wp-json\/wp\/v2\/types\/post"}],"author":[{"embeddable":true,"href":"https:\/\/dariusz-muszer.de\/pl\/wp-json\/wp\/v2\/users\/1"}],"replies":[{"embeddable":true,"href":"https:\/\/dariusz-muszer.de\/pl\/wp-json\/wp\/v2\/comments?post=1567"}],"version-history":[{"count":3,"href":"https:\/\/dariusz-muszer.de\/pl\/wp-json\/wp\/v2\/posts\/1567\/revisions"}],"predecessor-version":[{"id":1570,"href":"https:\/\/dariusz-muszer.de\/pl\/wp-json\/wp\/v2\/posts\/1567\/revisions\/1570"}],"wp:featuredmedia":[{"embeddable":true,"href":"https:\/\/dariusz-muszer.de\/pl\/wp-json\/wp\/v2\/media\/1500"}],"wp:attachment":[{"href":"https:\/\/dariusz-muszer.de\/pl\/wp-json\/wp\/v2\/media?parent=1567"}],"wp:term":[{"taxonomy":"category","embeddable":true,"href":"https:\/\/dariusz-muszer.de\/pl\/wp-json\/wp\/v2\/categories?post=1567"},{"taxonomy":"post_tag","embeddable":true,"href":"https:\/\/dariusz-muszer.de\/pl\/wp-json\/wp\/v2\/tags?post=1567"}],"curies":[{"name":"wp","href":"https:\/\/api.w.org\/{rel}","templated":true}]}}