{"id":1553,"date":"2021-05-25T00:26:48","date_gmt":"2021-05-24T22:26:48","guid":{"rendered":"http:\/\/dariusz-muszer.de\/pl\/?p=1553"},"modified":"2021-05-21T18:34:12","modified_gmt":"2021-05-21T16:34:12","slug":"panna-franciszka","status":"publish","type":"post","link":"https:\/\/dariusz-muszer.de\/pl\/panna-franciszka\/","title":{"rendered":"Panna Franciszka"},"content":{"rendered":"<h1>Panna Franciszka<\/h1>\n<p>&nbsp;<\/p>\n<p>Gdy w ko\u0144cu obj\u0119\u0142o j\u0105 wysokie lustro<br \/>\nwiedzia\u0142a \u2013 jestem piegiem po\u015br\u00f3d twarzy<br \/>\ni stawa\u0142a, i na pr\u00f3\u017cno, na czubkach, w butach<br \/>\nte\u017c cia\u0142o g\u0142aska\u0142a, by ciep\u0142o odtai\u0107<\/p>\n<p>Rudych w\u0142os\u00f3w nie czepia\u0142y si\u0119 loki<br \/>\noczy nie b\u0142yszcz\u0105 same z siebie, obok \u0142ez<br \/>\nTylko wieczorem marzy\u0142a o udach<br \/>\na suche i do ko\u0144ca pozostan\u0105<\/p>\n<p>Mia\u0142a zielonego ptaka; nie potrafi\u0142 \u015bpiewa\u0107 ciszej<br \/>\nUdusi\u0142a kanarka w tydzie\u0144 po prezencie<br \/>\ni klatk\u0119 do kub\u0142a, w nocy zagrzeba\u0142a<br \/>\npod obierkami, popio\u0142em, z resztkami odkurzacza<\/p>\n<p>Wr\u00f3ci\u0142a; w pokoju po\u0142o\u017cy\u0142a &#8222;Pana Tadeusza&#8221; na stole<br \/>\njubileuszowe wydanie, du\u017ce, z obrazkami Andriollego<br \/>\ni czyta\u0142a, w ksi\u0119\u017cycu, do rana<br \/>\ntrzydziesty, mo\u017ce setny raz<\/p>\n<p>Nie dotar\u0142a ju\u017c nigdy za daleko<br \/>\nW czterdziestym czwartym roku \u017cycia<br \/>\nwyprzedzi\u0142a swoj\u0105 \u015bmier\u0107<br \/>\njak wiatr wyprzedza spadaj\u0105ce li\u015bcie<\/p>\n<p style=\"text-align: right;\">z tomu &#8222;Dzieci kr\u00f3tszej nogi Syzyfa&#8221;<\/p>\n","protected":false},"excerpt":{"rendered":"<p>Panna Franciszka &nbsp; Gdy w ko\u0144cu obj\u0119\u0142o j\u0105 wysokie lustro wiedzia\u0142a \u2013 jestem piegiem po\u015br\u00f3d twarzy i stawa\u0142a, i na pr\u00f3\u017cno, na czubkach, w butach te\u017c cia\u0142o g\u0142aska\u0142a, by ciep\u0142o odtai\u0107 Rudych w\u0142os\u00f3w nie czepia\u0142y si\u0119 loki oczy nie b\u0142yszcz\u0105 same z siebie, obok \u0142ez Tylko wieczorem marzy\u0142a o udach a suche i do ko\u0144ca [&hellip;]<\/p>\n","protected":false},"author":1,"featured_media":1511,"comment_status":"closed","ping_status":"closed","sticky":false,"template":"","format":"standard","meta":{"footnotes":""},"categories":[355],"tags":[371,369,370,372],"class_list":["post-1553","post","type-post","status-publish","format-standard","has-post-thumbnail","hentry","category-dzieci-krotszej-nogi-syzyfa","tag-andriolli","tag-franciszka","tag-pan-tadeusz","tag-piegi"],"yoast_head":"<!-- This site is optimized with the Yoast SEO plugin v27.0 - https:\/\/yoast.com\/product\/yoast-seo-wordpress\/ -->\n<title>Panna Franciszka - Dariusz Muszer<\/title>\n<meta name=\"description\" content=\"Gdy w ko\u0144cu obj\u0119\u0142o j\u0105 wysokie lustro, wiedzia\u0142a \u2013 jestem piegiem po\u015br\u00f3d twarzy i stawa\u0142a, i na pr\u00f3\u017cno, na czubkach, w butach...\" \/>\n<meta name=\"robots\" content=\"index, follow, max-snippet:-1, max-image-preview:large, max-video-preview:-1\" \/>\n<link rel=\"canonical\" href=\"https:\/\/dariusz-muszer.de\/pl\/panna-franciszka\/\" \/>\n<meta property=\"og:locale\" content=\"pl_PL\" \/>\n<meta property=\"og:type\" content=\"article\" \/>\n<meta property=\"og:title\" content=\"Panna Franciszka - Dariusz Muszer\" \/>\n<meta property=\"og:description\" content=\"Gdy w ko\u0144cu obj\u0119\u0142o j\u0105 wysokie lustro, wiedzia\u0142a \u2013 jestem piegiem po\u015br\u00f3d twarzy i stawa\u0142a, i na pr\u00f3\u017cno, na czubkach, w butach...\" \/>\n<meta property=\"og:url\" content=\"https:\/\/dariusz-muszer.de\/pl\/panna-franciszka\/\" \/>\n<meta property=\"og:site_name\" content=\"Dariusz Muszer\" \/>\n<meta property=\"article:published_time\" content=\"2021-05-24T22:26:48+00:00\" \/>\n<meta property=\"og:image\" content=\"https:\/\/dariusz-muszer.de\/pl\/wp-content\/uploads\/sites\/2\/2021\/05\/dzieci-krotszej-nogi-Syzyfa-Muszer.jpg\" \/>\n\t<meta property=\"og:image:width\" content=\"500\" \/>\n\t<meta property=\"og:image:height\" content=\"656\" \/>\n\t<meta property=\"og:image:type\" content=\"image\/jpeg\" \/>\n<meta name=\"author\" content=\"Kalong\" \/>\n<meta name=\"twitter:card\" content=\"summary_large_image\" \/>\n<meta name=\"twitter:label1\" content=\"Napisane przez\" \/>\n\t<meta name=\"twitter:data1\" content=\"Kalong\" \/>\n\t<meta name=\"twitter:label2\" content=\"Szacowany czas czytania\" \/>\n\t<meta name=\"twitter:data2\" content=\"1 minuta\" \/>\n<script type=\"application\/ld+json\" class=\"yoast-schema-graph\">{\"@context\":\"https:\/\/schema.org\",\"@graph\":[{\"@type\":\"Article\",\"@id\":\"https:\/\/dariusz-muszer.de\/pl\/panna-franciszka\/#article\",\"isPartOf\":{\"@id\":\"https:\/\/dariusz-muszer.de\/pl\/panna-franciszka\/\"},\"author\":{\"name\":\"Kalong\",\"@id\":\"https:\/\/dariusz-muszer.de\/pl\/#\/schema\/person\/9f0c1c0310d5a835a41c892f377a9d48\"},\"headline\":\"Panna Franciszka\",\"datePublished\":\"2021-05-24T22:26:48+00:00\",\"mainEntityOfPage\":{\"@id\":\"https:\/\/dariusz-muszer.de\/pl\/panna-franciszka\/\"},\"wordCount\":168,\"image\":{\"@id\":\"https:\/\/dariusz-muszer.de\/pl\/panna-franciszka\/#primaryimage\"},\"thumbnailUrl\":\"https:\/\/dariusz-muszer.de\/pl\/wp-content\/uploads\/sites\/2\/2021\/05\/dzieci-krotszej-nogi-Syzyfa-Muszer.jpg\",\"keywords\":[\"Andriolli\",\"Franciszka\",\"Pan Tadeusz\",\"piegi\"],\"articleSection\":[\"Dzieci kr\u00f3tszej nogi Syzyfa\"],\"inLanguage\":\"pl-PL\"},{\"@type\":\"WebPage\",\"@id\":\"https:\/\/dariusz-muszer.de\/pl\/panna-franciszka\/\",\"url\":\"https:\/\/dariusz-muszer.de\/pl\/panna-franciszka\/\",\"name\":\"Panna Franciszka - Dariusz Muszer\",\"isPartOf\":{\"@id\":\"https:\/\/dariusz-muszer.de\/pl\/#website\"},\"primaryImageOfPage\":{\"@id\":\"https:\/\/dariusz-muszer.de\/pl\/panna-franciszka\/#primaryimage\"},\"image\":{\"@id\":\"https:\/\/dariusz-muszer.de\/pl\/panna-franciszka\/#primaryimage\"},\"thumbnailUrl\":\"https:\/\/dariusz-muszer.de\/pl\/wp-content\/uploads\/sites\/2\/2021\/05\/dzieci-krotszej-nogi-Syzyfa-Muszer.jpg\",\"datePublished\":\"2021-05-24T22:26:48+00:00\",\"author\":{\"@id\":\"https:\/\/dariusz-muszer.de\/pl\/#\/schema\/person\/9f0c1c0310d5a835a41c892f377a9d48\"},\"description\":\"Gdy w ko\u0144cu obj\u0119\u0142o j\u0105 wysokie lustro, wiedzia\u0142a \u2013 jestem piegiem po\u015br\u00f3d twarzy i stawa\u0142a, i na pr\u00f3\u017cno, na czubkach, w butach...\",\"breadcrumb\":{\"@id\":\"https:\/\/dariusz-muszer.de\/pl\/panna-franciszka\/#breadcrumb\"},\"inLanguage\":\"pl-PL\",\"potentialAction\":[{\"@type\":\"ReadAction\",\"target\":[\"https:\/\/dariusz-muszer.de\/pl\/panna-franciszka\/\"]}]},{\"@type\":\"ImageObject\",\"inLanguage\":\"pl-PL\",\"@id\":\"https:\/\/dariusz-muszer.de\/pl\/panna-franciszka\/#primaryimage\",\"url\":\"https:\/\/dariusz-muszer.de\/pl\/wp-content\/uploads\/sites\/2\/2021\/05\/dzieci-krotszej-nogi-Syzyfa-Muszer.jpg\",\"contentUrl\":\"https:\/\/dariusz-muszer.de\/pl\/wp-content\/uploads\/sites\/2\/2021\/05\/dzieci-krotszej-nogi-Syzyfa-Muszer.jpg\",\"width\":500,\"height\":656,\"caption\":\"Dzieci kr\u00f3tszej nogi Syzyfa - Dariusz Muszer\"},{\"@type\":\"BreadcrumbList\",\"@id\":\"https:\/\/dariusz-muszer.de\/pl\/panna-franciszka\/#breadcrumb\",\"itemListElement\":[{\"@type\":\"ListItem\",\"position\":1,\"name\":\"Strona g\u0142\u00f3wna\",\"item\":\"https:\/\/dariusz-muszer.de\/pl\/\"},{\"@type\":\"ListItem\",\"position\":2,\"name\":\"Panna Franciszka\"}]},{\"@type\":\"WebSite\",\"@id\":\"https:\/\/dariusz-muszer.de\/pl\/#website\",\"url\":\"https:\/\/dariusz-muszer.de\/pl\/\",\"name\":\"Dariusz Muszer\",\"description\":\"pisarz\",\"potentialAction\":[{\"@type\":\"SearchAction\",\"target\":{\"@type\":\"EntryPoint\",\"urlTemplate\":\"https:\/\/dariusz-muszer.de\/pl\/?s={search_term_string}\"},\"query-input\":{\"@type\":\"PropertyValueSpecification\",\"valueRequired\":true,\"valueName\":\"search_term_string\"}}],\"inLanguage\":\"pl-PL\"},{\"@type\":\"Person\",\"@id\":\"https:\/\/dariusz-muszer.de\/pl\/#\/schema\/person\/9f0c1c0310d5a835a41c892f377a9d48\",\"name\":\"Kalong\",\"image\":{\"@type\":\"ImageObject\",\"inLanguage\":\"pl-PL\",\"@id\":\"https:\/\/dariusz-muszer.de\/pl\/#\/schema\/person\/image\/\",\"url\":\"https:\/\/secure.gravatar.com\/avatar\/c9f779f2a71c9a87e8c401a809d61b28d74fc852ff3f345760cf377e19933461?s=96&d=mm&r=g\",\"contentUrl\":\"https:\/\/secure.gravatar.com\/avatar\/c9f779f2a71c9a87e8c401a809d61b28d74fc852ff3f345760cf377e19933461?s=96&d=mm&r=g\",\"caption\":\"Kalong\"},\"url\":\"https:\/\/dariusz-muszer.de\/pl\/author\/kalong\/\"}]}<\/script>\n<!-- \/ Yoast SEO plugin. -->","yoast_head_json":{"title":"Panna Franciszka - Dariusz Muszer","description":"Gdy w ko\u0144cu obj\u0119\u0142o j\u0105 wysokie lustro, wiedzia\u0142a \u2013 jestem piegiem po\u015br\u00f3d twarzy i stawa\u0142a, i na pr\u00f3\u017cno, na czubkach, w butach...","robots":{"index":"index","follow":"follow","max-snippet":"max-snippet:-1","max-image-preview":"max-image-preview:large","max-video-preview":"max-video-preview:-1"},"canonical":"https:\/\/dariusz-muszer.de\/pl\/panna-franciszka\/","og_locale":"pl_PL","og_type":"article","og_title":"Panna Franciszka - Dariusz Muszer","og_description":"Gdy w ko\u0144cu obj\u0119\u0142o j\u0105 wysokie lustro, wiedzia\u0142a \u2013 jestem piegiem po\u015br\u00f3d twarzy i stawa\u0142a, i na pr\u00f3\u017cno, na czubkach, w butach...","og_url":"https:\/\/dariusz-muszer.de\/pl\/panna-franciszka\/","og_site_name":"Dariusz Muszer","article_published_time":"2021-05-24T22:26:48+00:00","og_image":[{"width":500,"height":656,"url":"https:\/\/dariusz-muszer.de\/pl\/wp-content\/uploads\/sites\/2\/2021\/05\/dzieci-krotszej-nogi-Syzyfa-Muszer.jpg","type":"image\/jpeg"}],"author":"Kalong","twitter_card":"summary_large_image","twitter_misc":{"Napisane przez":"Kalong","Szacowany czas czytania":"1 minuta"},"schema":{"@context":"https:\/\/schema.org","@graph":[{"@type":"Article","@id":"https:\/\/dariusz-muszer.de\/pl\/panna-franciszka\/#article","isPartOf":{"@id":"https:\/\/dariusz-muszer.de\/pl\/panna-franciszka\/"},"author":{"name":"Kalong","@id":"https:\/\/dariusz-muszer.de\/pl\/#\/schema\/person\/9f0c1c0310d5a835a41c892f377a9d48"},"headline":"Panna Franciszka","datePublished":"2021-05-24T22:26:48+00:00","mainEntityOfPage":{"@id":"https:\/\/dariusz-muszer.de\/pl\/panna-franciszka\/"},"wordCount":168,"image":{"@id":"https:\/\/dariusz-muszer.de\/pl\/panna-franciszka\/#primaryimage"},"thumbnailUrl":"https:\/\/dariusz-muszer.de\/pl\/wp-content\/uploads\/sites\/2\/2021\/05\/dzieci-krotszej-nogi-Syzyfa-Muszer.jpg","keywords":["Andriolli","Franciszka","Pan Tadeusz","piegi"],"articleSection":["Dzieci kr\u00f3tszej nogi Syzyfa"],"inLanguage":"pl-PL"},{"@type":"WebPage","@id":"https:\/\/dariusz-muszer.de\/pl\/panna-franciszka\/","url":"https:\/\/dariusz-muszer.de\/pl\/panna-franciszka\/","name":"Panna Franciszka - Dariusz Muszer","isPartOf":{"@id":"https:\/\/dariusz-muszer.de\/pl\/#website"},"primaryImageOfPage":{"@id":"https:\/\/dariusz-muszer.de\/pl\/panna-franciszka\/#primaryimage"},"image":{"@id":"https:\/\/dariusz-muszer.de\/pl\/panna-franciszka\/#primaryimage"},"thumbnailUrl":"https:\/\/dariusz-muszer.de\/pl\/wp-content\/uploads\/sites\/2\/2021\/05\/dzieci-krotszej-nogi-Syzyfa-Muszer.jpg","datePublished":"2021-05-24T22:26:48+00:00","author":{"@id":"https:\/\/dariusz-muszer.de\/pl\/#\/schema\/person\/9f0c1c0310d5a835a41c892f377a9d48"},"description":"Gdy w ko\u0144cu obj\u0119\u0142o j\u0105 wysokie lustro, wiedzia\u0142a \u2013 jestem piegiem po\u015br\u00f3d twarzy i stawa\u0142a, i na pr\u00f3\u017cno, na czubkach, w butach...","breadcrumb":{"@id":"https:\/\/dariusz-muszer.de\/pl\/panna-franciszka\/#breadcrumb"},"inLanguage":"pl-PL","potentialAction":[{"@type":"ReadAction","target":["https:\/\/dariusz-muszer.de\/pl\/panna-franciszka\/"]}]},{"@type":"ImageObject","inLanguage":"pl-PL","@id":"https:\/\/dariusz-muszer.de\/pl\/panna-franciszka\/#primaryimage","url":"https:\/\/dariusz-muszer.de\/pl\/wp-content\/uploads\/sites\/2\/2021\/05\/dzieci-krotszej-nogi-Syzyfa-Muszer.jpg","contentUrl":"https:\/\/dariusz-muszer.de\/pl\/wp-content\/uploads\/sites\/2\/2021\/05\/dzieci-krotszej-nogi-Syzyfa-Muszer.jpg","width":500,"height":656,"caption":"Dzieci kr\u00f3tszej nogi Syzyfa - Dariusz Muszer"},{"@type":"BreadcrumbList","@id":"https:\/\/dariusz-muszer.de\/pl\/panna-franciszka\/#breadcrumb","itemListElement":[{"@type":"ListItem","position":1,"name":"Strona g\u0142\u00f3wna","item":"https:\/\/dariusz-muszer.de\/pl\/"},{"@type":"ListItem","position":2,"name":"Panna Franciszka"}]},{"@type":"WebSite","@id":"https:\/\/dariusz-muszer.de\/pl\/#website","url":"https:\/\/dariusz-muszer.de\/pl\/","name":"Dariusz Muszer","description":"pisarz","potentialAction":[{"@type":"SearchAction","target":{"@type":"EntryPoint","urlTemplate":"https:\/\/dariusz-muszer.de\/pl\/?s={search_term_string}"},"query-input":{"@type":"PropertyValueSpecification","valueRequired":true,"valueName":"search_term_string"}}],"inLanguage":"pl-PL"},{"@type":"Person","@id":"https:\/\/dariusz-muszer.de\/pl\/#\/schema\/person\/9f0c1c0310d5a835a41c892f377a9d48","name":"Kalong","image":{"@type":"ImageObject","inLanguage":"pl-PL","@id":"https:\/\/dariusz-muszer.de\/pl\/#\/schema\/person\/image\/","url":"https:\/\/secure.gravatar.com\/avatar\/c9f779f2a71c9a87e8c401a809d61b28d74fc852ff3f345760cf377e19933461?s=96&d=mm&r=g","contentUrl":"https:\/\/secure.gravatar.com\/avatar\/c9f779f2a71c9a87e8c401a809d61b28d74fc852ff3f345760cf377e19933461?s=96&d=mm&r=g","caption":"Kalong"},"url":"https:\/\/dariusz-muszer.de\/pl\/author\/kalong\/"}]}},"_links":{"self":[{"href":"https:\/\/dariusz-muszer.de\/pl\/wp-json\/wp\/v2\/posts\/1553","targetHints":{"allow":["GET"]}}],"collection":[{"href":"https:\/\/dariusz-muszer.de\/pl\/wp-json\/wp\/v2\/posts"}],"about":[{"href":"https:\/\/dariusz-muszer.de\/pl\/wp-json\/wp\/v2\/types\/post"}],"author":[{"embeddable":true,"href":"https:\/\/dariusz-muszer.de\/pl\/wp-json\/wp\/v2\/users\/1"}],"replies":[{"embeddable":true,"href":"https:\/\/dariusz-muszer.de\/pl\/wp-json\/wp\/v2\/comments?post=1553"}],"version-history":[{"count":3,"href":"https:\/\/dariusz-muszer.de\/pl\/wp-json\/wp\/v2\/posts\/1553\/revisions"}],"predecessor-version":[{"id":1558,"href":"https:\/\/dariusz-muszer.de\/pl\/wp-json\/wp\/v2\/posts\/1553\/revisions\/1558"}],"wp:featuredmedia":[{"embeddable":true,"href":"https:\/\/dariusz-muszer.de\/pl\/wp-json\/wp\/v2\/media\/1511"}],"wp:attachment":[{"href":"https:\/\/dariusz-muszer.de\/pl\/wp-json\/wp\/v2\/media?parent=1553"}],"wp:term":[{"taxonomy":"category","embeddable":true,"href":"https:\/\/dariusz-muszer.de\/pl\/wp-json\/wp\/v2\/categories?post=1553"},{"taxonomy":"post_tag","embeddable":true,"href":"https:\/\/dariusz-muszer.de\/pl\/wp-json\/wp\/v2\/tags?post=1553"}],"curies":[{"name":"wp","href":"https:\/\/api.w.org\/{rel}","templated":true}]}}