{"id":1545,"date":"2021-05-20T00:42:24","date_gmt":"2021-05-19T22:42:24","guid":{"rendered":"http:\/\/dariusz-muszer.de\/pl\/?p=1545"},"modified":"2021-05-21T18:24:57","modified_gmt":"2021-05-21T16:24:57","slug":"dziewczyna-i-powietrze","status":"publish","type":"post","link":"https:\/\/dariusz-muszer.de\/pl\/dziewczyna-i-powietrze\/","title":{"rendered":"\u200bDziewczyna i powietrze"},"content":{"rendered":"<h1>\u200bDziewczyna i powietrze<\/h1>\n<p>&nbsp;<\/p>\n<p>Od lasu zasz\u0142a ca\u0142kiem nowa dziewczyna<br \/>\nnie pok\u0105tnie<br \/>\ntylko prosto, po schodach, i rynek, idzie<br \/>\na doskoczy\u0142 pies: Hau hau hau, kobieta<br \/>\npow\u0105cha\u0142, ale od razu przesta\u0142<\/p>\n<p>Ca\u0142kiem nowa dziewczyna nie wydycha\u0142a<br \/>\ntrzyma\u0142a w p\u0142ucach swoje powietrze<br \/>\nstamt\u0105d<\/p>\n<p>Jeden uk\u0142on, buty pi\u0119ta w pi\u0119t\u0119, z\u0142o\u017cy\u0142<br \/>\ni r\u0119k\u0119 bierze, do ust ci\u0105gnie<br \/>\nNie dam, m\u00f3wi, parasola sama za r\u0105czk\u0119<br \/>\ntorb\u0119 te\u017c umiem trzyma\u0107 prosto<br \/>\ni nieci\u0119\u017cka wcale, i nie za du\u017ca, zwyk\u0142a<br \/>\no dom, m\u00f3wi, tam mieszka\u0107 b\u0119d\u0119<br \/>\nNa progu krople farby od wczoraj<\/p>\n<p>Wszyscy przyszli, bruneci, blondyni, szatyni, zobaczy\u0107<br \/>\nprzed oknem ch\u0142opy od ma\u0142ego do du\u017cego rosn\u0105<br \/>\njak kolby pa\u0142ek bagiennych w spodniach<br \/>\na ca\u0142kiem nowa dziewczyna ta\u0144czy w otwartej szybie<br \/>\nczemu naga w niebieskich \u017cy\u0142kach n\u00f3g<br \/>\nczemu pod \u017car\u00f3wk\u0105 w bieli klosza<br \/>\nczemu piersi wciska w \u017cebra, stroszy brzuch pi\u0119\u015bciami<br \/>\nczemu w\u0142osy kr\u0119c\u0105 raz dwa trzy, raz dwa trzy<br \/>\ni tak tydzie\u0144 bez soboty, bez wytchnienia<\/p>\n<p>Stali; a jutro nowy rok b\u0119dzie<br \/>\nA\u017c oczy w kolana niemowl\u0119cia pulchne<br \/>\ni w \u015bluzie jak trzy miesi\u0105ce \u017cycia<br \/>\no p\u00f3\u0142nocy na drewnian\u0105 pod\u0142og\u0119 wypad\u0142y<\/p>\n<p>A ona jeszcze ta\u0144czy\u0142a<\/p>\n<p>Mr\u00f3z zaj\u0105\u0142 si\u0119 swoj\u0105 \u017con\u0105 dopiero o \u015bwicie<br \/>\nI nie\u015bli powietrze w nabrzmia\u0142ych piersiach<br \/>\nca\u0142kiem nowej dziewczyny od lasu<br \/>\nw puszce bez wihajstra do otwierania<br \/>\nza miasto przez biel d\u0142ugich cieni po\u0142udnia<br \/>\nbo nie chcia\u0142a go wypu\u015bci\u0107<br \/>\nswojego, stamt\u0105d<br \/>\ni dlatego za miasto<br \/>\ndlatego za mur<br \/>\nza mleko styczniowej matki powietrza<\/p>\n<p style=\"text-align: right;\">z tomu &#8222;Dzieci kr\u00f3tszej nogi Syzyfa&#8221;<\/p>\n","protected":false},"excerpt":{"rendered":"<p>\u200bDziewczyna i powietrze &nbsp; Od lasu zasz\u0142a ca\u0142kiem nowa dziewczyna nie pok\u0105tnie tylko prosto, po schodach, i rynek, idzie a doskoczy\u0142 pies: Hau hau hau, kobieta pow\u0105cha\u0142, ale od razu przesta\u0142 Ca\u0142kiem nowa dziewczyna nie wydycha\u0142a trzyma\u0142a w p\u0142ucach swoje powietrze stamt\u0105d Jeden uk\u0142on, buty pi\u0119ta w pi\u0119t\u0119, z\u0142o\u017cy\u0142 i r\u0119k\u0119 bierze, do ust ci\u0105gnie [&hellip;]<\/p>\n","protected":false},"author":1,"featured_media":1511,"comment_status":"closed","ping_status":"closed","sticky":false,"template":"","format":"standard","meta":{"footnotes":""},"categories":[355],"tags":[361,360,362],"class_list":["post-1545","post","type-post","status-publish","format-standard","has-post-thumbnail","hentry","category-dzieci-krotszej-nogi-syzyfa","tag-dzieci-krotszej-nogi-syzyfa","tag-dziewczyna","tag-powietrze"],"yoast_head":"<!-- This site is optimized with the Yoast SEO plugin v27.0 - https:\/\/yoast.com\/product\/yoast-seo-wordpress\/ -->\n<title>\u200bDziewczyna i powietrze - Dariusz Muszer<\/title>\n<meta name=\"description\" content=\"Wszyscy przyszli, bruneci, blondyni, szatyni, zobaczy\u0107 przed oknem ch\u0142opy od ma\u0142ego do du\u017cego rosn\u0105 jak kolby pa\u0142ek bagiennych w spodniach\" \/>\n<meta name=\"robots\" content=\"index, follow, max-snippet:-1, max-image-preview:large, max-video-preview:-1\" \/>\n<link rel=\"canonical\" href=\"https:\/\/dariusz-muszer.de\/pl\/dziewczyna-i-powietrze\/\" \/>\n<meta property=\"og:locale\" content=\"pl_PL\" \/>\n<meta property=\"og:type\" content=\"article\" \/>\n<meta property=\"og:title\" content=\"\u200bDziewczyna i powietrze - Dariusz Muszer\" \/>\n<meta property=\"og:description\" content=\"Wszyscy przyszli, bruneci, blondyni, szatyni, zobaczy\u0107 przed oknem ch\u0142opy od ma\u0142ego do du\u017cego rosn\u0105 jak kolby pa\u0142ek bagiennych w spodniach\" \/>\n<meta property=\"og:url\" content=\"https:\/\/dariusz-muszer.de\/pl\/dziewczyna-i-powietrze\/\" \/>\n<meta property=\"og:site_name\" content=\"Dariusz Muszer\" \/>\n<meta property=\"article:published_time\" content=\"2021-05-19T22:42:24+00:00\" \/>\n<meta property=\"article:modified_time\" content=\"2021-05-21T16:24:57+00:00\" \/>\n<meta property=\"og:image\" content=\"https:\/\/dariusz-muszer.de\/pl\/wp-content\/uploads\/sites\/2\/2021\/05\/dzieci-krotszej-nogi-Syzyfa-Muszer.jpg\" \/>\n\t<meta property=\"og:image:width\" content=\"500\" \/>\n\t<meta property=\"og:image:height\" content=\"656\" \/>\n\t<meta property=\"og:image:type\" content=\"image\/jpeg\" \/>\n<meta name=\"author\" content=\"Kalong\" \/>\n<meta name=\"twitter:card\" content=\"summary_large_image\" \/>\n<meta name=\"twitter:label1\" content=\"Napisane przez\" \/>\n\t<meta name=\"twitter:data1\" content=\"Kalong\" \/>\n\t<meta name=\"twitter:label2\" content=\"Szacowany czas czytania\" \/>\n\t<meta name=\"twitter:data2\" content=\"2 minuty\" \/>\n<script type=\"application\/ld+json\" class=\"yoast-schema-graph\">{\"@context\":\"https:\/\/schema.org\",\"@graph\":[{\"@type\":\"Article\",\"@id\":\"https:\/\/dariusz-muszer.de\/pl\/dziewczyna-i-powietrze\/#article\",\"isPartOf\":{\"@id\":\"https:\/\/dariusz-muszer.de\/pl\/dziewczyna-i-powietrze\/\"},\"author\":{\"name\":\"Kalong\",\"@id\":\"https:\/\/dariusz-muszer.de\/pl\/#\/schema\/person\/9f0c1c0310d5a835a41c892f377a9d48\"},\"headline\":\"\u200bDziewczyna i powietrze\",\"datePublished\":\"2021-05-19T22:42:24+00:00\",\"dateModified\":\"2021-05-21T16:24:57+00:00\",\"mainEntityOfPage\":{\"@id\":\"https:\/\/dariusz-muszer.de\/pl\/dziewczyna-i-powietrze\/\"},\"wordCount\":293,\"image\":{\"@id\":\"https:\/\/dariusz-muszer.de\/pl\/dziewczyna-i-powietrze\/#primaryimage\"},\"thumbnailUrl\":\"https:\/\/dariusz-muszer.de\/pl\/wp-content\/uploads\/sites\/2\/2021\/05\/dzieci-krotszej-nogi-Syzyfa-Muszer.jpg\",\"keywords\":[\"dzieci kr\u00f3tszej nogi Syzyfa\",\"dziewczyna\",\"powietrze\"],\"articleSection\":[\"Dzieci kr\u00f3tszej nogi Syzyfa\"],\"inLanguage\":\"pl-PL\"},{\"@type\":\"WebPage\",\"@id\":\"https:\/\/dariusz-muszer.de\/pl\/dziewczyna-i-powietrze\/\",\"url\":\"https:\/\/dariusz-muszer.de\/pl\/dziewczyna-i-powietrze\/\",\"name\":\"\u200bDziewczyna i powietrze - Dariusz Muszer\",\"isPartOf\":{\"@id\":\"https:\/\/dariusz-muszer.de\/pl\/#website\"},\"primaryImageOfPage\":{\"@id\":\"https:\/\/dariusz-muszer.de\/pl\/dziewczyna-i-powietrze\/#primaryimage\"},\"image\":{\"@id\":\"https:\/\/dariusz-muszer.de\/pl\/dziewczyna-i-powietrze\/#primaryimage\"},\"thumbnailUrl\":\"https:\/\/dariusz-muszer.de\/pl\/wp-content\/uploads\/sites\/2\/2021\/05\/dzieci-krotszej-nogi-Syzyfa-Muszer.jpg\",\"datePublished\":\"2021-05-19T22:42:24+00:00\",\"dateModified\":\"2021-05-21T16:24:57+00:00\",\"author\":{\"@id\":\"https:\/\/dariusz-muszer.de\/pl\/#\/schema\/person\/9f0c1c0310d5a835a41c892f377a9d48\"},\"description\":\"Wszyscy przyszli, bruneci, blondyni, szatyni, zobaczy\u0107 przed oknem ch\u0142opy od ma\u0142ego do du\u017cego rosn\u0105 jak kolby pa\u0142ek bagiennych w spodniach\",\"breadcrumb\":{\"@id\":\"https:\/\/dariusz-muszer.de\/pl\/dziewczyna-i-powietrze\/#breadcrumb\"},\"inLanguage\":\"pl-PL\",\"potentialAction\":[{\"@type\":\"ReadAction\",\"target\":[\"https:\/\/dariusz-muszer.de\/pl\/dziewczyna-i-powietrze\/\"]}]},{\"@type\":\"ImageObject\",\"inLanguage\":\"pl-PL\",\"@id\":\"https:\/\/dariusz-muszer.de\/pl\/dziewczyna-i-powietrze\/#primaryimage\",\"url\":\"https:\/\/dariusz-muszer.de\/pl\/wp-content\/uploads\/sites\/2\/2021\/05\/dzieci-krotszej-nogi-Syzyfa-Muszer.jpg\",\"contentUrl\":\"https:\/\/dariusz-muszer.de\/pl\/wp-content\/uploads\/sites\/2\/2021\/05\/dzieci-krotszej-nogi-Syzyfa-Muszer.jpg\",\"width\":500,\"height\":656,\"caption\":\"Dzieci kr\u00f3tszej nogi Syzyfa - Dariusz Muszer\"},{\"@type\":\"BreadcrumbList\",\"@id\":\"https:\/\/dariusz-muszer.de\/pl\/dziewczyna-i-powietrze\/#breadcrumb\",\"itemListElement\":[{\"@type\":\"ListItem\",\"position\":1,\"name\":\"Strona g\u0142\u00f3wna\",\"item\":\"https:\/\/dariusz-muszer.de\/pl\/\"},{\"@type\":\"ListItem\",\"position\":2,\"name\":\"\u200bDziewczyna i powietrze\"}]},{\"@type\":\"WebSite\",\"@id\":\"https:\/\/dariusz-muszer.de\/pl\/#website\",\"url\":\"https:\/\/dariusz-muszer.de\/pl\/\",\"name\":\"Dariusz Muszer\",\"description\":\"pisarz\",\"potentialAction\":[{\"@type\":\"SearchAction\",\"target\":{\"@type\":\"EntryPoint\",\"urlTemplate\":\"https:\/\/dariusz-muszer.de\/pl\/?s={search_term_string}\"},\"query-input\":{\"@type\":\"PropertyValueSpecification\",\"valueRequired\":true,\"valueName\":\"search_term_string\"}}],\"inLanguage\":\"pl-PL\"},{\"@type\":\"Person\",\"@id\":\"https:\/\/dariusz-muszer.de\/pl\/#\/schema\/person\/9f0c1c0310d5a835a41c892f377a9d48\",\"name\":\"Kalong\",\"image\":{\"@type\":\"ImageObject\",\"inLanguage\":\"pl-PL\",\"@id\":\"https:\/\/dariusz-muszer.de\/pl\/#\/schema\/person\/image\/\",\"url\":\"https:\/\/secure.gravatar.com\/avatar\/c9f779f2a71c9a87e8c401a809d61b28d74fc852ff3f345760cf377e19933461?s=96&d=mm&r=g\",\"contentUrl\":\"https:\/\/secure.gravatar.com\/avatar\/c9f779f2a71c9a87e8c401a809d61b28d74fc852ff3f345760cf377e19933461?s=96&d=mm&r=g\",\"caption\":\"Kalong\"},\"url\":\"https:\/\/dariusz-muszer.de\/pl\/author\/kalong\/\"}]}<\/script>\n<!-- \/ Yoast SEO plugin. -->","yoast_head_json":{"title":"\u200bDziewczyna i powietrze - Dariusz Muszer","description":"Wszyscy przyszli, bruneci, blondyni, szatyni, zobaczy\u0107 przed oknem ch\u0142opy od ma\u0142ego do du\u017cego rosn\u0105 jak kolby pa\u0142ek bagiennych w spodniach","robots":{"index":"index","follow":"follow","max-snippet":"max-snippet:-1","max-image-preview":"max-image-preview:large","max-video-preview":"max-video-preview:-1"},"canonical":"https:\/\/dariusz-muszer.de\/pl\/dziewczyna-i-powietrze\/","og_locale":"pl_PL","og_type":"article","og_title":"\u200bDziewczyna i powietrze - Dariusz Muszer","og_description":"Wszyscy przyszli, bruneci, blondyni, szatyni, zobaczy\u0107 przed oknem ch\u0142opy od ma\u0142ego do du\u017cego rosn\u0105 jak kolby pa\u0142ek bagiennych w spodniach","og_url":"https:\/\/dariusz-muszer.de\/pl\/dziewczyna-i-powietrze\/","og_site_name":"Dariusz Muszer","article_published_time":"2021-05-19T22:42:24+00:00","article_modified_time":"2021-05-21T16:24:57+00:00","og_image":[{"width":500,"height":656,"url":"https:\/\/dariusz-muszer.de\/pl\/wp-content\/uploads\/sites\/2\/2021\/05\/dzieci-krotszej-nogi-Syzyfa-Muszer.jpg","type":"image\/jpeg"}],"author":"Kalong","twitter_card":"summary_large_image","twitter_misc":{"Napisane przez":"Kalong","Szacowany czas czytania":"2 minuty"},"schema":{"@context":"https:\/\/schema.org","@graph":[{"@type":"Article","@id":"https:\/\/dariusz-muszer.de\/pl\/dziewczyna-i-powietrze\/#article","isPartOf":{"@id":"https:\/\/dariusz-muszer.de\/pl\/dziewczyna-i-powietrze\/"},"author":{"name":"Kalong","@id":"https:\/\/dariusz-muszer.de\/pl\/#\/schema\/person\/9f0c1c0310d5a835a41c892f377a9d48"},"headline":"\u200bDziewczyna i powietrze","datePublished":"2021-05-19T22:42:24+00:00","dateModified":"2021-05-21T16:24:57+00:00","mainEntityOfPage":{"@id":"https:\/\/dariusz-muszer.de\/pl\/dziewczyna-i-powietrze\/"},"wordCount":293,"image":{"@id":"https:\/\/dariusz-muszer.de\/pl\/dziewczyna-i-powietrze\/#primaryimage"},"thumbnailUrl":"https:\/\/dariusz-muszer.de\/pl\/wp-content\/uploads\/sites\/2\/2021\/05\/dzieci-krotszej-nogi-Syzyfa-Muszer.jpg","keywords":["dzieci kr\u00f3tszej nogi Syzyfa","dziewczyna","powietrze"],"articleSection":["Dzieci kr\u00f3tszej nogi Syzyfa"],"inLanguage":"pl-PL"},{"@type":"WebPage","@id":"https:\/\/dariusz-muszer.de\/pl\/dziewczyna-i-powietrze\/","url":"https:\/\/dariusz-muszer.de\/pl\/dziewczyna-i-powietrze\/","name":"\u200bDziewczyna i powietrze - Dariusz Muszer","isPartOf":{"@id":"https:\/\/dariusz-muszer.de\/pl\/#website"},"primaryImageOfPage":{"@id":"https:\/\/dariusz-muszer.de\/pl\/dziewczyna-i-powietrze\/#primaryimage"},"image":{"@id":"https:\/\/dariusz-muszer.de\/pl\/dziewczyna-i-powietrze\/#primaryimage"},"thumbnailUrl":"https:\/\/dariusz-muszer.de\/pl\/wp-content\/uploads\/sites\/2\/2021\/05\/dzieci-krotszej-nogi-Syzyfa-Muszer.jpg","datePublished":"2021-05-19T22:42:24+00:00","dateModified":"2021-05-21T16:24:57+00:00","author":{"@id":"https:\/\/dariusz-muszer.de\/pl\/#\/schema\/person\/9f0c1c0310d5a835a41c892f377a9d48"},"description":"Wszyscy przyszli, bruneci, blondyni, szatyni, zobaczy\u0107 przed oknem ch\u0142opy od ma\u0142ego do du\u017cego rosn\u0105 jak kolby pa\u0142ek bagiennych w spodniach","breadcrumb":{"@id":"https:\/\/dariusz-muszer.de\/pl\/dziewczyna-i-powietrze\/#breadcrumb"},"inLanguage":"pl-PL","potentialAction":[{"@type":"ReadAction","target":["https:\/\/dariusz-muszer.de\/pl\/dziewczyna-i-powietrze\/"]}]},{"@type":"ImageObject","inLanguage":"pl-PL","@id":"https:\/\/dariusz-muszer.de\/pl\/dziewczyna-i-powietrze\/#primaryimage","url":"https:\/\/dariusz-muszer.de\/pl\/wp-content\/uploads\/sites\/2\/2021\/05\/dzieci-krotszej-nogi-Syzyfa-Muszer.jpg","contentUrl":"https:\/\/dariusz-muszer.de\/pl\/wp-content\/uploads\/sites\/2\/2021\/05\/dzieci-krotszej-nogi-Syzyfa-Muszer.jpg","width":500,"height":656,"caption":"Dzieci kr\u00f3tszej nogi Syzyfa - Dariusz Muszer"},{"@type":"BreadcrumbList","@id":"https:\/\/dariusz-muszer.de\/pl\/dziewczyna-i-powietrze\/#breadcrumb","itemListElement":[{"@type":"ListItem","position":1,"name":"Strona g\u0142\u00f3wna","item":"https:\/\/dariusz-muszer.de\/pl\/"},{"@type":"ListItem","position":2,"name":"\u200bDziewczyna i powietrze"}]},{"@type":"WebSite","@id":"https:\/\/dariusz-muszer.de\/pl\/#website","url":"https:\/\/dariusz-muszer.de\/pl\/","name":"Dariusz Muszer","description":"pisarz","potentialAction":[{"@type":"SearchAction","target":{"@type":"EntryPoint","urlTemplate":"https:\/\/dariusz-muszer.de\/pl\/?s={search_term_string}"},"query-input":{"@type":"PropertyValueSpecification","valueRequired":true,"valueName":"search_term_string"}}],"inLanguage":"pl-PL"},{"@type":"Person","@id":"https:\/\/dariusz-muszer.de\/pl\/#\/schema\/person\/9f0c1c0310d5a835a41c892f377a9d48","name":"Kalong","image":{"@type":"ImageObject","inLanguage":"pl-PL","@id":"https:\/\/dariusz-muszer.de\/pl\/#\/schema\/person\/image\/","url":"https:\/\/secure.gravatar.com\/avatar\/c9f779f2a71c9a87e8c401a809d61b28d74fc852ff3f345760cf377e19933461?s=96&d=mm&r=g","contentUrl":"https:\/\/secure.gravatar.com\/avatar\/c9f779f2a71c9a87e8c401a809d61b28d74fc852ff3f345760cf377e19933461?s=96&d=mm&r=g","caption":"Kalong"},"url":"https:\/\/dariusz-muszer.de\/pl\/author\/kalong\/"}]}},"_links":{"self":[{"href":"https:\/\/dariusz-muszer.de\/pl\/wp-json\/wp\/v2\/posts\/1545","targetHints":{"allow":["GET"]}}],"collection":[{"href":"https:\/\/dariusz-muszer.de\/pl\/wp-json\/wp\/v2\/posts"}],"about":[{"href":"https:\/\/dariusz-muszer.de\/pl\/wp-json\/wp\/v2\/types\/post"}],"author":[{"embeddable":true,"href":"https:\/\/dariusz-muszer.de\/pl\/wp-json\/wp\/v2\/users\/1"}],"replies":[{"embeddable":true,"href":"https:\/\/dariusz-muszer.de\/pl\/wp-json\/wp\/v2\/comments?post=1545"}],"version-history":[{"count":3,"href":"https:\/\/dariusz-muszer.de\/pl\/wp-json\/wp\/v2\/posts\/1545\/revisions"}],"predecessor-version":[{"id":1547,"href":"https:\/\/dariusz-muszer.de\/pl\/wp-json\/wp\/v2\/posts\/1545\/revisions\/1547"}],"wp:featuredmedia":[{"embeddable":true,"href":"https:\/\/dariusz-muszer.de\/pl\/wp-json\/wp\/v2\/media\/1511"}],"wp:attachment":[{"href":"https:\/\/dariusz-muszer.de\/pl\/wp-json\/wp\/v2\/media?parent=1545"}],"wp:term":[{"taxonomy":"category","embeddable":true,"href":"https:\/\/dariusz-muszer.de\/pl\/wp-json\/wp\/v2\/categories?post=1545"},{"taxonomy":"post_tag","embeddable":true,"href":"https:\/\/dariusz-muszer.de\/pl\/wp-json\/wp\/v2\/tags?post=1545"}],"curies":[{"name":"wp","href":"https:\/\/api.w.org\/{rel}","templated":true}]}}