{"id":1541,"date":"2021-05-16T11:30:06","date_gmt":"2021-05-16T09:30:06","guid":{"rendered":"http:\/\/dariusz-muszer.de\/pl\/?p=1541"},"modified":"2021-05-16T11:30:31","modified_gmt":"2021-05-16T09:30:31","slug":"efraim-krawiec","status":"publish","type":"post","link":"https:\/\/dariusz-muszer.de\/pl\/efraim-krawiec\/","title":{"rendered":"Efraim, krawiec"},"content":{"rendered":"<h2 class=\"western\" lang=\"pl-PL\">\u200bEfraim, krawiec<\/h2>\n<p>&nbsp;<\/p>\n<p>Szy\u0142 sw\u00f3j garnitur przez p\u00f3\u0142 wieku z g\u00f3r\u0105<br \/>\nnie kr\u00f3cej, i dobrze si\u0119 wyszykowa\u0142<br \/>\nPami\u0119ta\u0142 o suknie, by czarne, holenderskie by\u0142o<br \/>\nramiona watowane, szerokie jak \u0142awa w chederze<br \/>\nNie chcia\u0142 by\u0107 za chudy i ci\u0105gle zgi\u0119ty<br \/>\nPodszewka pr\u0105\u017ckowana, kamizelka, guziki na n\u00f3\u017cce<\/p>\n<p>A stary singer tak stuka\u0142 i stuka\u0142<br \/>\nza solidnymi drzwiami w suterenie<br \/>\nzag\u0142usza\u0142 pojedyncze \u017cycie Efraima, krawca<br \/>\nby nie zd\u0105\u017cy\u0142 pomy\u015ble\u0107 nawet<br \/>\nby nie zd\u0105\u017cy\u0142 chcie\u0107 wszystkiego zostawi\u0107<\/p>\n<p>Dotyka\u0142 kobiety i zawsze przez materia\u0142<br \/>\nwtedy by\u0142y najbardziej g\u0142adkie i takie bliskie<br \/>\nSzybko odsuwa\u0142y biodra od pok\u0142utych palc\u00f3w<br \/>\ni z\u0119b\u00f3w \u015bmierdz\u0105cych porannym czosnkiem<\/p>\n<p>Gdy wychodzi\u0142y, d\u0142ugo pie\u015bci\u0142 drewnianego manekina<br \/>\ni m\u00f3wi\u0142: Dzi\u015b znowu mia\u0142a czarn\u0105 halk\u0119 bez koronki<br \/>\nr\u00f3\u017cowy biustonosz, czy zauwa\u017cy\u0142e\u015b Jaszo, Jakubie<\/p>\n<p>O czwartej po po\u0142udniu po\u0142o\u017cy\u0142 si\u0119 na chwil\u0119<br \/>\nzd\u0105\u017cy\u0142 zapyta\u0107: Czemu nie da\u0142e\u015b mi sko\u0144czy\u0107, Szaddaj<\/p>\n<p>A ju\u017c ig\u0142a zszywa\u0142a kawa\u0142ki powietrza w nic<br \/>\n\u200b<\/p>\n","protected":false},"excerpt":{"rendered":"<p>\u200bEfraim, krawiec &nbsp; Szy\u0142 sw\u00f3j garnitur przez p\u00f3\u0142 wieku z g\u00f3r\u0105 nie kr\u00f3cej, i dobrze si\u0119 wyszykowa\u0142 Pami\u0119ta\u0142 o suknie, by czarne, holenderskie by\u0142o ramiona watowane, szerokie jak \u0142awa w chederze Nie chcia\u0142 by\u0107 za chudy i ci\u0105gle zgi\u0119ty Podszewka pr\u0105\u017ckowana, kamizelka, guziki na n\u00f3\u017cce A stary singer tak stuka\u0142 i stuka\u0142 za solidnymi drzwiami [&hellip;]<\/p>\n","protected":false},"author":1,"featured_media":1511,"comment_status":"closed","ping_status":"closed","sticky":false,"template":"","format":"standard","meta":{"footnotes":""},"categories":[355],"tags":[356,357,359,358],"class_list":["post-1541","post","type-post","status-publish","format-standard","has-post-thumbnail","hentry","category-dzieci-krotszej-nogi-syzyfa","tag-efraim","tag-krawiec","tag-singer","tag-szaddaj"],"yoast_head":"<!-- This site is optimized with the Yoast SEO plugin v27.0 - https:\/\/yoast.com\/product\/yoast-seo-wordpress\/ -->\n<title>Efraim, krawiec - Dariusz Muszer<\/title>\n<meta name=\"description\" content=\"Szy\u0142 sw\u00f3j garnitur przez p\u00f3\u0142 wieku z g\u00f3r\u0105 nie kr\u00f3cej, i dobrze si\u0119 wyszykowa\u0142 Pami\u0119ta\u0142 o suknie, by czarne, holenderskie by\u0142o\" \/>\n<meta name=\"robots\" content=\"index, follow, max-snippet:-1, max-image-preview:large, max-video-preview:-1\" \/>\n<link rel=\"canonical\" href=\"https:\/\/dariusz-muszer.de\/pl\/efraim-krawiec\/\" \/>\n<meta property=\"og:locale\" content=\"pl_PL\" \/>\n<meta property=\"og:type\" content=\"article\" \/>\n<meta property=\"og:title\" content=\"Efraim, krawiec - Dariusz Muszer\" \/>\n<meta property=\"og:description\" content=\"Szy\u0142 sw\u00f3j garnitur przez p\u00f3\u0142 wieku z g\u00f3r\u0105 nie kr\u00f3cej, i dobrze si\u0119 wyszykowa\u0142 Pami\u0119ta\u0142 o suknie, by czarne, holenderskie by\u0142o\" \/>\n<meta property=\"og:url\" content=\"https:\/\/dariusz-muszer.de\/pl\/efraim-krawiec\/\" \/>\n<meta property=\"og:site_name\" content=\"Dariusz Muszer\" \/>\n<meta property=\"article:published_time\" content=\"2021-05-16T09:30:06+00:00\" \/>\n<meta property=\"article:modified_time\" content=\"2021-05-16T09:30:31+00:00\" \/>\n<meta property=\"og:image\" content=\"https:\/\/dariusz-muszer.de\/pl\/wp-content\/uploads\/sites\/2\/2021\/05\/dzieci-krotszej-nogi-Syzyfa-Muszer.jpg\" \/>\n\t<meta property=\"og:image:width\" content=\"500\" \/>\n\t<meta property=\"og:image:height\" content=\"656\" \/>\n\t<meta property=\"og:image:type\" content=\"image\/jpeg\" \/>\n<meta name=\"author\" content=\"Kalong\" \/>\n<meta name=\"twitter:card\" content=\"summary_large_image\" \/>\n<meta name=\"twitter:label1\" content=\"Napisane przez\" \/>\n\t<meta name=\"twitter:data1\" content=\"Kalong\" \/>\n\t<meta name=\"twitter:label2\" content=\"Szacowany czas czytania\" \/>\n\t<meta name=\"twitter:data2\" content=\"1 minuta\" \/>\n<script type=\"application\/ld+json\" class=\"yoast-schema-graph\">{\"@context\":\"https:\/\/schema.org\",\"@graph\":[{\"@type\":\"Article\",\"@id\":\"https:\/\/dariusz-muszer.de\/pl\/efraim-krawiec\/#article\",\"isPartOf\":{\"@id\":\"https:\/\/dariusz-muszer.de\/pl\/efraim-krawiec\/\"},\"author\":{\"name\":\"Kalong\",\"@id\":\"https:\/\/dariusz-muszer.de\/pl\/#\/schema\/person\/9f0c1c0310d5a835a41c892f377a9d48\"},\"headline\":\"Efraim, krawiec\",\"datePublished\":\"2021-05-16T09:30:06+00:00\",\"dateModified\":\"2021-05-16T09:30:31+00:00\",\"mainEntityOfPage\":{\"@id\":\"https:\/\/dariusz-muszer.de\/pl\/efraim-krawiec\/\"},\"wordCount\":182,\"image\":{\"@id\":\"https:\/\/dariusz-muszer.de\/pl\/efraim-krawiec\/#primaryimage\"},\"thumbnailUrl\":\"https:\/\/dariusz-muszer.de\/pl\/wp-content\/uploads\/sites\/2\/2021\/05\/dzieci-krotszej-nogi-Syzyfa-Muszer.jpg\",\"keywords\":[\"Efraim\",\"krawiec\",\"singer\",\"Szaddaj\"],\"articleSection\":[\"Dzieci kr\u00f3tszej nogi Syzyfa\"],\"inLanguage\":\"pl-PL\"},{\"@type\":\"WebPage\",\"@id\":\"https:\/\/dariusz-muszer.de\/pl\/efraim-krawiec\/\",\"url\":\"https:\/\/dariusz-muszer.de\/pl\/efraim-krawiec\/\",\"name\":\"Efraim, krawiec - Dariusz Muszer\",\"isPartOf\":{\"@id\":\"https:\/\/dariusz-muszer.de\/pl\/#website\"},\"primaryImageOfPage\":{\"@id\":\"https:\/\/dariusz-muszer.de\/pl\/efraim-krawiec\/#primaryimage\"},\"image\":{\"@id\":\"https:\/\/dariusz-muszer.de\/pl\/efraim-krawiec\/#primaryimage\"},\"thumbnailUrl\":\"https:\/\/dariusz-muszer.de\/pl\/wp-content\/uploads\/sites\/2\/2021\/05\/dzieci-krotszej-nogi-Syzyfa-Muszer.jpg\",\"datePublished\":\"2021-05-16T09:30:06+00:00\",\"dateModified\":\"2021-05-16T09:30:31+00:00\",\"author\":{\"@id\":\"https:\/\/dariusz-muszer.de\/pl\/#\/schema\/person\/9f0c1c0310d5a835a41c892f377a9d48\"},\"description\":\"Szy\u0142 sw\u00f3j garnitur przez p\u00f3\u0142 wieku z g\u00f3r\u0105 nie kr\u00f3cej, i dobrze si\u0119 wyszykowa\u0142 Pami\u0119ta\u0142 o suknie, by czarne, holenderskie by\u0142o\",\"breadcrumb\":{\"@id\":\"https:\/\/dariusz-muszer.de\/pl\/efraim-krawiec\/#breadcrumb\"},\"inLanguage\":\"pl-PL\",\"potentialAction\":[{\"@type\":\"ReadAction\",\"target\":[\"https:\/\/dariusz-muszer.de\/pl\/efraim-krawiec\/\"]}]},{\"@type\":\"ImageObject\",\"inLanguage\":\"pl-PL\",\"@id\":\"https:\/\/dariusz-muszer.de\/pl\/efraim-krawiec\/#primaryimage\",\"url\":\"https:\/\/dariusz-muszer.de\/pl\/wp-content\/uploads\/sites\/2\/2021\/05\/dzieci-krotszej-nogi-Syzyfa-Muszer.jpg\",\"contentUrl\":\"https:\/\/dariusz-muszer.de\/pl\/wp-content\/uploads\/sites\/2\/2021\/05\/dzieci-krotszej-nogi-Syzyfa-Muszer.jpg\",\"width\":500,\"height\":656,\"caption\":\"Dzieci kr\u00f3tszej nogi Syzyfa - Dariusz Muszer\"},{\"@type\":\"BreadcrumbList\",\"@id\":\"https:\/\/dariusz-muszer.de\/pl\/efraim-krawiec\/#breadcrumb\",\"itemListElement\":[{\"@type\":\"ListItem\",\"position\":1,\"name\":\"Strona g\u0142\u00f3wna\",\"item\":\"https:\/\/dariusz-muszer.de\/pl\/\"},{\"@type\":\"ListItem\",\"position\":2,\"name\":\"Efraim, krawiec\"}]},{\"@type\":\"WebSite\",\"@id\":\"https:\/\/dariusz-muszer.de\/pl\/#website\",\"url\":\"https:\/\/dariusz-muszer.de\/pl\/\",\"name\":\"Dariusz Muszer\",\"description\":\"pisarz\",\"potentialAction\":[{\"@type\":\"SearchAction\",\"target\":{\"@type\":\"EntryPoint\",\"urlTemplate\":\"https:\/\/dariusz-muszer.de\/pl\/?s={search_term_string}\"},\"query-input\":{\"@type\":\"PropertyValueSpecification\",\"valueRequired\":true,\"valueName\":\"search_term_string\"}}],\"inLanguage\":\"pl-PL\"},{\"@type\":\"Person\",\"@id\":\"https:\/\/dariusz-muszer.de\/pl\/#\/schema\/person\/9f0c1c0310d5a835a41c892f377a9d48\",\"name\":\"Kalong\",\"image\":{\"@type\":\"ImageObject\",\"inLanguage\":\"pl-PL\",\"@id\":\"https:\/\/dariusz-muszer.de\/pl\/#\/schema\/person\/image\/\",\"url\":\"https:\/\/secure.gravatar.com\/avatar\/c9f779f2a71c9a87e8c401a809d61b28d74fc852ff3f345760cf377e19933461?s=96&d=mm&r=g\",\"contentUrl\":\"https:\/\/secure.gravatar.com\/avatar\/c9f779f2a71c9a87e8c401a809d61b28d74fc852ff3f345760cf377e19933461?s=96&d=mm&r=g\",\"caption\":\"Kalong\"},\"url\":\"https:\/\/dariusz-muszer.de\/pl\/author\/kalong\/\"}]}<\/script>\n<!-- \/ Yoast SEO plugin. -->","yoast_head_json":{"title":"Efraim, krawiec - Dariusz Muszer","description":"Szy\u0142 sw\u00f3j garnitur przez p\u00f3\u0142 wieku z g\u00f3r\u0105 nie kr\u00f3cej, i dobrze si\u0119 wyszykowa\u0142 Pami\u0119ta\u0142 o suknie, by czarne, holenderskie by\u0142o","robots":{"index":"index","follow":"follow","max-snippet":"max-snippet:-1","max-image-preview":"max-image-preview:large","max-video-preview":"max-video-preview:-1"},"canonical":"https:\/\/dariusz-muszer.de\/pl\/efraim-krawiec\/","og_locale":"pl_PL","og_type":"article","og_title":"Efraim, krawiec - Dariusz Muszer","og_description":"Szy\u0142 sw\u00f3j garnitur przez p\u00f3\u0142 wieku z g\u00f3r\u0105 nie kr\u00f3cej, i dobrze si\u0119 wyszykowa\u0142 Pami\u0119ta\u0142 o suknie, by czarne, holenderskie by\u0142o","og_url":"https:\/\/dariusz-muszer.de\/pl\/efraim-krawiec\/","og_site_name":"Dariusz Muszer","article_published_time":"2021-05-16T09:30:06+00:00","article_modified_time":"2021-05-16T09:30:31+00:00","og_image":[{"width":500,"height":656,"url":"https:\/\/dariusz-muszer.de\/pl\/wp-content\/uploads\/sites\/2\/2021\/05\/dzieci-krotszej-nogi-Syzyfa-Muszer.jpg","type":"image\/jpeg"}],"author":"Kalong","twitter_card":"summary_large_image","twitter_misc":{"Napisane przez":"Kalong","Szacowany czas czytania":"1 minuta"},"schema":{"@context":"https:\/\/schema.org","@graph":[{"@type":"Article","@id":"https:\/\/dariusz-muszer.de\/pl\/efraim-krawiec\/#article","isPartOf":{"@id":"https:\/\/dariusz-muszer.de\/pl\/efraim-krawiec\/"},"author":{"name":"Kalong","@id":"https:\/\/dariusz-muszer.de\/pl\/#\/schema\/person\/9f0c1c0310d5a835a41c892f377a9d48"},"headline":"Efraim, krawiec","datePublished":"2021-05-16T09:30:06+00:00","dateModified":"2021-05-16T09:30:31+00:00","mainEntityOfPage":{"@id":"https:\/\/dariusz-muszer.de\/pl\/efraim-krawiec\/"},"wordCount":182,"image":{"@id":"https:\/\/dariusz-muszer.de\/pl\/efraim-krawiec\/#primaryimage"},"thumbnailUrl":"https:\/\/dariusz-muszer.de\/pl\/wp-content\/uploads\/sites\/2\/2021\/05\/dzieci-krotszej-nogi-Syzyfa-Muszer.jpg","keywords":["Efraim","krawiec","singer","Szaddaj"],"articleSection":["Dzieci kr\u00f3tszej nogi Syzyfa"],"inLanguage":"pl-PL"},{"@type":"WebPage","@id":"https:\/\/dariusz-muszer.de\/pl\/efraim-krawiec\/","url":"https:\/\/dariusz-muszer.de\/pl\/efraim-krawiec\/","name":"Efraim, krawiec - Dariusz Muszer","isPartOf":{"@id":"https:\/\/dariusz-muszer.de\/pl\/#website"},"primaryImageOfPage":{"@id":"https:\/\/dariusz-muszer.de\/pl\/efraim-krawiec\/#primaryimage"},"image":{"@id":"https:\/\/dariusz-muszer.de\/pl\/efraim-krawiec\/#primaryimage"},"thumbnailUrl":"https:\/\/dariusz-muszer.de\/pl\/wp-content\/uploads\/sites\/2\/2021\/05\/dzieci-krotszej-nogi-Syzyfa-Muszer.jpg","datePublished":"2021-05-16T09:30:06+00:00","dateModified":"2021-05-16T09:30:31+00:00","author":{"@id":"https:\/\/dariusz-muszer.de\/pl\/#\/schema\/person\/9f0c1c0310d5a835a41c892f377a9d48"},"description":"Szy\u0142 sw\u00f3j garnitur przez p\u00f3\u0142 wieku z g\u00f3r\u0105 nie kr\u00f3cej, i dobrze si\u0119 wyszykowa\u0142 Pami\u0119ta\u0142 o suknie, by czarne, holenderskie by\u0142o","breadcrumb":{"@id":"https:\/\/dariusz-muszer.de\/pl\/efraim-krawiec\/#breadcrumb"},"inLanguage":"pl-PL","potentialAction":[{"@type":"ReadAction","target":["https:\/\/dariusz-muszer.de\/pl\/efraim-krawiec\/"]}]},{"@type":"ImageObject","inLanguage":"pl-PL","@id":"https:\/\/dariusz-muszer.de\/pl\/efraim-krawiec\/#primaryimage","url":"https:\/\/dariusz-muszer.de\/pl\/wp-content\/uploads\/sites\/2\/2021\/05\/dzieci-krotszej-nogi-Syzyfa-Muszer.jpg","contentUrl":"https:\/\/dariusz-muszer.de\/pl\/wp-content\/uploads\/sites\/2\/2021\/05\/dzieci-krotszej-nogi-Syzyfa-Muszer.jpg","width":500,"height":656,"caption":"Dzieci kr\u00f3tszej nogi Syzyfa - Dariusz Muszer"},{"@type":"BreadcrumbList","@id":"https:\/\/dariusz-muszer.de\/pl\/efraim-krawiec\/#breadcrumb","itemListElement":[{"@type":"ListItem","position":1,"name":"Strona g\u0142\u00f3wna","item":"https:\/\/dariusz-muszer.de\/pl\/"},{"@type":"ListItem","position":2,"name":"Efraim, krawiec"}]},{"@type":"WebSite","@id":"https:\/\/dariusz-muszer.de\/pl\/#website","url":"https:\/\/dariusz-muszer.de\/pl\/","name":"Dariusz Muszer","description":"pisarz","potentialAction":[{"@type":"SearchAction","target":{"@type":"EntryPoint","urlTemplate":"https:\/\/dariusz-muszer.de\/pl\/?s={search_term_string}"},"query-input":{"@type":"PropertyValueSpecification","valueRequired":true,"valueName":"search_term_string"}}],"inLanguage":"pl-PL"},{"@type":"Person","@id":"https:\/\/dariusz-muszer.de\/pl\/#\/schema\/person\/9f0c1c0310d5a835a41c892f377a9d48","name":"Kalong","image":{"@type":"ImageObject","inLanguage":"pl-PL","@id":"https:\/\/dariusz-muszer.de\/pl\/#\/schema\/person\/image\/","url":"https:\/\/secure.gravatar.com\/avatar\/c9f779f2a71c9a87e8c401a809d61b28d74fc852ff3f345760cf377e19933461?s=96&d=mm&r=g","contentUrl":"https:\/\/secure.gravatar.com\/avatar\/c9f779f2a71c9a87e8c401a809d61b28d74fc852ff3f345760cf377e19933461?s=96&d=mm&r=g","caption":"Kalong"},"url":"https:\/\/dariusz-muszer.de\/pl\/author\/kalong\/"}]}},"_links":{"self":[{"href":"https:\/\/dariusz-muszer.de\/pl\/wp-json\/wp\/v2\/posts\/1541","targetHints":{"allow":["GET"]}}],"collection":[{"href":"https:\/\/dariusz-muszer.de\/pl\/wp-json\/wp\/v2\/posts"}],"about":[{"href":"https:\/\/dariusz-muszer.de\/pl\/wp-json\/wp\/v2\/types\/post"}],"author":[{"embeddable":true,"href":"https:\/\/dariusz-muszer.de\/pl\/wp-json\/wp\/v2\/users\/1"}],"replies":[{"embeddable":true,"href":"https:\/\/dariusz-muszer.de\/pl\/wp-json\/wp\/v2\/comments?post=1541"}],"version-history":[{"count":3,"href":"https:\/\/dariusz-muszer.de\/pl\/wp-json\/wp\/v2\/posts\/1541\/revisions"}],"predecessor-version":[{"id":1544,"href":"https:\/\/dariusz-muszer.de\/pl\/wp-json\/wp\/v2\/posts\/1541\/revisions\/1544"}],"wp:featuredmedia":[{"embeddable":true,"href":"https:\/\/dariusz-muszer.de\/pl\/wp-json\/wp\/v2\/media\/1511"}],"wp:attachment":[{"href":"https:\/\/dariusz-muszer.de\/pl\/wp-json\/wp\/v2\/media?parent=1541"}],"wp:term":[{"taxonomy":"category","embeddable":true,"href":"https:\/\/dariusz-muszer.de\/pl\/wp-json\/wp\/v2\/categories?post=1541"},{"taxonomy":"post_tag","embeddable":true,"href":"https:\/\/dariusz-muszer.de\/pl\/wp-json\/wp\/v2\/tags?post=1541"}],"curies":[{"name":"wp","href":"https:\/\/api.w.org\/{rel}","templated":true}]}}