{"id":1493,"date":"2021-05-14T00:56:24","date_gmt":"2021-05-13T22:56:24","guid":{"rendered":"http:\/\/dariusz-muszer.de\/pl\/?p=1493"},"modified":"2021-05-10T21:57:09","modified_gmt":"2021-05-10T19:57:09","slug":"o-tym-jak-jablonka-zastrajkowala","status":"publish","type":"post","link":"https:\/\/dariusz-muszer.de\/pl\/o-tym-jak-jablonka-zastrajkowala\/","title":{"rendered":"O tym, jak jab\u0142onka zastrajkowa\u0142a"},"content":{"rendered":"<h2><span style=\"color: #008000;\">Ze wspomnie\u0144 krzaczka porzeczki<\/span><\/h2>\n<h1 class=\"western\">O tym, jak jab\u0142onka zastrajkowa\u0142a<\/h1>\n<p><span lang=\"pl-PL\">Jab\u0142onka z naszego ogrodu przez wiele lat rodzi\u0142a owoce. A czyni\u0142a to bez wi\u0119kszych opor\u00f3w i ceregieli. Nie by\u0142y to \u017cadne wymy\u015blne, rasowe i cacy jab\u0142ka, tylko ot takie sobie, zwyczajne. A \u017ce niepryskane, to poniek\u0105d kurduplowate, nierzadko te\u017c parchate od grzyba, w dodatku ochoczo nawiedzane przez owocnic\u0119 jab\u0142kow\u0105 czy g\u0105sienice owoc\u00f3wki jab\u0142k\u00f3weczki, gdy\u017c \u0142echta\u0142y ich podniebienia. Nikomu te domoros\u0142e jab\u0142ka nie przeszkadza\u0142y, bo te\u017c po usuni\u0119ciu cz\u0119\u015bci zarobaczonych i szarlotk\u0119 mo\u017cna by\u0142o z nich upiec, i par\u0119 plasterk\u00f3w ususzy\u0107 na zim\u0119, i octu na ca\u0142y rok nafermentowa\u0107 w szklanym s\u0142oju. A i ptaki mia\u0142y po\u017cytek, bo gdy spad\u0142 \u015bnieg, to skuba\u0142y to, co na drzewie z jesieni zosta\u0142o, i nie trzeba by\u0142o nic kupnego zawiesza\u0107.<\/span><\/p>\n<p><span lang=\"pl-PL\">Kt\u00f3rego\u015b jednak roku jab\u0142onka dowiedzia\u0142a si\u0119 z zagranicznej gazety, kt\u00f3r\u0105 p\u00f3\u0142nocno-zachodni wiatr przywia\u0142 do ogrodu, \u017ce wcale nie musi rodzi\u0107 owoc\u00f3w, \u017ce mo\u017ce si\u0119 wzbrania\u0107 i odm\u00f3wi\u0107. <\/span><\/p>\n<p>\u2013 <span lang=\"pl-PL\">Nie dam si\u0119 zapyli\u0107! \u2013 krzykn\u0119\u0142a jab\u0142onka gromkim g\u0142osem. \u2013 Nigdy wi\u0119cej! Moja owocnia nale\u017cy do mnie!<\/span><\/p>\n<p><span lang=\"pl-PL\">Nast\u0119pnie sporz\u0105dzi\u0142a manifest, w kt\u00f3rym wy\u0142o\u017cy\u0142a swoje pogl\u0105dy. Spiczastym narz\u0119dziem wyry\u0142a go na w\u0142asnym pniu. Niestety, nikt nie by\u0142 w stanie tej deklaracji programowej przeczyta\u0107, gdy\u017c jab\u0142onka umia\u0142a wprawdzie pisa\u0107, ale tylko gwiazdkami i znakami przestankowymi. Jej manifest by\u0142 zatem pe\u0142en gwiazdek, p\u00f3\u0142pauz, nawias\u00f3w kwadratowych, cudzys\u0142ow\u00f3w oraz wielokropk\u00f3w, i trzeba by\u0142o si\u0119 domy\u015bla\u0107, o co w nim chodzi, a nikomu w ogrodzie nie chcia\u0142o si\u0119 tego robi\u0107. Mieszka\u0144cy naszego ogrodu s\u0105 domy\u015blni, ale strasznie nie lubi\u0105 si\u0119 domy\u015bla\u0107. <\/span><\/p>\n<p><span lang=\"pl-PL\">Szersz\u0105 dyskusj\u0119 wzbudzi\u0142o jedynie o\u015bmiokrotne zastosowanie przez jab\u0142onk\u0119 w jej manife\u015bcie \u015brednika, i to prawie w jednym ci\u0105gu, gdy\u017c tylko przedostatni \u015brednik oddzielony by\u0142 od pozosta\u0142ych spacj\u0105. Przylaszczka twierdzi\u0142a, \u017ce jest to g\u0142\u0119boki i przemy\u015blany zamiar artystyczny. Kalafior sta\u0142 na stanowisku, \u017ce rzeczonemu drzewu owocowemu najnormalniej w \u015bwiecie odbi\u0142o i musia\u0142o ono pomyli\u0107 czasy, bo teraz w takich wypadkach stawia si\u0119 jeno przecinki albo kropki. Rabarbar wysun\u0105\u0142 w\u0105tpliw\u0105 tez\u0119, \u017ce pod \u0142a\u0144cuchem \u015brednik\u00f3w i tajemnicz\u0105 spacj\u0105 ukrywa si\u0119 staroogrodowe przekle\u0144stwo, ale nie potrafi\u0142 powiedzie\u0107 jakie. Rzecz jasna z miejsca pokazano mu kuku na muniu, poniewa\u017c jego uwaga by\u0142a grubo nie na miejscu. W ogrodzie rzucanie mi\u0119sem nie cieszy si\u0119 popularno\u015bci\u0105, cho\u0107by z tego powodu, \u017ce rzadko kto z nas posiada mi\u0119so. Poza tym wszyscy dbamy, aby komunikacja mi\u0119dzygatunkowa odbywa\u0142a si\u0119 w spos\u00f3b akuratny i jarski. Przeciwniczka zapylania z pewno\u015bci\u0105 nie odwa\u017cy\u0142aby si\u0119 przeklina\u0107, w dodatku przy bratkach i stokrotkach, kt\u00f3re ros\u0142y w pobli\u017cu.<\/span><\/p>\n<p><span lang=\"pl-PL\">Jab\u0142onka pr\u00f3bowa\u0142a nam\u00f3wi\u0107 inne drzewa, aby przy\u0142\u0105czy\u0142y si\u0119 do jej ruchu owocowo-wyzwole\u0144czego. Czere\u015bnia i \u015bliwa od razu si\u0119 zgodzi\u0142y, ale jak przysz\u0142o co do czego, to udawa\u0142y, \u017ce nie wiedz\u0105, o czym mowa. Wi\u015bnia obieca\u0142a, \u017ce niebawem odpowie, tak d\u0142ugo jednakowo\u017c zwleka\u0142a, \u017ce uda\u0142o jej si\u0119 udzieli\u0107 odpowiedzi na \u015bwi\u0119ty nigdy. Zamiejscowa ba\u017cyna czarna wys\u0142a\u0142a wiadomo\u015b\u0107, \u017ce jakby co, to ona stoi do dyspozycji i zamierza walczy\u0107 do upad\u0142ego. Zapomnia\u0142a jednak poda\u0107 adres torfowiska, na kt\u00f3rym chwilowo przebywa, tak \u017ce trudno by\u0142o ustali\u0107, gdzie stoi i czy jej upad\u0142e zamiary nale\u017cy traktowa\u0107 powa\u017cnie. Zg\u0142osi\u0142 si\u0119 jeszcze listownie ja\u0142owiec z odleg\u0142ego wrzosowiska, ale jab\u0142onka uzna\u0142a, \u017ce rodzone przez niego szyszkojagody to ma\u0142o bystry wymys\u0142 iglak\u00f3w, kt\u00f3re nie mog\u0105 si\u0119 zdecydowa\u0107, czy wydaj\u0105 na \u015bwiat szyszki, czy jagody, i potraktowa\u0142a go per noga, zbywaj\u0105c milczeniem. <\/span><\/p>\n<p><span lang=\"pl-PL\">Gdy nadesz\u0142a wiosna i jab\u0142onka pokry\u0142a si\u0119 kwieciem, pszczo\u0142y, jak to pszczo\u0142y, ruszy\u0142y do roboty, \u017ceby w owadzi spos\u00f3b pokry\u0107 to jab\u0142onkowe kwiecie. Sama jab\u0142onka stroszy\u0142a si\u0119, wi\u0142a i wzbrania\u0142a, ale widocznie za ma\u0142o, gdy\u017c \u017c\u0105d\u0142\u00f3wki dopi\u0119\u0142y swego i j\u0105 zapyli\u0142y. Rych\u0142o te\u017c na ga\u0142\u0119ziach dzielnej strajkowiczki zawi\u0105za\u0142y si\u0119 owoce. Wtedy jab\u0142onka postanowi\u0142a podej\u015b\u0107 do sprawy radykalnie: tak si\u0119 zawzi\u0119\u0142a, \u017ce sp\u0119dzi\u0142a wszystkie zal\u0105\u017cki na ziemi\u0119, i by\u0142o po krzyku. Tego roku nie urodzi\u0142a ani jednego jab\u0142ka, i z tego powodu rozpiera\u0142a j\u0105 duma. U\u0142o\u017cy\u0142a nawet piosenk\u0119 o swoim wyczynie, lecz g\u0142o\u015bno jej nie \u015bpiewa\u0142a, bo si\u0119 zorientowa\u0142a, \u017ce to ko\u0142ysanka dla dzieci.<\/span><\/p>\n<p><span lang=\"pl-PL\">W nast\u0119pnym roku sprawy macierzy\u0144stwa jab\u0142onki potoczy\u0142y si\u0119 podobnie.<\/span><\/p>\n<p><span lang=\"pl-PL\">W trzecim roku klon pods\u0142ucha\u0142 przypadkiem rozmow\u0119 dwuno\u017cnych, z kt\u00f3rej wynika\u0142o, \u017ce je\u015bli w przysz\u0142ym roku jab\u0142onka nie zacznie na nowo owocowa\u0107, to j\u0105 zetn\u0105. Powiedzia\u0142 o tym jab\u0142once, a ona troch\u0119 si\u0119 przestraszy\u0142a i pragn\u0105c udowodni\u0107, \u017ce nie jest taka ostatnia i \u017ce si\u0119 jeszcze do czego\u015b nadaje, wspaniale zakwit\u0142a na wiosn\u0119. Niespodziewanie jednak chwyci\u0142 mr\u00f3z i wszystkie p\u0105ki oraz zawi\u0105zki owoc\u00f3w diabli wzi\u0119li. Tak wi\u0119c jab\u0142ek znowu nie by\u0142o.<\/span><\/p>\n<p><span lang=\"pl-PL\">Podarowano jej jeszcze jeden rok \u017cycia, gdy\u017c uznano, \u017ce win\u0119 za jab\u0142kow\u0105 n\u0119dz\u0119 ponosi mimo wszystko wy\u0142\u0105cznie mr\u00f3z. <\/span><\/p>\n<p><span lang=\"pl-PL\">W kolejnym roku jab\u0142onka bardzo chcia\u0142a zakwitn\u0105\u0107, nie wiedzia\u0142a jednak, \u017ce tym razem zastrajkowa\u0142y kwiaty. Niewa\u017cne jak by si\u0119 nie wysila\u0142a, pragn\u0105c wypu\u015bci\u0107 p\u0105ka \u2013 ani jeden nie pojawi\u0142 si\u0119 na jej ga\u0142\u0119ziach.<\/span><\/p>\n<p><span lang=\"pl-PL\">Wiedzia\u0142a, \u017ce to koniec, spisa\u0142a wi\u0119c testament, u\u017cywaj\u0105c do tego gwiazdek i znak\u00f3w przestankowych. Za\u017cyczy\u0142a sobie w nim, aby jej doczesne szcz\u0105tki spocz\u0119\u0142y na miejscowym kompo\u015bcie. <\/span><\/p>\n<p><span lang=\"pl-PL\">Kt\u00f3rego\u015b przedpo\u0142udnia przyszli dwuno\u017cni z pi\u0142\u0105 elektryczn\u0105 i \u015bci\u0119li drzewo. Jako \u017ce z wiadomych wzgl\u0119d\u00f3w nie zdo\u0142ali odczyta\u0107 ostatniej woli jab\u0142onki, spalili j\u0105 rok p\u00f3\u017aniej w kominku, gdy ju\u017c dobrze przesch\u0142a.<\/span><\/p>\n<p><span lang=\"pl-PL\">W ogrodzie przez wiele lat opowiadano o bohaterstwie i smutnym losie jab\u0142onki, co zastrajkowa\u0142a i nie chcia\u0142a rodzi\u0107 owoc\u00f3w. Nikt za ni\u0105 jednak nie t\u0119skni\u0142, poza mo\u017ce ja\u0142owcem z odleg\u0142ego wrzosowiska. Tyle \u017ce jego t\u0119sknota spowodowana by\u0142a tym, \u017ce jab\u0142onka nigdy nie odpowiedzia\u0142a na jego list o gotowo\u015bci przy\u0142\u0105czenia si\u0119 do jej ruchu.<\/span><\/p>\n<p><span lang=\"pl-PL\">A obok miejsca, gdzie ros\u0142a stara jab\u0142onka, posadzono now\u0105. By\u0142a niskopienna i pochodzi\u0142a z dalekiego ogrodu, gdzie nikt ani nie s\u0142ysza\u0142, ani nawet nie zamierza\u0142 s\u0142ysze\u0107 o pisaniu manifest\u00f3w. Ponadto z zasady nie czytywa\u0142a gazet. Rodzi\u0142a jab\u0142ka jak g\u0142upia i by\u0142a ca\u0142a szcz\u0119\u015bliwa.<\/span><\/p>\n<p>\u00a9 Dariusz Muszer<\/p>\n","protected":false},"excerpt":{"rendered":"<p>Ze wspomnie\u0144 krzaczka porzeczki O tym, jak jab\u0142onka zastrajkowa\u0142a Jab\u0142onka z naszego ogrodu przez wiele lat rodzi\u0142a owoce. A czyni\u0142a to bez wi\u0119kszych opor\u00f3w i ceregieli. Nie by\u0142y to \u017cadne wymy\u015blne, rasowe i cacy jab\u0142ka, tylko ot takie sobie, zwyczajne. A \u017ce niepryskane, to poniek\u0105d kurduplowate, nierzadko te\u017c parchate od grzyba, w dodatku ochoczo nawiedzane [&hellip;]<\/p>\n","protected":false},"author":1,"featured_media":1504,"comment_status":"closed","ping_status":"closed","sticky":false,"template":"","format":"standard","meta":{"footnotes":""},"categories":[241],"tags":[353,243,354],"class_list":["post-1493","post","type-post","status-publish","format-standard","has-post-thumbnail","hentry","category-ze-wspomnien-krzaczka-porzeczki","tag-jablonka","tag-krzaczek-porzeczki","tag-manifest"],"yoast_head":"<!-- This site is optimized with the Yoast SEO plugin v27.0 - https:\/\/yoast.com\/product\/yoast-seo-wordpress\/ -->\n<title>O tym, jak jab\u0142onka zastrajkowa\u0142a - Dariusz Muszer<\/title>\n<meta name=\"description\" content=\"Jab\u0142onka z naszego ogrodu przez wiele lat rodzi\u0142a owoce. A czyni\u0142a to bez wi\u0119kszych opor\u00f3w i ceregieli. Ze wspomnie\u0144 krzaczka porzeczki.\" \/>\n<meta name=\"robots\" content=\"index, follow, max-snippet:-1, max-image-preview:large, max-video-preview:-1\" \/>\n<link rel=\"canonical\" href=\"https:\/\/dariusz-muszer.de\/pl\/o-tym-jak-jablonka-zastrajkowala\/\" \/>\n<meta property=\"og:locale\" content=\"pl_PL\" \/>\n<meta property=\"og:type\" content=\"article\" \/>\n<meta property=\"og:title\" content=\"O tym, jak jab\u0142onka zastrajkowa\u0142a - Dariusz Muszer\" \/>\n<meta property=\"og:description\" content=\"Jab\u0142onka z naszego ogrodu przez wiele lat rodzi\u0142a owoce. A czyni\u0142a to bez wi\u0119kszych opor\u00f3w i ceregieli. Ze wspomnie\u0144 krzaczka porzeczki.\" \/>\n<meta property=\"og:url\" content=\"https:\/\/dariusz-muszer.de\/pl\/o-tym-jak-jablonka-zastrajkowala\/\" \/>\n<meta property=\"og:site_name\" content=\"Dariusz Muszer\" \/>\n<meta property=\"article:published_time\" content=\"2021-05-13T22:56:24+00:00\" \/>\n<meta property=\"og:image\" content=\"https:\/\/dariusz-muszer.de\/pl\/wp-content\/uploads\/sites\/2\/2021\/05\/fiolet-web.jpg\" \/>\n\t<meta property=\"og:image:width\" content=\"800\" \/>\n\t<meta property=\"og:image:height\" content=\"533\" \/>\n\t<meta property=\"og:image:type\" content=\"image\/jpeg\" \/>\n<meta name=\"author\" content=\"Kalong\" \/>\n<meta name=\"twitter:card\" content=\"summary_large_image\" \/>\n<meta name=\"twitter:label1\" content=\"Napisane przez\" \/>\n\t<meta name=\"twitter:data1\" content=\"Kalong\" \/>\n\t<meta name=\"twitter:label2\" content=\"Szacowany czas czytania\" \/>\n\t<meta name=\"twitter:data2\" content=\"6 minut\" \/>\n<script type=\"application\/ld+json\" class=\"yoast-schema-graph\">{\"@context\":\"https:\/\/schema.org\",\"@graph\":[{\"@type\":\"Article\",\"@id\":\"https:\/\/dariusz-muszer.de\/pl\/o-tym-jak-jablonka-zastrajkowala\/#article\",\"isPartOf\":{\"@id\":\"https:\/\/dariusz-muszer.de\/pl\/o-tym-jak-jablonka-zastrajkowala\/\"},\"author\":{\"name\":\"Kalong\",\"@id\":\"https:\/\/dariusz-muszer.de\/pl\/#\/schema\/person\/9f0c1c0310d5a835a41c892f377a9d48\"},\"headline\":\"O tym, jak jab\u0142onka zastrajkowa\u0142a\",\"datePublished\":\"2021-05-13T22:56:24+00:00\",\"mainEntityOfPage\":{\"@id\":\"https:\/\/dariusz-muszer.de\/pl\/o-tym-jak-jablonka-zastrajkowala\/\"},\"wordCount\":1186,\"image\":{\"@id\":\"https:\/\/dariusz-muszer.de\/pl\/o-tym-jak-jablonka-zastrajkowala\/#primaryimage\"},\"thumbnailUrl\":\"https:\/\/dariusz-muszer.de\/pl\/wp-content\/uploads\/sites\/2\/2021\/05\/fiolet-web.jpg\",\"keywords\":[\"jab\u0142onka\",\"krzaczek porzeczki\",\"manifest\"],\"articleSection\":[\"Ze wspomnie\u0144 krzaczka porzeczki\"],\"inLanguage\":\"pl-PL\"},{\"@type\":\"WebPage\",\"@id\":\"https:\/\/dariusz-muszer.de\/pl\/o-tym-jak-jablonka-zastrajkowala\/\",\"url\":\"https:\/\/dariusz-muszer.de\/pl\/o-tym-jak-jablonka-zastrajkowala\/\",\"name\":\"O tym, jak jab\u0142onka zastrajkowa\u0142a - Dariusz Muszer\",\"isPartOf\":{\"@id\":\"https:\/\/dariusz-muszer.de\/pl\/#website\"},\"primaryImageOfPage\":{\"@id\":\"https:\/\/dariusz-muszer.de\/pl\/o-tym-jak-jablonka-zastrajkowala\/#primaryimage\"},\"image\":{\"@id\":\"https:\/\/dariusz-muszer.de\/pl\/o-tym-jak-jablonka-zastrajkowala\/#primaryimage\"},\"thumbnailUrl\":\"https:\/\/dariusz-muszer.de\/pl\/wp-content\/uploads\/sites\/2\/2021\/05\/fiolet-web.jpg\",\"datePublished\":\"2021-05-13T22:56:24+00:00\",\"author\":{\"@id\":\"https:\/\/dariusz-muszer.de\/pl\/#\/schema\/person\/9f0c1c0310d5a835a41c892f377a9d48\"},\"description\":\"Jab\u0142onka z naszego ogrodu przez wiele lat rodzi\u0142a owoce. A czyni\u0142a to bez wi\u0119kszych opor\u00f3w i ceregieli. Ze wspomnie\u0144 krzaczka porzeczki.\",\"breadcrumb\":{\"@id\":\"https:\/\/dariusz-muszer.de\/pl\/o-tym-jak-jablonka-zastrajkowala\/#breadcrumb\"},\"inLanguage\":\"pl-PL\",\"potentialAction\":[{\"@type\":\"ReadAction\",\"target\":[\"https:\/\/dariusz-muszer.de\/pl\/o-tym-jak-jablonka-zastrajkowala\/\"]}]},{\"@type\":\"ImageObject\",\"inLanguage\":\"pl-PL\",\"@id\":\"https:\/\/dariusz-muszer.de\/pl\/o-tym-jak-jablonka-zastrajkowala\/#primaryimage\",\"url\":\"https:\/\/dariusz-muszer.de\/pl\/wp-content\/uploads\/sites\/2\/2021\/05\/fiolet-web.jpg\",\"contentUrl\":\"https:\/\/dariusz-muszer.de\/pl\/wp-content\/uploads\/sites\/2\/2021\/05\/fiolet-web.jpg\",\"width\":800,\"height\":533},{\"@type\":\"BreadcrumbList\",\"@id\":\"https:\/\/dariusz-muszer.de\/pl\/o-tym-jak-jablonka-zastrajkowala\/#breadcrumb\",\"itemListElement\":[{\"@type\":\"ListItem\",\"position\":1,\"name\":\"Strona g\u0142\u00f3wna\",\"item\":\"https:\/\/dariusz-muszer.de\/pl\/\"},{\"@type\":\"ListItem\",\"position\":2,\"name\":\"O tym, jak jab\u0142onka zastrajkowa\u0142a\"}]},{\"@type\":\"WebSite\",\"@id\":\"https:\/\/dariusz-muszer.de\/pl\/#website\",\"url\":\"https:\/\/dariusz-muszer.de\/pl\/\",\"name\":\"Dariusz Muszer\",\"description\":\"pisarz\",\"potentialAction\":[{\"@type\":\"SearchAction\",\"target\":{\"@type\":\"EntryPoint\",\"urlTemplate\":\"https:\/\/dariusz-muszer.de\/pl\/?s={search_term_string}\"},\"query-input\":{\"@type\":\"PropertyValueSpecification\",\"valueRequired\":true,\"valueName\":\"search_term_string\"}}],\"inLanguage\":\"pl-PL\"},{\"@type\":\"Person\",\"@id\":\"https:\/\/dariusz-muszer.de\/pl\/#\/schema\/person\/9f0c1c0310d5a835a41c892f377a9d48\",\"name\":\"Kalong\",\"image\":{\"@type\":\"ImageObject\",\"inLanguage\":\"pl-PL\",\"@id\":\"https:\/\/dariusz-muszer.de\/pl\/#\/schema\/person\/image\/\",\"url\":\"https:\/\/secure.gravatar.com\/avatar\/c9f779f2a71c9a87e8c401a809d61b28d74fc852ff3f345760cf377e19933461?s=96&d=mm&r=g\",\"contentUrl\":\"https:\/\/secure.gravatar.com\/avatar\/c9f779f2a71c9a87e8c401a809d61b28d74fc852ff3f345760cf377e19933461?s=96&d=mm&r=g\",\"caption\":\"Kalong\"},\"url\":\"https:\/\/dariusz-muszer.de\/pl\/author\/kalong\/\"}]}<\/script>\n<!-- \/ Yoast SEO plugin. -->","yoast_head_json":{"title":"O tym, jak jab\u0142onka zastrajkowa\u0142a - Dariusz Muszer","description":"Jab\u0142onka z naszego ogrodu przez wiele lat rodzi\u0142a owoce. A czyni\u0142a to bez wi\u0119kszych opor\u00f3w i ceregieli. Ze wspomnie\u0144 krzaczka porzeczki.","robots":{"index":"index","follow":"follow","max-snippet":"max-snippet:-1","max-image-preview":"max-image-preview:large","max-video-preview":"max-video-preview:-1"},"canonical":"https:\/\/dariusz-muszer.de\/pl\/o-tym-jak-jablonka-zastrajkowala\/","og_locale":"pl_PL","og_type":"article","og_title":"O tym, jak jab\u0142onka zastrajkowa\u0142a - Dariusz Muszer","og_description":"Jab\u0142onka z naszego ogrodu przez wiele lat rodzi\u0142a owoce. A czyni\u0142a to bez wi\u0119kszych opor\u00f3w i ceregieli. Ze wspomnie\u0144 krzaczka porzeczki.","og_url":"https:\/\/dariusz-muszer.de\/pl\/o-tym-jak-jablonka-zastrajkowala\/","og_site_name":"Dariusz Muszer","article_published_time":"2021-05-13T22:56:24+00:00","og_image":[{"width":800,"height":533,"url":"https:\/\/dariusz-muszer.de\/pl\/wp-content\/uploads\/sites\/2\/2021\/05\/fiolet-web.jpg","type":"image\/jpeg"}],"author":"Kalong","twitter_card":"summary_large_image","twitter_misc":{"Napisane przez":"Kalong","Szacowany czas czytania":"6 minut"},"schema":{"@context":"https:\/\/schema.org","@graph":[{"@type":"Article","@id":"https:\/\/dariusz-muszer.de\/pl\/o-tym-jak-jablonka-zastrajkowala\/#article","isPartOf":{"@id":"https:\/\/dariusz-muszer.de\/pl\/o-tym-jak-jablonka-zastrajkowala\/"},"author":{"name":"Kalong","@id":"https:\/\/dariusz-muszer.de\/pl\/#\/schema\/person\/9f0c1c0310d5a835a41c892f377a9d48"},"headline":"O tym, jak jab\u0142onka zastrajkowa\u0142a","datePublished":"2021-05-13T22:56:24+00:00","mainEntityOfPage":{"@id":"https:\/\/dariusz-muszer.de\/pl\/o-tym-jak-jablonka-zastrajkowala\/"},"wordCount":1186,"image":{"@id":"https:\/\/dariusz-muszer.de\/pl\/o-tym-jak-jablonka-zastrajkowala\/#primaryimage"},"thumbnailUrl":"https:\/\/dariusz-muszer.de\/pl\/wp-content\/uploads\/sites\/2\/2021\/05\/fiolet-web.jpg","keywords":["jab\u0142onka","krzaczek porzeczki","manifest"],"articleSection":["Ze wspomnie\u0144 krzaczka porzeczki"],"inLanguage":"pl-PL"},{"@type":"WebPage","@id":"https:\/\/dariusz-muszer.de\/pl\/o-tym-jak-jablonka-zastrajkowala\/","url":"https:\/\/dariusz-muszer.de\/pl\/o-tym-jak-jablonka-zastrajkowala\/","name":"O tym, jak jab\u0142onka zastrajkowa\u0142a - Dariusz Muszer","isPartOf":{"@id":"https:\/\/dariusz-muszer.de\/pl\/#website"},"primaryImageOfPage":{"@id":"https:\/\/dariusz-muszer.de\/pl\/o-tym-jak-jablonka-zastrajkowala\/#primaryimage"},"image":{"@id":"https:\/\/dariusz-muszer.de\/pl\/o-tym-jak-jablonka-zastrajkowala\/#primaryimage"},"thumbnailUrl":"https:\/\/dariusz-muszer.de\/pl\/wp-content\/uploads\/sites\/2\/2021\/05\/fiolet-web.jpg","datePublished":"2021-05-13T22:56:24+00:00","author":{"@id":"https:\/\/dariusz-muszer.de\/pl\/#\/schema\/person\/9f0c1c0310d5a835a41c892f377a9d48"},"description":"Jab\u0142onka z naszego ogrodu przez wiele lat rodzi\u0142a owoce. A czyni\u0142a to bez wi\u0119kszych opor\u00f3w i ceregieli. Ze wspomnie\u0144 krzaczka porzeczki.","breadcrumb":{"@id":"https:\/\/dariusz-muszer.de\/pl\/o-tym-jak-jablonka-zastrajkowala\/#breadcrumb"},"inLanguage":"pl-PL","potentialAction":[{"@type":"ReadAction","target":["https:\/\/dariusz-muszer.de\/pl\/o-tym-jak-jablonka-zastrajkowala\/"]}]},{"@type":"ImageObject","inLanguage":"pl-PL","@id":"https:\/\/dariusz-muszer.de\/pl\/o-tym-jak-jablonka-zastrajkowala\/#primaryimage","url":"https:\/\/dariusz-muszer.de\/pl\/wp-content\/uploads\/sites\/2\/2021\/05\/fiolet-web.jpg","contentUrl":"https:\/\/dariusz-muszer.de\/pl\/wp-content\/uploads\/sites\/2\/2021\/05\/fiolet-web.jpg","width":800,"height":533},{"@type":"BreadcrumbList","@id":"https:\/\/dariusz-muszer.de\/pl\/o-tym-jak-jablonka-zastrajkowala\/#breadcrumb","itemListElement":[{"@type":"ListItem","position":1,"name":"Strona g\u0142\u00f3wna","item":"https:\/\/dariusz-muszer.de\/pl\/"},{"@type":"ListItem","position":2,"name":"O tym, jak jab\u0142onka zastrajkowa\u0142a"}]},{"@type":"WebSite","@id":"https:\/\/dariusz-muszer.de\/pl\/#website","url":"https:\/\/dariusz-muszer.de\/pl\/","name":"Dariusz Muszer","description":"pisarz","potentialAction":[{"@type":"SearchAction","target":{"@type":"EntryPoint","urlTemplate":"https:\/\/dariusz-muszer.de\/pl\/?s={search_term_string}"},"query-input":{"@type":"PropertyValueSpecification","valueRequired":true,"valueName":"search_term_string"}}],"inLanguage":"pl-PL"},{"@type":"Person","@id":"https:\/\/dariusz-muszer.de\/pl\/#\/schema\/person\/9f0c1c0310d5a835a41c892f377a9d48","name":"Kalong","image":{"@type":"ImageObject","inLanguage":"pl-PL","@id":"https:\/\/dariusz-muszer.de\/pl\/#\/schema\/person\/image\/","url":"https:\/\/secure.gravatar.com\/avatar\/c9f779f2a71c9a87e8c401a809d61b28d74fc852ff3f345760cf377e19933461?s=96&d=mm&r=g","contentUrl":"https:\/\/secure.gravatar.com\/avatar\/c9f779f2a71c9a87e8c401a809d61b28d74fc852ff3f345760cf377e19933461?s=96&d=mm&r=g","caption":"Kalong"},"url":"https:\/\/dariusz-muszer.de\/pl\/author\/kalong\/"}]}},"_links":{"self":[{"href":"https:\/\/dariusz-muszer.de\/pl\/wp-json\/wp\/v2\/posts\/1493","targetHints":{"allow":["GET"]}}],"collection":[{"href":"https:\/\/dariusz-muszer.de\/pl\/wp-json\/wp\/v2\/posts"}],"about":[{"href":"https:\/\/dariusz-muszer.de\/pl\/wp-json\/wp\/v2\/types\/post"}],"author":[{"embeddable":true,"href":"https:\/\/dariusz-muszer.de\/pl\/wp-json\/wp\/v2\/users\/1"}],"replies":[{"embeddable":true,"href":"https:\/\/dariusz-muszer.de\/pl\/wp-json\/wp\/v2\/comments?post=1493"}],"version-history":[{"count":1,"href":"https:\/\/dariusz-muszer.de\/pl\/wp-json\/wp\/v2\/posts\/1493\/revisions"}],"predecessor-version":[{"id":1494,"href":"https:\/\/dariusz-muszer.de\/pl\/wp-json\/wp\/v2\/posts\/1493\/revisions\/1494"}],"wp:featuredmedia":[{"embeddable":true,"href":"https:\/\/dariusz-muszer.de\/pl\/wp-json\/wp\/v2\/media\/1504"}],"wp:attachment":[{"href":"https:\/\/dariusz-muszer.de\/pl\/wp-json\/wp\/v2\/media?parent=1493"}],"wp:term":[{"taxonomy":"category","embeddable":true,"href":"https:\/\/dariusz-muszer.de\/pl\/wp-json\/wp\/v2\/categories?post=1493"},{"taxonomy":"post_tag","embeddable":true,"href":"https:\/\/dariusz-muszer.de\/pl\/wp-json\/wp\/v2\/tags?post=1493"}],"curies":[{"name":"wp","href":"https:\/\/api.w.org\/{rel}","templated":true}]}}