{"id":1491,"date":"2021-05-12T00:10:10","date_gmt":"2021-05-11T22:10:10","guid":{"rendered":"http:\/\/dariusz-muszer.de\/pl\/?p=1491"},"modified":"2021-05-10T21:54:17","modified_gmt":"2021-05-10T19:54:17","slug":"o-tym-jak-wymienialismy-maski-na-maski","status":"publish","type":"post","link":"https:\/\/dariusz-muszer.de\/pl\/o-tym-jak-wymienialismy-maski-na-maski\/","title":{"rendered":"O tym, jak wymieniali\u015bmy maski na maski"},"content":{"rendered":"<h2 lang=\"pl-PL\"><span style=\"color: #008000;\">Ze wspomnie\u0144 krzaczka porzeczki<\/span><\/h2>\n<h1 class=\"western\" lang=\"pl-PL\"><span style=\"font-family: Georgia, serif;\">O tym, jak wymieniali\u015bmy maski na maski<\/span><\/h1>\n<p lang=\"pl-PL\"><span lang=\"pl-PL\">Zabronili nam noszenia masek ochronnych z kory brzozowej. Z dnia na dzie\u0144, a w\u0142a\u015bciwie z nocy na \u015bwit, bo obrady zako\u0144czyli nad ranem. Od razu te\u017c zwo\u0142ali konferencj\u0119 prasow\u0105 i wydali o\u015bwiadczenie, w kt\u00f3rym stwierdzili, \u017ce brzoza to niepewny kazus, gdy\u017c cechuje j\u0105 \u0142atwo\u015b\u0107 do rodzenia miesza\u0144c\u00f3w mi\u0119dzygatunkowych, a tak\u017ce sk\u0142onno\u015b\u0107 do rozboju genetycznego, co zwykle ko\u0144czy si\u0119 kar\u0142owaceniem i podatno\u015bci\u0105 na obojnactwo. Poza tym brzoza uznana zosta\u0142a za obc\u0105 kulturowo, gdy\u017c pochodzi\u0142a z po\u0142udnia, a ka\u017cdy przyzwoity mieszkaniec ogrodu wie, \u017ce tam w\u0142a\u015bnie pleni si\u0119 mn\u00f3stwo dzikich ro\u015blin.<\/span><\/p>\n<p lang=\"pl-PL\"><span lang=\"pl-PL\">C\u00f3\u017c by\u0142o robi\u0107, podkulili\u015bmy \u0142odygi i ga\u0142\u0119zie pod siebie i milczeli\u015bmy. Tylko rze\u017cucha przeb\u0105kiwa\u0142a co\u015b niejasno o zgodno\u015bci kulturowej brzozy z ogrodem i z cywilizacj\u0105 ogrodow\u0105 p\u00f3\u0142nocy, ale zaraz wydana zosta\u0142a w \u0142apy dwunogich, kt\u00f3rzy spo\u017cyli j\u0105 na \u015bniadanie, i sprawa przycich\u0142a. Przy okazji dosta\u0142o si\u0119 r\u00f3wnie\u017c serowi, bo jego r\u00f3wnie\u017c zjedzono podczas wspomnianej biesiady, ale to nie nasza sprawa, tylko lod\u00f3wki.<\/span><\/p>\n<p lang=\"pl-PL\"><span lang=\"pl-PL\">Wyj\u0119te spod prawa maski zamierzali\u015bmy wyrzuci\u0107 na kompost, ale nam zabroniono. Zosta\u0142y uroczy\u015bcie zebrane i spalone, a popi\u00f3\u0142 rozrzucono na osiem stron \u015bwiata. Co ciekawe, samej brzozy nie ruszono. Ba, nikt nawet nie powiedzia\u0142 jej oficjalnie, \u017ce maski z kory to \u015bciema! Pewnie bali si\u0119 p\u00f3j\u015b\u0107 do niej, bo brzoza, jak si\u0119 zdenerwuje, potrafi nie\u017ale przy\u0142o\u017cy\u0107. Z g\u0142\u00f3wki albo z \u0142okcia.<\/span><\/p>\n<p lang=\"pl-PL\"><span lang=\"pl-PL\">Wydano zarz\u0105dzenie, \u017ce odt\u0105d otwory oddechowe i organy s\u0142u\u017c\u0105ce do m\u00f3wienia mamy zas\u0142ania\u0107 maskami z li\u015bci \u0142opianu. Jako \u017ce \u0142opuch nie zosta\u0142 o tym poinformowany, by\u0142 wielce zdziwiony, gdy nagle na skraj rabaty, gdzie klepa\u0142 swoj\u0105 \u0142opianow\u0105 bied\u0119, zwali\u0142o si\u0119 p\u00f3\u0142 ogrodu i ka\u017cdy chcia\u0142 oderwa\u0107 mu cho\u0107 jeden li\u015b\u0107, \u017ceby zrobi\u0107 sobie mask\u0119. Zanim zorientowa\u0142 si\u0119, co jest grane, by\u0142 nagi jak owies. Ze wstydu ukry\u0142 si\u0119 za beczk\u0105 na deszcz\u00f3wk\u0119 i nie wyszed\u0142 stamt\u0105d przed jesieni\u0105. I dobrze si\u0119 sta\u0142o, gdy\u017c w ten spos\u00f3b unikn\u0105\u0142 wielu nieprzyjemno\u015bci.<\/span><\/p>\n<p lang=\"pl-PL\"><span lang=\"pl-PL\">My z kolei d\u0142ugo nie pochodzili\u015bmy sobie w \u0142opianowych maskach, gdy\u017c po kilku dniach sercowate li\u015bcie wysch\u0142y, pokruszy\u0142y si\u0119 i pospada\u0142y nam z otwor\u00f3w i organ\u00f3w, kt\u00f3re mia\u0142y zakrywa\u0107 i chroni\u0107. I w ten to spos\u00f3b zaraza mog\u0142a uderzy\u0107 w ogr\u00f3d z niespotykan\u0105 dotychczas si\u0142\u0105.<\/span><\/p>\n<p lang=\"pl-PL\"><span lang=\"pl-PL\">Trudno nam by\u0142o poj\u0105\u0107, dlaczego tego nie zrobi\u0142a. Zachowywa\u0142a si\u0119 umiarkowanie, by nie powiedzie\u0107, \u017ce przycupn\u0119\u0142a bez ruchu pod miedz\u0105 niczym przestraszony zaj\u0105c. Codziennie spodziewali\u015bmy si\u0119, \u017ce znowu zaatakuje, a ona nic. Dusi\u0142a w sobie swoje wirusy i nie zamierza\u0142a nas nimi obdarza\u0107. Jakby postanowi\u0142a sama si\u0119 wyko\u0144czy\u0107. Nie mo\u017cna powiedzie\u0107, \u017ceby jej to do ko\u0144ca wysz\u0142o. Nie sczez\u0142a bowiem, wr\u0119cz przeciwnie: zmutowa\u0142a. A sta\u0142o si\u0119 to z tej przyczyny, \u017ce gdy goni\u0142a ju\u017c resztkami si\u0142, gdy zdawa\u0142a si\u0119 by\u0107 na wyko\u0144czeniu, pospieszyli jej w sukurs zarz\u0105dcy ogrodu. <\/span><\/p>\n<p lang=\"pl-PL\"><span lang=\"pl-PL\">Maj\u0105c na uwadze wy\u0142\u0105cznie nasze dobro, wpadli na pomys\u0142, \u017ceby wszystkich podw\u0142adnych zawin\u0105\u0107 w foli\u0119. W gara\u017cu by\u0142o jej pod dostatkiem: sze\u015b\u0107 rolek, prawie dwa kilometry polietylenu spoczywa\u0142o na drewnianej p\u00f3\u0142ce. Zaraz te\u017c t\u0119 antyzarazow\u0105 koncepcj\u0119 wprowadzono w \u017cycie. Od rana do wieczora mr\u00f3wki, kt\u00f3re sprowadzono do pomocy tramwajom, uwija\u0142y si\u0119, \u017ceby mieszka\u0144c\u00f3w ogrodu nale\u017cycie zapakowa\u0107 w nieprzepuszczalne tworzywo, a tym samym, jak si\u0119 p\u00f3\u017aniej okaza\u0142o, zakonserwowa\u0107 zaraz\u0119 dla potomnych. <\/span><\/p>\n<p lang=\"pl-PL\"><span lang=\"pl-PL\">Ponadto ka\u017cdy z nas otrzyma\u0142 dodatkow\u0105 ochron\u0119 przeciwwirusow\u0105, przydzielan\u0105 na chybi\u0142 trafi\u0142, w zale\u017cno\u015bci od tego, co akurat mr\u00f3wkom wpad\u0142o w \u017cuwaczki, a tramwajom pod odn\u00f3\u017ca. I tak tulipanom, irysom, go\u017adzikom i innym kwiatom ponak\u0142adano na g\u0142owy plastikowe kubki po jogurtach wanilinowych. P\u00f3\u0142krzewom hortensji i ja\u0142owcowi p\u0142o\u017c\u0105cemu dosta\u0142y si\u0119 woreczki do zamra\u017cania produkt\u00f3w. K\u0119py traw ozdobnych, konwalie, og\u00f3recznik, mniszki i ich ubogich krewnych, mlecze, ukryto w pojemnikach po zamorskich owocach i warzywach z supermarketu dla dwuno\u017cnych. <\/span><\/p>\n<p lang=\"pl-PL\"><span lang=\"pl-PL\">Rabarbar dosta\u0142 stary pokrowiec na p\u0142aszcz zimowy z w\u0142\u00f3kniny PP, a na perukowcu zatrza\u015bni\u0119to futera\u0142 wiolonczelowy z prasowanej pianki, co wzbudzi\u0142o troch\u0119 \u015bmiechu, gdy\u017c perukowiec by\u0142 ju\u017c doros\u0142ym krzewem i wygl\u0105da\u0142 teraz tak, jakby gra\u0142 na instrumencie smyczkowym zawieszonym pod chmurami. Albo jakby przyssa\u0142 si\u0119 do niego olbrzymi robak z wyci\u0119ciem w talii. B\u0105d\u017a te\u017c ostrza\u0142ka do o\u0142\u00f3wk\u00f3w na \u017cyletk\u0119. To ostatnie por\u00f3wnanie mocno kuleje, gdy\u017c nikt w ogrodzie nie wie, jak wygl\u0105da\u0142y niegdy\u015b temper\u00f3wki i co to s\u0105 \u017cyletki. <\/span><\/p>\n<p lang=\"pl-PL\"><span lang=\"pl-PL\">Mieli\u015bmy wreszcie tak\u0105 ochron\u0119, \u017ce \u017cadna zaraza nie by\u0142a nam straszna, bo sami stali\u015bmy si\u0119 zaraz\u0105. \u015amia\u0142o mog\u0119 zatem powiedzie\u0107, \u017ce zbawi\u0142y nas tworzywa sztuczne. S\u0105 wprawdzie niewygodne, nieco dziwaczne w dotyku i pozbawione chlorofilu, a poza tym nie wdychaj\u0105 dwutlenku w\u0119gla, tylko go wydychaj\u0105, ale potrafi\u0105 ka\u017cdego zabezpieczy\u0107 przed wp\u0142ywem \u015brodowiska zewn\u0119trznego. A czyni\u0105 to tak skutecznie, \u017ce w ich obj\u0119ciach mo\u017cna si\u0119 ugotowa\u0107 we w\u0142asnym sosie. <\/span><\/p>\n<p lang=\"pl-PL\"><span lang=\"pl-PL\">I to w\u0142a\u015bnie nam si\u0119 przydarzy\u0142o. Lecz o tym, jak po ugotowaniu roznie\u015bli\u015bmy nasz\u0105 zaraz\u0119 po ca\u0142ym wszech\u015bwiecie, opowiem kiedy\u015b indziej, najpewniej wtedy, gdy znajd\u0119 si\u0119 w paralelnym ogrodzie.<\/span><\/p>\n<p lang=\"pl-PL\">\u00a9 Dariusz Muszer<\/p>\n","protected":false},"excerpt":{"rendered":"<p>Ze wspomnie\u0144 krzaczka porzeczki O tym, jak wymieniali\u015bmy maski na maski Zabronili nam noszenia masek ochronnych z kory brzozowej. Z dnia na dzie\u0144, a w\u0142a\u015bciwie z nocy na \u015bwit, bo obrady zako\u0144czyli nad ranem. Od razu te\u017c zwo\u0142ali konferencj\u0119 prasow\u0105 i wydali o\u015bwiadczenie, w kt\u00f3rym stwierdzili, \u017ce brzoza to niepewny kazus, gdy\u017c cechuje j\u0105 \u0142atwo\u015b\u0107 [&hellip;]<\/p>\n","protected":false},"author":1,"featured_media":1498,"comment_status":"closed","ping_status":"closed","sticky":false,"template":"","format":"standard","meta":{"footnotes":""},"categories":[241],"tags":[348,243,349,352,351,350],"class_list":["post-1491","post","type-post","status-publish","format-standard","has-post-thumbnail","hentry","category-ze-wspomnien-krzaczka-porzeczki","tag-kompost","tag-krzaczek-porzeczki","tag-maski","tag-pandemia","tag-zaraza","tag-zyletki"],"yoast_head":"<!-- This site is optimized with the Yoast SEO plugin v27.0 - https:\/\/yoast.com\/product\/yoast-seo-wordpress\/ -->\n<title>O tym, jak wymieniali\u015bmy maski na maski - Dariusz Muszer<\/title>\n<meta name=\"description\" content=\"Zabronili nam noszenia masek ochronnych z kory brzozowej. Z dnia na dzie\u0144, a w\u0142a\u015bciwie z nocy na \u015bwit, bo obrady zako\u0144czyli nad ranem.\" \/>\n<meta name=\"robots\" content=\"index, follow, max-snippet:-1, max-image-preview:large, max-video-preview:-1\" \/>\n<link rel=\"canonical\" href=\"https:\/\/dariusz-muszer.de\/pl\/o-tym-jak-wymienialismy-maski-na-maski\/\" \/>\n<meta property=\"og:locale\" content=\"pl_PL\" \/>\n<meta property=\"og:type\" content=\"article\" \/>\n<meta property=\"og:title\" content=\"O tym, jak wymieniali\u015bmy maski na maski - Dariusz Muszer\" \/>\n<meta property=\"og:description\" content=\"Zabronili nam noszenia masek ochronnych z kory brzozowej. Z dnia na dzie\u0144, a w\u0142a\u015bciwie z nocy na \u015bwit, bo obrady zako\u0144czyli nad ranem.\" \/>\n<meta property=\"og:url\" content=\"https:\/\/dariusz-muszer.de\/pl\/o-tym-jak-wymienialismy-maski-na-maski\/\" \/>\n<meta property=\"og:site_name\" content=\"Dariusz Muszer\" \/>\n<meta property=\"article:published_time\" content=\"2021-05-11T22:10:10+00:00\" \/>\n<meta property=\"og:image\" content=\"https:\/\/dariusz-muszer.de\/pl\/wp-content\/uploads\/sites\/2\/2021\/05\/tamaryszek-3-web.jpg\" \/>\n\t<meta property=\"og:image:width\" content=\"800\" \/>\n\t<meta property=\"og:image:height\" content=\"533\" \/>\n\t<meta property=\"og:image:type\" content=\"image\/jpeg\" \/>\n<meta name=\"author\" content=\"Kalong\" \/>\n<meta name=\"twitter:card\" content=\"summary_large_image\" \/>\n<meta name=\"twitter:label1\" content=\"Napisane przez\" \/>\n\t<meta name=\"twitter:data1\" content=\"Kalong\" \/>\n\t<meta name=\"twitter:label2\" content=\"Szacowany czas czytania\" \/>\n\t<meta name=\"twitter:data2\" content=\"5 minut\" \/>\n<script type=\"application\/ld+json\" class=\"yoast-schema-graph\">{\"@context\":\"https:\/\/schema.org\",\"@graph\":[{\"@type\":\"Article\",\"@id\":\"https:\/\/dariusz-muszer.de\/pl\/o-tym-jak-wymienialismy-maski-na-maski\/#article\",\"isPartOf\":{\"@id\":\"https:\/\/dariusz-muszer.de\/pl\/o-tym-jak-wymienialismy-maski-na-maski\/\"},\"author\":{\"name\":\"Kalong\",\"@id\":\"https:\/\/dariusz-muszer.de\/pl\/#\/schema\/person\/9f0c1c0310d5a835a41c892f377a9d48\"},\"headline\":\"O tym, jak wymieniali\u015bmy maski na maski\",\"datePublished\":\"2021-05-11T22:10:10+00:00\",\"mainEntityOfPage\":{\"@id\":\"https:\/\/dariusz-muszer.de\/pl\/o-tym-jak-wymienialismy-maski-na-maski\/\"},\"wordCount\":944,\"image\":{\"@id\":\"https:\/\/dariusz-muszer.de\/pl\/o-tym-jak-wymienialismy-maski-na-maski\/#primaryimage\"},\"thumbnailUrl\":\"https:\/\/dariusz-muszer.de\/pl\/wp-content\/uploads\/sites\/2\/2021\/05\/tamaryszek-3-web.jpg\",\"keywords\":[\"kompost\",\"krzaczek porzeczki\",\"maski\",\"pandemia\",\"zaraza\",\"\u017cyletki\"],\"articleSection\":[\"Ze wspomnie\u0144 krzaczka porzeczki\"],\"inLanguage\":\"pl-PL\"},{\"@type\":\"WebPage\",\"@id\":\"https:\/\/dariusz-muszer.de\/pl\/o-tym-jak-wymienialismy-maski-na-maski\/\",\"url\":\"https:\/\/dariusz-muszer.de\/pl\/o-tym-jak-wymienialismy-maski-na-maski\/\",\"name\":\"O tym, jak wymieniali\u015bmy maski na maski - Dariusz Muszer\",\"isPartOf\":{\"@id\":\"https:\/\/dariusz-muszer.de\/pl\/#website\"},\"primaryImageOfPage\":{\"@id\":\"https:\/\/dariusz-muszer.de\/pl\/o-tym-jak-wymienialismy-maski-na-maski\/#primaryimage\"},\"image\":{\"@id\":\"https:\/\/dariusz-muszer.de\/pl\/o-tym-jak-wymienialismy-maski-na-maski\/#primaryimage\"},\"thumbnailUrl\":\"https:\/\/dariusz-muszer.de\/pl\/wp-content\/uploads\/sites\/2\/2021\/05\/tamaryszek-3-web.jpg\",\"datePublished\":\"2021-05-11T22:10:10+00:00\",\"author\":{\"@id\":\"https:\/\/dariusz-muszer.de\/pl\/#\/schema\/person\/9f0c1c0310d5a835a41c892f377a9d48\"},\"description\":\"Zabronili nam noszenia masek ochronnych z kory brzozowej. Z dnia na dzie\u0144, a w\u0142a\u015bciwie z nocy na \u015bwit, bo obrady zako\u0144czyli nad ranem.\",\"breadcrumb\":{\"@id\":\"https:\/\/dariusz-muszer.de\/pl\/o-tym-jak-wymienialismy-maski-na-maski\/#breadcrumb\"},\"inLanguage\":\"pl-PL\",\"potentialAction\":[{\"@type\":\"ReadAction\",\"target\":[\"https:\/\/dariusz-muszer.de\/pl\/o-tym-jak-wymienialismy-maski-na-maski\/\"]}]},{\"@type\":\"ImageObject\",\"inLanguage\":\"pl-PL\",\"@id\":\"https:\/\/dariusz-muszer.de\/pl\/o-tym-jak-wymienialismy-maski-na-maski\/#primaryimage\",\"url\":\"https:\/\/dariusz-muszer.de\/pl\/wp-content\/uploads\/sites\/2\/2021\/05\/tamaryszek-3-web.jpg\",\"contentUrl\":\"https:\/\/dariusz-muszer.de\/pl\/wp-content\/uploads\/sites\/2\/2021\/05\/tamaryszek-3-web.jpg\",\"width\":800,\"height\":533,\"caption\":\"binary comment\"},{\"@type\":\"BreadcrumbList\",\"@id\":\"https:\/\/dariusz-muszer.de\/pl\/o-tym-jak-wymienialismy-maski-na-maski\/#breadcrumb\",\"itemListElement\":[{\"@type\":\"ListItem\",\"position\":1,\"name\":\"Strona g\u0142\u00f3wna\",\"item\":\"https:\/\/dariusz-muszer.de\/pl\/\"},{\"@type\":\"ListItem\",\"position\":2,\"name\":\"O tym, jak wymieniali\u015bmy maski na maski\"}]},{\"@type\":\"WebSite\",\"@id\":\"https:\/\/dariusz-muszer.de\/pl\/#website\",\"url\":\"https:\/\/dariusz-muszer.de\/pl\/\",\"name\":\"Dariusz Muszer\",\"description\":\"pisarz\",\"potentialAction\":[{\"@type\":\"SearchAction\",\"target\":{\"@type\":\"EntryPoint\",\"urlTemplate\":\"https:\/\/dariusz-muszer.de\/pl\/?s={search_term_string}\"},\"query-input\":{\"@type\":\"PropertyValueSpecification\",\"valueRequired\":true,\"valueName\":\"search_term_string\"}}],\"inLanguage\":\"pl-PL\"},{\"@type\":\"Person\",\"@id\":\"https:\/\/dariusz-muszer.de\/pl\/#\/schema\/person\/9f0c1c0310d5a835a41c892f377a9d48\",\"name\":\"Kalong\",\"image\":{\"@type\":\"ImageObject\",\"inLanguage\":\"pl-PL\",\"@id\":\"https:\/\/dariusz-muszer.de\/pl\/#\/schema\/person\/image\/\",\"url\":\"https:\/\/secure.gravatar.com\/avatar\/c9f779f2a71c9a87e8c401a809d61b28d74fc852ff3f345760cf377e19933461?s=96&d=mm&r=g\",\"contentUrl\":\"https:\/\/secure.gravatar.com\/avatar\/c9f779f2a71c9a87e8c401a809d61b28d74fc852ff3f345760cf377e19933461?s=96&d=mm&r=g\",\"caption\":\"Kalong\"},\"url\":\"https:\/\/dariusz-muszer.de\/pl\/author\/kalong\/\"}]}<\/script>\n<!-- \/ Yoast SEO plugin. -->","yoast_head_json":{"title":"O tym, jak wymieniali\u015bmy maski na maski - Dariusz Muszer","description":"Zabronili nam noszenia masek ochronnych z kory brzozowej. Z dnia na dzie\u0144, a w\u0142a\u015bciwie z nocy na \u015bwit, bo obrady zako\u0144czyli nad ranem.","robots":{"index":"index","follow":"follow","max-snippet":"max-snippet:-1","max-image-preview":"max-image-preview:large","max-video-preview":"max-video-preview:-1"},"canonical":"https:\/\/dariusz-muszer.de\/pl\/o-tym-jak-wymienialismy-maski-na-maski\/","og_locale":"pl_PL","og_type":"article","og_title":"O tym, jak wymieniali\u015bmy maski na maski - Dariusz Muszer","og_description":"Zabronili nam noszenia masek ochronnych z kory brzozowej. Z dnia na dzie\u0144, a w\u0142a\u015bciwie z nocy na \u015bwit, bo obrady zako\u0144czyli nad ranem.","og_url":"https:\/\/dariusz-muszer.de\/pl\/o-tym-jak-wymienialismy-maski-na-maski\/","og_site_name":"Dariusz Muszer","article_published_time":"2021-05-11T22:10:10+00:00","og_image":[{"width":800,"height":533,"url":"https:\/\/dariusz-muszer.de\/pl\/wp-content\/uploads\/sites\/2\/2021\/05\/tamaryszek-3-web.jpg","type":"image\/jpeg"}],"author":"Kalong","twitter_card":"summary_large_image","twitter_misc":{"Napisane przez":"Kalong","Szacowany czas czytania":"5 minut"},"schema":{"@context":"https:\/\/schema.org","@graph":[{"@type":"Article","@id":"https:\/\/dariusz-muszer.de\/pl\/o-tym-jak-wymienialismy-maski-na-maski\/#article","isPartOf":{"@id":"https:\/\/dariusz-muszer.de\/pl\/o-tym-jak-wymienialismy-maski-na-maski\/"},"author":{"name":"Kalong","@id":"https:\/\/dariusz-muszer.de\/pl\/#\/schema\/person\/9f0c1c0310d5a835a41c892f377a9d48"},"headline":"O tym, jak wymieniali\u015bmy maski na maski","datePublished":"2021-05-11T22:10:10+00:00","mainEntityOfPage":{"@id":"https:\/\/dariusz-muszer.de\/pl\/o-tym-jak-wymienialismy-maski-na-maski\/"},"wordCount":944,"image":{"@id":"https:\/\/dariusz-muszer.de\/pl\/o-tym-jak-wymienialismy-maski-na-maski\/#primaryimage"},"thumbnailUrl":"https:\/\/dariusz-muszer.de\/pl\/wp-content\/uploads\/sites\/2\/2021\/05\/tamaryszek-3-web.jpg","keywords":["kompost","krzaczek porzeczki","maski","pandemia","zaraza","\u017cyletki"],"articleSection":["Ze wspomnie\u0144 krzaczka porzeczki"],"inLanguage":"pl-PL"},{"@type":"WebPage","@id":"https:\/\/dariusz-muszer.de\/pl\/o-tym-jak-wymienialismy-maski-na-maski\/","url":"https:\/\/dariusz-muszer.de\/pl\/o-tym-jak-wymienialismy-maski-na-maski\/","name":"O tym, jak wymieniali\u015bmy maski na maski - Dariusz Muszer","isPartOf":{"@id":"https:\/\/dariusz-muszer.de\/pl\/#website"},"primaryImageOfPage":{"@id":"https:\/\/dariusz-muszer.de\/pl\/o-tym-jak-wymienialismy-maski-na-maski\/#primaryimage"},"image":{"@id":"https:\/\/dariusz-muszer.de\/pl\/o-tym-jak-wymienialismy-maski-na-maski\/#primaryimage"},"thumbnailUrl":"https:\/\/dariusz-muszer.de\/pl\/wp-content\/uploads\/sites\/2\/2021\/05\/tamaryszek-3-web.jpg","datePublished":"2021-05-11T22:10:10+00:00","author":{"@id":"https:\/\/dariusz-muszer.de\/pl\/#\/schema\/person\/9f0c1c0310d5a835a41c892f377a9d48"},"description":"Zabronili nam noszenia masek ochronnych z kory brzozowej. Z dnia na dzie\u0144, a w\u0142a\u015bciwie z nocy na \u015bwit, bo obrady zako\u0144czyli nad ranem.","breadcrumb":{"@id":"https:\/\/dariusz-muszer.de\/pl\/o-tym-jak-wymienialismy-maski-na-maski\/#breadcrumb"},"inLanguage":"pl-PL","potentialAction":[{"@type":"ReadAction","target":["https:\/\/dariusz-muszer.de\/pl\/o-tym-jak-wymienialismy-maski-na-maski\/"]}]},{"@type":"ImageObject","inLanguage":"pl-PL","@id":"https:\/\/dariusz-muszer.de\/pl\/o-tym-jak-wymienialismy-maski-na-maski\/#primaryimage","url":"https:\/\/dariusz-muszer.de\/pl\/wp-content\/uploads\/sites\/2\/2021\/05\/tamaryszek-3-web.jpg","contentUrl":"https:\/\/dariusz-muszer.de\/pl\/wp-content\/uploads\/sites\/2\/2021\/05\/tamaryszek-3-web.jpg","width":800,"height":533,"caption":"binary comment"},{"@type":"BreadcrumbList","@id":"https:\/\/dariusz-muszer.de\/pl\/o-tym-jak-wymienialismy-maski-na-maski\/#breadcrumb","itemListElement":[{"@type":"ListItem","position":1,"name":"Strona g\u0142\u00f3wna","item":"https:\/\/dariusz-muszer.de\/pl\/"},{"@type":"ListItem","position":2,"name":"O tym, jak wymieniali\u015bmy maski na maski"}]},{"@type":"WebSite","@id":"https:\/\/dariusz-muszer.de\/pl\/#website","url":"https:\/\/dariusz-muszer.de\/pl\/","name":"Dariusz Muszer","description":"pisarz","potentialAction":[{"@type":"SearchAction","target":{"@type":"EntryPoint","urlTemplate":"https:\/\/dariusz-muszer.de\/pl\/?s={search_term_string}"},"query-input":{"@type":"PropertyValueSpecification","valueRequired":true,"valueName":"search_term_string"}}],"inLanguage":"pl-PL"},{"@type":"Person","@id":"https:\/\/dariusz-muszer.de\/pl\/#\/schema\/person\/9f0c1c0310d5a835a41c892f377a9d48","name":"Kalong","image":{"@type":"ImageObject","inLanguage":"pl-PL","@id":"https:\/\/dariusz-muszer.de\/pl\/#\/schema\/person\/image\/","url":"https:\/\/secure.gravatar.com\/avatar\/c9f779f2a71c9a87e8c401a809d61b28d74fc852ff3f345760cf377e19933461?s=96&d=mm&r=g","contentUrl":"https:\/\/secure.gravatar.com\/avatar\/c9f779f2a71c9a87e8c401a809d61b28d74fc852ff3f345760cf377e19933461?s=96&d=mm&r=g","caption":"Kalong"},"url":"https:\/\/dariusz-muszer.de\/pl\/author\/kalong\/"}]}},"_links":{"self":[{"href":"https:\/\/dariusz-muszer.de\/pl\/wp-json\/wp\/v2\/posts\/1491","targetHints":{"allow":["GET"]}}],"collection":[{"href":"https:\/\/dariusz-muszer.de\/pl\/wp-json\/wp\/v2\/posts"}],"about":[{"href":"https:\/\/dariusz-muszer.de\/pl\/wp-json\/wp\/v2\/types\/post"}],"author":[{"embeddable":true,"href":"https:\/\/dariusz-muszer.de\/pl\/wp-json\/wp\/v2\/users\/1"}],"replies":[{"embeddable":true,"href":"https:\/\/dariusz-muszer.de\/pl\/wp-json\/wp\/v2\/comments?post=1491"}],"version-history":[{"count":1,"href":"https:\/\/dariusz-muszer.de\/pl\/wp-json\/wp\/v2\/posts\/1491\/revisions"}],"predecessor-version":[{"id":1492,"href":"https:\/\/dariusz-muszer.de\/pl\/wp-json\/wp\/v2\/posts\/1491\/revisions\/1492"}],"wp:featuredmedia":[{"embeddable":true,"href":"https:\/\/dariusz-muszer.de\/pl\/wp-json\/wp\/v2\/media\/1498"}],"wp:attachment":[{"href":"https:\/\/dariusz-muszer.de\/pl\/wp-json\/wp\/v2\/media?parent=1491"}],"wp:term":[{"taxonomy":"category","embeddable":true,"href":"https:\/\/dariusz-muszer.de\/pl\/wp-json\/wp\/v2\/categories?post=1491"},{"taxonomy":"post_tag","embeddable":true,"href":"https:\/\/dariusz-muszer.de\/pl\/wp-json\/wp\/v2\/tags?post=1491"}],"curies":[{"name":"wp","href":"https:\/\/api.w.org\/{rel}","templated":true}]}}