{"id":1488,"date":"2021-05-10T21:43:39","date_gmt":"2021-05-10T19:43:39","guid":{"rendered":"http:\/\/dariusz-muszer.de\/pl\/?p=1488"},"modified":"2021-05-10T21:43:39","modified_gmt":"2021-05-10T19:43:39","slug":"o-tym-jak-za-brak-maski-przesadzili-mnie-w-najdalszy-kat-ogrodu","status":"publish","type":"post","link":"https:\/\/dariusz-muszer.de\/pl\/o-tym-jak-za-brak-maski-przesadzili-mnie-w-najdalszy-kat-ogrodu\/","title":{"rendered":"O tym, jak za brak maski przesadzili mnie w najdalszy k\u0105t ogrodu"},"content":{"rendered":"<h2 lang=\"pl-PL\"><span style=\"color: #008000;\">Ze wspomnie\u0144 krzaczka porzeczki<\/span><\/h2>\n<h1 lang=\"pl-PL\">O tym, jak za brak maski przesadzili mnie w najdalszy k\u0105t ogrodu<\/h1>\n<p lang=\"pl-PL\"><span lang=\"pl-PL\">Za uporczywe uchylanie si\u0119 od noszenia maski z brzozowej kory grozi\u0142a zsy\u0142ka do obozu w najdalszym k\u0105cie ogrodu. Wszyscy bali si\u0119 tego miejsca, rzadko odwiedzanego przez s\u0142o\u0144ce, cz\u0119sto natomiast przez zimne wiatry i w\u0119drowne gryzonie.<\/span><\/p>\n<p lang=\"pl-PL\"><span lang=\"pl-PL\">Najpierw trafi\u0142 tam chrzan, drugim pensjonariuszem, co tu ukrywa\u0107, by\u0142em ja, krzaczek porzeczki we w\u0142asnej osobie. Jak to si\u0119 sta\u0142o? Ot\u00f3\u017c zsun\u0119\u0142a mi si\u0119 kilka razy maska, bo pu\u015bci\u0142y wi\u0105zania z \u0142yka, kto\u015b to zauwa\u017cy\u0142 i doni\u00f3s\u0142. Podejrzewa\u0142em, \u017ce to sprawka rabarbaru, ale za \u0142odyg\u0119 go nie z\u0142apa\u0142em. O \u015bwicie przysz\u0142a po mnie odziana w czerwono-czarne uniformy kohorta kowali dwuplamk\u00f3w z gatunku pluskwiak\u00f3w. Szpadle dzier\u017cyli w czu\u0142kach. Wykopali i przesadzili. Ot i wszystko. <\/span><\/p>\n<p lang=\"pl-PL\"><span lang=\"pl-PL\">Kowali nazywa si\u0119 cz\u0119sto tramwajami lub tramwajarzami, gdy\u017c podczas kopulacji sczepiaj\u0105 si\u0119 zadkami tak dokumentnie, \u017ce potrafi\u0105 pozosta\u0107 w tej pozycji nawet tydzie\u0144. Pomimo \u017ce rzadko uprawiaj\u0105 kanibalizm i tylko co pewien czas zanurzaj\u0105 swoje k\u0142ujki w finalnych produktach procesu trawienia obcego pochodzenia, nikt ich nie lubi. S\u0105 tak niesmaczne w swoim jestestwie, \u017ce na ich zjedzenie skusi\u0107 si\u0119 mo\u017ce co najwy\u017cej borsuk, i to tylko na kacu.<\/span><\/p>\n<p lang=\"pl-PL\"><span lang=\"pl-PL\">Potem do obozu wsadzono jeszcze pomidora. Przechwala\u0142 si\u0119, \u017ce pochodzi z odleg\u0142ej pustynnej krainy, a jak dojrzeje, b\u0119dzie \u017c\u00f3\u0142ty. Chrzan mu nie dowierza\u0142, poniewa\u017c nigdy jeszcze nie widzia\u0142 \u017c\u00f3\u0142tych pomidor\u00f3w, tylko same czerwone. Dlatego te\u017c naigrywa\u0142 si\u0119 z niego i wyzywa\u0142 od cytryn, robi\u0105c przy tym skwaszon\u0105 min\u0119. Ja te\u017c nie widzia\u0142em pozaczerwonych tomat\u00f3w, ale poniewa\u017c nasz nowy kompan nale\u017ca\u0142 w pewnym sensie do rodziny krzaczkowatych, uwa\u017ca\u0142em go za krewniaka i pozwoli\u0142em mu na popuszczanie wodzy fantazji. Ob\u00f3z wyzwala w przesadzonych r\u00f3\u017cne emocje, ale trzeba postara\u0107 si\u0119 trzyma\u0107 razem.<\/span><\/p>\n<p lang=\"pl-PL\"><span lang=\"pl-PL\">W zesz\u0142ym roku w najdalszym k\u0105cie ogrodu sk\u0142adowano p\u0105czki ko\u0144skie, zanim zosta\u0142y rozrzucone jako naw\u00f3z po ogrodzie. W tym roku nastawiono tutaj we wiadrze kiszonk\u0119 z pokrzyw. Fermentacja by\u0142a niemal zako\u0144czona, tak wi\u0119c towarzyszy\u0142 nam, zes\u0142a\u0144com, upojny zapach gnoj\u00f3wki. Podla\u0107 si\u0119 jednak ni\u0105 nie mogli\u015bmy, bo by nas spali\u0142a, a wody na rozcie\u0144czenie tego wykwintnego i po\u017cywnego jad\u0142a nam nie dano. W og\u00f3le pozbawiono nas wody. Jaka\u015b pokuta za przest\u0119pstwo maskowe musia\u0142a przecie\u017c by\u0107. <\/span><\/p>\n<p lang=\"pl-PL\"><span lang=\"pl-PL\">Kt\u00f3rego\u015b dnia odwiedzi\u0142 nas rabarbar. Stan\u0105\u0142 w sporej odleg\u0142o\u015bci od obozu i szczerzy\u0142 te swoje z\u0105bkowane li\u015bcie. Gdy zapyta\u0142em go, dlaczego nie nosi maski, u\u015bmiechn\u0105\u0142 si\u0119 jeszcze szerzej i odpar\u0142, \u017ce zdoby\u0142 za\u015bwiadczenie, \u017ce nie musi chodzi\u0107 w masce, bo jest uczulony na kor\u0119 brzozow\u0105. Powiedzia\u0142em mu, \u017ce te\u017c chc\u0119 mie\u0107 takie za\u015bwiadczenie, a on stwierdzi\u0142, \u017ce nic z tego, nie nale\u017cy mi si\u0119, bo siedz\u0119 w miejscu odosobnienia, a nast\u0119pnie pomacha\u0142 ow\u0142osion\u0105 \u0142odyg\u0105 i poszed\u0142 do swoich spraw.<\/span><\/p>\n<p lang=\"pl-PL\"><span lang=\"pl-PL\">Pomidor oznajmi\u0142, \u017ce je\u015bli chc\u0119, to policzy si\u0119 z rabarbarem za to granie mi na nosie, jak nas tylko wypuszcz\u0105. Poprosi\u0142em, \u017ceby tego nie robi\u0142. Chrzan uzna\u0142, \u017ce trzeba jednak da\u0107 rabarbarowi wciry i w ten spos\u00f3b nauczy\u0107 moresu, tym bardziej \u017ce ten dra\u0144 wcale nie jest uczulony na kor\u0119 brzozow\u0105; sam widzia\u0142, jak rabarbar mi\u0119tosi\u0142 si\u0119 pewnej letniej nocy z brzoz\u0105. <\/span><\/p>\n<p lang=\"pl-PL\"><span lang=\"pl-PL\">Nast\u0119pnie wsadzono do obozu morel\u0119, wi\u015bni\u0119 oraz ca\u0142\u0105 rodzin\u0119 macierzanek \u2013 i w najdalszym k\u0105cie ogrodu zrobi\u0142o si\u0119 troch\u0119 ciasno. Ca\u0142kowita ciasnota zapanowa\u0142a, gdy dzie\u0144 p\u00f3\u017aniej dokooptowano nam kolejnych przeciwnik\u00f3w maskowania: \u015bnieguliczk\u0119, trzy dalie, bez czarny, papro\u0107 i cztery odrosty bluszczu. Odt\u0105d ani ga\u0142\u0119zi, ani li\u015bcia, ani p\u0119du, ani korzenia nie da\u0142o si\u0119 rozprostowa\u0107. Siedzieli\u015bmy na kupie jak bodziszki na skarpie. No i dokucza\u0142 nam stale brak wody. Gdyby nie poranna rosa, to z pewno\u015bci\u0105 wszystkich nas szlag by ju\u017c dawno trafi\u0142. Dzielili\u015bmy si\u0119 ros\u0105 sprawiedliwie, szczeg\u00f3lnie dbaj\u0105c o ma\u0142e macierzanki, gdy\u017c by\u0142y przysz\u0142o\u015bci\u0105 ogrodu. <\/span><\/p>\n<p lang=\"pl-PL\"><span lang=\"pl-PL\">Rzecz jasna trawi\u0142 nas r\u00f3wnie\u017c g\u0142\u00f3d. Bez dop\u0142ywu wody nie byli\u015bmy w stanie wyssa\u0107 z ziemi \u017cadnych \u017cyciodajnych sok\u00f3w. Pierwszy nie wytrzyma\u0142 pomidor. Krzykn\u0105\u0142: \u201eChrzani\u0107 ob\u00f3z!\u201d \u2013 i napi\u0142 si\u0119 ociupin\u0119 nierozcie\u0144czonej gnoj\u00f3wki z pokrzywy. Chwyci\u0142y go takie bole\u015bci, \u017ce jeszcze tej samej nocy umar\u0142. Chrzan stwierdzi\u0142, \u017ce nigdy ju\u017c nie dowiemy si\u0119, czy naprawd\u0119 by\u0142 \u017c\u00f3\u0142ty. Chcieli\u015bmy zagrzeba\u0107 cia\u0142o pomidora w ziemi, ale przype\u0142z\u0142y d\u017cd\u017cownice i zabra\u0142y go na kompost. <\/span><\/p>\n<p lang=\"pl-PL\"><span lang=\"pl-PL\">Od tego momentu trup s\u0142a\u0142 si\u0119 w obozie g\u0119sto, ale nie zamierzam tego opisywa\u0107, gdy\u017c chc\u0119 dzisiaj unika\u0107 przedstawiania drastycznych scen. Powiem tylko, \u017ce po \u015bmierci macierzanek og\u0142oszono amnesti\u0119 i wypuszczono wszystkich wi\u0119\u017ani\u00f3w. Chrzan nie chcia\u0142 i\u015b\u0107, powiedzia\u0142, \u017ce zostaje, bo spodoba\u0142o mu si\u0119 to miejsce. U\u015bcisn\u0105\u0142em go na po\u017cegnanie i powiedzia\u0142em, \u017ce kiedy\u015b tu jeszcze zajrz\u0119. Poprosi\u0142 mnie o za\u0142atwienie wody do rozcie\u0144czania pokrzywowej gnoj\u00f3wki. Obieca\u0142em, \u017ce postaram si\u0119. Nie zd\u0105\u017cy\u0142em. <\/span><\/p>\n<p lang=\"pl-PL\"><span lang=\"pl-PL\">W nocy spad\u0142 po raz pierwszy od wielu miesi\u0119cy deszcz. Kiedy nast\u0119pnego dnia zajrza\u0142em do najdalszego k\u0105ta ogrodu, zobaczy\u0142em przewr\u00f3cone wiadro, a chrzan by\u0142 martwy. Nigdy nie dowiedzia\u0142em si\u0119, kto przewr\u00f3ci\u0142 wiadro. Nie wierzy\u0142em, \u017ce zrobi\u0142 to sam chrzan. <\/span><\/p>\n<p lang=\"pl-PL\"><span lang=\"pl-PL\">Nast\u0119pnego roku, na wiosn\u0119, w miejscu naszego dawnego obozu wystrzeli\u0142y zielone li\u015bcie. Chrzan zmartwychwsta\u0142 z korzeni. Wszyscy przychodzili do niego, aby pos\u0142ucha\u0107 opowie\u015bci o wyprawie do przepi\u0119knej krainy wiecznej ro\u015blinno\u015bci, w kt\u00f3rej panuje pogoda ducha i jedzenia jest pod dostatkiem. Rabarbar si\u0119 w\u015bcieka\u0142, bo uwa\u017ca\u0142, \u017ce chrzan ukrad\u0142 mu jego opowie\u015b\u0107, wszak to on sam od lat podczas zimy odbywa tak\u0105 w\u0142a\u015bnie podr\u00f3\u017c! Nic jednak nie m\u00f3g\u0142 zrobi\u0107. Wszyscy bowiem woleli opowie\u015b\u0107 chrzanu, tym bardziej \u017ce wzbogaca\u0142 j\u0105 fragmentami \u015bpiewanymi, wystukuj\u0105c jednocze\u015bnie kawa\u0142kiem swojego twardego korzenia rytm na starej obr\u0119czy od beczki. <\/span><\/p>\n<p lang=\"pl-PL\"><span lang=\"pl-PL\">I odt\u0105d ju\u017c chrzan na sta\u0142e zamieszka\u0142 w najdalszym k\u0105cie ogrodu, i nikt go stamt\u0105d nie wyrzuci\u0142.<\/span><\/p>\n<p lang=\"pl-PL\">\u00a9 Dariusz Muszer<\/p>\n","protected":false},"excerpt":{"rendered":"<p>Ze wspomnie\u0144 krzaczka porzeczki O tym, jak za brak maski przesadzili mnie w najdalszy k\u0105t ogrodu Za uporczywe uchylanie si\u0119 od noszenia maski z brzozowej kory grozi\u0142a zsy\u0142ka do obozu w najdalszym k\u0105cie ogrodu. Wszyscy bali si\u0119 tego miejsca, rzadko odwiedzanego przez s\u0142o\u0144ce, cz\u0119sto natomiast przez zimne wiatry i w\u0119drowne gryzonie. Najpierw trafi\u0142 tam chrzan, [&hellip;]<\/p>\n","protected":false},"author":1,"featured_media":1502,"comment_status":"closed","ping_status":"closed","sticky":false,"template":"","format":"standard","meta":{"footnotes":""},"categories":[241],"tags":[346,243,347,242,345],"class_list":["post-1488","post","type-post","status-publish","format-standard","has-post-thumbnail","hentry","category-ze-wspomnien-krzaczka-porzeczki","tag-chrzan","tag-krzaczek-porzeczki","tag-maska","tag-rabarbar","tag-wiadro"],"yoast_head":"<!-- This site is optimized with the Yoast SEO plugin v27.0 - https:\/\/yoast.com\/product\/yoast-seo-wordpress\/ -->\n<title>O tym, jak za brak maski przesadzili mnie w najdalszy k\u0105t ogrodu - Dariusz Muszer<\/title>\n<meta name=\"description\" content=\"Za uporczywe uchylanie si\u0119 od noszenia maski z brzozowej kory grozi\u0142a zsy\u0142ka do obozu w najdalszym k\u0105cie ogrodu. Wszyscy bali si\u0119 tego miejsca, rzadko odwiedzanego przez s\u0142o\u0144ce, cz\u0119sto natomiast przez zimne wiatry i w\u0119drowne gryzonie.\" \/>\n<meta name=\"robots\" content=\"index, follow, max-snippet:-1, max-image-preview:large, max-video-preview:-1\" \/>\n<link rel=\"canonical\" href=\"https:\/\/dariusz-muszer.de\/pl\/o-tym-jak-za-brak-maski-przesadzili-mnie-w-najdalszy-kat-ogrodu\/\" \/>\n<meta property=\"og:locale\" content=\"pl_PL\" \/>\n<meta property=\"og:type\" content=\"article\" \/>\n<meta property=\"og:title\" content=\"O tym, jak za brak maski przesadzili mnie w najdalszy k\u0105t ogrodu - Dariusz Muszer\" \/>\n<meta property=\"og:description\" content=\"Za uporczywe uchylanie si\u0119 od noszenia maski z brzozowej kory grozi\u0142a zsy\u0142ka do obozu w najdalszym k\u0105cie ogrodu. Wszyscy bali si\u0119 tego miejsca, rzadko odwiedzanego przez s\u0142o\u0144ce, cz\u0119sto natomiast przez zimne wiatry i w\u0119drowne gryzonie.\" \/>\n<meta property=\"og:url\" content=\"https:\/\/dariusz-muszer.de\/pl\/o-tym-jak-za-brak-maski-przesadzili-mnie-w-najdalszy-kat-ogrodu\/\" \/>\n<meta property=\"og:site_name\" content=\"Dariusz Muszer\" \/>\n<meta property=\"article:published_time\" content=\"2021-05-10T19:43:39+00:00\" \/>\n<meta property=\"og:image\" content=\"https:\/\/dariusz-muszer.de\/pl\/wp-content\/uploads\/sites\/2\/2021\/05\/pniak-1-web.jpg\" \/>\n\t<meta property=\"og:image:width\" content=\"800\" \/>\n\t<meta property=\"og:image:height\" content=\"533\" \/>\n\t<meta property=\"og:image:type\" content=\"image\/jpeg\" \/>\n<meta name=\"author\" content=\"Kalong\" \/>\n<meta name=\"twitter:card\" content=\"summary_large_image\" \/>\n<meta name=\"twitter:label1\" content=\"Napisane przez\" \/>\n\t<meta name=\"twitter:data1\" content=\"Kalong\" \/>\n\t<meta name=\"twitter:label2\" content=\"Szacowany czas czytania\" \/>\n\t<meta name=\"twitter:data2\" content=\"5 minut\" \/>\n<script type=\"application\/ld+json\" class=\"yoast-schema-graph\">{\"@context\":\"https:\/\/schema.org\",\"@graph\":[{\"@type\":\"Article\",\"@id\":\"https:\/\/dariusz-muszer.de\/pl\/o-tym-jak-za-brak-maski-przesadzili-mnie-w-najdalszy-kat-ogrodu\/#article\",\"isPartOf\":{\"@id\":\"https:\/\/dariusz-muszer.de\/pl\/o-tym-jak-za-brak-maski-przesadzili-mnie-w-najdalszy-kat-ogrodu\/\"},\"author\":{\"name\":\"Kalong\",\"@id\":\"https:\/\/dariusz-muszer.de\/pl\/#\/schema\/person\/9f0c1c0310d5a835a41c892f377a9d48\"},\"headline\":\"O tym, jak za brak maski przesadzili mnie w najdalszy k\u0105t ogrodu\",\"datePublished\":\"2021-05-10T19:43:39+00:00\",\"mainEntityOfPage\":{\"@id\":\"https:\/\/dariusz-muszer.de\/pl\/o-tym-jak-za-brak-maski-przesadzili-mnie-w-najdalszy-kat-ogrodu\/\"},\"wordCount\":1060,\"image\":{\"@id\":\"https:\/\/dariusz-muszer.de\/pl\/o-tym-jak-za-brak-maski-przesadzili-mnie-w-najdalszy-kat-ogrodu\/#primaryimage\"},\"thumbnailUrl\":\"https:\/\/dariusz-muszer.de\/pl\/wp-content\/uploads\/sites\/2\/2021\/05\/pniak-1-web.jpg\",\"keywords\":[\"chrzan\",\"krzaczek porzeczki\",\"maska\",\"rabarbar\",\"wiadro\"],\"articleSection\":[\"Ze wspomnie\u0144 krzaczka porzeczki\"],\"inLanguage\":\"pl-PL\"},{\"@type\":\"WebPage\",\"@id\":\"https:\/\/dariusz-muszer.de\/pl\/o-tym-jak-za-brak-maski-przesadzili-mnie-w-najdalszy-kat-ogrodu\/\",\"url\":\"https:\/\/dariusz-muszer.de\/pl\/o-tym-jak-za-brak-maski-przesadzili-mnie-w-najdalszy-kat-ogrodu\/\",\"name\":\"O tym, jak za brak maski przesadzili mnie w najdalszy k\u0105t ogrodu - Dariusz Muszer\",\"isPartOf\":{\"@id\":\"https:\/\/dariusz-muszer.de\/pl\/#website\"},\"primaryImageOfPage\":{\"@id\":\"https:\/\/dariusz-muszer.de\/pl\/o-tym-jak-za-brak-maski-przesadzili-mnie-w-najdalszy-kat-ogrodu\/#primaryimage\"},\"image\":{\"@id\":\"https:\/\/dariusz-muszer.de\/pl\/o-tym-jak-za-brak-maski-przesadzili-mnie-w-najdalszy-kat-ogrodu\/#primaryimage\"},\"thumbnailUrl\":\"https:\/\/dariusz-muszer.de\/pl\/wp-content\/uploads\/sites\/2\/2021\/05\/pniak-1-web.jpg\",\"datePublished\":\"2021-05-10T19:43:39+00:00\",\"author\":{\"@id\":\"https:\/\/dariusz-muszer.de\/pl\/#\/schema\/person\/9f0c1c0310d5a835a41c892f377a9d48\"},\"description\":\"Za uporczywe uchylanie si\u0119 od noszenia maski z brzozowej kory grozi\u0142a zsy\u0142ka do obozu w najdalszym k\u0105cie ogrodu. Wszyscy bali si\u0119 tego miejsca, rzadko odwiedzanego przez s\u0142o\u0144ce, cz\u0119sto natomiast przez zimne wiatry i w\u0119drowne gryzonie.\",\"breadcrumb\":{\"@id\":\"https:\/\/dariusz-muszer.de\/pl\/o-tym-jak-za-brak-maski-przesadzili-mnie-w-najdalszy-kat-ogrodu\/#breadcrumb\"},\"inLanguage\":\"pl-PL\",\"potentialAction\":[{\"@type\":\"ReadAction\",\"target\":[\"https:\/\/dariusz-muszer.de\/pl\/o-tym-jak-za-brak-maski-przesadzili-mnie-w-najdalszy-kat-ogrodu\/\"]}]},{\"@type\":\"ImageObject\",\"inLanguage\":\"pl-PL\",\"@id\":\"https:\/\/dariusz-muszer.de\/pl\/o-tym-jak-za-brak-maski-przesadzili-mnie-w-najdalszy-kat-ogrodu\/#primaryimage\",\"url\":\"https:\/\/dariusz-muszer.de\/pl\/wp-content\/uploads\/sites\/2\/2021\/05\/pniak-1-web.jpg\",\"contentUrl\":\"https:\/\/dariusz-muszer.de\/pl\/wp-content\/uploads\/sites\/2\/2021\/05\/pniak-1-web.jpg\",\"width\":800,\"height\":533,\"caption\":\"pniak\"},{\"@type\":\"BreadcrumbList\",\"@id\":\"https:\/\/dariusz-muszer.de\/pl\/o-tym-jak-za-brak-maski-przesadzili-mnie-w-najdalszy-kat-ogrodu\/#breadcrumb\",\"itemListElement\":[{\"@type\":\"ListItem\",\"position\":1,\"name\":\"Strona g\u0142\u00f3wna\",\"item\":\"https:\/\/dariusz-muszer.de\/pl\/\"},{\"@type\":\"ListItem\",\"position\":2,\"name\":\"O tym, jak za brak maski przesadzili mnie w najdalszy k\u0105t ogrodu\"}]},{\"@type\":\"WebSite\",\"@id\":\"https:\/\/dariusz-muszer.de\/pl\/#website\",\"url\":\"https:\/\/dariusz-muszer.de\/pl\/\",\"name\":\"Dariusz Muszer\",\"description\":\"pisarz\",\"potentialAction\":[{\"@type\":\"SearchAction\",\"target\":{\"@type\":\"EntryPoint\",\"urlTemplate\":\"https:\/\/dariusz-muszer.de\/pl\/?s={search_term_string}\"},\"query-input\":{\"@type\":\"PropertyValueSpecification\",\"valueRequired\":true,\"valueName\":\"search_term_string\"}}],\"inLanguage\":\"pl-PL\"},{\"@type\":\"Person\",\"@id\":\"https:\/\/dariusz-muszer.de\/pl\/#\/schema\/person\/9f0c1c0310d5a835a41c892f377a9d48\",\"name\":\"Kalong\",\"image\":{\"@type\":\"ImageObject\",\"inLanguage\":\"pl-PL\",\"@id\":\"https:\/\/dariusz-muszer.de\/pl\/#\/schema\/person\/image\/\",\"url\":\"https:\/\/secure.gravatar.com\/avatar\/c9f779f2a71c9a87e8c401a809d61b28d74fc852ff3f345760cf377e19933461?s=96&d=mm&r=g\",\"contentUrl\":\"https:\/\/secure.gravatar.com\/avatar\/c9f779f2a71c9a87e8c401a809d61b28d74fc852ff3f345760cf377e19933461?s=96&d=mm&r=g\",\"caption\":\"Kalong\"},\"url\":\"https:\/\/dariusz-muszer.de\/pl\/author\/kalong\/\"}]}<\/script>\n<!-- \/ Yoast SEO plugin. -->","yoast_head_json":{"title":"O tym, jak za brak maski przesadzili mnie w najdalszy k\u0105t ogrodu - Dariusz Muszer","description":"Za uporczywe uchylanie si\u0119 od noszenia maski z brzozowej kory grozi\u0142a zsy\u0142ka do obozu w najdalszym k\u0105cie ogrodu. Wszyscy bali si\u0119 tego miejsca, rzadko odwiedzanego przez s\u0142o\u0144ce, cz\u0119sto natomiast przez zimne wiatry i w\u0119drowne gryzonie.","robots":{"index":"index","follow":"follow","max-snippet":"max-snippet:-1","max-image-preview":"max-image-preview:large","max-video-preview":"max-video-preview:-1"},"canonical":"https:\/\/dariusz-muszer.de\/pl\/o-tym-jak-za-brak-maski-przesadzili-mnie-w-najdalszy-kat-ogrodu\/","og_locale":"pl_PL","og_type":"article","og_title":"O tym, jak za brak maski przesadzili mnie w najdalszy k\u0105t ogrodu - Dariusz Muszer","og_description":"Za uporczywe uchylanie si\u0119 od noszenia maski z brzozowej kory grozi\u0142a zsy\u0142ka do obozu w najdalszym k\u0105cie ogrodu. Wszyscy bali si\u0119 tego miejsca, rzadko odwiedzanego przez s\u0142o\u0144ce, cz\u0119sto natomiast przez zimne wiatry i w\u0119drowne gryzonie.","og_url":"https:\/\/dariusz-muszer.de\/pl\/o-tym-jak-za-brak-maski-przesadzili-mnie-w-najdalszy-kat-ogrodu\/","og_site_name":"Dariusz Muszer","article_published_time":"2021-05-10T19:43:39+00:00","og_image":[{"width":800,"height":533,"url":"https:\/\/dariusz-muszer.de\/pl\/wp-content\/uploads\/sites\/2\/2021\/05\/pniak-1-web.jpg","type":"image\/jpeg"}],"author":"Kalong","twitter_card":"summary_large_image","twitter_misc":{"Napisane przez":"Kalong","Szacowany czas czytania":"5 minut"},"schema":{"@context":"https:\/\/schema.org","@graph":[{"@type":"Article","@id":"https:\/\/dariusz-muszer.de\/pl\/o-tym-jak-za-brak-maski-przesadzili-mnie-w-najdalszy-kat-ogrodu\/#article","isPartOf":{"@id":"https:\/\/dariusz-muszer.de\/pl\/o-tym-jak-za-brak-maski-przesadzili-mnie-w-najdalszy-kat-ogrodu\/"},"author":{"name":"Kalong","@id":"https:\/\/dariusz-muszer.de\/pl\/#\/schema\/person\/9f0c1c0310d5a835a41c892f377a9d48"},"headline":"O tym, jak za brak maski przesadzili mnie w najdalszy k\u0105t ogrodu","datePublished":"2021-05-10T19:43:39+00:00","mainEntityOfPage":{"@id":"https:\/\/dariusz-muszer.de\/pl\/o-tym-jak-za-brak-maski-przesadzili-mnie-w-najdalszy-kat-ogrodu\/"},"wordCount":1060,"image":{"@id":"https:\/\/dariusz-muszer.de\/pl\/o-tym-jak-za-brak-maski-przesadzili-mnie-w-najdalszy-kat-ogrodu\/#primaryimage"},"thumbnailUrl":"https:\/\/dariusz-muszer.de\/pl\/wp-content\/uploads\/sites\/2\/2021\/05\/pniak-1-web.jpg","keywords":["chrzan","krzaczek porzeczki","maska","rabarbar","wiadro"],"articleSection":["Ze wspomnie\u0144 krzaczka porzeczki"],"inLanguage":"pl-PL"},{"@type":"WebPage","@id":"https:\/\/dariusz-muszer.de\/pl\/o-tym-jak-za-brak-maski-przesadzili-mnie-w-najdalszy-kat-ogrodu\/","url":"https:\/\/dariusz-muszer.de\/pl\/o-tym-jak-za-brak-maski-przesadzili-mnie-w-najdalszy-kat-ogrodu\/","name":"O tym, jak za brak maski przesadzili mnie w najdalszy k\u0105t ogrodu - Dariusz Muszer","isPartOf":{"@id":"https:\/\/dariusz-muszer.de\/pl\/#website"},"primaryImageOfPage":{"@id":"https:\/\/dariusz-muszer.de\/pl\/o-tym-jak-za-brak-maski-przesadzili-mnie-w-najdalszy-kat-ogrodu\/#primaryimage"},"image":{"@id":"https:\/\/dariusz-muszer.de\/pl\/o-tym-jak-za-brak-maski-przesadzili-mnie-w-najdalszy-kat-ogrodu\/#primaryimage"},"thumbnailUrl":"https:\/\/dariusz-muszer.de\/pl\/wp-content\/uploads\/sites\/2\/2021\/05\/pniak-1-web.jpg","datePublished":"2021-05-10T19:43:39+00:00","author":{"@id":"https:\/\/dariusz-muszer.de\/pl\/#\/schema\/person\/9f0c1c0310d5a835a41c892f377a9d48"},"description":"Za uporczywe uchylanie si\u0119 od noszenia maski z brzozowej kory grozi\u0142a zsy\u0142ka do obozu w najdalszym k\u0105cie ogrodu. Wszyscy bali si\u0119 tego miejsca, rzadko odwiedzanego przez s\u0142o\u0144ce, cz\u0119sto natomiast przez zimne wiatry i w\u0119drowne gryzonie.","breadcrumb":{"@id":"https:\/\/dariusz-muszer.de\/pl\/o-tym-jak-za-brak-maski-przesadzili-mnie-w-najdalszy-kat-ogrodu\/#breadcrumb"},"inLanguage":"pl-PL","potentialAction":[{"@type":"ReadAction","target":["https:\/\/dariusz-muszer.de\/pl\/o-tym-jak-za-brak-maski-przesadzili-mnie-w-najdalszy-kat-ogrodu\/"]}]},{"@type":"ImageObject","inLanguage":"pl-PL","@id":"https:\/\/dariusz-muszer.de\/pl\/o-tym-jak-za-brak-maski-przesadzili-mnie-w-najdalszy-kat-ogrodu\/#primaryimage","url":"https:\/\/dariusz-muszer.de\/pl\/wp-content\/uploads\/sites\/2\/2021\/05\/pniak-1-web.jpg","contentUrl":"https:\/\/dariusz-muszer.de\/pl\/wp-content\/uploads\/sites\/2\/2021\/05\/pniak-1-web.jpg","width":800,"height":533,"caption":"pniak"},{"@type":"BreadcrumbList","@id":"https:\/\/dariusz-muszer.de\/pl\/o-tym-jak-za-brak-maski-przesadzili-mnie-w-najdalszy-kat-ogrodu\/#breadcrumb","itemListElement":[{"@type":"ListItem","position":1,"name":"Strona g\u0142\u00f3wna","item":"https:\/\/dariusz-muszer.de\/pl\/"},{"@type":"ListItem","position":2,"name":"O tym, jak za brak maski przesadzili mnie w najdalszy k\u0105t ogrodu"}]},{"@type":"WebSite","@id":"https:\/\/dariusz-muszer.de\/pl\/#website","url":"https:\/\/dariusz-muszer.de\/pl\/","name":"Dariusz Muszer","description":"pisarz","potentialAction":[{"@type":"SearchAction","target":{"@type":"EntryPoint","urlTemplate":"https:\/\/dariusz-muszer.de\/pl\/?s={search_term_string}"},"query-input":{"@type":"PropertyValueSpecification","valueRequired":true,"valueName":"search_term_string"}}],"inLanguage":"pl-PL"},{"@type":"Person","@id":"https:\/\/dariusz-muszer.de\/pl\/#\/schema\/person\/9f0c1c0310d5a835a41c892f377a9d48","name":"Kalong","image":{"@type":"ImageObject","inLanguage":"pl-PL","@id":"https:\/\/dariusz-muszer.de\/pl\/#\/schema\/person\/image\/","url":"https:\/\/secure.gravatar.com\/avatar\/c9f779f2a71c9a87e8c401a809d61b28d74fc852ff3f345760cf377e19933461?s=96&d=mm&r=g","contentUrl":"https:\/\/secure.gravatar.com\/avatar\/c9f779f2a71c9a87e8c401a809d61b28d74fc852ff3f345760cf377e19933461?s=96&d=mm&r=g","caption":"Kalong"},"url":"https:\/\/dariusz-muszer.de\/pl\/author\/kalong\/"}]}},"_links":{"self":[{"href":"https:\/\/dariusz-muszer.de\/pl\/wp-json\/wp\/v2\/posts\/1488","targetHints":{"allow":["GET"]}}],"collection":[{"href":"https:\/\/dariusz-muszer.de\/pl\/wp-json\/wp\/v2\/posts"}],"about":[{"href":"https:\/\/dariusz-muszer.de\/pl\/wp-json\/wp\/v2\/types\/post"}],"author":[{"embeddable":true,"href":"https:\/\/dariusz-muszer.de\/pl\/wp-json\/wp\/v2\/users\/1"}],"replies":[{"embeddable":true,"href":"https:\/\/dariusz-muszer.de\/pl\/wp-json\/wp\/v2\/comments?post=1488"}],"version-history":[{"count":2,"href":"https:\/\/dariusz-muszer.de\/pl\/wp-json\/wp\/v2\/posts\/1488\/revisions"}],"predecessor-version":[{"id":1490,"href":"https:\/\/dariusz-muszer.de\/pl\/wp-json\/wp\/v2\/posts\/1488\/revisions\/1490"}],"wp:featuredmedia":[{"embeddable":true,"href":"https:\/\/dariusz-muszer.de\/pl\/wp-json\/wp\/v2\/media\/1502"}],"wp:attachment":[{"href":"https:\/\/dariusz-muszer.de\/pl\/wp-json\/wp\/v2\/media?parent=1488"}],"wp:term":[{"taxonomy":"category","embeddable":true,"href":"https:\/\/dariusz-muszer.de\/pl\/wp-json\/wp\/v2\/categories?post=1488"},{"taxonomy":"post_tag","embeddable":true,"href":"https:\/\/dariusz-muszer.de\/pl\/wp-json\/wp\/v2\/tags?post=1488"}],"curies":[{"name":"wp","href":"https:\/\/api.w.org\/{rel}","templated":true}]}}