{"id":1466,"date":"2021-05-11T00:01:32","date_gmt":"2021-05-10T22:01:32","guid":{"rendered":"http:\/\/dariusz-muszer.de\/pl\/?p=1466"},"modified":"2021-05-10T21:52:49","modified_gmt":"2021-05-10T19:52:49","slug":"o-tym-jak-wziela-sie-za-nas-zaraza","status":"publish","type":"post","link":"https:\/\/dariusz-muszer.de\/pl\/o-tym-jak-wziela-sie-za-nas-zaraza\/","title":{"rendered":"O tym, jak wzi\u0119\u0142a si\u0119 za nas zaraza"},"content":{"rendered":"<h2><span style=\"color: #008000;\"><strong><span lang=\"pl-PL\">Ze wspomnie\u0144 krzaczka porzeczki<\/span><\/strong><\/span><\/h2>\n<h1>O tym, jak wzi\u0119\u0142a si\u0119 za nas zaraza<\/h1>\n<p lang=\"pl-PL\"><span lang=\"pl-PL\">No i sta\u0142o si\u0119, <\/span><span lang=\"pl-PL\">o<\/span><span lang=\"pl-PL\">gr\u00f3d <\/span><span lang=\"pl-PL\">nasz\u0142a <\/span><span lang=\"pl-PL\">zaraza. <\/span><span lang=\"pl-PL\">Ni z gruszki, ni z czarnuszki<\/span><span lang=\"pl-PL\"> nas napad\u0142a, cho\u0107 <\/span><span lang=\"pl-PL\">po prawdzie<\/span><span lang=\"pl-PL\"> powinni\u015bmy byli si\u0119 jej spodziewa\u0107, bo j<\/span><span lang=\"pl-PL\">akie\u015b tam <\/span><span lang=\"pl-PL\">przecieki z zewn\u0105trz <\/span><span lang=\"pl-PL\">przecie\u017c wcze\u015bniej dociera\u0142y<\/span><span lang=\"pl-PL\">. Nikt nie wie, sk\u0105d przyby\u0142a. To znaczy, kto\u015b tam pewnie wie, ale ten kto\u015b nie pochodzi z ogrodu. Gdyby pochodzi\u0142, ju\u017c ja bym sobie z nim porozmawia\u0142! <\/span><\/p>\n<p lang=\"pl-PL\"><span lang=\"pl-PL\">I, wyobra\u017acie sobie, w zimie si\u0119 to sta\u0142o! Sk\u0105d bierze si\u0119 zima i brak \u015bniegu, to nawet kret wie, co mieszka w podziemnych korytarzach, rytych na \u0142apu-capu pod ogrodem i pod o\u015bciennym polem. Natomiast powstawanie zarazy okryte jest niemal\u017ce zawsze tajemnic\u0105, co sprzyja rozprzestrzenianiu si\u0119 fa\u0142szywych wiadomo\u015bci i plotek. <\/span><\/p>\n<p lang=\"pl-PL\"><span lang=\"pl-PL\">Lilak pospolity, nazywany niesprawiedliwie bzem, <\/span><span lang=\"pl-PL\">zacz\u0105\u0142 podejrzewa\u0107 klona, \u017ce to niby jego robota. Stwierdzi\u0142, \u017ce klon jest <\/span><span lang=\"pl-PL\">najokazalszy<\/span><span lang=\"pl-PL\"> w ogrodzie, wy\u017cszy nawet od cha\u0142upy, pewnie usiad\u0142 na nim jaki\u015b ptak i go zarazi\u0142, a potem lawina paskudztwa ruszy\u0142a. <\/span><span lang=\"pl-PL\">Napomkn\u0105\u0142em<\/span><span lang=\"pl-PL\">, \u017ce za takie gadanie mog\u0105 go \u015bci\u0105\u0107. Spodoba\u0142a mu si\u0119 ta my\u015bl, gdy\u017c <\/span><span lang=\"pl-PL\">ubieg\u0142ego<\/span><span lang=\"pl-PL\"> roku po <\/span><span lang=\"pl-PL\">zako\u0144czeniu kwitnienia<\/span><span lang=\"pl-PL\"> nikt nie <\/span><span lang=\"pl-PL\">skr\u00f3ci\u0142 go o zbr\u0105zowia\u0142e ki\u015bcie. <\/span><\/p>\n<p lang=\"pl-PL\">\u2013 <span lang=\"pl-PL\">Jak mnie zetn\u0105, to si\u0119 odrodz\u0119 i zakwitn\u0119 \u2013 oznajmi\u0142. \u2013 Nu\u017ce, ka\u017c chwyta\u0107 za pi\u0142y i no\u017cyce!<\/span><\/p>\n<p lang=\"pl-PL\"><span lang=\"pl-PL\">Powiedzia\u0142em, \u017ce na takie ci\u0119cie, o jakie mu chodzi, jest ju\u017c wprawdzie za p\u00f3\u017ano, bo powinno si\u0119 to by\u0142o zrobi\u0107 najdalej na pocz\u0105tku ubieg\u0142ego lata, ale za\u0142atwi\u0119 spraw\u0119, jednak\u017ce pod warunkiem, \u017ce przestanie gada\u0107 o winie klona i ptaka. Przytakn\u0105\u0142 cicho i rzeczywi\u015bcie trzyma\u0142 si\u0119 obietnicy.<\/span><\/p>\n<p lang=\"pl-PL\"><span lang=\"pl-PL\">Nic to jednak nie da\u0142o, gdy\u017c fa\u0142szywe oskar\u017cenia posz\u0142y w ogr\u00f3d. Klona nadal podejrzewano o najgorsze, a w mieleniu j\u0119zorem przodowa\u0142 \u017cywop\u0142ot. Z \u017cywop\u0142otem, jak wiemy, jeszcze nikt nie wygra\u0142. Jak si\u0119 czego\u015b uczepi, to nie ma zmi\u0142uj si\u0119. Jest najd\u0142u\u017cszy z nas wszystkich, ci\u0105gnie swoje ligustrowe krzewy wzd\u0142u\u017c najbardziej d\u0142uga\u015bnego boku trapezowatego ogrodu, st\u0105d te\u017c \u0142atwo mu dotrze\u0107 do sporej ilo\u015bci mieszka\u0144c\u00f3w. \u017bywop\u0142ot gl\u0119dzi\u0142 i gl\u0119dzi\u0142, wiele bulgotania i z\u0142a przy tym wyrz\u0105dzaj\u0105c, a\u017c mu zaraza zamkn\u0119\u0142a li\u015bcie \u2013 wtedy dopiero przesta\u0142.<\/span><\/p>\n<p lang=\"pl-PL\"><span lang=\"pl-PL\">To by\u0142 dla nas znak, \u017ce co\u015b wreszcie nale\u017cy zrobi\u0107. <\/span><\/p>\n<p lang=\"pl-PL\"><span lang=\"pl-PL\">Pocz\u0119li\u015bmy si\u0119 zastanawia\u0107, jak zapobiec dalszemu rozprzestrzenianiu si\u0119 zarazy. Tamaryszek jako pierwszy podda\u0142 pod dyskusj\u0119 my\u015bl o izolacji, a szypszyna, nasza droga psia r\u00f3\u017ca, uzupe\u0142ni\u0142a jego wnioski o pow\u015bci\u0105gliwo\u015b\u0107 spo\u0142eczn\u0105. Nalega\u0142a, \u017ceby\u015bmy nabrali do siebie dystansu i \u017ceby ka\u017cdy sta\u0142 tam, gdzie go posadzono albo gdzie sam sobie wyr\u00f3s\u0142, a nie szwenda\u0142 si\u0119 niepotrzebnie po okolicy. <\/span><\/p>\n<p lang=\"pl-PL\"><span lang=\"pl-PL\">Nawet trzmiel wylaz\u0142 ze swojego hotelu, \u017ceby zabra\u0107 g\u0142os w sprawie. Z\u0142o\u017cy\u0142 wniosek o wprowadzeniu zakazu wlotu do ogrodu i przelotu nad tym\u017ce obcych ptak\u00f3w, owad\u00f3w oraz innych istot lataj\u0105cych lub te\u017c nosz\u0105cych si\u0119 z zamiarem nauczenia latania. Ta ostatnia uwaga by\u0142a aluzj\u0105 do rodziny dzikich kr\u00f3lik\u00f3w, kt\u00f3re zasiedli\u0142y jesieni\u0105 piwnice kompostownika i pracowa\u0142y nad skonstruowaniem lotni w celu szybszego przenoszenia si\u0119 z miejsca na miejsce. Paj\u0105k z gara\u017cu stwierdzi\u0142, \u017ce b\u0105k ma racj\u0119, co spowodowa\u0142o kr\u00f3tk\u0105 k\u0142\u00f3tni\u0119, jako \u017ce trzmiel nie lubi, gdy nazywa si\u0119 go b\u0105kiem, a nast\u0119pnie propozycja trzmiela zosta\u0142a jednog\u0142o\u015bnie przez wszystkich przyj\u0119ta. Aby przypiecz\u0119towa\u0107 porozumienie, paj\u0105k wypu\u015bci\u0142 w ge\u015bcie dobrej woli dwie muchy ze swojego paj\u0119czynowego wi\u0119zienia w k\u0105cie gara\u017cu, co i tak na nic im si\u0119 zda\u0142o, gdy\u017c by\u0142y dawno martwe. Zabi\u0142a je oczywi\u015bcie zaraza. <\/span><\/p>\n<p lang=\"pl-PL\"><span lang=\"pl-PL\">Nast\u0119pnie, na wniosek pigwy, stonogi wesp\u00f3\u0142 z d\u017cd\u017cownicami uszy\u0142y dla wszystkich maski ochronne z kory brzozowej. Brzoza nie by\u0142a tym wcale zachwycona, ale dzielnie znios\u0142a obdzieranie ze sk\u00f3ry, kt\u00f3rego dokona\u0142 dere\u0144 przy pomocy ostrokrzewu. W podzi\u0119ce za ofiar\u0119 obiecali\u015bmy brzozie, \u017ce nigdy wi\u0119cej nikt nie b\u0119dzie toczy\u0142 z niej na wiosn\u0119 soku. <\/span><\/p>\n<p lang=\"pl-PL\"><span lang=\"pl-PL\">Dzi\u0119ki za\u0142o\u017ceniu masek usta\u0142o wzajemnie opluwanie si\u0119, a tak\u017ce bezwiedne rozpylanie zarazy w powietrzu. Odt\u0105d ka\u017cdego niezakutanego lub chodz\u0105cego w masce na bociana, mo\u017cna by\u0142o oskar\u017cy\u0107 o \u015bwiadome zatruwanie \u017cycia innym oraz o podcinanie ga\u0142\u0119zi, na kt\u00f3rej sam siedzi. Blady strach pad\u0142 na ogr\u00f3d.<\/span><\/p>\n<p lang=\"pl-PL\"><span lang=\"pl-PL\">I w ten to przemy\u015blny spos\u00f3b odci\u0119li\u015bmy si\u0119 od \u015bwiata. \u015awiat jednak wcale nie zamierza\u0142 odcina\u0107 si\u0119 od nas, o czym mieli\u015bmy si\u0119 ju\u017c niebawem przekona\u0107.<\/span><\/p>\n<p lang=\"pl-PL\">\u00a9 Dariusz Muszer<\/p>\n<p lang=\"pl-PL\">\n","protected":false},"excerpt":{"rendered":"<p>Ze wspomnie\u0144 krzaczka porzeczki O tym, jak wzi\u0119\u0142a si\u0119 za nas zaraza No i sta\u0142o si\u0119, ogr\u00f3d nasz\u0142a zaraza. Ni z gruszki, ni z czarnuszki nas napad\u0142a, cho\u0107 po prawdzie powinni\u015bmy byli si\u0119 jej spodziewa\u0107, bo jakie\u015b tam przecieki z zewn\u0105trz przecie\u017c wcze\u015bniej dociera\u0142y. Nikt nie wie, sk\u0105d przyby\u0142a. To znaczy, kto\u015b tam pewnie wie, [&hellip;]<\/p>\n","protected":false},"author":1,"featured_media":1503,"comment_status":"closed","ping_status":"closed","sticky":false,"template":"","format":"standard","meta":{"footnotes":""},"categories":[241],"tags":[243,339,253,340],"class_list":["post-1466","post","type-post","status-publish","format-standard","has-post-thumbnail","hentry","category-ze-wspomnien-krzaczka-porzeczki","tag-krzaczek-porzeczki","tag-pajak","tag-pigwa","tag-lapu-capu"],"yoast_head":"<!-- This site is optimized with the Yoast SEO plugin v27.0 - https:\/\/yoast.com\/product\/yoast-seo-wordpress\/ -->\n<title>O tym, jak wzi\u0119\u0142a si\u0119 za nas zaraza - Dariusz Muszer<\/title>\n<meta name=\"description\" content=\"No i sta\u0142o si\u0119, ogr\u00f3d nasz\u0142a zaraza. Nikt nie wie, sk\u0105d przyby\u0142a. To znaczy, kto\u015b tam pewnie wie, ale ten kto\u015b nie pochodzi z ogrodu.\" \/>\n<meta name=\"robots\" content=\"index, follow, max-snippet:-1, max-image-preview:large, max-video-preview:-1\" \/>\n<link rel=\"canonical\" href=\"https:\/\/dariusz-muszer.de\/pl\/o-tym-jak-wziela-sie-za-nas-zaraza\/\" \/>\n<meta property=\"og:locale\" content=\"pl_PL\" \/>\n<meta property=\"og:type\" content=\"article\" \/>\n<meta property=\"og:title\" content=\"O tym, jak wzi\u0119\u0142a si\u0119 za nas zaraza - Dariusz Muszer\" \/>\n<meta property=\"og:description\" content=\"No i sta\u0142o si\u0119, ogr\u00f3d nasz\u0142a zaraza. Nikt nie wie, sk\u0105d przyby\u0142a. To znaczy, kto\u015b tam pewnie wie, ale ten kto\u015b nie pochodzi z ogrodu.\" \/>\n<meta property=\"og:url\" content=\"https:\/\/dariusz-muszer.de\/pl\/o-tym-jak-wziela-sie-za-nas-zaraza\/\" \/>\n<meta property=\"og:site_name\" content=\"Dariusz Muszer\" \/>\n<meta property=\"article:published_time\" content=\"2021-05-10T22:01:32+00:00\" \/>\n<meta property=\"og:image\" content=\"https:\/\/dariusz-muszer.de\/pl\/wp-content\/uploads\/sites\/2\/2021\/05\/pniak-4-web.jpg\" \/>\n\t<meta property=\"og:image:width\" content=\"800\" \/>\n\t<meta property=\"og:image:height\" content=\"533\" \/>\n\t<meta property=\"og:image:type\" content=\"image\/jpeg\" \/>\n<meta name=\"author\" content=\"Kalong\" \/>\n<meta name=\"twitter:card\" content=\"summary_large_image\" \/>\n<meta name=\"twitter:label1\" content=\"Napisane przez\" \/>\n\t<meta name=\"twitter:data1\" content=\"Kalong\" \/>\n\t<meta name=\"twitter:label2\" content=\"Szacowany czas czytania\" \/>\n\t<meta name=\"twitter:data2\" content=\"4 minuty\" \/>\n<script type=\"application\/ld+json\" class=\"yoast-schema-graph\">{\"@context\":\"https:\/\/schema.org\",\"@graph\":[{\"@type\":\"Article\",\"@id\":\"https:\/\/dariusz-muszer.de\/pl\/o-tym-jak-wziela-sie-za-nas-zaraza\/#article\",\"isPartOf\":{\"@id\":\"https:\/\/dariusz-muszer.de\/pl\/o-tym-jak-wziela-sie-za-nas-zaraza\/\"},\"author\":{\"name\":\"Kalong\",\"@id\":\"https:\/\/dariusz-muszer.de\/pl\/#\/schema\/person\/9f0c1c0310d5a835a41c892f377a9d48\"},\"headline\":\"O tym, jak wzi\u0119\u0142a si\u0119 za nas zaraza\",\"datePublished\":\"2021-05-10T22:01:32+00:00\",\"mainEntityOfPage\":{\"@id\":\"https:\/\/dariusz-muszer.de\/pl\/o-tym-jak-wziela-sie-za-nas-zaraza\/\"},\"wordCount\":812,\"image\":{\"@id\":\"https:\/\/dariusz-muszer.de\/pl\/o-tym-jak-wziela-sie-za-nas-zaraza\/#primaryimage\"},\"thumbnailUrl\":\"https:\/\/dariusz-muszer.de\/pl\/wp-content\/uploads\/sites\/2\/2021\/05\/pniak-4-web.jpg\",\"keywords\":[\"krzaczek porzeczki\",\"paj\u0105k\",\"pigwa\",\"\u0142apu-capu\"],\"articleSection\":[\"Ze wspomnie\u0144 krzaczka porzeczki\"],\"inLanguage\":\"pl-PL\"},{\"@type\":\"WebPage\",\"@id\":\"https:\/\/dariusz-muszer.de\/pl\/o-tym-jak-wziela-sie-za-nas-zaraza\/\",\"url\":\"https:\/\/dariusz-muszer.de\/pl\/o-tym-jak-wziela-sie-za-nas-zaraza\/\",\"name\":\"O tym, jak wzi\u0119\u0142a si\u0119 za nas zaraza - Dariusz Muszer\",\"isPartOf\":{\"@id\":\"https:\/\/dariusz-muszer.de\/pl\/#website\"},\"primaryImageOfPage\":{\"@id\":\"https:\/\/dariusz-muszer.de\/pl\/o-tym-jak-wziela-sie-za-nas-zaraza\/#primaryimage\"},\"image\":{\"@id\":\"https:\/\/dariusz-muszer.de\/pl\/o-tym-jak-wziela-sie-za-nas-zaraza\/#primaryimage\"},\"thumbnailUrl\":\"https:\/\/dariusz-muszer.de\/pl\/wp-content\/uploads\/sites\/2\/2021\/05\/pniak-4-web.jpg\",\"datePublished\":\"2021-05-10T22:01:32+00:00\",\"author\":{\"@id\":\"https:\/\/dariusz-muszer.de\/pl\/#\/schema\/person\/9f0c1c0310d5a835a41c892f377a9d48\"},\"description\":\"No i sta\u0142o si\u0119, ogr\u00f3d nasz\u0142a zaraza. Nikt nie wie, sk\u0105d przyby\u0142a. To znaczy, kto\u015b tam pewnie wie, ale ten kto\u015b nie pochodzi z ogrodu.\",\"breadcrumb\":{\"@id\":\"https:\/\/dariusz-muszer.de\/pl\/o-tym-jak-wziela-sie-za-nas-zaraza\/#breadcrumb\"},\"inLanguage\":\"pl-PL\",\"potentialAction\":[{\"@type\":\"ReadAction\",\"target\":[\"https:\/\/dariusz-muszer.de\/pl\/o-tym-jak-wziela-sie-za-nas-zaraza\/\"]}]},{\"@type\":\"ImageObject\",\"inLanguage\":\"pl-PL\",\"@id\":\"https:\/\/dariusz-muszer.de\/pl\/o-tym-jak-wziela-sie-za-nas-zaraza\/#primaryimage\",\"url\":\"https:\/\/dariusz-muszer.de\/pl\/wp-content\/uploads\/sites\/2\/2021\/05\/pniak-4-web.jpg\",\"contentUrl\":\"https:\/\/dariusz-muszer.de\/pl\/wp-content\/uploads\/sites\/2\/2021\/05\/pniak-4-web.jpg\",\"width\":800,\"height\":533,\"caption\":\"pniak\"},{\"@type\":\"BreadcrumbList\",\"@id\":\"https:\/\/dariusz-muszer.de\/pl\/o-tym-jak-wziela-sie-za-nas-zaraza\/#breadcrumb\",\"itemListElement\":[{\"@type\":\"ListItem\",\"position\":1,\"name\":\"Strona g\u0142\u00f3wna\",\"item\":\"https:\/\/dariusz-muszer.de\/pl\/\"},{\"@type\":\"ListItem\",\"position\":2,\"name\":\"O tym, jak wzi\u0119\u0142a si\u0119 za nas zaraza\"}]},{\"@type\":\"WebSite\",\"@id\":\"https:\/\/dariusz-muszer.de\/pl\/#website\",\"url\":\"https:\/\/dariusz-muszer.de\/pl\/\",\"name\":\"Dariusz Muszer\",\"description\":\"pisarz\",\"potentialAction\":[{\"@type\":\"SearchAction\",\"target\":{\"@type\":\"EntryPoint\",\"urlTemplate\":\"https:\/\/dariusz-muszer.de\/pl\/?s={search_term_string}\"},\"query-input\":{\"@type\":\"PropertyValueSpecification\",\"valueRequired\":true,\"valueName\":\"search_term_string\"}}],\"inLanguage\":\"pl-PL\"},{\"@type\":\"Person\",\"@id\":\"https:\/\/dariusz-muszer.de\/pl\/#\/schema\/person\/9f0c1c0310d5a835a41c892f377a9d48\",\"name\":\"Kalong\",\"image\":{\"@type\":\"ImageObject\",\"inLanguage\":\"pl-PL\",\"@id\":\"https:\/\/dariusz-muszer.de\/pl\/#\/schema\/person\/image\/\",\"url\":\"https:\/\/secure.gravatar.com\/avatar\/c9f779f2a71c9a87e8c401a809d61b28d74fc852ff3f345760cf377e19933461?s=96&d=mm&r=g\",\"contentUrl\":\"https:\/\/secure.gravatar.com\/avatar\/c9f779f2a71c9a87e8c401a809d61b28d74fc852ff3f345760cf377e19933461?s=96&d=mm&r=g\",\"caption\":\"Kalong\"},\"url\":\"https:\/\/dariusz-muszer.de\/pl\/author\/kalong\/\"}]}<\/script>\n<!-- \/ Yoast SEO plugin. -->","yoast_head_json":{"title":"O tym, jak wzi\u0119\u0142a si\u0119 za nas zaraza - Dariusz Muszer","description":"No i sta\u0142o si\u0119, ogr\u00f3d nasz\u0142a zaraza. Nikt nie wie, sk\u0105d przyby\u0142a. To znaczy, kto\u015b tam pewnie wie, ale ten kto\u015b nie pochodzi z ogrodu.","robots":{"index":"index","follow":"follow","max-snippet":"max-snippet:-1","max-image-preview":"max-image-preview:large","max-video-preview":"max-video-preview:-1"},"canonical":"https:\/\/dariusz-muszer.de\/pl\/o-tym-jak-wziela-sie-za-nas-zaraza\/","og_locale":"pl_PL","og_type":"article","og_title":"O tym, jak wzi\u0119\u0142a si\u0119 za nas zaraza - Dariusz Muszer","og_description":"No i sta\u0142o si\u0119, ogr\u00f3d nasz\u0142a zaraza. Nikt nie wie, sk\u0105d przyby\u0142a. To znaczy, kto\u015b tam pewnie wie, ale ten kto\u015b nie pochodzi z ogrodu.","og_url":"https:\/\/dariusz-muszer.de\/pl\/o-tym-jak-wziela-sie-za-nas-zaraza\/","og_site_name":"Dariusz Muszer","article_published_time":"2021-05-10T22:01:32+00:00","og_image":[{"width":800,"height":533,"url":"https:\/\/dariusz-muszer.de\/pl\/wp-content\/uploads\/sites\/2\/2021\/05\/pniak-4-web.jpg","type":"image\/jpeg"}],"author":"Kalong","twitter_card":"summary_large_image","twitter_misc":{"Napisane przez":"Kalong","Szacowany czas czytania":"4 minuty"},"schema":{"@context":"https:\/\/schema.org","@graph":[{"@type":"Article","@id":"https:\/\/dariusz-muszer.de\/pl\/o-tym-jak-wziela-sie-za-nas-zaraza\/#article","isPartOf":{"@id":"https:\/\/dariusz-muszer.de\/pl\/o-tym-jak-wziela-sie-za-nas-zaraza\/"},"author":{"name":"Kalong","@id":"https:\/\/dariusz-muszer.de\/pl\/#\/schema\/person\/9f0c1c0310d5a835a41c892f377a9d48"},"headline":"O tym, jak wzi\u0119\u0142a si\u0119 za nas zaraza","datePublished":"2021-05-10T22:01:32+00:00","mainEntityOfPage":{"@id":"https:\/\/dariusz-muszer.de\/pl\/o-tym-jak-wziela-sie-za-nas-zaraza\/"},"wordCount":812,"image":{"@id":"https:\/\/dariusz-muszer.de\/pl\/o-tym-jak-wziela-sie-za-nas-zaraza\/#primaryimage"},"thumbnailUrl":"https:\/\/dariusz-muszer.de\/pl\/wp-content\/uploads\/sites\/2\/2021\/05\/pniak-4-web.jpg","keywords":["krzaczek porzeczki","paj\u0105k","pigwa","\u0142apu-capu"],"articleSection":["Ze wspomnie\u0144 krzaczka porzeczki"],"inLanguage":"pl-PL"},{"@type":"WebPage","@id":"https:\/\/dariusz-muszer.de\/pl\/o-tym-jak-wziela-sie-za-nas-zaraza\/","url":"https:\/\/dariusz-muszer.de\/pl\/o-tym-jak-wziela-sie-za-nas-zaraza\/","name":"O tym, jak wzi\u0119\u0142a si\u0119 za nas zaraza - Dariusz Muszer","isPartOf":{"@id":"https:\/\/dariusz-muszer.de\/pl\/#website"},"primaryImageOfPage":{"@id":"https:\/\/dariusz-muszer.de\/pl\/o-tym-jak-wziela-sie-za-nas-zaraza\/#primaryimage"},"image":{"@id":"https:\/\/dariusz-muszer.de\/pl\/o-tym-jak-wziela-sie-za-nas-zaraza\/#primaryimage"},"thumbnailUrl":"https:\/\/dariusz-muszer.de\/pl\/wp-content\/uploads\/sites\/2\/2021\/05\/pniak-4-web.jpg","datePublished":"2021-05-10T22:01:32+00:00","author":{"@id":"https:\/\/dariusz-muszer.de\/pl\/#\/schema\/person\/9f0c1c0310d5a835a41c892f377a9d48"},"description":"No i sta\u0142o si\u0119, ogr\u00f3d nasz\u0142a zaraza. Nikt nie wie, sk\u0105d przyby\u0142a. To znaczy, kto\u015b tam pewnie wie, ale ten kto\u015b nie pochodzi z ogrodu.","breadcrumb":{"@id":"https:\/\/dariusz-muszer.de\/pl\/o-tym-jak-wziela-sie-za-nas-zaraza\/#breadcrumb"},"inLanguage":"pl-PL","potentialAction":[{"@type":"ReadAction","target":["https:\/\/dariusz-muszer.de\/pl\/o-tym-jak-wziela-sie-za-nas-zaraza\/"]}]},{"@type":"ImageObject","inLanguage":"pl-PL","@id":"https:\/\/dariusz-muszer.de\/pl\/o-tym-jak-wziela-sie-za-nas-zaraza\/#primaryimage","url":"https:\/\/dariusz-muszer.de\/pl\/wp-content\/uploads\/sites\/2\/2021\/05\/pniak-4-web.jpg","contentUrl":"https:\/\/dariusz-muszer.de\/pl\/wp-content\/uploads\/sites\/2\/2021\/05\/pniak-4-web.jpg","width":800,"height":533,"caption":"pniak"},{"@type":"BreadcrumbList","@id":"https:\/\/dariusz-muszer.de\/pl\/o-tym-jak-wziela-sie-za-nas-zaraza\/#breadcrumb","itemListElement":[{"@type":"ListItem","position":1,"name":"Strona g\u0142\u00f3wna","item":"https:\/\/dariusz-muszer.de\/pl\/"},{"@type":"ListItem","position":2,"name":"O tym, jak wzi\u0119\u0142a si\u0119 za nas zaraza"}]},{"@type":"WebSite","@id":"https:\/\/dariusz-muszer.de\/pl\/#website","url":"https:\/\/dariusz-muszer.de\/pl\/","name":"Dariusz Muszer","description":"pisarz","potentialAction":[{"@type":"SearchAction","target":{"@type":"EntryPoint","urlTemplate":"https:\/\/dariusz-muszer.de\/pl\/?s={search_term_string}"},"query-input":{"@type":"PropertyValueSpecification","valueRequired":true,"valueName":"search_term_string"}}],"inLanguage":"pl-PL"},{"@type":"Person","@id":"https:\/\/dariusz-muszer.de\/pl\/#\/schema\/person\/9f0c1c0310d5a835a41c892f377a9d48","name":"Kalong","image":{"@type":"ImageObject","inLanguage":"pl-PL","@id":"https:\/\/dariusz-muszer.de\/pl\/#\/schema\/person\/image\/","url":"https:\/\/secure.gravatar.com\/avatar\/c9f779f2a71c9a87e8c401a809d61b28d74fc852ff3f345760cf377e19933461?s=96&d=mm&r=g","contentUrl":"https:\/\/secure.gravatar.com\/avatar\/c9f779f2a71c9a87e8c401a809d61b28d74fc852ff3f345760cf377e19933461?s=96&d=mm&r=g","caption":"Kalong"},"url":"https:\/\/dariusz-muszer.de\/pl\/author\/kalong\/"}]}},"_links":{"self":[{"href":"https:\/\/dariusz-muszer.de\/pl\/wp-json\/wp\/v2\/posts\/1466","targetHints":{"allow":["GET"]}}],"collection":[{"href":"https:\/\/dariusz-muszer.de\/pl\/wp-json\/wp\/v2\/posts"}],"about":[{"href":"https:\/\/dariusz-muszer.de\/pl\/wp-json\/wp\/v2\/types\/post"}],"author":[{"embeddable":true,"href":"https:\/\/dariusz-muszer.de\/pl\/wp-json\/wp\/v2\/users\/1"}],"replies":[{"embeddable":true,"href":"https:\/\/dariusz-muszer.de\/pl\/wp-json\/wp\/v2\/comments?post=1466"}],"version-history":[{"count":6,"href":"https:\/\/dariusz-muszer.de\/pl\/wp-json\/wp\/v2\/posts\/1466\/revisions"}],"predecessor-version":[{"id":1487,"href":"https:\/\/dariusz-muszer.de\/pl\/wp-json\/wp\/v2\/posts\/1466\/revisions\/1487"}],"wp:featuredmedia":[{"embeddable":true,"href":"https:\/\/dariusz-muszer.de\/pl\/wp-json\/wp\/v2\/media\/1503"}],"wp:attachment":[{"href":"https:\/\/dariusz-muszer.de\/pl\/wp-json\/wp\/v2\/media?parent=1466"}],"wp:term":[{"taxonomy":"category","embeddable":true,"href":"https:\/\/dariusz-muszer.de\/pl\/wp-json\/wp\/v2\/categories?post=1466"},{"taxonomy":"post_tag","embeddable":true,"href":"https:\/\/dariusz-muszer.de\/pl\/wp-json\/wp\/v2\/tags?post=1466"}],"curies":[{"name":"wp","href":"https:\/\/api.w.org\/{rel}","templated":true}]}}