{"id":139,"date":"2015-06-01T22:19:20","date_gmt":"2015-06-01T20:19:20","guid":{"rendered":"http:\/\/dariusz-muszer.de\/pl\/?p=139"},"modified":"2015-06-08T10:28:47","modified_gmt":"2015-06-08T08:28:47","slug":"piotr-w-lorkowski-strzezcie-sie-naletnika","status":"publish","type":"post","link":"https:\/\/dariusz-muszer.de\/pl\/piotr-w-lorkowski-strzezcie-sie-naletnika\/","title":{"rendered":"Piotr W. Lorkowski: Strze\u017ccie si\u0119 Naletnika!"},"content":{"rendered":"<p><a href=\"https:\/\/dariusz-muszer.de\/pl\/wp-content\/uploads\/sites\/2\/2015\/06\/die-freiheit-riecht-nach-vanille.jpg\" rel=\"lightbox[139]\"><img loading=\"lazy\" decoding=\"async\" class=\"alignleft size-medium wp-image-484\" src=\"https:\/\/dariusz-muszer.de\/pl\/wp-content\/uploads\/sites\/2\/2015\/06\/die-freiheit-riecht-nach-vanille-195x300.jpg\" alt=\"die-freiheit-riecht-nach-vanille\" width=\"195\" height=\"300\" srcset=\"https:\/\/dariusz-muszer.de\/pl\/wp-content\/uploads\/sites\/2\/2015\/06\/die-freiheit-riecht-nach-vanille-195x300.jpg 195w, https:\/\/dariusz-muszer.de\/pl\/wp-content\/uploads\/sites\/2\/2015\/06\/die-freiheit-riecht-nach-vanille-130x200.jpg 130w, https:\/\/dariusz-muszer.de\/pl\/wp-content\/uploads\/sites\/2\/2015\/06\/die-freiheit-riecht-nach-vanille.jpg 600w\" sizes=\"auto, (max-width: 195px) 100vw, 195px\" \/><\/a>Czy pisarz mo\u017ce by\u0107 politycznie niepoprawny? Nie tylko mo\u017ce. Niekiedy po prostu powinien. Bo \u017cycie, jak powiadaj\u0105 jedni, czy bycie, jak woleliby drudzy, niewiele ma wsp\u00f3lnego z pomys\u0142ami i rytua\u0142ami sk\u0142adaj\u0105cymi si\u0119 na political corectness, t\u0119 now\u0105 religi\u0119 postmodernist\u00f3w. Nie w\u0105tpi\u0119 zatem, \u017ce jej wyznawcy, wpisz\u0105 na sw\u00f3j indeks wydan\u0105 przed kilkoma miesi\u0105cami powie\u015b\u0107 Dariusza Muszera \u201eWolno\u015b\u0107 pachnie wanili\u0105\u201d.<\/p>\n<p>Jej autor od dawna penetrowa\u0142 \u201eciemne strony\u201d, patologie istnienia. Ale nigdy przedtem nie posun\u0105\u0142 si\u0119 tak daleko w \u0142amaniu wygodnych dla faryzeuszy i filistr\u00f3w tabu, w wypowiadaniu zjadliwie krytycznych s\u0105d\u00f3w o wsp\u00f3\u0142czesno\u015bci zachodniej Europy \u017cyj\u0105cej w przesycie, t\u0119po z siebie zadowolonej, wi\u0119c przysypiaj\u0105cej na jedno oko. Bo gdyby by\u0142a czujna, nie przeoczy\u0142aby chyba wa\u0142\u0119saj\u0105cego si\u0119 po sennym Hanowerze i innych, podobnie upiornych miejscowo\u015bciach przyby\u0142ego z Polski (czyli znik\u0105d) osobnika nazwiskiem Naletnik. Biografia tego \u017cydowsko-polsko-\u0142u\u017cycko-niemieckiego \u201emiesza\u0144ca\u201d to dzieje naszej cz\u0119\u015bci kontynentu in nuce. Zdeterminowa\u0142y one los bohatera na d\u0142ugo przed jego narodzinami; kaza\u0142y mu si\u0119 zmaga\u0107 z przekle\u0144stwem pochodzenia i spo\u0142ecznej degradacji. Si\u0142\u0105 rzeczy odziedziczy\u0142 on geny zar\u00f3wno ofiar jak i sprawc\u00f3w wojennych zbrodni. Jako doros\u0142y zostanie prokuratorem i wsp\u00f3\u0142pracownikiem s\u0142u\u017cby bezpiecze\u0144stwa PRL, by potem \u201ewybra\u0107 wolno\u015b\u0107\u201d na drugim brzegu \u0141aby. Nie spodziewajmy si\u0119 jednak, \u017ce tutaj, jak za dotkni\u0119ciem czarodziejskiej r\u00f3\u017cd\u017cki, zamieni si\u0119 w szlachetnego emigranta. Nie ma na to najskromniejszych zadatk\u00f3w. Nie \u017cywi z\u0142udze\u0144 co do samego siebie. Potrafi bez skrupu\u0142\u00f3w zdyskontowa\u0107 zar\u00f3wno nazistowsk\u0105 przesz\u0142o\u015b\u0107 swego przodka jak i w\u0142asn\u0105 \u0107wier\u0107-\u017cydowsko\u015b\u0107, byleby tylko dost\u0105pi\u0107 owej szczeg\u00f3lnej nobilitacji \u2013 uczestnictwa w przywilejach spo\u0142ecze\u0144stwa konsumpcyjnego, cho\u0107 na pocz\u0105tku owa konsumpcyjna wolno\u015b\u0107 ogranicza si\u0119 jedynie do spo\u017cywania du\u017cych ilo\u015bci waniliowego puddingu. W imi\u0119 tego Naletnik jest got\u00f3w pope\u0142ni\u0107 ka\u017cd\u0105 niegodziwo\u015b\u0107 \u2013 z zab\u00f3jstwem bliskich w\u0142\u0105cznie.<\/p>\n<p>Muszer tworzy posta\u0107 monstrualn\u0105, przera\u017caj\u0105co zdemoralizowan\u0105, mimo to, a mo\u017ce w\u0142a\u015bnie dzi\u0119ki temu \u2013 wiarygodn\u0105. Jego Europa ma oblicze milion\u00f3w miesza\u0144c\u00f3w, wygna\u0144c\u00f3w. W otoczeniu g\u0142\u00f3wnego bohatera \u201eWanilii\u201d niewielu znajdziemy rodowitych Niemc\u00f3w. Ich stosunek do \u201eprzychod\u017ac\u00f3w znik\u0105d\u201d: Jugos\u0142owian, \u017byd\u00f3w, Polak\u00f3w jest zabarwiony swoist\u0105 Hassenliebe: z jednej strony gardz\u0105 przybyszami, z drugiej \u2013 potrzebuj\u0105 ich, by poczu\u0107 si\u0119 lepszymi. Pisarz bez pardonu ujawnia tak g\u0142\u0119boko skrywany, ju\u017c niegro\u017any, ale wci\u0105\u017c trudny rys niemieckiej \u015bwiadomo\u015bci, w du\u017cej mierze wsp\u00f3\u0142kszta\u0142tuj\u0105cy narodowy stereotyp. Ale nie stereotypy stawia nam Muszer przed oczy, lecz indywidualno\u015bci, czasem wr\u0119cz indywidua: K.K., pisarza i kolekcjonera ludzkich g\u0142os\u00f3w, kloszarda Skunksa, pijaka i obiboka Kurta (totalne zaprzeczenie o niemieckiej zapobiegliwo\u015bci!), odnajduj\u0105c\u0105 si\u0119 nagle siostr\u0119 Naletnika, Sar\u0119, i ich wsp\u00f3lnego ojca \u2013 \u017byda-homoseksualist\u0119, zmar\u0142ego na jak\u0105\u015b nie do ko\u0144ca nazwan\u0105 chorob\u0119. Choroba zreszt\u0105 wydaje si\u0119 tutaj metafor\u0105 wszelkich aberracji ducha, od kt\u00f3rych bohaterowie uwolni\u0107 si\u0119 nie chc\u0105 lub nie mog\u0105.<\/p>\n<p>Lektura najnowszej powie\u015bci hanowerskiego prozaika (kilka innych, napisanych po polsku, nie doczeka\u0142o si\u0119 wydania) daje poj\u0119cie o doskonaleniu si\u0119 jego warsztatu. Nie ma tu zda\u0144 zb\u0119dnych. Narracja zosta\u0142a tu poprowadzona w spos\u00f3b bardzo konsekwentny, a niedopowiedzenia i zawieszenia akcji znakomicie s\u0142u\u017c\u0105 budowaniu napi\u0119cia. Muszerowi powiod\u0142a si\u0119 pr\u00f3ba o\u017cywienia tradycyjnego monologu wewn\u0119trznego, bez kt\u00f3rego utw\u00f3r wystylizowany na konfesyjn\u0105 autobiografi\u0119 by\u0142by nie do pomy\u015blenia.<\/p>\n<p>\u201dWanilia\u201d to wreszcie powie\u015b\u0107-antologia. Staje si\u0119 ni\u0105 za spraw\u0105 umieszczonych na pocz\u0105tku ka\u017cdego rozdzia\u0142u, u\u0142o\u017conych w chaotyczn\u0105 jak wideoklip, szokuj\u0105c\u0105 mozaik\u0119 cytat\u00f3w, w\u015br\u00f3d kt\u00f3rych znale\u017a\u0107 mo\u017cna zar\u00f3wno wyimki z klasyk\u00f3w , jak i przys\u0142owia utrwalone w pami\u0119ci narod\u00f3w i na \u015bcianach sanitariat\u00f3w. Muszer nie cofa si\u0119 przed mieszaniem konwencji. Fantastyczna pikareska spotyka si\u0119 u niego z krymina\u0142em i parabol\u0105 najlepszej kafkowskiej proweniencji.<\/p>\n<p>\u015awiat pragnie k\u0142amstwa i k\u0142amc\u00f3w \u2013 tako rzecze Naletnik. C\u00f3\u017c jednak zrobi\u0107, gdy pisarz okazuje si\u0119 na tyle zdeterminowany i niegrzeczny, \u017ce kreuje \u015bwiat wstrz\u0105saj\u0105co podobny do prawdziwego? Czasem wypada go za to nagrodzi\u0107. I tak zesz\u0142ej jesieni powie\u015b\u0107 Dariusza Muszera uhonorowano wyr\u00f3\u017cnieniem o nazwie \u201eNajlepsza ksi\u0105\u017cka Dolnej Saksonii i Bremy\u201d. Przy\u0142\u0105czamy si\u0119 do gratulacji!<\/p>\n<p>TOPOS, nr 1(50) z 2000 roku<br \/>\n\u00a9 <a href=\"http:\/\/pl.wikipedia.org\/wiki\/Piotr_Wiktor_Lorkowski\">Piotr W. Lorkowski<\/a><\/p>\n","protected":false},"excerpt":{"rendered":"<p>Czy pisarz mo\u017ce by\u0107 politycznie niepoprawny? Nie tylko mo\u017ce. Niekiedy po prostu powinien. Bo \u017cycie, jak powiadaj\u0105 jedni, czy bycie, jak woleliby drudzy, niewiele ma wsp\u00f3lnego z pomys\u0142ami i rytua\u0142ami sk\u0142adaj\u0105cymi si\u0119 na political corectness, t\u0119 now\u0105 religi\u0119 postmodernist\u00f3w. Nie w\u0105tpi\u0119 zatem, \u017ce jej wyznawcy, wpisz\u0105 na sw\u00f3j indeks wydan\u0105 przed kilkoma miesi\u0105cami powie\u015b\u0107 Dariusza [&hellip;]<\/p>\n","protected":false},"author":1,"featured_media":0,"comment_status":"closed","ping_status":"closed","sticky":false,"template":"","format":"standard","meta":{"footnotes":""},"categories":[9,4],"tags":[40,84,36,16,17,7],"class_list":["post-139","post","type-post","status-publish","format-standard","hentry","category-recenzja","category-wolnosc-pachnie-wanilia","tag-a1-verlag","tag-die-freiheit-riecht-nach-vanille","tag-naletnik","tag-piotr-w-lorkowski","tag-topos","tag-wolnosc-pachnie-wanilia"],"yoast_head":"<!-- This site is optimized with the Yoast SEO plugin v27.0 - https:\/\/yoast.com\/product\/yoast-seo-wordpress\/ -->\n<title>Piotr W. Lorkowski: Strze\u017ccie si\u0119 Naletnika! - Dariusz Muszer<\/title>\n<meta name=\"description\" content=\"Piotr W. Lorkowski o Wolno\u015b\u0107 pachnie wanili\u0105, powie\u015bci Dariusza Muszera. Czy pisarz mo\u017ce by\u0107 politycznie niepoprawny? Nie tylko mo\u017ce. Niekiedy po prostu\" \/>\n<meta name=\"robots\" content=\"index, follow, max-snippet:-1, max-image-preview:large, max-video-preview:-1\" \/>\n<link rel=\"canonical\" href=\"https:\/\/dariusz-muszer.de\/pl\/piotr-w-lorkowski-strzezcie-sie-naletnika\/\" \/>\n<meta property=\"og:locale\" content=\"pl_PL\" \/>\n<meta property=\"og:type\" content=\"article\" \/>\n<meta property=\"og:title\" content=\"Piotr W. Lorkowski: Strze\u017ccie si\u0119 Naletnika! - Dariusz Muszer\" \/>\n<meta property=\"og:description\" content=\"Piotr W. Lorkowski o Wolno\u015b\u0107 pachnie wanili\u0105, powie\u015bci Dariusza Muszera. Czy pisarz mo\u017ce by\u0107 politycznie niepoprawny? Nie tylko mo\u017ce. Niekiedy po prostu\" \/>\n<meta property=\"og:url\" content=\"https:\/\/dariusz-muszer.de\/pl\/piotr-w-lorkowski-strzezcie-sie-naletnika\/\" \/>\n<meta property=\"og:site_name\" content=\"Dariusz Muszer\" \/>\n<meta property=\"article:published_time\" content=\"2015-06-01T20:19:20+00:00\" \/>\n<meta property=\"article:modified_time\" content=\"2015-06-08T08:28:47+00:00\" \/>\n<meta property=\"og:image\" content=\"http:\/\/dariusz-muszer.de\/pl\/wp-content\/uploads\/sites\/2\/2015\/06\/die-freiheit-riecht-nach-vanille-195x300.jpg\" \/>\n<meta name=\"author\" content=\"Kalong\" \/>\n<meta name=\"twitter:card\" content=\"summary_large_image\" \/>\n<meta name=\"twitter:label1\" content=\"Napisane przez\" \/>\n\t<meta name=\"twitter:data1\" content=\"Kalong\" \/>\n\t<meta name=\"twitter:label2\" content=\"Szacowany czas czytania\" \/>\n\t<meta name=\"twitter:data2\" content=\"4 minuty\" \/>\n<script type=\"application\/ld+json\" class=\"yoast-schema-graph\">{\"@context\":\"https:\/\/schema.org\",\"@graph\":[{\"@type\":\"Article\",\"@id\":\"https:\/\/dariusz-muszer.de\/pl\/piotr-w-lorkowski-strzezcie-sie-naletnika\/#article\",\"isPartOf\":{\"@id\":\"https:\/\/dariusz-muszer.de\/pl\/piotr-w-lorkowski-strzezcie-sie-naletnika\/\"},\"author\":{\"name\":\"Kalong\",\"@id\":\"https:\/\/dariusz-muszer.de\/pl\/#\/schema\/person\/9f0c1c0310d5a835a41c892f377a9d48\"},\"headline\":\"Piotr W. Lorkowski: Strze\u017ccie si\u0119 Naletnika!\",\"datePublished\":\"2015-06-01T20:19:20+00:00\",\"dateModified\":\"2015-06-08T08:28:47+00:00\",\"mainEntityOfPage\":{\"@id\":\"https:\/\/dariusz-muszer.de\/pl\/piotr-w-lorkowski-strzezcie-sie-naletnika\/\"},\"wordCount\":753,\"image\":{\"@id\":\"https:\/\/dariusz-muszer.de\/pl\/piotr-w-lorkowski-strzezcie-sie-naletnika\/#primaryimage\"},\"thumbnailUrl\":\"http:\/\/dariusz-muszer.de\/pl\/wp-content\/uploads\/sites\/2\/2015\/06\/die-freiheit-riecht-nach-vanille-195x300.jpg\",\"keywords\":[\"A1 Verlag\",\"Die Freiheit riecht nach Vanille\",\"Naletnik\",\"Piotr W. Lorkowski\",\"Topos\",\"Wolno\u015b\u0107 pachnie wanili\u0105\"],\"articleSection\":[\"Recenzja\",\"Wolno\u015b\u0107 pachnie wanili\u0105\"],\"inLanguage\":\"pl-PL\"},{\"@type\":\"WebPage\",\"@id\":\"https:\/\/dariusz-muszer.de\/pl\/piotr-w-lorkowski-strzezcie-sie-naletnika\/\",\"url\":\"https:\/\/dariusz-muszer.de\/pl\/piotr-w-lorkowski-strzezcie-sie-naletnika\/\",\"name\":\"Piotr W. Lorkowski: Strze\u017ccie si\u0119 Naletnika! - Dariusz Muszer\",\"isPartOf\":{\"@id\":\"https:\/\/dariusz-muszer.de\/pl\/#website\"},\"primaryImageOfPage\":{\"@id\":\"https:\/\/dariusz-muszer.de\/pl\/piotr-w-lorkowski-strzezcie-sie-naletnika\/#primaryimage\"},\"image\":{\"@id\":\"https:\/\/dariusz-muszer.de\/pl\/piotr-w-lorkowski-strzezcie-sie-naletnika\/#primaryimage\"},\"thumbnailUrl\":\"http:\/\/dariusz-muszer.de\/pl\/wp-content\/uploads\/sites\/2\/2015\/06\/die-freiheit-riecht-nach-vanille-195x300.jpg\",\"datePublished\":\"2015-06-01T20:19:20+00:00\",\"dateModified\":\"2015-06-08T08:28:47+00:00\",\"author\":{\"@id\":\"https:\/\/dariusz-muszer.de\/pl\/#\/schema\/person\/9f0c1c0310d5a835a41c892f377a9d48\"},\"description\":\"Piotr W. Lorkowski o Wolno\u015b\u0107 pachnie wanili\u0105, powie\u015bci Dariusza Muszera. Czy pisarz mo\u017ce by\u0107 politycznie niepoprawny? Nie tylko mo\u017ce. Niekiedy po prostu\",\"breadcrumb\":{\"@id\":\"https:\/\/dariusz-muszer.de\/pl\/piotr-w-lorkowski-strzezcie-sie-naletnika\/#breadcrumb\"},\"inLanguage\":\"pl-PL\",\"potentialAction\":[{\"@type\":\"ReadAction\",\"target\":[\"https:\/\/dariusz-muszer.de\/pl\/piotr-w-lorkowski-strzezcie-sie-naletnika\/\"]}]},{\"@type\":\"ImageObject\",\"inLanguage\":\"pl-PL\",\"@id\":\"https:\/\/dariusz-muszer.de\/pl\/piotr-w-lorkowski-strzezcie-sie-naletnika\/#primaryimage\",\"url\":\"http:\/\/dariusz-muszer.de\/pl\/wp-content\/uploads\/sites\/2\/2015\/06\/die-freiheit-riecht-nach-vanille-195x300.jpg\",\"contentUrl\":\"http:\/\/dariusz-muszer.de\/pl\/wp-content\/uploads\/sites\/2\/2015\/06\/die-freiheit-riecht-nach-vanille-195x300.jpg\"},{\"@type\":\"BreadcrumbList\",\"@id\":\"https:\/\/dariusz-muszer.de\/pl\/piotr-w-lorkowski-strzezcie-sie-naletnika\/#breadcrumb\",\"itemListElement\":[{\"@type\":\"ListItem\",\"position\":1,\"name\":\"Strona g\u0142\u00f3wna\",\"item\":\"https:\/\/dariusz-muszer.de\/pl\/\"},{\"@type\":\"ListItem\",\"position\":2,\"name\":\"Piotr W. Lorkowski: Strze\u017ccie si\u0119 Naletnika!\"}]},{\"@type\":\"WebSite\",\"@id\":\"https:\/\/dariusz-muszer.de\/pl\/#website\",\"url\":\"https:\/\/dariusz-muszer.de\/pl\/\",\"name\":\"Dariusz Muszer\",\"description\":\"pisarz\",\"potentialAction\":[{\"@type\":\"SearchAction\",\"target\":{\"@type\":\"EntryPoint\",\"urlTemplate\":\"https:\/\/dariusz-muszer.de\/pl\/?s={search_term_string}\"},\"query-input\":{\"@type\":\"PropertyValueSpecification\",\"valueRequired\":true,\"valueName\":\"search_term_string\"}}],\"inLanguage\":\"pl-PL\"},{\"@type\":\"Person\",\"@id\":\"https:\/\/dariusz-muszer.de\/pl\/#\/schema\/person\/9f0c1c0310d5a835a41c892f377a9d48\",\"name\":\"Kalong\",\"image\":{\"@type\":\"ImageObject\",\"inLanguage\":\"pl-PL\",\"@id\":\"https:\/\/dariusz-muszer.de\/pl\/#\/schema\/person\/image\/\",\"url\":\"https:\/\/secure.gravatar.com\/avatar\/c9f779f2a71c9a87e8c401a809d61b28d74fc852ff3f345760cf377e19933461?s=96&d=mm&r=g\",\"contentUrl\":\"https:\/\/secure.gravatar.com\/avatar\/c9f779f2a71c9a87e8c401a809d61b28d74fc852ff3f345760cf377e19933461?s=96&d=mm&r=g\",\"caption\":\"Kalong\"},\"url\":\"https:\/\/dariusz-muszer.de\/pl\/author\/kalong\/\"}]}<\/script>\n<!-- \/ Yoast SEO plugin. -->","yoast_head_json":{"title":"Piotr W. Lorkowski: Strze\u017ccie si\u0119 Naletnika! - Dariusz Muszer","description":"Piotr W. Lorkowski o Wolno\u015b\u0107 pachnie wanili\u0105, powie\u015bci Dariusza Muszera. Czy pisarz mo\u017ce by\u0107 politycznie niepoprawny? Nie tylko mo\u017ce. Niekiedy po prostu","robots":{"index":"index","follow":"follow","max-snippet":"max-snippet:-1","max-image-preview":"max-image-preview:large","max-video-preview":"max-video-preview:-1"},"canonical":"https:\/\/dariusz-muszer.de\/pl\/piotr-w-lorkowski-strzezcie-sie-naletnika\/","og_locale":"pl_PL","og_type":"article","og_title":"Piotr W. Lorkowski: Strze\u017ccie si\u0119 Naletnika! - Dariusz Muszer","og_description":"Piotr W. Lorkowski o Wolno\u015b\u0107 pachnie wanili\u0105, powie\u015bci Dariusza Muszera. Czy pisarz mo\u017ce by\u0107 politycznie niepoprawny? Nie tylko mo\u017ce. Niekiedy po prostu","og_url":"https:\/\/dariusz-muszer.de\/pl\/piotr-w-lorkowski-strzezcie-sie-naletnika\/","og_site_name":"Dariusz Muszer","article_published_time":"2015-06-01T20:19:20+00:00","article_modified_time":"2015-06-08T08:28:47+00:00","og_image":[{"url":"http:\/\/dariusz-muszer.de\/pl\/wp-content\/uploads\/sites\/2\/2015\/06\/die-freiheit-riecht-nach-vanille-195x300.jpg","type":"","width":"","height":""}],"author":"Kalong","twitter_card":"summary_large_image","twitter_misc":{"Napisane przez":"Kalong","Szacowany czas czytania":"4 minuty"},"schema":{"@context":"https:\/\/schema.org","@graph":[{"@type":"Article","@id":"https:\/\/dariusz-muszer.de\/pl\/piotr-w-lorkowski-strzezcie-sie-naletnika\/#article","isPartOf":{"@id":"https:\/\/dariusz-muszer.de\/pl\/piotr-w-lorkowski-strzezcie-sie-naletnika\/"},"author":{"name":"Kalong","@id":"https:\/\/dariusz-muszer.de\/pl\/#\/schema\/person\/9f0c1c0310d5a835a41c892f377a9d48"},"headline":"Piotr W. Lorkowski: Strze\u017ccie si\u0119 Naletnika!","datePublished":"2015-06-01T20:19:20+00:00","dateModified":"2015-06-08T08:28:47+00:00","mainEntityOfPage":{"@id":"https:\/\/dariusz-muszer.de\/pl\/piotr-w-lorkowski-strzezcie-sie-naletnika\/"},"wordCount":753,"image":{"@id":"https:\/\/dariusz-muszer.de\/pl\/piotr-w-lorkowski-strzezcie-sie-naletnika\/#primaryimage"},"thumbnailUrl":"http:\/\/dariusz-muszer.de\/pl\/wp-content\/uploads\/sites\/2\/2015\/06\/die-freiheit-riecht-nach-vanille-195x300.jpg","keywords":["A1 Verlag","Die Freiheit riecht nach Vanille","Naletnik","Piotr W. Lorkowski","Topos","Wolno\u015b\u0107 pachnie wanili\u0105"],"articleSection":["Recenzja","Wolno\u015b\u0107 pachnie wanili\u0105"],"inLanguage":"pl-PL"},{"@type":"WebPage","@id":"https:\/\/dariusz-muszer.de\/pl\/piotr-w-lorkowski-strzezcie-sie-naletnika\/","url":"https:\/\/dariusz-muszer.de\/pl\/piotr-w-lorkowski-strzezcie-sie-naletnika\/","name":"Piotr W. Lorkowski: Strze\u017ccie si\u0119 Naletnika! - Dariusz Muszer","isPartOf":{"@id":"https:\/\/dariusz-muszer.de\/pl\/#website"},"primaryImageOfPage":{"@id":"https:\/\/dariusz-muszer.de\/pl\/piotr-w-lorkowski-strzezcie-sie-naletnika\/#primaryimage"},"image":{"@id":"https:\/\/dariusz-muszer.de\/pl\/piotr-w-lorkowski-strzezcie-sie-naletnika\/#primaryimage"},"thumbnailUrl":"http:\/\/dariusz-muszer.de\/pl\/wp-content\/uploads\/sites\/2\/2015\/06\/die-freiheit-riecht-nach-vanille-195x300.jpg","datePublished":"2015-06-01T20:19:20+00:00","dateModified":"2015-06-08T08:28:47+00:00","author":{"@id":"https:\/\/dariusz-muszer.de\/pl\/#\/schema\/person\/9f0c1c0310d5a835a41c892f377a9d48"},"description":"Piotr W. Lorkowski o Wolno\u015b\u0107 pachnie wanili\u0105, powie\u015bci Dariusza Muszera. Czy pisarz mo\u017ce by\u0107 politycznie niepoprawny? Nie tylko mo\u017ce. Niekiedy po prostu","breadcrumb":{"@id":"https:\/\/dariusz-muszer.de\/pl\/piotr-w-lorkowski-strzezcie-sie-naletnika\/#breadcrumb"},"inLanguage":"pl-PL","potentialAction":[{"@type":"ReadAction","target":["https:\/\/dariusz-muszer.de\/pl\/piotr-w-lorkowski-strzezcie-sie-naletnika\/"]}]},{"@type":"ImageObject","inLanguage":"pl-PL","@id":"https:\/\/dariusz-muszer.de\/pl\/piotr-w-lorkowski-strzezcie-sie-naletnika\/#primaryimage","url":"http:\/\/dariusz-muszer.de\/pl\/wp-content\/uploads\/sites\/2\/2015\/06\/die-freiheit-riecht-nach-vanille-195x300.jpg","contentUrl":"http:\/\/dariusz-muszer.de\/pl\/wp-content\/uploads\/sites\/2\/2015\/06\/die-freiheit-riecht-nach-vanille-195x300.jpg"},{"@type":"BreadcrumbList","@id":"https:\/\/dariusz-muszer.de\/pl\/piotr-w-lorkowski-strzezcie-sie-naletnika\/#breadcrumb","itemListElement":[{"@type":"ListItem","position":1,"name":"Strona g\u0142\u00f3wna","item":"https:\/\/dariusz-muszer.de\/pl\/"},{"@type":"ListItem","position":2,"name":"Piotr W. Lorkowski: Strze\u017ccie si\u0119 Naletnika!"}]},{"@type":"WebSite","@id":"https:\/\/dariusz-muszer.de\/pl\/#website","url":"https:\/\/dariusz-muszer.de\/pl\/","name":"Dariusz Muszer","description":"pisarz","potentialAction":[{"@type":"SearchAction","target":{"@type":"EntryPoint","urlTemplate":"https:\/\/dariusz-muszer.de\/pl\/?s={search_term_string}"},"query-input":{"@type":"PropertyValueSpecification","valueRequired":true,"valueName":"search_term_string"}}],"inLanguage":"pl-PL"},{"@type":"Person","@id":"https:\/\/dariusz-muszer.de\/pl\/#\/schema\/person\/9f0c1c0310d5a835a41c892f377a9d48","name":"Kalong","image":{"@type":"ImageObject","inLanguage":"pl-PL","@id":"https:\/\/dariusz-muszer.de\/pl\/#\/schema\/person\/image\/","url":"https:\/\/secure.gravatar.com\/avatar\/c9f779f2a71c9a87e8c401a809d61b28d74fc852ff3f345760cf377e19933461?s=96&d=mm&r=g","contentUrl":"https:\/\/secure.gravatar.com\/avatar\/c9f779f2a71c9a87e8c401a809d61b28d74fc852ff3f345760cf377e19933461?s=96&d=mm&r=g","caption":"Kalong"},"url":"https:\/\/dariusz-muszer.de\/pl\/author\/kalong\/"}]}},"_links":{"self":[{"href":"https:\/\/dariusz-muszer.de\/pl\/wp-json\/wp\/v2\/posts\/139","targetHints":{"allow":["GET"]}}],"collection":[{"href":"https:\/\/dariusz-muszer.de\/pl\/wp-json\/wp\/v2\/posts"}],"about":[{"href":"https:\/\/dariusz-muszer.de\/pl\/wp-json\/wp\/v2\/types\/post"}],"author":[{"embeddable":true,"href":"https:\/\/dariusz-muszer.de\/pl\/wp-json\/wp\/v2\/users\/1"}],"replies":[{"embeddable":true,"href":"https:\/\/dariusz-muszer.de\/pl\/wp-json\/wp\/v2\/comments?post=139"}],"version-history":[{"count":0,"href":"https:\/\/dariusz-muszer.de\/pl\/wp-json\/wp\/v2\/posts\/139\/revisions"}],"wp:attachment":[{"href":"https:\/\/dariusz-muszer.de\/pl\/wp-json\/wp\/v2\/media?parent=139"}],"wp:term":[{"taxonomy":"category","embeddable":true,"href":"https:\/\/dariusz-muszer.de\/pl\/wp-json\/wp\/v2\/categories?post=139"},{"taxonomy":"post_tag","embeddable":true,"href":"https:\/\/dariusz-muszer.de\/pl\/wp-json\/wp\/v2\/tags?post=139"}],"curies":[{"name":"wp","href":"https:\/\/api.w.org\/{rel}","templated":true}]}}