{"id":1295,"date":"2019-07-08T11:33:20","date_gmt":"2019-07-08T09:33:20","guid":{"rendered":"http:\/\/dariusz-muszer.de\/pl\/?p=1295"},"modified":"2019-07-08T11:33:20","modified_gmt":"2019-07-08T09:33:20","slug":"zeby-ktore-nie-gryza","status":"publish","type":"post","link":"https:\/\/dariusz-muszer.de\/pl\/zeby-ktore-nie-gryza\/","title":{"rendered":"Z\u0119by, kt\u00f3re nie gryz\u0105"},"content":{"rendered":"<h1 align=\"justify\"><b>Z\u0119by, kt\u00f3re nie gryz\u0105<\/b><\/h1>\n<p align=\"justify\">Niecz\u0119sto zdarza si\u0119, \u017ceby przedstawiciele krajowych medi\u00f3w zwracali si\u0119 do mnie, polsko-niemieckiego pisarza emigracyjnego z Hanoweru, co mam na warsztacie. Ostatni raz zdarzy\u0142o si\u0119 to w 1988 roku, kr\u00f3tko przed zaordynowanym mi przez \u00f3wczesny system wyjazdem na roboty przymusowe do Niemiec. Zrozumia\u0142ym zatem jest, \u017ce o ma\u0142o nie wyskoczy\u0142em z kapci, gdy w lutym 2019 roku przysz\u0142a z \u201eKuriera Szczeci\u0144skiego\u201d propozycja sp\u0142odzenie czego\u015b do rubryki \u201ePisze si\u0119?\u201d.<\/p>\n<p align=\"justify\">Zaraz te\u017c polecia\u0142em na miasto, \u017ceby o radosnej nowinie powiadomi\u0107 hanowerczyk\u00f3w. Jednakowo\u017c napotkani multikulturowi przechodnie nie okazali zbytniego zainteresowania sprawami mi\u0119dzynarodowymi, zapytali tylko, gdzie podzia\u0142em swoj\u0105 pikielhaub\u0119. I mieli racj\u0119: zapomnia\u0142em zabra\u0107 ze sob\u0105! A <span lang=\"pl-PL\">bez <\/span><span lang=\"pl-PL\">tego <\/span><span lang=\"pl-PL\">obowi\u0105zkowego nakrycia g\u0142owy, <\/span><span lang=\"pl-PL\">zgodnie z dyrektyw\u0105 unijn\u0105,<\/span> <span lang=\"pl-PL\">p<\/span><span lang=\"pl-PL\">isarz<\/span><span lang=\"pl-PL\">om<\/span><span lang=\"pl-PL\"> w Niemczech <\/span><span lang=\"pl-PL\">nie <\/span><span lang=\"pl-PL\">wolno<\/span> <span lang=\"pl-PL\">jest <\/span><span lang=\"pl-PL\">ani <\/span><span lang=\"pl-PL\">pokazywa\u0107 si\u0119 publicznie, <\/span><span lang=\"pl-PL\">ani te\u017c pracowa\u0107 <\/span><span lang=\"pl-PL\">literacko. <\/span><span lang=\"pl-PL\">Wr\u00f3ci\u0142em <\/span><span lang=\"pl-PL\">zatem <\/span><span lang=\"pl-PL\">do <\/span><span lang=\"pl-PL\">cha\u0142upy<\/span><span lang=\"pl-PL\">, <\/span><span lang=\"pl-PL\">dla \u015bwi\u0119tego spokoju <\/span><span lang=\"pl-PL\">w Europie <\/span><span lang=\"pl-PL\">wcisn\u0105\u0142em pikielhaub\u0119 na <\/span><span lang=\"pl-PL\">\u0142eb <\/span><span lang=\"pl-PL\">i zasiad\u0142em do pisania <\/span><span lang=\"pl-PL\">niniejszego tekstu<\/span><span lang=\"pl-PL\">.<\/span><\/p>\n<p align=\"justify\"><span lang=\"pl-PL\">Przede wszystkim c<\/span><span lang=\"pl-PL\">iesz\u0119 si\u0119, \u017ce <\/span><span lang=\"pl-PL\">w ko\u0144cu <\/span><span lang=\"pl-PL\">zaliczony zosta\u0142em<\/span> <span lang=\"pl-PL\">do tw\u00f3rc\u00f3w zwi\u0105zanych ze Szczecinem. <\/span><span lang=\"pl-PL\">Co prawda, sta\u0142o si\u0119 to nieco <\/span><span lang=\"pl-PL\">psim sw\u0119dem, <\/span><span lang=\"pl-PL\">ale i tak f<\/span><span lang=\"pl-PL\">akt ten t<\/span><span lang=\"pl-PL\">raktuj\u0119<\/span><span lang=\"pl-PL\">, <\/span><span lang=\"pl-PL\">jak postawienie <\/span><span lang=\"pl-PL\">dawno nale\u017cnych kropek nad <\/span><span lang=\"pl-PL\">\u00fc. <\/span><span lang=\"pl-PL\">Jaki\u015b porz\u0105dek w kosmosie musi przecie\u017c by\u0107! <\/span><span lang=\"pl-PL\">Wywodz\u0119 si\u0119 <\/span><span lang=\"pl-PL\">bowiem <\/span><span lang=\"pl-PL\">z Rzepina na Ziemi Lubuskiej <\/span><span lang=\"pl-PL\">(prosz\u0119 mi nazwy tej historycznej krainy nie pisa\u0107 z ma\u0142ych liter!), <\/span><span lang=\"pl-PL\">a miasto to ma jelenia w herbie i le\u017cy zaledwie trzy dni bryczk\u0105 od Szczecinu, jak mawia\u0142a moja babka.<\/span> <span lang=\"pl-PL\">Moja rodzina <\/span><span lang=\"pl-PL\">trafi\u0142a tam po wy<\/span><span lang=\"pl-PL\">p\u0119dzeniu<\/span><span lang=\"pl-PL\"> z Czortkowa, <\/span><span lang=\"pl-PL\">kt\u00f3r<\/span><span lang=\"pl-PL\">y<\/span><span lang=\"pl-PL\"> po drugiej wojnie \u015bwiatowej podarowan<\/span><span lang=\"pl-PL\">y<\/span><span lang=\"pl-PL\"> zosta\u0142o <\/span><span lang=\"pl-PL\">z nie do ko\u0144ca <\/span><span lang=\"pl-PL\">jasnych<\/span><span lang=\"pl-PL\"> powod\u00f3w <\/span><span lang=\"pl-PL\">Ukrainie. <\/span><\/p>\n<p align=\"justify\"><span lang=\"pl-PL\">Gdy by\u0142em dzieckiem, opowiadano<\/span><span lang=\"pl-PL\"> u nas<\/span><span lang=\"pl-PL\">, \u017ce w Szczecinie \u017cyj\u0105 ludzie, kt\u00f3rzy maj\u0105 kaloryfery, ubikacje w mieszkaniach, a z kran\u00f3w leci im<\/span> <span lang=\"pl-PL\">gor\u0105ca<\/span> <span lang=\"pl-PL\">i zimna <\/span><span lang=\"pl-PL\">woda, <\/span><span lang=\"pl-PL\">kt\u00f3r\u0105 mog\u0105 sobie pomiesza\u0107 za pomoc\u0105 kurk\u00f3w<\/span><span lang=\"pl-PL\">. <\/span><span lang=\"pl-PL\">Bo my w<\/span><span lang=\"pl-PL\">tedy<\/span> <span lang=\"pl-PL\">mieli\u015bmy <\/span><span lang=\"pl-PL\">jeszcze <\/span><span lang=\"pl-PL\">piece, <\/span><span lang=\"pl-PL\">poniemieckie <\/span><span lang=\"pl-PL\">wychodki <\/span><span lang=\"pl-PL\">zbiorowe <\/span><span lang=\"pl-PL\">na podw\u00f3rzu i wiadra, z kt\u00f3rymi <\/span><span lang=\"pl-PL\">biega\u0142o<\/span><span lang=\"pl-PL\"> si\u0119 do pompy <\/span><span lang=\"pl-PL\">na rogu ulicy<\/span><span lang=\"pl-PL\">. Potem oczywi\u015bcie <\/span><span lang=\"pl-PL\">wszystko <\/span><span lang=\"pl-PL\">si\u0119 zmieni\u0142o, socjalistyczne ulepszenia <\/span><span lang=\"pl-PL\">dotar\u0142y r\u00f3wnie\u017c <\/span><span lang=\"pl-PL\">do<\/span> miasta nad Ilank\u0105, ale Szczecin pozosta\u0142 dla mnie do dzi\u015b tajemnicz\u0105 krain\u0105, w kt\u00f3rej ludzie \u017cyj\u0105 zupe\u0142nie inaczej, i przez to maj\u0105 wi\u0119cej problem\u00f3w. Bo dost\u0119p do \u015bwiata oznacza wprawdzie uprzyjemnienie \u017cycia, lecz jednocze\u015bnie cz\u0142owiekowi co chwil\u0119 co\u015b si\u0119 psuje, musi wi\u0119c lata\u0107 za cz\u0119\u015bciami zamiennymi lub stale kupowa\u0107 nowe produkty.<\/p>\n<p align=\"justify\">Od 2006 roku wsp\u00f3\u0142pracuj\u0119 ze szczeci\u0144skim Wydawnictwem Forma, prowadzonym przez Ann\u0119 i Paw\u0142a Nowakowskich. Opublikowa\u0142em u nich trzy powie\u015bci, b\u0119d\u0105ce autorskimi t\u0142umaczeniami z orygina\u0142\u00f3w niemieckich, oraz jedn\u0105 napisan\u0105 po polsku, a tak\u017ce gar\u015b\u0107 opowiada\u0144 w antologiach. Ostatnio, w grudniu 2018 roku, ukaza\u0142y si\u0119 \u201eBa\u015bnie norweskie\u201d, kt\u00f3re wprawdzie czeka\u0142y na publikacj\u0119 \u0107wier\u0107 wieku, ale nie s\u0105dz\u0119, \u017ceby si\u0119 przez to zepsu\u0142y. Tym bardziej, \u017ce Norwegowie spisali je w pierwszej po\u0142owie XIX wieku. Wysz\u0142y dzi\u0119ki wydatnej pomocy finansowej obecnego Ministerstwa Kultury i Dziedzictwa Narodowego. I jak ja mam nie lubi\u0107 tej dobrej zmiany, skoro ona tak bardzo lubi ba\u015bnie?! Poprzednie rz\u0105dy nie by\u0142y tak \u0142askawe.<\/p>\n<p align=\"justify\">Prze\u0142om roku uwa\u017cam za ca\u0142kiem udany dla mnie jako opowiadacza. Najpierw \u201e<a href=\"http:\/\/www.elewator.org\">EleWator<\/a>\u201d pu\u015bci\u0142 \u201eW poszukiwaniu chemicznie w\u0119dzonych makreli\u201d (o zgryzotach pewnego fabrykanta), potem \u201e<a href=\"http:\/\/tworczosc.com.pl\/artykul\/niewinni\/\">Tw\u00f3rczo\u015b\u0107<\/a>\u201d zdecydowa\u0142a si\u0119 opublikowa\u0107 \u201e<a href=\"http:\/\/tworczosc.com.pl\/artykul\/niewinni\/\">Niewinnych<\/a>\u201d (o Bolku i emigracji), a wroc\u0142awskie \u201eInterpretacje\u201d zamie\u015bci\u0142y \u201eStary poeta przegl\u0105da si\u0119 w piasku\u201d (o R\u00f3\u017cewiczu w statku kosmicznym). Je\u015bli dodam, \u017ce w najnowszym numerze \u201eEleWatora\u201d znale\u017a\u0107 mo\u017cna moje opowiadanie \u201eSny matki\u201d, to b\u0119dzie wiadomo, czym si\u0119 w\u0142a\u015bciwie zajmuj\u0119: d\u0142ubi\u0119 w prozie. Nikt zatem nie powinien protestowa\u0107, gdy jesieni\u0105 mo\u017ce wyjdzie po wielu latach walk \u201e<a href=\"http:\/\/www.wforma.eu\/czlowiek-z-kowadlem.html\">Cz\u0142owiek z kowad\u0142em<\/a>\u201d, oczywi\u015bcie w szczeci\u0144skim Wydawnictwie Forma.<\/p>\n<p align=\"justify\">Poza tym stale pisuj\u0119 r\u00f3\u017cnorakie eseje, felietony oraz recenzje do polskich i niemieckich pism. A \u017ceby nie zdechn\u0105\u0107 z nud\u00f3w, pracuj\u0119 nad trzema powie\u015bciami w dw\u00f3ch r\u00f3\u017cnych j\u0119zykach. Tytu\u0142\u00f3w nie podaj\u0119, bo to tajemnica, a poza tym jestem przes\u0105dny. Tyle zdradz\u0119, \u017ce siedmioro bohater\u00f3w straci\u0142o ju\u017c \u017cycie, cho\u0107 to wcale nie s\u0105 krymina\u0142y.<\/p>\n<p align=\"justify\">Przydarzaj\u0105 mi si\u0119 r\u00f3wnie\u017c wiersze, publikuj\u0119 je rzadko, bo nie chce mi si\u0119 stuka\u0107 do kolejnych drzwi i t\u0142umaczy\u0107 redaktorom, jak krowie na rowie, dlaczego s\u0105 takie, jakie s\u0105.<\/p>\n<p align=\"justify\">A je\u015bli ju\u017c o wierszach mowa, to zamarzy\u0142o mi si\u0119, \u017ceby na moj\u0105 sze\u015b\u0107dziesi\u0105tk\u0119, kt\u00f3r\u0105 obchodz\u0119 cichaczem w tym roku, ukaza\u0142 si\u0119 tom wierszy zebranych, ale \u2013 na szcz\u0119\u015bcie \u2013 pewien m\u0105dry cz\u0142owiek wybi\u0142 mi t\u0119 fanaberi\u0119 z g\u0142owy. Bo po z\u0142o\u017ceniu manuskryptu okaza\u0142o si\u0119, \u017ce by\u0142oby tego prawie 600 stron. A grubych ksi\u0105\u017cek z wierszami ani czytelnicy, ani tym bardziej recenzenci nie bior\u0105 do r\u0105k. B\u0119dzie wi\u0119c co wydawa\u0107 po \u015bmierci. Bo gotowe s\u0105.<\/p>\n<p align=\"justify\">Praca pisarza to do\u015b\u0107 mozolna i samotna forma sp\u0119dzania czasu na naszej planecie. Ale przynajmniej jest cicho i panuje jako taki porz\u0105dek, szczeg\u00f3lnie gdy si\u0119 zamknie okna i drzwi przed reszt\u0105 \u015bwiata.<\/p>\n<p align=\"justify\">Zapraszam do zajrzenia do moich ksi\u0105\u017cek. A jak kogo\u015b najdzie ochota, to mo\u017ce nawet przeczyta\u0107. Maj\u0105 z\u0119by, ale ju\u017c nikogo nie gryz\u0105.<\/p>\n<p align=\"justify\">Pierwodruk: Kurier Szczeci\u0144ski, 18.04.2019<\/p>\n","protected":false},"excerpt":{"rendered":"<p>Z\u0119by, kt\u00f3re nie gryz\u0105 Niecz\u0119sto zdarza si\u0119, \u017ceby przedstawiciele krajowych medi\u00f3w zwracali si\u0119 do mnie, polsko-niemieckiego pisarza emigracyjnego z Hanoweru, co mam na warsztacie. Ostatni raz zdarzy\u0142o si\u0119 to w 1988 roku, kr\u00f3tko przed zaordynowanym mi przez \u00f3wczesny system wyjazdem na roboty przymusowe do Niemiec. Zrozumia\u0142ym zatem jest, \u017ce o ma\u0142o nie wyskoczy\u0142em z kapci, [&hellip;]<\/p>\n","protected":false},"author":1,"featured_media":1296,"comment_status":"closed","ping_status":"closed","sticky":false,"template":"","format":"standard","meta":{"footnotes":""},"categories":[1],"tags":[98,86,317,57,87],"class_list":["post-1295","post","type-post","status-publish","format-standard","has-post-thumbnail","hentry","category-allgemein","tag-elewator","tag-kurier-szczecinski","tag-pikelhauba","tag-szczecin","tag-wydawnictwo-forma"],"yoast_head":"<!-- This site is optimized with the Yoast SEO plugin v27.0 - https:\/\/yoast.com\/product\/yoast-seo-wordpress\/ -->\n<title>Z\u0119by, kt\u00f3re nie gryz\u0105 - Dariusz Muszer<\/title>\n<meta name=\"description\" content=\"Ostatni raz zdarzy\u0142o si\u0119 to w 1988 roku, kr\u00f3tko przed zaordynowanym mi przez \u00f3wczesny system wyjazdem na roboty przymusowe do Niemiec.\" \/>\n<meta name=\"robots\" content=\"index, follow, max-snippet:-1, max-image-preview:large, max-video-preview:-1\" \/>\n<link rel=\"canonical\" href=\"https:\/\/dariusz-muszer.de\/pl\/zeby-ktore-nie-gryza\/\" \/>\n<meta property=\"og:locale\" content=\"pl_PL\" \/>\n<meta property=\"og:type\" content=\"article\" \/>\n<meta property=\"og:title\" content=\"Z\u0119by, kt\u00f3re nie gryz\u0105 - Dariusz Muszer\" \/>\n<meta property=\"og:description\" content=\"Ostatni raz zdarzy\u0142o si\u0119 to w 1988 roku, kr\u00f3tko przed zaordynowanym mi przez \u00f3wczesny system wyjazdem na roboty przymusowe do Niemiec.\" \/>\n<meta property=\"og:url\" content=\"https:\/\/dariusz-muszer.de\/pl\/zeby-ktore-nie-gryza\/\" \/>\n<meta property=\"og:site_name\" content=\"Dariusz Muszer\" \/>\n<meta property=\"article:published_time\" content=\"2019-07-08T09:33:20+00:00\" \/>\n<meta property=\"og:image\" content=\"https:\/\/dariusz-muszer.de\/pl\/wp-content\/uploads\/sites\/2\/2019\/07\/Norge-IMG_0121_edited-1.jpg\" \/>\n\t<meta property=\"og:image:width\" content=\"1000\" \/>\n\t<meta property=\"og:image:height\" content=\"750\" \/>\n\t<meta property=\"og:image:type\" content=\"image\/jpeg\" \/>\n<meta name=\"author\" content=\"Kalong\" \/>\n<meta name=\"twitter:card\" content=\"summary_large_image\" \/>\n<meta name=\"twitter:label1\" content=\"Napisane przez\" \/>\n\t<meta name=\"twitter:data1\" content=\"Kalong\" \/>\n\t<meta name=\"twitter:label2\" content=\"Szacowany czas czytania\" \/>\n\t<meta name=\"twitter:data2\" content=\"5 minut\" \/>\n<script type=\"application\/ld+json\" class=\"yoast-schema-graph\">{\"@context\":\"https:\/\/schema.org\",\"@graph\":[{\"@type\":\"Article\",\"@id\":\"https:\/\/dariusz-muszer.de\/pl\/zeby-ktore-nie-gryza\/#article\",\"isPartOf\":{\"@id\":\"https:\/\/dariusz-muszer.de\/pl\/zeby-ktore-nie-gryza\/\"},\"author\":{\"name\":\"Kalong\",\"@id\":\"https:\/\/dariusz-muszer.de\/pl\/#\/schema\/person\/9f0c1c0310d5a835a41c892f377a9d48\"},\"headline\":\"Z\u0119by, kt\u00f3re nie gryz\u0105\",\"datePublished\":\"2019-07-08T09:33:20+00:00\",\"mainEntityOfPage\":{\"@id\":\"https:\/\/dariusz-muszer.de\/pl\/zeby-ktore-nie-gryza\/\"},\"wordCount\":929,\"image\":{\"@id\":\"https:\/\/dariusz-muszer.de\/pl\/zeby-ktore-nie-gryza\/#primaryimage\"},\"thumbnailUrl\":\"https:\/\/dariusz-muszer.de\/pl\/wp-content\/uploads\/sites\/2\/2019\/07\/Norge-IMG_0121_edited-1.jpg\",\"keywords\":[\"Elewator\",\"Kurier Szczeci\u0144ski\",\"pikelhauba\",\"Szczecin\",\"Wydawnictwo Forma\"],\"articleSection\":[\"Allgemein\"],\"inLanguage\":\"pl-PL\"},{\"@type\":\"WebPage\",\"@id\":\"https:\/\/dariusz-muszer.de\/pl\/zeby-ktore-nie-gryza\/\",\"url\":\"https:\/\/dariusz-muszer.de\/pl\/zeby-ktore-nie-gryza\/\",\"name\":\"Z\u0119by, kt\u00f3re nie gryz\u0105 - Dariusz Muszer\",\"isPartOf\":{\"@id\":\"https:\/\/dariusz-muszer.de\/pl\/#website\"},\"primaryImageOfPage\":{\"@id\":\"https:\/\/dariusz-muszer.de\/pl\/zeby-ktore-nie-gryza\/#primaryimage\"},\"image\":{\"@id\":\"https:\/\/dariusz-muszer.de\/pl\/zeby-ktore-nie-gryza\/#primaryimage\"},\"thumbnailUrl\":\"https:\/\/dariusz-muszer.de\/pl\/wp-content\/uploads\/sites\/2\/2019\/07\/Norge-IMG_0121_edited-1.jpg\",\"datePublished\":\"2019-07-08T09:33:20+00:00\",\"author\":{\"@id\":\"https:\/\/dariusz-muszer.de\/pl\/#\/schema\/person\/9f0c1c0310d5a835a41c892f377a9d48\"},\"description\":\"Ostatni raz zdarzy\u0142o si\u0119 to w 1988 roku, kr\u00f3tko przed zaordynowanym mi przez \u00f3wczesny system wyjazdem na roboty przymusowe do Niemiec.\",\"breadcrumb\":{\"@id\":\"https:\/\/dariusz-muszer.de\/pl\/zeby-ktore-nie-gryza\/#breadcrumb\"},\"inLanguage\":\"pl-PL\",\"potentialAction\":[{\"@type\":\"ReadAction\",\"target\":[\"https:\/\/dariusz-muszer.de\/pl\/zeby-ktore-nie-gryza\/\"]}]},{\"@type\":\"ImageObject\",\"inLanguage\":\"pl-PL\",\"@id\":\"https:\/\/dariusz-muszer.de\/pl\/zeby-ktore-nie-gryza\/#primaryimage\",\"url\":\"https:\/\/dariusz-muszer.de\/pl\/wp-content\/uploads\/sites\/2\/2019\/07\/Norge-IMG_0121_edited-1.jpg\",\"contentUrl\":\"https:\/\/dariusz-muszer.de\/pl\/wp-content\/uploads\/sites\/2\/2019\/07\/Norge-IMG_0121_edited-1.jpg\",\"width\":1000,\"height\":750,\"caption\":\"Norge\"},{\"@type\":\"BreadcrumbList\",\"@id\":\"https:\/\/dariusz-muszer.de\/pl\/zeby-ktore-nie-gryza\/#breadcrumb\",\"itemListElement\":[{\"@type\":\"ListItem\",\"position\":1,\"name\":\"Strona g\u0142\u00f3wna\",\"item\":\"https:\/\/dariusz-muszer.de\/pl\/\"},{\"@type\":\"ListItem\",\"position\":2,\"name\":\"Z\u0119by, kt\u00f3re nie gryz\u0105\"}]},{\"@type\":\"WebSite\",\"@id\":\"https:\/\/dariusz-muszer.de\/pl\/#website\",\"url\":\"https:\/\/dariusz-muszer.de\/pl\/\",\"name\":\"Dariusz Muszer\",\"description\":\"pisarz\",\"potentialAction\":[{\"@type\":\"SearchAction\",\"target\":{\"@type\":\"EntryPoint\",\"urlTemplate\":\"https:\/\/dariusz-muszer.de\/pl\/?s={search_term_string}\"},\"query-input\":{\"@type\":\"PropertyValueSpecification\",\"valueRequired\":true,\"valueName\":\"search_term_string\"}}],\"inLanguage\":\"pl-PL\"},{\"@type\":\"Person\",\"@id\":\"https:\/\/dariusz-muszer.de\/pl\/#\/schema\/person\/9f0c1c0310d5a835a41c892f377a9d48\",\"name\":\"Kalong\",\"image\":{\"@type\":\"ImageObject\",\"inLanguage\":\"pl-PL\",\"@id\":\"https:\/\/dariusz-muszer.de\/pl\/#\/schema\/person\/image\/\",\"url\":\"https:\/\/secure.gravatar.com\/avatar\/c9f779f2a71c9a87e8c401a809d61b28d74fc852ff3f345760cf377e19933461?s=96&d=mm&r=g\",\"contentUrl\":\"https:\/\/secure.gravatar.com\/avatar\/c9f779f2a71c9a87e8c401a809d61b28d74fc852ff3f345760cf377e19933461?s=96&d=mm&r=g\",\"caption\":\"Kalong\"},\"url\":\"https:\/\/dariusz-muszer.de\/pl\/author\/kalong\/\"}]}<\/script>\n<!-- \/ Yoast SEO plugin. -->","yoast_head_json":{"title":"Z\u0119by, kt\u00f3re nie gryz\u0105 - Dariusz Muszer","description":"Ostatni raz zdarzy\u0142o si\u0119 to w 1988 roku, kr\u00f3tko przed zaordynowanym mi przez \u00f3wczesny system wyjazdem na roboty przymusowe do Niemiec.","robots":{"index":"index","follow":"follow","max-snippet":"max-snippet:-1","max-image-preview":"max-image-preview:large","max-video-preview":"max-video-preview:-1"},"canonical":"https:\/\/dariusz-muszer.de\/pl\/zeby-ktore-nie-gryza\/","og_locale":"pl_PL","og_type":"article","og_title":"Z\u0119by, kt\u00f3re nie gryz\u0105 - Dariusz Muszer","og_description":"Ostatni raz zdarzy\u0142o si\u0119 to w 1988 roku, kr\u00f3tko przed zaordynowanym mi przez \u00f3wczesny system wyjazdem na roboty przymusowe do Niemiec.","og_url":"https:\/\/dariusz-muszer.de\/pl\/zeby-ktore-nie-gryza\/","og_site_name":"Dariusz Muszer","article_published_time":"2019-07-08T09:33:20+00:00","og_image":[{"width":1000,"height":750,"url":"https:\/\/dariusz-muszer.de\/pl\/wp-content\/uploads\/sites\/2\/2019\/07\/Norge-IMG_0121_edited-1.jpg","type":"image\/jpeg"}],"author":"Kalong","twitter_card":"summary_large_image","twitter_misc":{"Napisane przez":"Kalong","Szacowany czas czytania":"5 minut"},"schema":{"@context":"https:\/\/schema.org","@graph":[{"@type":"Article","@id":"https:\/\/dariusz-muszer.de\/pl\/zeby-ktore-nie-gryza\/#article","isPartOf":{"@id":"https:\/\/dariusz-muszer.de\/pl\/zeby-ktore-nie-gryza\/"},"author":{"name":"Kalong","@id":"https:\/\/dariusz-muszer.de\/pl\/#\/schema\/person\/9f0c1c0310d5a835a41c892f377a9d48"},"headline":"Z\u0119by, kt\u00f3re nie gryz\u0105","datePublished":"2019-07-08T09:33:20+00:00","mainEntityOfPage":{"@id":"https:\/\/dariusz-muszer.de\/pl\/zeby-ktore-nie-gryza\/"},"wordCount":929,"image":{"@id":"https:\/\/dariusz-muszer.de\/pl\/zeby-ktore-nie-gryza\/#primaryimage"},"thumbnailUrl":"https:\/\/dariusz-muszer.de\/pl\/wp-content\/uploads\/sites\/2\/2019\/07\/Norge-IMG_0121_edited-1.jpg","keywords":["Elewator","Kurier Szczeci\u0144ski","pikelhauba","Szczecin","Wydawnictwo Forma"],"articleSection":["Allgemein"],"inLanguage":"pl-PL"},{"@type":"WebPage","@id":"https:\/\/dariusz-muszer.de\/pl\/zeby-ktore-nie-gryza\/","url":"https:\/\/dariusz-muszer.de\/pl\/zeby-ktore-nie-gryza\/","name":"Z\u0119by, kt\u00f3re nie gryz\u0105 - Dariusz Muszer","isPartOf":{"@id":"https:\/\/dariusz-muszer.de\/pl\/#website"},"primaryImageOfPage":{"@id":"https:\/\/dariusz-muszer.de\/pl\/zeby-ktore-nie-gryza\/#primaryimage"},"image":{"@id":"https:\/\/dariusz-muszer.de\/pl\/zeby-ktore-nie-gryza\/#primaryimage"},"thumbnailUrl":"https:\/\/dariusz-muszer.de\/pl\/wp-content\/uploads\/sites\/2\/2019\/07\/Norge-IMG_0121_edited-1.jpg","datePublished":"2019-07-08T09:33:20+00:00","author":{"@id":"https:\/\/dariusz-muszer.de\/pl\/#\/schema\/person\/9f0c1c0310d5a835a41c892f377a9d48"},"description":"Ostatni raz zdarzy\u0142o si\u0119 to w 1988 roku, kr\u00f3tko przed zaordynowanym mi przez \u00f3wczesny system wyjazdem na roboty przymusowe do Niemiec.","breadcrumb":{"@id":"https:\/\/dariusz-muszer.de\/pl\/zeby-ktore-nie-gryza\/#breadcrumb"},"inLanguage":"pl-PL","potentialAction":[{"@type":"ReadAction","target":["https:\/\/dariusz-muszer.de\/pl\/zeby-ktore-nie-gryza\/"]}]},{"@type":"ImageObject","inLanguage":"pl-PL","@id":"https:\/\/dariusz-muszer.de\/pl\/zeby-ktore-nie-gryza\/#primaryimage","url":"https:\/\/dariusz-muszer.de\/pl\/wp-content\/uploads\/sites\/2\/2019\/07\/Norge-IMG_0121_edited-1.jpg","contentUrl":"https:\/\/dariusz-muszer.de\/pl\/wp-content\/uploads\/sites\/2\/2019\/07\/Norge-IMG_0121_edited-1.jpg","width":1000,"height":750,"caption":"Norge"},{"@type":"BreadcrumbList","@id":"https:\/\/dariusz-muszer.de\/pl\/zeby-ktore-nie-gryza\/#breadcrumb","itemListElement":[{"@type":"ListItem","position":1,"name":"Strona g\u0142\u00f3wna","item":"https:\/\/dariusz-muszer.de\/pl\/"},{"@type":"ListItem","position":2,"name":"Z\u0119by, kt\u00f3re nie gryz\u0105"}]},{"@type":"WebSite","@id":"https:\/\/dariusz-muszer.de\/pl\/#website","url":"https:\/\/dariusz-muszer.de\/pl\/","name":"Dariusz Muszer","description":"pisarz","potentialAction":[{"@type":"SearchAction","target":{"@type":"EntryPoint","urlTemplate":"https:\/\/dariusz-muszer.de\/pl\/?s={search_term_string}"},"query-input":{"@type":"PropertyValueSpecification","valueRequired":true,"valueName":"search_term_string"}}],"inLanguage":"pl-PL"},{"@type":"Person","@id":"https:\/\/dariusz-muszer.de\/pl\/#\/schema\/person\/9f0c1c0310d5a835a41c892f377a9d48","name":"Kalong","image":{"@type":"ImageObject","inLanguage":"pl-PL","@id":"https:\/\/dariusz-muszer.de\/pl\/#\/schema\/person\/image\/","url":"https:\/\/secure.gravatar.com\/avatar\/c9f779f2a71c9a87e8c401a809d61b28d74fc852ff3f345760cf377e19933461?s=96&d=mm&r=g","contentUrl":"https:\/\/secure.gravatar.com\/avatar\/c9f779f2a71c9a87e8c401a809d61b28d74fc852ff3f345760cf377e19933461?s=96&d=mm&r=g","caption":"Kalong"},"url":"https:\/\/dariusz-muszer.de\/pl\/author\/kalong\/"}]}},"_links":{"self":[{"href":"https:\/\/dariusz-muszer.de\/pl\/wp-json\/wp\/v2\/posts\/1295","targetHints":{"allow":["GET"]}}],"collection":[{"href":"https:\/\/dariusz-muszer.de\/pl\/wp-json\/wp\/v2\/posts"}],"about":[{"href":"https:\/\/dariusz-muszer.de\/pl\/wp-json\/wp\/v2\/types\/post"}],"author":[{"embeddable":true,"href":"https:\/\/dariusz-muszer.de\/pl\/wp-json\/wp\/v2\/users\/1"}],"replies":[{"embeddable":true,"href":"https:\/\/dariusz-muszer.de\/pl\/wp-json\/wp\/v2\/comments?post=1295"}],"version-history":[{"count":1,"href":"https:\/\/dariusz-muszer.de\/pl\/wp-json\/wp\/v2\/posts\/1295\/revisions"}],"predecessor-version":[{"id":1297,"href":"https:\/\/dariusz-muszer.de\/pl\/wp-json\/wp\/v2\/posts\/1295\/revisions\/1297"}],"wp:featuredmedia":[{"embeddable":true,"href":"https:\/\/dariusz-muszer.de\/pl\/wp-json\/wp\/v2\/media\/1296"}],"wp:attachment":[{"href":"https:\/\/dariusz-muszer.de\/pl\/wp-json\/wp\/v2\/media?parent=1295"}],"wp:term":[{"taxonomy":"category","embeddable":true,"href":"https:\/\/dariusz-muszer.de\/pl\/wp-json\/wp\/v2\/categories?post=1295"},{"taxonomy":"post_tag","embeddable":true,"href":"https:\/\/dariusz-muszer.de\/pl\/wp-json\/wp\/v2\/tags?post=1295"}],"curies":[{"name":"wp","href":"https:\/\/api.w.org\/{rel}","templated":true}]}}