{"id":1274,"date":"2019-03-26T08:03:28","date_gmt":"2019-03-26T07:03:28","guid":{"rendered":"http:\/\/dariusz-muszer.de\/pl\/?p=1274"},"modified":"2019-04-09T19:41:56","modified_gmt":"2019-04-09T17:41:56","slug":"niewinni-2-opowiadanie","status":"publish","type":"post","link":"https:\/\/dariusz-muszer.de\/pl\/niewinni-2-opowiadanie\/","title":{"rendered":"Niewinni (2) &#8211; opowiadanie"},"content":{"rendered":"<h1>Niewinni (2) &#8211; opowiadanie<\/h1>\n<p>Nie prosi\u0142em, \u017ceby pani do mnie przychodzi\u0142a, nie zabiega\u0142em o to. Takie gadanie z pani\u0105 nic mi nie daje. Tylko si\u0119 wkurzam na siebie, bo powiem co\u015b, czego nie chcia\u0142em powiedzie\u0107, a potem nie mog\u0119 zasn\u0105\u0107. U mnie tak jest: jak si\u0119 porz\u0105dnie zdenerwuj\u0119, to oka nie zmru\u017c\u0119 przez ca\u0142\u0105 noc, bo r\u00f3\u017cne obrazy po g\u0142owie zygzakiem mi p\u0119dz\u0105. Poci\u0105gi pospieszne i gacki, czasami szklane komary, jakie\u015b uskrzydlone \u017caby i ow\u0142osione zeszyty szkolne. Gdybym m\u00f3g\u0142 komu\u015b przy\u0142o\u017cy\u0107, to mo\u017ce by\u0142oby mi lepiej na duszy. Ale nie mog\u0119. Bo gdybym to zrobi\u0142, z miejsca przywi\u0105zaliby mnie do pryczy. Ju\u017c raz tak zrobili. Ani si\u0119 podrapa\u0107, ani wsta\u0107, \u017ceby rozprostowa\u0107 ko\u015bci. Le\u017cy cz\u0142owiek, jako ten baran, i gapi si\u0119 w sufit. A oni przychodz\u0105 i \u0142askocz\u0105 pi\u00f3rkiem po nosie. I jeszcze mrucz\u0105 takie r\u00f3\u017cne przykre rzeczy do uszu. Tacy z nich dr\u0119czyciele.<\/p>\n<p>Niech sobie my\u015bl\u0105, \u017ce si\u0119 uspokoi\u0142em i \u017ce nie zamierzam ju\u017c nikogo potraktowa\u0107 z g\u0142\u00f3wki. Bo ja najch\u0119tniej z g\u0142\u00f3wki przyk\u0142adam. Z kopyta nie lubi\u0119, bo po co mam ch\u0142opu moszn\u0119 rozwali\u0107. J\u0105dra s\u0105 potrzebne. A poza tym krew nie leci. A ja lubi\u0119, jak si\u0119 kt\u00f3ry juch\u0105 zaleje. Wtedy wiem, \u017ce \u017cyj\u0119. Bo krew to \u017cycie. Pani to pewnie rozumie. Kobiety zalewaj\u0105 si\u0119 krwi\u0105 co miesi\u0105c, a takie, co przestaj\u0105 si\u0119 zalewa\u0107, maj\u0105 k\u0142opot. Taki film kiedy\u015b widzia\u0142em. Starsza kobieta, ale ca\u0142kiem jeszcze \u0142adna, wychodzi z pud\u0142a po dziesi\u0119ciu latach i m\u00f3wi do jakiej\u015b kelnerki, \u017ce od lat nie ma ju\u017c okresu. Potem pieprzy si\u0119 z takimi dwoma Francuzami, bo film by\u0142 francuski, a jak oni zasypiaj\u0105, to strzela sobie z pistoletu mi\u0119dzy nogi, i ma tyle krwi, ile dusza zapragnie. Ale po co jej ta krew, skoro jest nie\u017cywa? I to ma by\u0107 m\u0105dre? S\u0142ysza\u0142a pani, \u017ceby jaki\u015b facet strzeli\u0142 sobie w interes, \u017ceby pope\u0142ni\u0107 samob\u00f3jstwo? Bo ja nie. S\u0105 na to lepsze metody. Ja na przyk\u0142ad skoczy\u0142bym z wie\u017cowca na g\u0142\u00f3wk\u0119. Ale tylko wtedy, gdybym naprawd\u0119 musia\u0142. A ona nie musia\u0142a, mia\u0142a przecie\u017c dw\u00f3ch m\u0142odych facet\u00f3w, kt\u00f3rzy chcieli j\u0105 r\u017cn\u0105\u0107. Mnie przez ostatnie trzydzie\u015bci lat r\u017cn\u0105\u0107 nikt nie chcia\u0142. No, chyba, \u017ce zap\u0142aci\u0142em.<\/p>\n<p>Nie, \u017cebym nie mia\u0142 do\u015bwiadcze\u0144 z kobietami. Pewnie, \u017ce mam. Troch\u0119 si\u0119 tego uzbiera\u0142o, nie od dzisiaj przecie\u017c b\u0142\u0105kam si\u0119 po \u015bwiecie. Kiedy\u015b, gdy by\u0142em sporo m\u0142odszy, obliczy\u0142em sobie, \u017ce taniej wychodzi, je\u015bli si\u0119 dwa, trzy razy w tygodniu p\u00f3jdzie do burdelu. I tego si\u0119 trzyma\u0142em. Co taniej? No \u017ce dziewczyny, co wyginaj\u0105 si\u0119 w oknach, s\u0105 ta\u0144sze od ma\u0142\u017ce\u0144stwa. Wi\u0119cej pieni\u0119dzy ma cz\u0142owiek na swoje doczesne potrzeby. A poza tym r\u00f3\u017cnorodno\u015b\u0107 si\u0119 liczy: raz mo\u017cna mie\u0107 mulatk\u0119, raz bia\u0142\u0105, a potem znowu Azjatk\u0119. A jak ma si\u0119 \u017con\u0119, to ci\u0105gle jest ta sama. I komu si\u0119 to podoba? Kud\u0142atym, rozczochranym i takim, co si\u0119 mocz\u0105 w nocy. A go\u0142ym okiem wida\u0107, \u017ce ja jestem \u0142ysy.<\/p>\n<p>Po co pani zagl\u0105da do tych swoich notatek, sam pani mog\u0119 powiedzie\u0107, \u017ce mam pi\u0119\u0107dziesi\u0105t dziewi\u0119\u0107 lat. Jak ma si\u0119 tyle wiosen na garbie, to z jednej strony zaczyna cz\u0142owiekowi wszystko zwisa\u0107, wacek mu zwisa, \u017cycie mu zwisa, z drugiej jednakowo\u017c strony wzbiera w nim pot\u0119\u017cna z\u0142o\u015b\u0107, \u017ceby kto\u015b wreszcie odpowiedzia\u0142 za to jego ca\u0142e spartaczone \u017cycie. Bo wcale nie jest tak, \u017ce to my sami wykuwamy sw\u00f3j los, \u017ce im wi\u0119cej si\u0119 kuje, tym wi\u0119cej podk\u00f3w b\u0119dzie. Nie my jeste\u015bmy kowalami, my mo\u017cemy co najwy\u017cej nanie\u015b\u0107 chrustu i koksu, nala\u0107 do wiadra zimnej wody i wyczy\u015bci\u0107 brudnym ga\u0142gankiem kowad\u0142o. A je\u015bli ju\u017c podkuwamy, to ci\u0105gle tego samego konia, w dodatku chromego na cztery nogi. Nasz los wykuwaj\u0105 inni, a my tylko przygl\u0105damy si\u0119 z daleka, jak iskry lec\u0105 i para bucha. Wolna wola? Na co\u015b takiego mo\u017ce pozwoli\u0107 sobie tylko ten, kto ma pe\u0142n\u0105 misk\u0119. Moja bywa\u0142a cz\u0119sto pusta. I nawet t\u0119 pust\u0105 misk\u0119 sprz\u0105tano mi sprzed nosa, gdy si\u0119 mog\u0142a komu\u015b do czego\u015b przyda\u0107. Zabawk\u0105 by\u0142em w nieswoich r\u0119kach, pos\u0142ugiwano si\u0119 mn\u0105 niczym pluszowym misiem lub klockiem lego. I to mnie \u0142\u0105czy\u0142o z wi\u0119kszo\u015bci\u0105 ludzi na \u015bwiecie. Tak, ma pani racj\u0119, u\u017cy\u0142em czasu przesz\u0142ego. Bo teraz z lud\u017ami nic mnie ju\u017c nie \u0142\u0105czy. Ich habe fertig.<\/p>\n<p>Jak wyjecha\u0142em? Normalnie, poci\u0105giem, wtedy je\u017adzi\u0142o si\u0119 poci\u0105gami. Teraz te\u017c? Nie wiem, od wielu lat nie korzystam z transportu szynowego, bo mam uraz. W tamtych czasach nie wyje\u017cd\u017ca\u0142o si\u0119 za granic\u0119 tak prosto jak obecnie. Paszporty by\u0142y potrzebne, wizy, obca waluta, kt\u00f3r\u0105 kupowa\u0142o si\u0119 u konika pod pewexem, vouchery i inne duperele, a to wszystko nie do\u015b\u0107, \u017ce nie by\u0142o tanie, to jeszcze dosta\u0107 mo\u017cna by\u0142o wy\u0142\u0105cznie za zgod\u0105 S\u0142u\u017cby Bezpiecze\u0144stwa. W socjalistycznej ojczy\u017anie tylko w\u0105ska grupa ludzi mog\u0142a korzysta\u0107 z przywileju podr\u00f3\u017cowania po szerokim \u015bwiecie. Inne paszporty by\u0142y do demolud\u00f3w, a inne na Zach\u00f3d.<\/p>\n<p>Ja jednak mia\u0142em wielkie szcz\u0119\u015bcie, bo od p\u00f3\u017anych lat siedemdziesi\u0105tych bawi\u0142em si\u0119 w podziemie i kr\u00f3tko po wprowadzeniu stanu wojennego mnie z\u0142apali. Wpad\u0142em na ulicy, gdy przemyka\u0142em si\u0119 z jednej kryj\u00f3wki do nast\u0119pnej. Kto\u015b musia\u0142 sypn\u0105\u0107, bo tajniacy czekali za rogiem, dwa osi\u0142ki po awuefie, pikowane kurtki, sk\u00f3rzane r\u0119kawiczki, \u015bniegowce na nogach. Jak mnie zobaczyli, to nawet nie pytali o dow\u00f3d osobisty, \u017ceby sprawdzi\u0107 personalia, tylko podeszli, wzi\u0119li pod mankiet i zaprowadzili do du\u017cego fiata. Nie broni\u0142em si\u0119, bo zdr\u0119twia\u0142em z zaskoczenia. Na do\u0142ku mundurowi po\u015bmigali pa\u0142kami i dali mi wycisk, ale bezkrwawy. A potem wyl\u0105dowa\u0142em w internacie i jedena\u015bcie miesi\u0119cy garowa\u0142em pod cel\u0105. Kiedy mnie na jesieni nast\u0119pnego roku wypu\u015bcili, pozwolili \u0142askawie wybra\u0107 kraj, do kt\u00f3rego chc\u0119 si\u0119 uda\u0107 na emigracj\u0119. Wybra\u0142em Niemcy, bo pomy\u015bla\u0142em, \u017ce to b\u0119dzie najbli\u017cej rodziny. Wtedy mia\u0142em jeszcze rodzin\u0119: matk\u0119, ojca, \u017con\u0119, dziecko. Po miesi\u0105cu wr\u0119czyli mi paszport i powiedzieli, \u017cebym nigdy wi\u0119cej nie wraca\u0142. \u0141adnie mnie po\u017cegnali\u015bcie, nie ma co, rodacy! Wyje\u017cd\u017caj\u0105c, my\u015bla\u0142em, \u017ce wam poka\u017c\u0119 i \u015bwiat podbij\u0119, a to tylko \u015bwiat mnie podbi\u0142. Nikt tam na mnie nie czeka\u0142 z otwartymi ramionami, w tych Niemczech, ale przynajmniej \u017cre\u0107 mi dali i dach nad g\u0142ow\u0105 te\u017c si\u0119 znalaz\u0142. Ubranie nowe dosta\u0142em na dzie\u0144 dobry. Tyle \u017ce nie by\u0142o wcale nowe, a po kim\u015b. Dla mnie by\u0142o jednak jak nowe, bo \u015bwie\u017co wyprane i pachnia\u0142o bryz\u0105 morsk\u0105.<\/p>\n<p>Nieca\u0142y rok mieszka\u0142em w obozie w nadmorskiej wiosce na p\u00f3\u0142nocy, a gdy przeniesiono mnie do kontener\u00f3w pod Hanower, umar\u0142 m\u00f3j ojciec. Szybko posz\u0142o, ledwo wykryli u niego raka, a ju\u017c by\u0142o po wszystkim. By\u0142 zapisany na chemioterapi\u0119, ale nie zd\u0105\u017cy\u0142 nawet przyj\u0105\u0107 pierwszej dawki. Wys\u0142a\u0142em mu przez firm\u0119 spedycyjn\u0105 witaminy, do dzi\u015b nie wiem, czy je dosta\u0142, czy mo\u017ce ukradli po drodze. Kilka tygodni po odej\u015bciu ojca matka rzuci\u0142a si\u0119 pod poci\u0105g. Zd\u0105\u017cy\u0142a mi jeszcze napisa\u0107, \u017ce nie ma dla kogo \u017cy\u0107, bo m\u0105\u017c w niebie, a jedyny syn na obczy\u017anie i nie ma nadziei, \u017ce kiedykolwiek wr\u00f3ci. List dosta\u0142em po jej \u015bmierci. Nie mog\u0142em by\u0107 ani na pogrzebie ojca, ani matki. Nie mog\u0142em czy nie chcia\u0142em? A c\u00f3\u017c to za dziwaczne i nieuprawnione rozr\u00f3\u017cnienie? Pani nie wie, o czym pani m\u00f3wi. To nie by\u0142 m\u00f3j wyb\u00f3r. Po raz kolejny kto\u015b inny zadecydowa\u0142 za mnie. Niemcy nie chcieli mnie wypu\u015bci\u0107, gdy\u017c toczy\u0142o si\u0119 post\u0119powanie w sprawie azylu, mia\u0142em wi\u0119c zakaz opuszczania bez zezwolenia miasta, a Polacy nie chcieli mnie do siebie wpu\u015bci\u0107, bo zaliczono mnie do wrog\u00f3w, a poza tym nie posiada\u0142em wa\u017cnego paszportu.<\/p>\n<p>Gdy par\u0119 miesi\u0119cy p\u00f3\u017aniej dosta\u0142em wreszcie azyl, \u017cona nagle zmieni\u0142a front, napisa\u0142a, \u017ce jednak nie mo\u017ce do mnie przyjecha\u0107, jak si\u0119 wcze\u015bniej umawiali\u015bmy, bo nie chce opuszcza\u0107 kraju i zostawi\u0107 wszystkiego. Wiedzia\u0142em, \u017ce znalaz\u0142a sobie innego. Taki mia\u0142a charakter, nie potrafi\u0142a zbyt d\u0142ugo malowa\u0107 si\u0119 tylko dla siebie samej. Kiedy by\u0142em internowany, te\u017c mia\u0142a takiego jednego z podziemia, co go nie przymkn\u0119li, bo im si\u0119 nie chcia\u0142o. Zazdrosny troch\u0119 by\u0142em, ale co mog\u0142em zrobi\u0107, \u017cycie ma swoje prawa. A poza tym kiedy si\u0119 walczy o wolno\u015b\u0107 dla wszystkich, nie mo\u017cna zabiera\u0107 wolno\u015bci w\u0142asnej \u017conie. Potem przez s\u0105d wys\u0142a\u0142a papiery rozwodowe i domaga\u0142a si\u0119 aliment\u00f3w dla Pawe\u0142ka. Zgodzi\u0142em si\u0119 na rozw\u00f3d, przesy\u0142a\u0142em alimenty. I tak straci\u0142em rodzin\u0119. Nie powiem, sporo mnie ta zabawa w naprawianie socjalistycznego \u015bwiata kosztowa\u0142a. Tak, tak, niech pani sobie zaraz zapisze w tym paninym kajeciku, \u017ce Georg Stein zaczyna u\u017cala\u0107 si\u0119 nad sob\u0105. I niech pani to podkre\u015bli czerwonym flamastrem.<\/p>\n<p>Jak si\u0119 wcze\u015bniej nazywa\u0142em? A po co to pani? Jerzy Kami\u0144ski? Nie s\u0142ysza\u0142em, w \u017cyciu nie zna\u0142em nikogo o takim nazwisku. M\u00f3wi pani, \u017ce sprawdzi\u0142a. No i co z tego, \u017ce pani sprawdzi\u0142a? Ja jestem Georg Stein, nie \u017caden tam Jerzy Kami\u0144ski! Co, \u017ce niby studiowa\u0142em? Ja nigdy nie studiowa\u0142em? Te\u017c sobie pani wymy\u015bli\u0142a! Polonistyk\u0119? Gdzie? Ja pani co\u015b powiem, ja nigdy nie by\u0142em w Poznaniu! Ja nawet nie wiem, gdzie to miasto le\u017cy, i wiedzie\u0107 nie chc\u0119. Obrzydzenie mnie ogarnia na my\u015bl o humanistycznej wiedzy. Gdybym kiedykolwiek cokolwiek mia\u0142 studiowa\u0107, to wy\u0142\u0105cznie budownictwo, bo wtedy zawsze dostanie si\u0119 prac\u0119, niezale\u017cnie od tego, gdzie cz\u0142owiekowi przyjdzie \u017cy\u0107. Piramidy i o\u0142tarze mo\u017cna wznosi\u0107 bez znajomo\u015bci jakiegokolwiek j\u0119zyka, wystarczy spojrze\u0107 na rysunek i si\u0119 wie. A teraz niech pani ju\u017c sobie lepiej p\u00f3jdzie. Ca\u0142y w \u015brodku chodz\u0119 od tych pyta\u0144. Nie chc\u0119, \u017ceby\u015bcie po raz kolejny wyrz\u0105dzili mi krzywd\u0119. Jedno \u017cycie \u017ce\u015bcie mi zabrali, drugiego wam dobrowolnie nie oddam! Pani nie jest niczemu winna? Tak si\u0119 tylko pani wydaje. Dziadkowie i ojcowie \u015bpiewali \u201eMi\u0119dzynarod\u00f3wk\u0119\u201d i naci\u0105gali druty kolczaste wok\u00f3\u0142 socjalistycznego obozu, a pani teraz wyciera r\u0119ce w chusteczk\u0119 higieniczn\u0105! Co za herodowy nar\u00f3d. Wache! <a href=\"https:\/\/dariusz-muszer.de\/pl\/niewinni-3-opowiadanie\/\">(ci\u0105g dalszy&#8230;)<\/a><\/p>\n<p>\u00a9 Dariusz Muszer<br \/>\n<strong>Pierwodruk: Tw\u00f3rczo\u015b\u0107, nr 1\/2019<\/strong><\/p>\n","protected":false},"excerpt":{"rendered":"<p>Niewinni (2) &#8211; opowiadanie Nie prosi\u0142em, \u017ceby pani do mnie przychodzi\u0142a, nie zabiega\u0142em o to. Takie gadanie z pani\u0105 nic mi nie daje. Tylko si\u0119 wkurzam na siebie, bo powiem co\u015b, czego nie chcia\u0142em powiedzie\u0107, a potem nie mog\u0119 zasn\u0105\u0107. U mnie tak jest: jak si\u0119 porz\u0105dnie zdenerwuj\u0119, to oka nie zmru\u017c\u0119 przez ca\u0142\u0105 noc, [&hellip;]<\/p>\n","protected":false},"author":1,"featured_media":1273,"comment_status":"closed","ping_status":"closed","sticky":false,"template":"","format":"standard","meta":{"footnotes":""},"categories":[302,209],"tags":[188,303,304],"class_list":["post-1274","post","type-post","status-publish","format-standard","has-post-thumbnail","hentry","category-niewinni","category-opowiadanie","tag-hanower","tag-miedzynarodowka","tag-poznan"],"yoast_head":"<!-- This site is optimized with the Yoast SEO plugin v27.0 - https:\/\/yoast.com\/product\/yoast-seo-wordpress\/ -->\n<title>Niewinni (2) - opowiadanie - Dariusz Muszer<\/title>\n<meta name=\"description\" content=\"Niewinni (2) Nie prosi\u0142em, \u017ceby pani do mnie przychodzi\u0142a, nie zabiega\u0142em o to. Takie gadanie z pani\u0105 nic mi nie daje. Tylko si\u0119 wkurzam na siebie.\" \/>\n<meta name=\"robots\" content=\"index, follow, max-snippet:-1, max-image-preview:large, max-video-preview:-1\" \/>\n<link rel=\"canonical\" href=\"https:\/\/dariusz-muszer.de\/pl\/niewinni-2-opowiadanie\/\" \/>\n<meta property=\"og:locale\" content=\"pl_PL\" \/>\n<meta property=\"og:type\" content=\"article\" \/>\n<meta property=\"og:title\" content=\"Niewinni (2) - opowiadanie - Dariusz Muszer\" \/>\n<meta property=\"og:description\" content=\"Niewinni (2) Nie prosi\u0142em, \u017ceby pani do mnie przychodzi\u0142a, nie zabiega\u0142em o to. Takie gadanie z pani\u0105 nic mi nie daje. Tylko si\u0119 wkurzam na siebie.\" \/>\n<meta property=\"og:url\" content=\"https:\/\/dariusz-muszer.de\/pl\/niewinni-2-opowiadanie\/\" \/>\n<meta property=\"og:site_name\" content=\"Dariusz Muszer\" \/>\n<meta property=\"article:published_time\" content=\"2019-03-26T07:03:28+00:00\" \/>\n<meta property=\"article:modified_time\" content=\"2019-04-09T17:41:56+00:00\" \/>\n<meta property=\"og:image\" content=\"https:\/\/dariusz-muszer.de\/pl\/wp-content\/uploads\/sites\/2\/2019\/03\/Tworczosc-1-2019.jpg\" \/>\n\t<meta property=\"og:image:width\" content=\"756\" \/>\n\t<meta property=\"og:image:height\" content=\"960\" \/>\n\t<meta property=\"og:image:type\" content=\"image\/jpeg\" \/>\n<meta name=\"author\" content=\"Kalong\" \/>\n<meta name=\"twitter:card\" content=\"summary_large_image\" \/>\n<meta name=\"twitter:label1\" content=\"Napisane przez\" \/>\n\t<meta name=\"twitter:data1\" content=\"Kalong\" \/>\n\t<meta name=\"twitter:label2\" content=\"Szacowany czas czytania\" \/>\n\t<meta name=\"twitter:data2\" content=\"9 minut\" \/>\n<script type=\"application\/ld+json\" class=\"yoast-schema-graph\">{\"@context\":\"https:\/\/schema.org\",\"@graph\":[{\"@type\":\"Article\",\"@id\":\"https:\/\/dariusz-muszer.de\/pl\/niewinni-2-opowiadanie\/#article\",\"isPartOf\":{\"@id\":\"https:\/\/dariusz-muszer.de\/pl\/niewinni-2-opowiadanie\/\"},\"author\":{\"name\":\"Kalong\",\"@id\":\"https:\/\/dariusz-muszer.de\/pl\/#\/schema\/person\/9f0c1c0310d5a835a41c892f377a9d48\"},\"headline\":\"Niewinni (2) &#8211; opowiadanie\",\"datePublished\":\"2019-03-26T07:03:28+00:00\",\"dateModified\":\"2019-04-09T17:41:56+00:00\",\"mainEntityOfPage\":{\"@id\":\"https:\/\/dariusz-muszer.de\/pl\/niewinni-2-opowiadanie\/\"},\"wordCount\":1833,\"image\":{\"@id\":\"https:\/\/dariusz-muszer.de\/pl\/niewinni-2-opowiadanie\/#primaryimage\"},\"thumbnailUrl\":\"https:\/\/dariusz-muszer.de\/pl\/wp-content\/uploads\/sites\/2\/2019\/03\/Tworczosc-1-2019.jpg\",\"keywords\":[\"Hanower\",\"Mi\u0119dzynarod\u00f3wka\",\"Pozna\u0144\"],\"articleSection\":[\"Niewinni\",\"Opowiadanie\"],\"inLanguage\":\"pl-PL\"},{\"@type\":\"WebPage\",\"@id\":\"https:\/\/dariusz-muszer.de\/pl\/niewinni-2-opowiadanie\/\",\"url\":\"https:\/\/dariusz-muszer.de\/pl\/niewinni-2-opowiadanie\/\",\"name\":\"Niewinni (2) - opowiadanie - Dariusz Muszer\",\"isPartOf\":{\"@id\":\"https:\/\/dariusz-muszer.de\/pl\/#website\"},\"primaryImageOfPage\":{\"@id\":\"https:\/\/dariusz-muszer.de\/pl\/niewinni-2-opowiadanie\/#primaryimage\"},\"image\":{\"@id\":\"https:\/\/dariusz-muszer.de\/pl\/niewinni-2-opowiadanie\/#primaryimage\"},\"thumbnailUrl\":\"https:\/\/dariusz-muszer.de\/pl\/wp-content\/uploads\/sites\/2\/2019\/03\/Tworczosc-1-2019.jpg\",\"datePublished\":\"2019-03-26T07:03:28+00:00\",\"dateModified\":\"2019-04-09T17:41:56+00:00\",\"author\":{\"@id\":\"https:\/\/dariusz-muszer.de\/pl\/#\/schema\/person\/9f0c1c0310d5a835a41c892f377a9d48\"},\"description\":\"Niewinni (2) Nie prosi\u0142em, \u017ceby pani do mnie przychodzi\u0142a, nie zabiega\u0142em o to. Takie gadanie z pani\u0105 nic mi nie daje. Tylko si\u0119 wkurzam na siebie.\",\"breadcrumb\":{\"@id\":\"https:\/\/dariusz-muszer.de\/pl\/niewinni-2-opowiadanie\/#breadcrumb\"},\"inLanguage\":\"pl-PL\",\"potentialAction\":[{\"@type\":\"ReadAction\",\"target\":[\"https:\/\/dariusz-muszer.de\/pl\/niewinni-2-opowiadanie\/\"]}]},{\"@type\":\"ImageObject\",\"inLanguage\":\"pl-PL\",\"@id\":\"https:\/\/dariusz-muszer.de\/pl\/niewinni-2-opowiadanie\/#primaryimage\",\"url\":\"https:\/\/dariusz-muszer.de\/pl\/wp-content\/uploads\/sites\/2\/2019\/03\/Tworczosc-1-2019.jpg\",\"contentUrl\":\"https:\/\/dariusz-muszer.de\/pl\/wp-content\/uploads\/sites\/2\/2019\/03\/Tworczosc-1-2019.jpg\",\"width\":756,\"height\":960,\"caption\":\"Tworczosc-1-2019\"},{\"@type\":\"BreadcrumbList\",\"@id\":\"https:\/\/dariusz-muszer.de\/pl\/niewinni-2-opowiadanie\/#breadcrumb\",\"itemListElement\":[{\"@type\":\"ListItem\",\"position\":1,\"name\":\"Strona g\u0142\u00f3wna\",\"item\":\"https:\/\/dariusz-muszer.de\/pl\/\"},{\"@type\":\"ListItem\",\"position\":2,\"name\":\"Niewinni (2) &#8211; opowiadanie\"}]},{\"@type\":\"WebSite\",\"@id\":\"https:\/\/dariusz-muszer.de\/pl\/#website\",\"url\":\"https:\/\/dariusz-muszer.de\/pl\/\",\"name\":\"Dariusz Muszer\",\"description\":\"pisarz\",\"potentialAction\":[{\"@type\":\"SearchAction\",\"target\":{\"@type\":\"EntryPoint\",\"urlTemplate\":\"https:\/\/dariusz-muszer.de\/pl\/?s={search_term_string}\"},\"query-input\":{\"@type\":\"PropertyValueSpecification\",\"valueRequired\":true,\"valueName\":\"search_term_string\"}}],\"inLanguage\":\"pl-PL\"},{\"@type\":\"Person\",\"@id\":\"https:\/\/dariusz-muszer.de\/pl\/#\/schema\/person\/9f0c1c0310d5a835a41c892f377a9d48\",\"name\":\"Kalong\",\"image\":{\"@type\":\"ImageObject\",\"inLanguage\":\"pl-PL\",\"@id\":\"https:\/\/dariusz-muszer.de\/pl\/#\/schema\/person\/image\/\",\"url\":\"https:\/\/secure.gravatar.com\/avatar\/c9f779f2a71c9a87e8c401a809d61b28d74fc852ff3f345760cf377e19933461?s=96&d=mm&r=g\",\"contentUrl\":\"https:\/\/secure.gravatar.com\/avatar\/c9f779f2a71c9a87e8c401a809d61b28d74fc852ff3f345760cf377e19933461?s=96&d=mm&r=g\",\"caption\":\"Kalong\"},\"url\":\"https:\/\/dariusz-muszer.de\/pl\/author\/kalong\/\"}]}<\/script>\n<!-- \/ Yoast SEO plugin. -->","yoast_head_json":{"title":"Niewinni (2) - opowiadanie - Dariusz Muszer","description":"Niewinni (2) Nie prosi\u0142em, \u017ceby pani do mnie przychodzi\u0142a, nie zabiega\u0142em o to. Takie gadanie z pani\u0105 nic mi nie daje. Tylko si\u0119 wkurzam na siebie.","robots":{"index":"index","follow":"follow","max-snippet":"max-snippet:-1","max-image-preview":"max-image-preview:large","max-video-preview":"max-video-preview:-1"},"canonical":"https:\/\/dariusz-muszer.de\/pl\/niewinni-2-opowiadanie\/","og_locale":"pl_PL","og_type":"article","og_title":"Niewinni (2) - opowiadanie - Dariusz Muszer","og_description":"Niewinni (2) Nie prosi\u0142em, \u017ceby pani do mnie przychodzi\u0142a, nie zabiega\u0142em o to. Takie gadanie z pani\u0105 nic mi nie daje. Tylko si\u0119 wkurzam na siebie.","og_url":"https:\/\/dariusz-muszer.de\/pl\/niewinni-2-opowiadanie\/","og_site_name":"Dariusz Muszer","article_published_time":"2019-03-26T07:03:28+00:00","article_modified_time":"2019-04-09T17:41:56+00:00","og_image":[{"width":756,"height":960,"url":"https:\/\/dariusz-muszer.de\/pl\/wp-content\/uploads\/sites\/2\/2019\/03\/Tworczosc-1-2019.jpg","type":"image\/jpeg"}],"author":"Kalong","twitter_card":"summary_large_image","twitter_misc":{"Napisane przez":"Kalong","Szacowany czas czytania":"9 minut"},"schema":{"@context":"https:\/\/schema.org","@graph":[{"@type":"Article","@id":"https:\/\/dariusz-muszer.de\/pl\/niewinni-2-opowiadanie\/#article","isPartOf":{"@id":"https:\/\/dariusz-muszer.de\/pl\/niewinni-2-opowiadanie\/"},"author":{"name":"Kalong","@id":"https:\/\/dariusz-muszer.de\/pl\/#\/schema\/person\/9f0c1c0310d5a835a41c892f377a9d48"},"headline":"Niewinni (2) &#8211; opowiadanie","datePublished":"2019-03-26T07:03:28+00:00","dateModified":"2019-04-09T17:41:56+00:00","mainEntityOfPage":{"@id":"https:\/\/dariusz-muszer.de\/pl\/niewinni-2-opowiadanie\/"},"wordCount":1833,"image":{"@id":"https:\/\/dariusz-muszer.de\/pl\/niewinni-2-opowiadanie\/#primaryimage"},"thumbnailUrl":"https:\/\/dariusz-muszer.de\/pl\/wp-content\/uploads\/sites\/2\/2019\/03\/Tworczosc-1-2019.jpg","keywords":["Hanower","Mi\u0119dzynarod\u00f3wka","Pozna\u0144"],"articleSection":["Niewinni","Opowiadanie"],"inLanguage":"pl-PL"},{"@type":"WebPage","@id":"https:\/\/dariusz-muszer.de\/pl\/niewinni-2-opowiadanie\/","url":"https:\/\/dariusz-muszer.de\/pl\/niewinni-2-opowiadanie\/","name":"Niewinni (2) - opowiadanie - Dariusz Muszer","isPartOf":{"@id":"https:\/\/dariusz-muszer.de\/pl\/#website"},"primaryImageOfPage":{"@id":"https:\/\/dariusz-muszer.de\/pl\/niewinni-2-opowiadanie\/#primaryimage"},"image":{"@id":"https:\/\/dariusz-muszer.de\/pl\/niewinni-2-opowiadanie\/#primaryimage"},"thumbnailUrl":"https:\/\/dariusz-muszer.de\/pl\/wp-content\/uploads\/sites\/2\/2019\/03\/Tworczosc-1-2019.jpg","datePublished":"2019-03-26T07:03:28+00:00","dateModified":"2019-04-09T17:41:56+00:00","author":{"@id":"https:\/\/dariusz-muszer.de\/pl\/#\/schema\/person\/9f0c1c0310d5a835a41c892f377a9d48"},"description":"Niewinni (2) Nie prosi\u0142em, \u017ceby pani do mnie przychodzi\u0142a, nie zabiega\u0142em o to. Takie gadanie z pani\u0105 nic mi nie daje. Tylko si\u0119 wkurzam na siebie.","breadcrumb":{"@id":"https:\/\/dariusz-muszer.de\/pl\/niewinni-2-opowiadanie\/#breadcrumb"},"inLanguage":"pl-PL","potentialAction":[{"@type":"ReadAction","target":["https:\/\/dariusz-muszer.de\/pl\/niewinni-2-opowiadanie\/"]}]},{"@type":"ImageObject","inLanguage":"pl-PL","@id":"https:\/\/dariusz-muszer.de\/pl\/niewinni-2-opowiadanie\/#primaryimage","url":"https:\/\/dariusz-muszer.de\/pl\/wp-content\/uploads\/sites\/2\/2019\/03\/Tworczosc-1-2019.jpg","contentUrl":"https:\/\/dariusz-muszer.de\/pl\/wp-content\/uploads\/sites\/2\/2019\/03\/Tworczosc-1-2019.jpg","width":756,"height":960,"caption":"Tworczosc-1-2019"},{"@type":"BreadcrumbList","@id":"https:\/\/dariusz-muszer.de\/pl\/niewinni-2-opowiadanie\/#breadcrumb","itemListElement":[{"@type":"ListItem","position":1,"name":"Strona g\u0142\u00f3wna","item":"https:\/\/dariusz-muszer.de\/pl\/"},{"@type":"ListItem","position":2,"name":"Niewinni (2) &#8211; opowiadanie"}]},{"@type":"WebSite","@id":"https:\/\/dariusz-muszer.de\/pl\/#website","url":"https:\/\/dariusz-muszer.de\/pl\/","name":"Dariusz Muszer","description":"pisarz","potentialAction":[{"@type":"SearchAction","target":{"@type":"EntryPoint","urlTemplate":"https:\/\/dariusz-muszer.de\/pl\/?s={search_term_string}"},"query-input":{"@type":"PropertyValueSpecification","valueRequired":true,"valueName":"search_term_string"}}],"inLanguage":"pl-PL"},{"@type":"Person","@id":"https:\/\/dariusz-muszer.de\/pl\/#\/schema\/person\/9f0c1c0310d5a835a41c892f377a9d48","name":"Kalong","image":{"@type":"ImageObject","inLanguage":"pl-PL","@id":"https:\/\/dariusz-muszer.de\/pl\/#\/schema\/person\/image\/","url":"https:\/\/secure.gravatar.com\/avatar\/c9f779f2a71c9a87e8c401a809d61b28d74fc852ff3f345760cf377e19933461?s=96&d=mm&r=g","contentUrl":"https:\/\/secure.gravatar.com\/avatar\/c9f779f2a71c9a87e8c401a809d61b28d74fc852ff3f345760cf377e19933461?s=96&d=mm&r=g","caption":"Kalong"},"url":"https:\/\/dariusz-muszer.de\/pl\/author\/kalong\/"}]}},"_links":{"self":[{"href":"https:\/\/dariusz-muszer.de\/pl\/wp-json\/wp\/v2\/posts\/1274","targetHints":{"allow":["GET"]}}],"collection":[{"href":"https:\/\/dariusz-muszer.de\/pl\/wp-json\/wp\/v2\/posts"}],"about":[{"href":"https:\/\/dariusz-muszer.de\/pl\/wp-json\/wp\/v2\/types\/post"}],"author":[{"embeddable":true,"href":"https:\/\/dariusz-muszer.de\/pl\/wp-json\/wp\/v2\/users\/1"}],"replies":[{"embeddable":true,"href":"https:\/\/dariusz-muszer.de\/pl\/wp-json\/wp\/v2\/comments?post=1274"}],"version-history":[{"count":3,"href":"https:\/\/dariusz-muszer.de\/pl\/wp-json\/wp\/v2\/posts\/1274\/revisions"}],"predecessor-version":[{"id":1290,"href":"https:\/\/dariusz-muszer.de\/pl\/wp-json\/wp\/v2\/posts\/1274\/revisions\/1290"}],"wp:featuredmedia":[{"embeddable":true,"href":"https:\/\/dariusz-muszer.de\/pl\/wp-json\/wp\/v2\/media\/1273"}],"wp:attachment":[{"href":"https:\/\/dariusz-muszer.de\/pl\/wp-json\/wp\/v2\/media?parent=1274"}],"wp:term":[{"taxonomy":"category","embeddable":true,"href":"https:\/\/dariusz-muszer.de\/pl\/wp-json\/wp\/v2\/categories?post=1274"},{"taxonomy":"post_tag","embeddable":true,"href":"https:\/\/dariusz-muszer.de\/pl\/wp-json\/wp\/v2\/tags?post=1274"}],"curies":[{"name":"wp","href":"https:\/\/api.w.org\/{rel}","templated":true}]}}