{"id":1261,"date":"2019-03-19T11:18:36","date_gmt":"2019-03-19T10:18:36","guid":{"rendered":"http:\/\/dariusz-muszer.de\/pl\/?p=1261"},"modified":"2019-03-19T11:24:13","modified_gmt":"2019-03-19T10:24:13","slug":"lalka-w-trawie-basnie-norweskie","status":"publish","type":"post","link":"https:\/\/dariusz-muszer.de\/pl\/lalka-w-trawie-basnie-norweskie\/","title":{"rendered":"Lalka w trawie &#8211; Ba\u015bnie norweskie"},"content":{"rendered":"<h1>Lalka w trawie<\/h1>\n<p>By\u0142 sobie pewien kr\u00f3l, kt\u00f3ry mia\u0142 dwunastu syn\u00f3w. Gdy synowie doro\u015bli, kr\u00f3l rzek\u0142 do nich, aby wyruszyli w \u015bwiat i poszukali sobie \u017con. Ale tylko takich, kt\u00f3re potrafi\u0105 prz\u0105\u015b\u0107 i tka\u0107 oraz w jeden dzie\u0144 uszy\u0107 koszul\u0119. Innych synowych kr\u00f3l mie\u0107 nie chcia\u0142.<\/p>\n<p>Ka\u017cdy z syn\u00f3w otrzyma\u0142 konia, jak r\u00f3wnie\u017c ca\u0142kiem nowy rynsztunek, i tak to wyruszyli w podr\u00f3\u017c. Gdy przebyli kawa\u0142ek drogi, stwierdzili, \u017ce nie chc\u0105 mie\u0107 mi\u0119dzy sob\u0105 Askeladdena, gdy\u017c ten do niczego si\u0119 nie nadaje. Askeladden musia\u0142 wi\u0119c zosta\u0107 i nie bardzo wiedzia\u0142, co ma ze sob\u0105 pocz\u0105\u0107. Bardzo przygn\u0119biony zsiad\u0142 z konia, spocz\u0105\u0142 na trawie i zala\u0142 si\u0119 \u0142zami.<\/p>\n<p>Siedzia\u0142 ju\u017c tak dobr\u0105 chwil\u0119, gdy poruszy\u0142a si\u0119 k\u0119pka trawy i wysz\u0142a z niej ma\u0142a, bia\u0142a posta\u0107. Kiedy podesz\u0142a bli\u017cej, Askeladden rozpozna\u0142, \u017ce by\u0142a to taka, tyci-tyci male\u0144ka, \u015bliczna dziewczyna. Stan\u0119\u0142a przed nim i zapyta\u0142a, czy nie mia\u0142by ochoty zej\u015b\u0107 do niej i odwiedzi\u0107 lalk\u0119 w trawie. A jak\u017ce, pewnie \u017ce mia\u0142by, i zaraz to zrobi\u0142.<\/p>\n<p>Przykucn\u0105\u0142 i ujrza\u0142 siedz\u0105c\u0105 na male\u0144kim krze\u015ble lalk\u0119 w trawie. A by\u0142a ona niezwykle pi\u0119kna i cudnie wystrojona. Zapyta\u0142a Askeladdena, dok\u0105d pod\u0105\u017ca i w jakiej sprawie. Wi\u0119c opowiedzia\u0142 jej, \u017ce by\u0142o ich dwunastu braci i \u017ce kr\u00f3l ka\u017cdemu da\u0142 konia i rynsztunek, i nakaza\u0142 uda\u0107 si\u0119 w \u015bwiat i szuka\u0107 takiej \u017cony, kt\u00f3ra potrafi prz\u0105\u015b\u0107, tka\u0107 i w jeden dzie\u0144 uszy\u0107 koszul\u0119.<\/p>\n<p>\u2013 Je\u015bli ty to wszystko potrafisz i zechcesz zosta\u0107 moj\u0105 \u017con\u0105, to nie b\u0119d\u0119 ju\u017c dalej szuka\u0142 \u2013 zako\u0144czy\u0142 Askeladden.<\/p>\n<p>O tak, bardzo chcia\u0142a, zaraz wi\u0119c zabra\u0142a si\u0119 do pracy. Najpierw prz\u0119d\u0142a, potem tka\u0142a, a\u017c wreszcie uszy\u0142a w jeden dzie\u0144 koszul\u0119. Jednak\u017ce koszula by\u0142a strasznie male\u0144ka \u2013 nie wi\u0119ksza ni\u017c tyle!<\/p>\n<p>Z koszul\u0105 pospieszy\u0142 Askeladden do domu. Gdy pokaza\u0142 j\u0105 ojcu, bardzo si\u0119 wstydzi\u0142, gdy\u017c koszula by\u0142a taka, taka male\u0144ka. Jednak\u017ce kr\u00f3l powiedzia\u0142, \u017ce nic nie szkodzi i \u017ce Askeladden mo\u017ce spokojnie o\u017ceni\u0107 si\u0119 z dziewczyn\u0105. Uradowany m\u0142odzian pop\u0119dzi\u0142 z powrotem do swojej ma\u0142ej narzeczonej, aby j\u0105 zabra\u0107 ze sob\u0105.<\/p>\n<p>Kiedy dotar\u0142 do niej, chcia\u0142 j\u0105 podnie\u015b\u0107 i posadzi\u0107 obok siebie na koniu, lecz nie, ona tego nie chcia\u0142a. Powiedzia\u0142a, \u017ce pragnie uda\u0107 si\u0119 w drog\u0119 w srebrnej \u0142y\u017cce zaprz\u0119\u017conej w dwa siwki. I tak te\u017c wyruszyli: on na koniu, ona w srebrnej \u0142y\u017cce. Oczywi\u015bcie siwki, kt\u00f3re j\u0105 ci\u0105gn\u0119\u0142y, nie by\u0142y niczym innym, tylko dwiema bia\u0142ymi myszkami. Askeladden stara\u0142 si\u0119 trzyma\u0107 zawsze przeciwnej strony drogi, gdy\u017c obawia\u0142 si\u0119, \u017ce jego ko\u0144 m\u00f3g\u0142by przypadkiem nast\u0105pi\u0107 na narzeczon\u0105, kt\u00f3ra by\u0142a przecie\u017c takim male\u0144kim stworzeniem.<\/p>\n<p>Mieli ju\u017c za sob\u0105 \u0142adny kawa\u0142ek drogi, gdy przybyli nad du\u017c\u0105 wod\u0119. Wtedy ko\u0144 Askeladdena sp\u0142oszy\u0142 si\u0119, skoczy\u0142 na drug\u0105 stron\u0119 drogi i przewr\u00f3ci\u0142 \u0142y\u017ck\u0119, tak \u017ce lalka wpad\u0142a do wody. Askeladden zasmuci\u0142 si\u0119 wielce, gdy\u017c nie wiedzia\u0142, w jaki spos\u00f3b j\u0105 uratowa\u0107. Nie trwa\u0142o to jednak zbyt d\u0142ugo, gdy\u017c nagle z odm\u0119t\u00f3w wynurzy\u0142 si\u0119 nimf wodny z dziewczyn\u0105 na r\u0119kach, a by\u0142a ona teraz taka du\u017ca jak normalny cz\u0142owiek i daleko pi\u0119kniejsza ni\u017c przedtem. Askeladden posadzi\u0142 dziewczyn\u0119 przed sob\u0105 na koniu i pop\u0119dzili razem do domu.<\/p>\n<p>Kiedy tam dotarli, bracia Askeladdena byli ju\u017c na miejscu, a ka\u017cdy ze swoj\u0105 narzeczon\u0105. Lecz wszystkie by\u0142y szkaradne i z\u0142o\u015bliwe, a ponadto ju\u017c podczas podr\u00f3\u017cy ci\u0105gle sprzecza\u0142y si\u0119 ze swoimi przysz\u0142ymi m\u0119\u017cami. Na g\u0142owach nosi\u0142y osobliwe, posmarowane dziegciem i sadz\u0105 kapelusze, z kt\u00f3rych kapa\u0142o im na twarze, tak \u017ce wygl\u0105da\u0142y jeszcze bardziej okropnie i wstr\u0119tnie.<\/p>\n<p>Jak tylko bracia zobaczyli narzeczon\u0105 Askeladdena, o ma\u0142o nie pop\u0119kali z zazdro\u015bci. Z kolei kr\u00f3lowi tak bardzo si\u0119 oboje podobali, \u017ce wszystkich pozosta\u0142ych po prostu wygoni\u0142 z domu. A potem odby\u0142 si\u0119 \u015blub Askeladdena z lalk\u0105 w trawie. I odt\u0105d \u017cyli przez d\u0142ugi, d\u0142ugi czas w szcz\u0119\u015bciu i zadowoleniu. A je\u015bli nie umarli, \u017cyj\u0105 pewnie do dzi\u015b.<\/p>\n<p><strong>Lalka w trawie: <span lang=\"nb-NO\">Dukken i gresset<\/span>; AaTh 402; <a href=\"https:\/\/pl.wikipedia.org\/wiki\/Peter_Christen_Asbj%C3%B8rnsen\">Peter Christen Asbj\u00f8rnsen<\/a>.<\/strong><\/p>\n<p>\u00a9 <a href=\"http:\/\/www.wforma.eu\/muszer-dariusz,60.html\">Dariusz Muszer<\/a><\/p>\n<p>&nbsp;<\/p>\n","protected":false},"excerpt":{"rendered":"<p>Lalka w trawie By\u0142 sobie pewien kr\u00f3l, kt\u00f3ry mia\u0142 dwunastu syn\u00f3w. Gdy synowie doro\u015bli, kr\u00f3l rzek\u0142 do nich, aby wyruszyli w \u015bwiat i poszukali sobie \u017con. Ale tylko takich, kt\u00f3re potrafi\u0105 prz\u0105\u015b\u0107 i tka\u0107 oraz w jeden dzie\u0144 uszy\u0107 koszul\u0119. Innych synowych kr\u00f3l mie\u0107 nie chcia\u0142. Ka\u017cdy z syn\u00f3w otrzyma\u0142 konia, jak r\u00f3wnie\u017c ca\u0142kiem nowy [&hellip;]<\/p>\n","protected":false},"author":1,"featured_media":1255,"comment_status":"closed","ping_status":"closed","sticky":false,"template":"","format":"standard","meta":{"footnotes":""},"categories":[288],"tags":[294,293,295,296],"class_list":["post-1261","post","type-post","status-publish","format-standard","has-post-thumbnail","hentry","category-basnie-norweskie","tag-askeladden","tag-lalka","tag-synowa","tag-tyci-tyci"],"yoast_head":"<!-- This site is optimized with the Yoast SEO plugin v27.0 - https:\/\/yoast.com\/product\/yoast-seo-wordpress\/ -->\n<title>Lalka w trawie - Ba\u015bnie norweskie - Dariusz Muszer<\/title>\n<meta name=\"description\" content=\"Lalka w trawie. By\u0142 sobie pewien kr\u00f3l, kt\u00f3ry mia\u0142 dwunastu syn\u00f3w. Gdy synowie doro\u015bli, kr\u00f3l rzek\u0142 do nich, aby wyruszyli w \u015bwiat i poszukali sobie \u017con.\" \/>\n<meta name=\"robots\" content=\"index, follow, max-snippet:-1, max-image-preview:large, max-video-preview:-1\" \/>\n<link rel=\"canonical\" href=\"https:\/\/dariusz-muszer.de\/pl\/lalka-w-trawie-basnie-norweskie\/\" \/>\n<meta property=\"og:locale\" content=\"pl_PL\" \/>\n<meta property=\"og:type\" content=\"article\" \/>\n<meta property=\"og:title\" content=\"Lalka w trawie - Ba\u015bnie norweskie - Dariusz Muszer\" \/>\n<meta property=\"og:description\" content=\"Lalka w trawie. By\u0142 sobie pewien kr\u00f3l, kt\u00f3ry mia\u0142 dwunastu syn\u00f3w. Gdy synowie doro\u015bli, kr\u00f3l rzek\u0142 do nich, aby wyruszyli w \u015bwiat i poszukali sobie \u017con.\" \/>\n<meta property=\"og:url\" content=\"https:\/\/dariusz-muszer.de\/pl\/lalka-w-trawie-basnie-norweskie\/\" \/>\n<meta property=\"og:site_name\" content=\"Dariusz Muszer\" \/>\n<meta property=\"article:published_time\" content=\"2019-03-19T10:18:36+00:00\" \/>\n<meta property=\"article:modified_time\" content=\"2019-03-19T10:24:13+00:00\" \/>\n<meta property=\"og:image\" content=\"https:\/\/dariusz-muszer.de\/pl\/wp-content\/uploads\/sites\/2\/2019\/02\/basnie-norweskie_rgb.jpg\" \/>\n\t<meta property=\"og:image:width\" content=\"1000\" \/>\n\t<meta property=\"og:image:height\" content=\"1312\" \/>\n\t<meta property=\"og:image:type\" content=\"image\/jpeg\" \/>\n<meta name=\"author\" content=\"Kalong\" \/>\n<meta name=\"twitter:card\" content=\"summary_large_image\" \/>\n<meta name=\"twitter:label1\" content=\"Napisane przez\" \/>\n\t<meta name=\"twitter:data1\" content=\"Kalong\" \/>\n\t<meta name=\"twitter:label2\" content=\"Szacowany czas czytania\" \/>\n\t<meta name=\"twitter:data2\" content=\"4 minuty\" \/>\n<script type=\"application\/ld+json\" class=\"yoast-schema-graph\">{\"@context\":\"https:\/\/schema.org\",\"@graph\":[{\"@type\":\"Article\",\"@id\":\"https:\/\/dariusz-muszer.de\/pl\/lalka-w-trawie-basnie-norweskie\/#article\",\"isPartOf\":{\"@id\":\"https:\/\/dariusz-muszer.de\/pl\/lalka-w-trawie-basnie-norweskie\/\"},\"author\":{\"name\":\"Kalong\",\"@id\":\"https:\/\/dariusz-muszer.de\/pl\/#\/schema\/person\/9f0c1c0310d5a835a41c892f377a9d48\"},\"headline\":\"Lalka w trawie &#8211; Ba\u015bnie norweskie\",\"datePublished\":\"2019-03-19T10:18:36+00:00\",\"dateModified\":\"2019-03-19T10:24:13+00:00\",\"mainEntityOfPage\":{\"@id\":\"https:\/\/dariusz-muszer.de\/pl\/lalka-w-trawie-basnie-norweskie\/\"},\"wordCount\":747,\"image\":{\"@id\":\"https:\/\/dariusz-muszer.de\/pl\/lalka-w-trawie-basnie-norweskie\/#primaryimage\"},\"thumbnailUrl\":\"https:\/\/dariusz-muszer.de\/pl\/wp-content\/uploads\/sites\/2\/2019\/02\/basnie-norweskie_rgb.jpg\",\"keywords\":[\"Askeladden\",\"lalka\",\"synowa\",\"tyci-tyci\"],\"articleSection\":[\"Ba\u015bnie norweskie\"],\"inLanguage\":\"pl-PL\"},{\"@type\":\"WebPage\",\"@id\":\"https:\/\/dariusz-muszer.de\/pl\/lalka-w-trawie-basnie-norweskie\/\",\"url\":\"https:\/\/dariusz-muszer.de\/pl\/lalka-w-trawie-basnie-norweskie\/\",\"name\":\"Lalka w trawie - Ba\u015bnie norweskie - Dariusz Muszer\",\"isPartOf\":{\"@id\":\"https:\/\/dariusz-muszer.de\/pl\/#website\"},\"primaryImageOfPage\":{\"@id\":\"https:\/\/dariusz-muszer.de\/pl\/lalka-w-trawie-basnie-norweskie\/#primaryimage\"},\"image\":{\"@id\":\"https:\/\/dariusz-muszer.de\/pl\/lalka-w-trawie-basnie-norweskie\/#primaryimage\"},\"thumbnailUrl\":\"https:\/\/dariusz-muszer.de\/pl\/wp-content\/uploads\/sites\/2\/2019\/02\/basnie-norweskie_rgb.jpg\",\"datePublished\":\"2019-03-19T10:18:36+00:00\",\"dateModified\":\"2019-03-19T10:24:13+00:00\",\"author\":{\"@id\":\"https:\/\/dariusz-muszer.de\/pl\/#\/schema\/person\/9f0c1c0310d5a835a41c892f377a9d48\"},\"description\":\"Lalka w trawie. By\u0142 sobie pewien kr\u00f3l, kt\u00f3ry mia\u0142 dwunastu syn\u00f3w. Gdy synowie doro\u015bli, kr\u00f3l rzek\u0142 do nich, aby wyruszyli w \u015bwiat i poszukali sobie \u017con.\",\"breadcrumb\":{\"@id\":\"https:\/\/dariusz-muszer.de\/pl\/lalka-w-trawie-basnie-norweskie\/#breadcrumb\"},\"inLanguage\":\"pl-PL\",\"potentialAction\":[{\"@type\":\"ReadAction\",\"target\":[\"https:\/\/dariusz-muszer.de\/pl\/lalka-w-trawie-basnie-norweskie\/\"]}]},{\"@type\":\"ImageObject\",\"inLanguage\":\"pl-PL\",\"@id\":\"https:\/\/dariusz-muszer.de\/pl\/lalka-w-trawie-basnie-norweskie\/#primaryimage\",\"url\":\"https:\/\/dariusz-muszer.de\/pl\/wp-content\/uploads\/sites\/2\/2019\/02\/basnie-norweskie_rgb.jpg\",\"contentUrl\":\"https:\/\/dariusz-muszer.de\/pl\/wp-content\/uploads\/sites\/2\/2019\/02\/basnie-norweskie_rgb.jpg\",\"width\":1000,\"height\":1312,\"caption\":\"Ba\u015bnie norweskie\"},{\"@type\":\"BreadcrumbList\",\"@id\":\"https:\/\/dariusz-muszer.de\/pl\/lalka-w-trawie-basnie-norweskie\/#breadcrumb\",\"itemListElement\":[{\"@type\":\"ListItem\",\"position\":1,\"name\":\"Strona g\u0142\u00f3wna\",\"item\":\"https:\/\/dariusz-muszer.de\/pl\/\"},{\"@type\":\"ListItem\",\"position\":2,\"name\":\"Lalka w trawie &#8211; Ba\u015bnie norweskie\"}]},{\"@type\":\"WebSite\",\"@id\":\"https:\/\/dariusz-muszer.de\/pl\/#website\",\"url\":\"https:\/\/dariusz-muszer.de\/pl\/\",\"name\":\"Dariusz Muszer\",\"description\":\"pisarz\",\"potentialAction\":[{\"@type\":\"SearchAction\",\"target\":{\"@type\":\"EntryPoint\",\"urlTemplate\":\"https:\/\/dariusz-muszer.de\/pl\/?s={search_term_string}\"},\"query-input\":{\"@type\":\"PropertyValueSpecification\",\"valueRequired\":true,\"valueName\":\"search_term_string\"}}],\"inLanguage\":\"pl-PL\"},{\"@type\":\"Person\",\"@id\":\"https:\/\/dariusz-muszer.de\/pl\/#\/schema\/person\/9f0c1c0310d5a835a41c892f377a9d48\",\"name\":\"Kalong\",\"image\":{\"@type\":\"ImageObject\",\"inLanguage\":\"pl-PL\",\"@id\":\"https:\/\/dariusz-muszer.de\/pl\/#\/schema\/person\/image\/\",\"url\":\"https:\/\/secure.gravatar.com\/avatar\/c9f779f2a71c9a87e8c401a809d61b28d74fc852ff3f345760cf377e19933461?s=96&d=mm&r=g\",\"contentUrl\":\"https:\/\/secure.gravatar.com\/avatar\/c9f779f2a71c9a87e8c401a809d61b28d74fc852ff3f345760cf377e19933461?s=96&d=mm&r=g\",\"caption\":\"Kalong\"},\"url\":\"https:\/\/dariusz-muszer.de\/pl\/author\/kalong\/\"}]}<\/script>\n<!-- \/ Yoast SEO plugin. -->","yoast_head_json":{"title":"Lalka w trawie - Ba\u015bnie norweskie - Dariusz Muszer","description":"Lalka w trawie. By\u0142 sobie pewien kr\u00f3l, kt\u00f3ry mia\u0142 dwunastu syn\u00f3w. Gdy synowie doro\u015bli, kr\u00f3l rzek\u0142 do nich, aby wyruszyli w \u015bwiat i poszukali sobie \u017con.","robots":{"index":"index","follow":"follow","max-snippet":"max-snippet:-1","max-image-preview":"max-image-preview:large","max-video-preview":"max-video-preview:-1"},"canonical":"https:\/\/dariusz-muszer.de\/pl\/lalka-w-trawie-basnie-norweskie\/","og_locale":"pl_PL","og_type":"article","og_title":"Lalka w trawie - Ba\u015bnie norweskie - Dariusz Muszer","og_description":"Lalka w trawie. By\u0142 sobie pewien kr\u00f3l, kt\u00f3ry mia\u0142 dwunastu syn\u00f3w. Gdy synowie doro\u015bli, kr\u00f3l rzek\u0142 do nich, aby wyruszyli w \u015bwiat i poszukali sobie \u017con.","og_url":"https:\/\/dariusz-muszer.de\/pl\/lalka-w-trawie-basnie-norweskie\/","og_site_name":"Dariusz Muszer","article_published_time":"2019-03-19T10:18:36+00:00","article_modified_time":"2019-03-19T10:24:13+00:00","og_image":[{"width":1000,"height":1312,"url":"https:\/\/dariusz-muszer.de\/pl\/wp-content\/uploads\/sites\/2\/2019\/02\/basnie-norweskie_rgb.jpg","type":"image\/jpeg"}],"author":"Kalong","twitter_card":"summary_large_image","twitter_misc":{"Napisane przez":"Kalong","Szacowany czas czytania":"4 minuty"},"schema":{"@context":"https:\/\/schema.org","@graph":[{"@type":"Article","@id":"https:\/\/dariusz-muszer.de\/pl\/lalka-w-trawie-basnie-norweskie\/#article","isPartOf":{"@id":"https:\/\/dariusz-muszer.de\/pl\/lalka-w-trawie-basnie-norweskie\/"},"author":{"name":"Kalong","@id":"https:\/\/dariusz-muszer.de\/pl\/#\/schema\/person\/9f0c1c0310d5a835a41c892f377a9d48"},"headline":"Lalka w trawie &#8211; Ba\u015bnie norweskie","datePublished":"2019-03-19T10:18:36+00:00","dateModified":"2019-03-19T10:24:13+00:00","mainEntityOfPage":{"@id":"https:\/\/dariusz-muszer.de\/pl\/lalka-w-trawie-basnie-norweskie\/"},"wordCount":747,"image":{"@id":"https:\/\/dariusz-muszer.de\/pl\/lalka-w-trawie-basnie-norweskie\/#primaryimage"},"thumbnailUrl":"https:\/\/dariusz-muszer.de\/pl\/wp-content\/uploads\/sites\/2\/2019\/02\/basnie-norweskie_rgb.jpg","keywords":["Askeladden","lalka","synowa","tyci-tyci"],"articleSection":["Ba\u015bnie norweskie"],"inLanguage":"pl-PL"},{"@type":"WebPage","@id":"https:\/\/dariusz-muszer.de\/pl\/lalka-w-trawie-basnie-norweskie\/","url":"https:\/\/dariusz-muszer.de\/pl\/lalka-w-trawie-basnie-norweskie\/","name":"Lalka w trawie - Ba\u015bnie norweskie - Dariusz Muszer","isPartOf":{"@id":"https:\/\/dariusz-muszer.de\/pl\/#website"},"primaryImageOfPage":{"@id":"https:\/\/dariusz-muszer.de\/pl\/lalka-w-trawie-basnie-norweskie\/#primaryimage"},"image":{"@id":"https:\/\/dariusz-muszer.de\/pl\/lalka-w-trawie-basnie-norweskie\/#primaryimage"},"thumbnailUrl":"https:\/\/dariusz-muszer.de\/pl\/wp-content\/uploads\/sites\/2\/2019\/02\/basnie-norweskie_rgb.jpg","datePublished":"2019-03-19T10:18:36+00:00","dateModified":"2019-03-19T10:24:13+00:00","author":{"@id":"https:\/\/dariusz-muszer.de\/pl\/#\/schema\/person\/9f0c1c0310d5a835a41c892f377a9d48"},"description":"Lalka w trawie. By\u0142 sobie pewien kr\u00f3l, kt\u00f3ry mia\u0142 dwunastu syn\u00f3w. Gdy synowie doro\u015bli, kr\u00f3l rzek\u0142 do nich, aby wyruszyli w \u015bwiat i poszukali sobie \u017con.","breadcrumb":{"@id":"https:\/\/dariusz-muszer.de\/pl\/lalka-w-trawie-basnie-norweskie\/#breadcrumb"},"inLanguage":"pl-PL","potentialAction":[{"@type":"ReadAction","target":["https:\/\/dariusz-muszer.de\/pl\/lalka-w-trawie-basnie-norweskie\/"]}]},{"@type":"ImageObject","inLanguage":"pl-PL","@id":"https:\/\/dariusz-muszer.de\/pl\/lalka-w-trawie-basnie-norweskie\/#primaryimage","url":"https:\/\/dariusz-muszer.de\/pl\/wp-content\/uploads\/sites\/2\/2019\/02\/basnie-norweskie_rgb.jpg","contentUrl":"https:\/\/dariusz-muszer.de\/pl\/wp-content\/uploads\/sites\/2\/2019\/02\/basnie-norweskie_rgb.jpg","width":1000,"height":1312,"caption":"Ba\u015bnie norweskie"},{"@type":"BreadcrumbList","@id":"https:\/\/dariusz-muszer.de\/pl\/lalka-w-trawie-basnie-norweskie\/#breadcrumb","itemListElement":[{"@type":"ListItem","position":1,"name":"Strona g\u0142\u00f3wna","item":"https:\/\/dariusz-muszer.de\/pl\/"},{"@type":"ListItem","position":2,"name":"Lalka w trawie &#8211; Ba\u015bnie norweskie"}]},{"@type":"WebSite","@id":"https:\/\/dariusz-muszer.de\/pl\/#website","url":"https:\/\/dariusz-muszer.de\/pl\/","name":"Dariusz Muszer","description":"pisarz","potentialAction":[{"@type":"SearchAction","target":{"@type":"EntryPoint","urlTemplate":"https:\/\/dariusz-muszer.de\/pl\/?s={search_term_string}"},"query-input":{"@type":"PropertyValueSpecification","valueRequired":true,"valueName":"search_term_string"}}],"inLanguage":"pl-PL"},{"@type":"Person","@id":"https:\/\/dariusz-muszer.de\/pl\/#\/schema\/person\/9f0c1c0310d5a835a41c892f377a9d48","name":"Kalong","image":{"@type":"ImageObject","inLanguage":"pl-PL","@id":"https:\/\/dariusz-muszer.de\/pl\/#\/schema\/person\/image\/","url":"https:\/\/secure.gravatar.com\/avatar\/c9f779f2a71c9a87e8c401a809d61b28d74fc852ff3f345760cf377e19933461?s=96&d=mm&r=g","contentUrl":"https:\/\/secure.gravatar.com\/avatar\/c9f779f2a71c9a87e8c401a809d61b28d74fc852ff3f345760cf377e19933461?s=96&d=mm&r=g","caption":"Kalong"},"url":"https:\/\/dariusz-muszer.de\/pl\/author\/kalong\/"}]}},"_links":{"self":[{"href":"https:\/\/dariusz-muszer.de\/pl\/wp-json\/wp\/v2\/posts\/1261","targetHints":{"allow":["GET"]}}],"collection":[{"href":"https:\/\/dariusz-muszer.de\/pl\/wp-json\/wp\/v2\/posts"}],"about":[{"href":"https:\/\/dariusz-muszer.de\/pl\/wp-json\/wp\/v2\/types\/post"}],"author":[{"embeddable":true,"href":"https:\/\/dariusz-muszer.de\/pl\/wp-json\/wp\/v2\/users\/1"}],"replies":[{"embeddable":true,"href":"https:\/\/dariusz-muszer.de\/pl\/wp-json\/wp\/v2\/comments?post=1261"}],"version-history":[{"count":7,"href":"https:\/\/dariusz-muszer.de\/pl\/wp-json\/wp\/v2\/posts\/1261\/revisions"}],"predecessor-version":[{"id":1270,"href":"https:\/\/dariusz-muszer.de\/pl\/wp-json\/wp\/v2\/posts\/1261\/revisions\/1270"}],"wp:featuredmedia":[{"embeddable":true,"href":"https:\/\/dariusz-muszer.de\/pl\/wp-json\/wp\/v2\/media\/1255"}],"wp:attachment":[{"href":"https:\/\/dariusz-muszer.de\/pl\/wp-json\/wp\/v2\/media?parent=1261"}],"wp:term":[{"taxonomy":"category","embeddable":true,"href":"https:\/\/dariusz-muszer.de\/pl\/wp-json\/wp\/v2\/categories?post=1261"},{"taxonomy":"post_tag","embeddable":true,"href":"https:\/\/dariusz-muszer.de\/pl\/wp-json\/wp\/v2\/tags?post=1261"}],"curies":[{"name":"wp","href":"https:\/\/api.w.org\/{rel}","templated":true}]}}