{"id":1228,"date":"2018-12-10T18:28:41","date_gmt":"2018-12-10T17:28:41","guid":{"rendered":"http:\/\/dariusz-muszer.de\/pl\/?p=1228"},"modified":"2018-12-10T18:48:50","modified_gmt":"2018-12-10T17:48:50","slug":"czym-sie-rozni-pisarz-od-pisarza-notatki-na-blankietach","status":"publish","type":"post","link":"https:\/\/dariusz-muszer.de\/pl\/czym-sie-rozni-pisarz-od-pisarza-notatki-na-blankietach\/","title":{"rendered":"Czym si\u0119 r\u00f3\u017cni pisarz od pisarza &#8211; Notatki na blankietach"},"content":{"rendered":"<p>\u201eU nas, w <a href=\"https:\/\/pl.wikipedia.org\/wiki\/Hanower\">Hanowerze<\/a>, je\u017cd\u017c\u0105 baby na rowerze!\u201d \u2013 \u015bpiewano kiedy\u015b w stolicy <a href=\"https:\/\/pl.wikipedia.org\/wiki\/Dolna_Saksonia\">Dolnej Saksonii<\/a>. Dzi\u015b ju\u017c nikt tak nie \u015bpiewa. Bicykli mamy tutaj nadal w br\u00f3d, kobiet i \u015bcie\u017cek rowerowych r\u00f3wnie\u017c nie brakuje, ale \u015bpiewa\u0107 jako\u015b si\u0119 nie chce. Mo\u017ce to wina globalnego ozi\u0119bienia i strach przed czekaj\u0105cym nas przebiegunowaniem Ziemi. Mo\u017ce tylko s\u0142owa grz\u0119zn\u0105 nam w gard\u0142ach, bo \u015bwiat sta\u0142 si\u0119 jak jajo kurzycy-olbrzymki, czyli nie do zniesienia.<\/p>\n<p>Z Hanoweru sprawy polskie widzi si\u0119 troch\u0119 inaczej. Jedni powiedz\u0105, \u017ce gorzej, inni za\u015b upr\u0105 si\u0119, \u017ce kto\u015b, kto mieszka poza Krajem, nie ma bladego poj\u0119cia o wsp\u00f3\u0142czesnej Polsce. A jeszcze inni wyst\u0105pi\u0105 z \u017c\u0105daniem, \u017ce od\u0142\u0105czonemu nic do powt\u00f3rnego \u0142\u0105czenia si\u0119 z Macierz\u0105, i mam si\u0119 zamkn\u0105\u0107. I ka\u017cdy z nich b\u0119dzie mia\u0142 racj\u0119. Podczas trwaj\u0105cej od trzydziestu lat emigracji nie zdarzy\u0142o mi si\u0119, \u017ceby kto\u015b, kto nigdy nie opu\u015bci\u0142 swojej nadwarcia\u0144skiej czy nadodrza\u0144skiej r\u00f3wniny, powiedzia\u0142 do mnie, \u017ce z daleka mo\u017cna niekiedy zobaczy\u0107 co\u015b lepiej. Pewnie wielu nawet chcia\u0142o to powiedzie\u0107, ale bali si\u0119, \u017ce ich skrzycz\u0119. Bo Niemiec, jak wiadomo, nic innego nie robi w swoim szwabskim \u017cyciu, tylko stawia Lidle, gdzie popadnie, i wrzeszczy na Polak\u00f3w, ka\u017c\u0105c im porusza\u0107 si\u0119 schneller i podnosi\u0107 H\u00e4nde hoch!<\/p>\n<p>A jeszcze gorszy od Niemc\u00f3w jest ten, kto przeszed\u0142 na ich stron\u0119; ten, kto pisze w j\u0119zyku odwiecznego wroga. A jako \u017ce zdarzy\u0142o mi si\u0119 pope\u0142ni\u0107 kilka powie\u015bci po niemiecku, nale\u017cy mnie posypa\u0107 sol\u0105 i majerankiem, ob\u0142o\u017cy\u0107 czosnkiem, a nast\u0119pnie zgrillowa\u0107. Oczywi\u015bcie na wolnym ogniu. Bo na szybkim grilluje si\u0119 przyjaci\u00f3\u0142.<\/p>\n<p>\u201eJaki tam z ciebie Niemiec?\u201d \u2013 zapyta kto\u015b. Odpowiem na to takimi s\u0142owy: m\u00f3g\u0142bym przebiera\u0107 si\u0119 w przer\u00f3\u017cne stroje lub chodzi\u0107 nago, m\u00f3g\u0142bym si\u0119 goli\u0107 lub zapuszcza\u0107 bogobojne pejsy, m\u00f3g\u0142bym m\u00f3wi\u0107 lub nie puszcza\u0107 pary z ust, m\u00f3g\u0142bym k\u0105sa\u0107 lub szczerzy\u0107 z\u0119by w nieszczerym u\u015bmiechu, m\u00f3g\u0142bym drapa\u0107 si\u0119 m\u0105drze po g\u0142owie albo g\u0142upio po ty\u0142ku, a i tak moi pierwotni rodacy zrobi\u0105 ze mnie krokodyla. Bez trudu mnie rozszyfruj\u0105 i rzekn\u0105 jeden do drugiego: \u201ePatrz, tam idzie ten z Niemiec!\u201d. Bo, jak kto\u015b jest z Niemiec, to szwenda si\u0119, odziewa i zalatuje zapachami inaczej.<\/p>\n<p>Z kolei okoliczni niemieckoj\u0119zyczni w\u0142o\u015bcianie, gdy mnie widz\u0105, a przede wszystkim s\u0142ysz\u0105, nie maj\u0105 w\u0105tpliwo\u015bci: to\u017c to Rosjanin jak z bajki. Bo akcent, gdy g\u0119b\u0119 otworz\u0119, mam i\u015bcie rosyjski, by nie rzec: radziecki. O wielkim szcz\u0119\u015bciu mog\u0119 m\u00f3wi\u0107, gdy kto\u015b w Hanowerze podejrzewa mnie o pochodzenie z Polski. Je\u015bli tak si\u0119 zdarzy, przez ca\u0142y dzie\u0144 skacz\u0119 pod niebo z rado\u015bci i dopiero wieczorem, gdy za\u017cyj\u0119 solidn\u0105 porcj\u0119 koz\u0142ka lekarskiego, uspokajam si\u0119 na tyle, by za\u0142o\u017cy\u0107 polskie papcie na swoje polskie nogi. Poza tym w Niemczech brano mnie ju\u017c za Bu\u0142gara, Chorwata, Turka, Amerykanina, Francuza, Holendra i Bawarczyka. Dobrze to \u015bwiadczy o poczuciu humoru tubylczej i nap\u0142ywowej ludno\u015bci. Ale to materia\u0142 na inny donos z Hanoweru do literackiej prasy krajowej.<\/p>\n<p>Przejd\u017amy do spraw wa\u017cnych i nie cierpi\u0105cych zw\u0142oki, czyli spr\u00f3bujmy odpowiedzie\u0107 na pytanie: czym si\u0119 r\u00f3\u017cni pisarka\/pisarz polski od pisarki\/pisarza niemieckiego?<\/p>\n<p>W\u015br\u00f3d samych pisarzy panuje przekonanie, \u017ce przede wszystkim fizjologi\u0105. Pisarz polski smali rzekomo wy\u0142\u0105cznie gorza\u0142\u0119, a niemiecki pono\u0107 gurgla ino piwo. \u0141\u0105czy ich natomiast, ale nie godzi, s\u0105czenie lub tr\u0105bienie wina, przy czym nadal nie zosta\u0142a wydana przez w\u0142adze Unii Europejskiej dyrektywa, kt\u00f3ry z nich jest wi\u0119kszym \u0107wokiem i dyletantem w dziedzinie winoznawstwa. Bo obaj nie tyle smak i procenty najwy\u017cej sobie ceni\u0105, ile rodow\u00f3d i pochodzenie wina. W pewnym sensie s\u0105 zatem osobami nietolerancyjnymi, a nawet rasistami, i nale\u017ca\u0142oby zmy\u0107 im g\u0142owy wiaderkiem poprawno\u015bci politycznej. Sam na winach znam si\u0119 jak sroka na heavy metalu, co z grubsza jest odpowiednikiem kota, co tyle nap\u0142aka\u0142, ale wiem, \u017ce enologia to skomplikowana wiedza i nie ka\u017cda latoro\u015bl jest winna, \u017ce nie przypad\u0142a komu\u015b do gustu.<\/p>\n<p>Wed\u0142ug mnie polski pisarz r\u00f3\u017cni si\u0119 od niemieckiego podej\u015bciem do materii narodowo-wyzwole\u0144czej. Najpro\u015bciej by\u0142oby wyrazi\u0107 to w nast\u0119puj\u0105cych s\u0142owach: niemiecki pisarz m\u00f3wi, my\u015bli i pisze po niemiecku, nie przestaj\u0105c ani na moment by\u0107 zwyk\u0142ym Niemcem. Polski pisarz natomiast wykonuje wszelakie czynno\u015bci pisarskie i niepisarskie po europejsku, i to w dodatku tak, jakby dopiero wczoraj dowiedzia\u0142 si\u0119, \u017ce nale\u017cy do Europy. A teraz rozwi\u0144my t\u0119 my\u015bl.<\/p>\n<p>Niemiecki autor, gdy wstaje rano, wyjada palcami s\u0142oik Nutelli, siada na czterech literach i pisze. Nazywa si\u0119 to Sitzfleisch, czyli siedzenie murem lub, literalnie, siedz\u0105ce mi\u0119so. Gdy ju\u017c nabazgrze, co zaplanowa\u0142 na dany dzie\u0144, gdy ju\u017c nasapie si\u0119 i nadenerwuje, \u017ce mu nie idzie, gdy ju\u017c powyrywa wszystkie w\u0142osy z podudzia \u2013 zapisuje urobek dzienny w chmurze, gasi komputer i ma fajrant. Jak g\u00f3rnik. Jak urz\u0119dnik pa\u0144stwowy. Albo jak zwyk\u0142y zjadacz pizzy, co sko\u0144czy\u0142 swoj\u0105 robot\u0119 i chce jak najszybciej zapomnie\u0107, \u017ce by\u0142 w pracy.<\/p>\n<p>Potem niemiecki pisarz nie robi nic. To znaczy co\u015b tam robi (idzie pop\u0142ywa\u0107 w kanale, bawi si\u0119 kolejk\u0105 na strychu, robi zakupy w aldiku, d\u0142ubie w nosie, skajpuje z kochank\u0105, kochankiem lub wydawc\u0105, spaceruje po lesie, sprawdza stan konta w banku, sortuje znaczki), ale nie zamierza nikomu zdawa\u0107 z tego relacji. Bo ceni sobie swoj\u0105 prywatno\u015b\u0107: niemczyzna, jak ka\u017cdy inny j\u0119zyk, nie znosi pustki, ale lubi milczenie.<\/p>\n<p>A ju\u017c zapatrywania polityczne to ca\u0142kowity temat tabu. Wsp\u00f3lne zjedzenie beczki soli i wypicie cysterny piwa nie s\u0105 powodem, \u017ceby cz\u0142owiek dowiedzia\u0142 si\u0119, na kogo g\u0142osowa\u0142 duchowy spadkobierca Goethego i Hansa Franka w ostatnich wyborach. Chyba, \u017ce wybiera\u0142 Die Linke. Bo Lewica w Niemczech to zgo\u0142a odmienna para kaloszy. I ma tyle wsp\u00f3lnego z polsk\u0105 lewic\u0105, co ruskie pierogi z Rosj\u0105, ryba po grecku z Grecj\u0105 i kawa po turecku z Turcj\u0105.<\/p>\n<p>Z kolei polski pisarz wstaje skoro \u015bwit i od razu czuje si\u0119 obywatelem \u015bwiata. Wypija latte macchiato lub zbo\u017c\u00f3wk\u0119, zjada tosta z kawiorem lub pajd\u0119 chleba ze smalcem i oddaje si\u0119 rozmy\u015blaniom. Jak co\u015b wymy\u015bli, to zapisze. A jak nie wymy\u015bli, to te\u017c zapisze, tyle \u017ce wspomni, i\u017c nic nie wymy\u015bli\u0142, tak jednak formu\u0142uj\u0105c zdania, \u017ceby wszyscy s\u0105dzili, \u017ce co\u015b tam m\u0105drego to on jednakowo\u017c wymy\u015bli\u0142.<\/p>\n<p>Nast\u0119pnie nasz rodzimy literat nie oddaje si\u0119 zbijaniu prywatnych b\u0105k\u00f3w, jak czyni to jego niemiecki pendant, lecz rozpo\u015bciera szeroko skrzyd\u0142a i wzlatuje w internetowe chmury: wchodzi na Twarzoksi\u0119g\u0119 i \u0106wierkacza, \u017ceby spe\u0142ni\u0107 sw\u00f3j \u015bwi\u0119ty patriotyczny obowi\u0105zek. Bowiem poprzez imperatyw wewn\u0119trzny i opini\u0119 \u015brodowiskow\u0105 zobowi\u0105zany jest on do codziennego wystrzelenia z dubelt\u00f3wki do kota naczelnika, kr\u00f3lika premiera i chomika kandydatki na szefow\u0105 sto\u0142\u00f3wki sejmowej, oraz do bezpardonowego walenia w ka\u017cdy kaczy kuper, jaki si\u0119 danego dnia pod klawiatur\u0119 nawinie. A ponadto do upublicznienia swego niezmiernie osobistego, religijnego niemal\u017ce stosunku do Antka, Beaty, W\u0142adka, Krysi, J\u00f3zka, Ewy, Zenka, wujka Marka i pani Renatki, tudzie\u017c do ob\u015bmiania wyczyn\u00f3w w\u0105satej lub bezw\u0105sej g\u0142owy pa\u0144stwa, kt\u00f3ra wprawdzie jest prezydentem, ale przecie\u017c tylko \u201etego kraju\u201d, a nie Polski.<\/p>\n<p>Bo pisarz, krytykuj\u0105cy znienawidzony przez siebie system demokratyczny, ukonstytuowany zgodnie z prawem w wyniku legalnie wygranych wybor\u00f3w, jest \u015bwiatowcem i kosmit\u0105 pe\u0142n\u0105 g\u0119b\u0105, a zwolennicy dobrej zmiany czy dobrego trawienia to dla niego p\u00f3\u0142g\u0119bki z P\u00f3\u0142g\u0142\u00f3wkowa G\u00f3rnego. A\u017c strach pomy\u015ble\u0107, co s\u0105dzi o tych z Dolnego. Pewnie wed\u0142ug niego je\u017cd\u017c\u0105 do ko\u015bcio\u0142a lub \u2013 nie daj Bo\u017ce! \u2013 do meczetu albo b\u00f3\u017cnicy na kozach, w dodatku bez kulbaki i twarz\u0105 do ogona.<\/p>\n<p>Gdy ju\u017c polski pisarz, czyli znany w ca\u0142ej Unii Europejskiej Jerzy Gondol znad Wis\u0142y, zalajkuje wystarczaj\u0105c\u0105 ilo\u015b\u0107 antyrz\u0105dowych link\u00f3w i post\u00f3w kole\u017canek i koleg\u00f3w po pi\u00f3rze i bez pi\u00f3r, umieszcza sw\u00f3j w\u0142asny post, w kt\u00f3rym bezpardonowo mia\u017cd\u017cy haniebne poczynania w\u0142adz okupacyjnych, tymczasowych zreszt\u0105. I wykazuje przy tym niezwykle wnikliw\u0105 znajomo\u015bci\u0105 prawa konstytucyjnego, prawa o ustroju s\u0105d\u00f3w powszechnych, jak i prawa \u0142owieckiego i le\u015bnego, a szczeg\u00f3ln\u0105 uwag\u0119 po\u015bwi\u0119ca ustawom o Krajowej Radzie S\u0105downictwa i o S\u0105dzie Najwy\u017cszym.<\/p>\n<p>T\u0119 ca\u0142\u0105 specjalistyczn\u0105 wiedz\u0119 prawnicz\u0105 pisarz przyswoi\u0142 sobie na tajnych kompletach, organizowanych przez tak tajn\u0105 kom\u00f3rk\u0119, \u017ce jej nazwa nie pojawia si\u0119 nawet na najbardziej tajnych kartach utajnionych przez poprzedni rz\u0105d ksi\u0105\u017cek telefonicznych. A wszystko pisarz robi\u0142 po to, by pokaza\u0107 innym, \u017ce nie zasypuje gruszek w popiele, tylko walczy, i to w s\u0142usznej sprawie. Bo walka z PISiorskim naje\u017ad\u017ac\u0105 i ciemi\u0119\u017cc\u0105 to podstawowy obowi\u0105zek ka\u017cdego post\u0119powego pisarza nowoczesnej Europy! Pal diabli demokracj\u0119, najwa\u017cniejsze, \u017ceby zrobi\u0107 zadym\u0119 i sia\u0107 zam\u0119t!<\/p>\n<p>Po wyczerpuj\u0105cym klikaniu myszk\u0105 i po z\u0142o\u017ceniu codziennego raportu przewodnikowi duchowemu z totalnej opozycji, krajowy pisarz udaje si\u0119 do radia i kr\u00f3tko na antenie wspomina, \u017ce Polacy nosz\u0105 siermi\u0119\u017cne majtki i frotowe skarpety do sanda\u0142\u00f3w, bo zawsze byli antysemitami, co objawia si\u0119 cho\u0107by w tym, \u017ce na Wigili\u0119 gromadnie organizuj\u0105 pogrom karpia po \u017cydowsku, nie wspominaj\u0105c ju\u017c o tragicznym losie \u015bledzia, kt\u00f3rego z\u0142o\u015bliwie i podst\u0119pnie podaj\u0105 na swoje imieninowe sto\u0142y po semicku, czyli z koperkiem, og\u00f3rkiem i czosnkiem.<\/p>\n<p>P\u00f3\u017anym popo\u0142udniem nasz literat zwo\u0142uje napr\u0119dce konferencj\u0119 prasow\u0105, na kt\u00f3r\u0105 zwo\u0142uje esemesem dziennikarskich znajomk\u00f3w z polskoj\u0119zycznych medi\u00f3w zagranicznych, i informuje ich uroczy\u015bcie, \u017ce Polska mia\u0142a kolonie. Zastosowanie czasu przesz\u0142ego w tak powa\u017cnej sprawie budzi lekkie zaniepokojenie w\u015br\u00f3d gryzipi\u00f3rczej braci, bo ka\u017cdy przecie\u017c dobrze wie, \u017ce nie tylko mia\u0142a, lecz nadal ma! Nigdy ich nie straci\u0142a! I dlatego do dzi\u015b dzieci mog\u0105 je\u017adzi\u0107 w lecie na kolonie. Sprawa si\u0119 jednak szybko wyja\u015bnia, \u017ce nie o te kolonie pisarzowi chodzi\u0142o, tylko o tamte.<\/p>\n<p>A tamte by\u0142y straszne. G\u0142\u00f3d, brud, smr\u00f3d i ub\u00f3stwo. A poza tym wszy, pch\u0142y, dziurawe buty i s\u0142oma, \u017ad\u017ab\u0142o w oku s\u0105siada i belka we w\u0142asnym. No i to panoszenie si\u0119 na i po rubie\u017cach! A nawet przed rubie\u017cami! To ustawianie wszystkich po k\u0105tach i bicie nahajk\u0105 po pi\u0119tach! Te obozy dla innowierc\u00f3w, znacznie gorsze od tych, co zrobiono potem dla jednowierc\u00f3w! Te mordy i zamordyzm! Te w\u0105sy sumiaste i \u0142ysiny! Te kontusze i ci kustosze!<\/p>\n<p>Pod wiecz\u00f3r pisarz jest ju\u017c troch\u0119 zm\u0119czony wysi\u0142kiem tw\u00f3rczym, ale obowi\u0105zek to obowi\u0105zek. Nie ma zmi\u0142uj si\u0119! Walnie zatem jeszcze na kolanie artyku\u0142 do zachodniej gazety, w kt\u00f3rym szerzej opisze wspomniane powy\u017cej antysemickie rozbestwienie nadwi\u015blanego ludu, doda skwa\u015bnia\u0142y w\u0105tek pszenno-buraczany, \u201epolskie obozy koncentracyjne\u201d i bohaterstwo niemieckich wyp\u0119dzonych, wplecie par\u0119 s\u0142\u00f3w o przecierze pomidorowym i deklaracj\u0119 czysto\u015bci serca, czyli wzmiank\u0119, \u017ce Polacy si\u0119 nie myj\u0105, bo wszyscy mieszkaj\u0105 za \u015bcian\u0105, czyli s\u0105 za\u015bciankowi, i wtedy wreszcie stawia kropk\u0119, szcz\u0119\u015bliwy i zadowolony jak j\u0119tka jednodni\u00f3wka po udanym seksie z sam\u0105 sob\u0105.<\/p>\n<p>Nast\u0119pnie puszcza sobie \u0142adn\u0105 muzyk\u0119, siada w fotelu na biegunach z kieliszkiem s\u0142odkiego wina w d\u0142oni i czeka na Nagrod\u0119 Nobla od Unii Europejskiej.<\/p>\n<p>A potem strasznie si\u0119 martwi i palce do krwi zagryza, \u017ce nagrody dostaj\u0105 inni, bo potrafili mocniej i skuteczniej w oczach zagranicznych filantrop\u00f3w zrobi\u0107 masa\u017c w\u0142asnemu narodowi i tak umiej\u0119tnie poprzestawia\u0107 klocki logiki, aby wszystkim si\u0119 wydawa\u0142o, \u017ce w Polsce obowi\u0105zuje ruch lewostronny, a \u015awi\u0119te Cesarstwo Rzymskie Narodu Niemieckiego wcale nie upad\u0142o.<\/p>\n<p>Tak, tak, nie jest \u0142atwo by\u0107 pisarzem\/pisark\u0105 we wsp\u00f3\u0142czesnej Polsce. Ustawicznie trzeba strz\u0119pi\u0107 j\u0119zyk, a nie pi\u00f3ro. Nie dziwi zatem, \u017ce \u2013 jak dot\u0105d \u2013 nie uda\u0142o si\u0119 nikomu z utytu\u0142owanych i nagradzanych literat\u00f3w, a tak\u017ce z tych, co od lat musz\u0105 obchodzi\u0107 si\u0119 smakiem, napisa\u0107 rzetelnej powie\u015bci o przemianach, jakie mia\u0142y miejsce w Polsce po 1989 roku. Bo \u017ceby to zrobi\u0107, trzeba przysi\u0105\u015b\u0107 fa\u0142d\u00f3w, przesta\u0107 wa\u0142\u0119sa\u0107 si\u0119 po mainstreamowej arenie pr\u00f3\u017cno\u015bci i pop\u0142yn\u0105\u0107 pod pr\u0105d. \u201eBacz, by poeci twoi nie k\u0142amali!\u201d \u2013 ostrzegano nas w czasach g\u0142\u0119bokiej komuny. I ostrze\u017cenie to nie zosta\u0142o spalone w piecu historii przez psy, przesz\u0142o lustracj\u0119 \u2013 i nadal obowi\u0105zuje.<\/p>\n<p>Siostry pisarki, bracia pisarze, macie jeden nar\u00f3d, innego mie\u0107 nie b\u0119dziecie! Mo\u017ce nie jest najlepszy, ale nie jest te\u017c najgorszy. K\u0142\u00f3\u0107cie si\u0119 z nim i nie zgadzajcie, ale czasami wyci\u0105gnijcie r\u0119k\u0119 i go pog\u0142aszczcie. I wam b\u0119dzie lepiej, i narodowi. Przesta\u0144cie traktowa\u0107 sw\u00f3j nar\u00f3d jak worek treningowy do zaspokojenia w\u0142asnego ego i napchania sobie kieszeni srebrnikami. Nar\u00f3d ma tylko was, innych pisarek i pisarzy nie posiada. Niewa\u017cne, w co wierzycie, kogo popieracie i kto was popiera, wszyscy nale\u017cycie i zawsze nale\u017ce\u0107 b\u0119dziecie tylko do siebie.<\/p>\n<p>Jako si\u0119 rzek\u0142o, z Hanoweru widzi si\u0119 sprawy troch\u0119 inaczej. I strach ma tutaj znacznie mniejsze oczy. Bo ci, kt\u00f3rych odrzucono, i ci, kt\u00f3rzy sami si\u0119 odrzucili \u2013 wracaj\u0105. Taka jest kolej rzeczy.<\/p>\n<p>&nbsp;<\/p>\n<p>Pierwodruk: <a href=\"http:\/\/www.elewator.org\/archiwum\/nr-25-32018-lipiecwrzesien\">eleWator, nr 25 (3\/2018) lipiec\/wrzesie\u0144<\/a><\/p>\n<p>\u00a9 Dariusz Muszer<\/p>\n","protected":false},"excerpt":{"rendered":"<p>\u201eU nas, w Hanowerze, je\u017cd\u017c\u0105 baby na rowerze!\u201d \u2013 \u015bpiewano kiedy\u015b w stolicy Dolnej Saksonii. Dzi\u015b ju\u017c nikt tak nie \u015bpiewa. Bicykli mamy tutaj nadal w br\u00f3d, kobiet i \u015bcie\u017cek rowerowych r\u00f3wnie\u017c nie brakuje, ale \u015bpiewa\u0107 jako\u015b si\u0119 nie chce. Mo\u017ce to wina globalnego ozi\u0119bienia i strach przed czekaj\u0105cym nas przebiegunowaniem Ziemi. Mo\u017ce tylko s\u0142owa [&hellip;]<\/p>\n","protected":false},"author":1,"featured_media":1229,"comment_status":"closed","ping_status":"closed","sticky":false,"template":"","format":"standard","meta":{"footnotes":""},"categories":[149],"tags":[167,98,81,282],"class_list":["post-1228","post","type-post","status-publish","format-standard","has-post-thumbnail","hentry","category-notatki-na-blankietach","tag-dolna-saksonia","tag-elewator","tag-hannover","tag-pisarz"],"yoast_head":"<!-- This site is optimized with the Yoast SEO plugin v27.0 - https:\/\/yoast.com\/product\/yoast-seo-wordpress\/ -->\n<title>Czym si\u0119 r\u00f3\u017cni pisarz od pisarza - Notatki na blankietach - Dariusz Muszer<\/title>\n<meta name=\"description\" content=\"Przejd\u017amy do spraw nie cierpi\u0105cych zw\u0142oki, czyli spr\u00f3bujmy odpowiedzie\u0107 na pytanie: czym si\u0119 r\u00f3\u017cni pisarka\/pisarz polski od pisarki\/pisarza niemieckiego?\" \/>\n<meta name=\"robots\" content=\"index, follow, max-snippet:-1, max-image-preview:large, max-video-preview:-1\" \/>\n<link rel=\"canonical\" href=\"https:\/\/dariusz-muszer.de\/pl\/czym-sie-rozni-pisarz-od-pisarza-notatki-na-blankietach\/\" \/>\n<meta property=\"og:locale\" content=\"pl_PL\" \/>\n<meta property=\"og:type\" content=\"article\" \/>\n<meta property=\"og:title\" content=\"Czym si\u0119 r\u00f3\u017cni pisarz od pisarza - Notatki na blankietach - Dariusz Muszer\" \/>\n<meta property=\"og:description\" content=\"Przejd\u017amy do spraw nie cierpi\u0105cych zw\u0142oki, czyli spr\u00f3bujmy odpowiedzie\u0107 na pytanie: czym si\u0119 r\u00f3\u017cni pisarka\/pisarz polski od pisarki\/pisarza niemieckiego?\" \/>\n<meta property=\"og:url\" content=\"https:\/\/dariusz-muszer.de\/pl\/czym-sie-rozni-pisarz-od-pisarza-notatki-na-blankietach\/\" \/>\n<meta property=\"og:site_name\" content=\"Dariusz Muszer\" \/>\n<meta property=\"article:published_time\" content=\"2018-12-10T17:28:41+00:00\" \/>\n<meta property=\"article:modified_time\" content=\"2018-12-10T17:48:50+00:00\" \/>\n<meta property=\"og:image\" content=\"https:\/\/dariusz-muszer.de\/pl\/wp-content\/uploads\/sites\/2\/2018\/12\/elewator_25-web-e1544462211223.jpg\" \/>\n\t<meta property=\"og:image:width\" content=\"600\" \/>\n\t<meta property=\"og:image:height\" content=\"805\" \/>\n\t<meta property=\"og:image:type\" content=\"image\/jpeg\" \/>\n<meta name=\"author\" content=\"Kalong\" \/>\n<meta name=\"twitter:card\" content=\"summary_large_image\" \/>\n<meta name=\"twitter:label1\" content=\"Napisane przez\" \/>\n\t<meta name=\"twitter:data1\" content=\"Kalong\" \/>\n\t<meta name=\"twitter:label2\" content=\"Szacowany czas czytania\" \/>\n\t<meta name=\"twitter:data2\" content=\"11 minut\" \/>\n<script type=\"application\/ld+json\" class=\"yoast-schema-graph\">{\"@context\":\"https:\/\/schema.org\",\"@graph\":[{\"@type\":\"Article\",\"@id\":\"https:\/\/dariusz-muszer.de\/pl\/czym-sie-rozni-pisarz-od-pisarza-notatki-na-blankietach\/#article\",\"isPartOf\":{\"@id\":\"https:\/\/dariusz-muszer.de\/pl\/czym-sie-rozni-pisarz-od-pisarza-notatki-na-blankietach\/\"},\"author\":{\"name\":\"Kalong\",\"@id\":\"https:\/\/dariusz-muszer.de\/pl\/#\/schema\/person\/9f0c1c0310d5a835a41c892f377a9d48\"},\"headline\":\"Czym si\u0119 r\u00f3\u017cni pisarz od pisarza &#8211; Notatki na blankietach\",\"datePublished\":\"2018-12-10T17:28:41+00:00\",\"dateModified\":\"2018-12-10T17:48:50+00:00\",\"mainEntityOfPage\":{\"@id\":\"https:\/\/dariusz-muszer.de\/pl\/czym-sie-rozni-pisarz-od-pisarza-notatki-na-blankietach\/\"},\"wordCount\":2306,\"image\":{\"@id\":\"https:\/\/dariusz-muszer.de\/pl\/czym-sie-rozni-pisarz-od-pisarza-notatki-na-blankietach\/#primaryimage\"},\"thumbnailUrl\":\"https:\/\/dariusz-muszer.de\/pl\/wp-content\/uploads\/sites\/2\/2018\/12\/elewator_25-web-e1544462211223.jpg\",\"keywords\":[\"Dolna Saksonia\",\"Elewator\",\"Hannover\",\"pisarz\"],\"articleSection\":[\"Notatki na blankietach\"],\"inLanguage\":\"pl-PL\"},{\"@type\":\"WebPage\",\"@id\":\"https:\/\/dariusz-muszer.de\/pl\/czym-sie-rozni-pisarz-od-pisarza-notatki-na-blankietach\/\",\"url\":\"https:\/\/dariusz-muszer.de\/pl\/czym-sie-rozni-pisarz-od-pisarza-notatki-na-blankietach\/\",\"name\":\"Czym si\u0119 r\u00f3\u017cni pisarz od pisarza - Notatki na blankietach - Dariusz Muszer\",\"isPartOf\":{\"@id\":\"https:\/\/dariusz-muszer.de\/pl\/#website\"},\"primaryImageOfPage\":{\"@id\":\"https:\/\/dariusz-muszer.de\/pl\/czym-sie-rozni-pisarz-od-pisarza-notatki-na-blankietach\/#primaryimage\"},\"image\":{\"@id\":\"https:\/\/dariusz-muszer.de\/pl\/czym-sie-rozni-pisarz-od-pisarza-notatki-na-blankietach\/#primaryimage\"},\"thumbnailUrl\":\"https:\/\/dariusz-muszer.de\/pl\/wp-content\/uploads\/sites\/2\/2018\/12\/elewator_25-web-e1544462211223.jpg\",\"datePublished\":\"2018-12-10T17:28:41+00:00\",\"dateModified\":\"2018-12-10T17:48:50+00:00\",\"author\":{\"@id\":\"https:\/\/dariusz-muszer.de\/pl\/#\/schema\/person\/9f0c1c0310d5a835a41c892f377a9d48\"},\"description\":\"Przejd\u017amy do spraw nie cierpi\u0105cych zw\u0142oki, czyli spr\u00f3bujmy odpowiedzie\u0107 na pytanie: czym si\u0119 r\u00f3\u017cni pisarka\/pisarz polski od pisarki\/pisarza niemieckiego?\",\"breadcrumb\":{\"@id\":\"https:\/\/dariusz-muszer.de\/pl\/czym-sie-rozni-pisarz-od-pisarza-notatki-na-blankietach\/#breadcrumb\"},\"inLanguage\":\"pl-PL\",\"potentialAction\":[{\"@type\":\"ReadAction\",\"target\":[\"https:\/\/dariusz-muszer.de\/pl\/czym-sie-rozni-pisarz-od-pisarza-notatki-na-blankietach\/\"]}]},{\"@type\":\"ImageObject\",\"inLanguage\":\"pl-PL\",\"@id\":\"https:\/\/dariusz-muszer.de\/pl\/czym-sie-rozni-pisarz-od-pisarza-notatki-na-blankietach\/#primaryimage\",\"url\":\"https:\/\/dariusz-muszer.de\/pl\/wp-content\/uploads\/sites\/2\/2018\/12\/elewator_25-web-e1544462211223.jpg\",\"contentUrl\":\"https:\/\/dariusz-muszer.de\/pl\/wp-content\/uploads\/sites\/2\/2018\/12\/elewator_25-web-e1544462211223.jpg\",\"width\":600,\"height\":805,\"caption\":\"Elewator\"},{\"@type\":\"BreadcrumbList\",\"@id\":\"https:\/\/dariusz-muszer.de\/pl\/czym-sie-rozni-pisarz-od-pisarza-notatki-na-blankietach\/#breadcrumb\",\"itemListElement\":[{\"@type\":\"ListItem\",\"position\":1,\"name\":\"Strona g\u0142\u00f3wna\",\"item\":\"https:\/\/dariusz-muszer.de\/pl\/\"},{\"@type\":\"ListItem\",\"position\":2,\"name\":\"Czym si\u0119 r\u00f3\u017cni pisarz od pisarza &#8211; Notatki na blankietach\"}]},{\"@type\":\"WebSite\",\"@id\":\"https:\/\/dariusz-muszer.de\/pl\/#website\",\"url\":\"https:\/\/dariusz-muszer.de\/pl\/\",\"name\":\"Dariusz Muszer\",\"description\":\"pisarz\",\"potentialAction\":[{\"@type\":\"SearchAction\",\"target\":{\"@type\":\"EntryPoint\",\"urlTemplate\":\"https:\/\/dariusz-muszer.de\/pl\/?s={search_term_string}\"},\"query-input\":{\"@type\":\"PropertyValueSpecification\",\"valueRequired\":true,\"valueName\":\"search_term_string\"}}],\"inLanguage\":\"pl-PL\"},{\"@type\":\"Person\",\"@id\":\"https:\/\/dariusz-muszer.de\/pl\/#\/schema\/person\/9f0c1c0310d5a835a41c892f377a9d48\",\"name\":\"Kalong\",\"image\":{\"@type\":\"ImageObject\",\"inLanguage\":\"pl-PL\",\"@id\":\"https:\/\/dariusz-muszer.de\/pl\/#\/schema\/person\/image\/\",\"url\":\"https:\/\/secure.gravatar.com\/avatar\/c9f779f2a71c9a87e8c401a809d61b28d74fc852ff3f345760cf377e19933461?s=96&d=mm&r=g\",\"contentUrl\":\"https:\/\/secure.gravatar.com\/avatar\/c9f779f2a71c9a87e8c401a809d61b28d74fc852ff3f345760cf377e19933461?s=96&d=mm&r=g\",\"caption\":\"Kalong\"},\"url\":\"https:\/\/dariusz-muszer.de\/pl\/author\/kalong\/\"}]}<\/script>\n<!-- \/ Yoast SEO plugin. -->","yoast_head_json":{"title":"Czym si\u0119 r\u00f3\u017cni pisarz od pisarza - Notatki na blankietach - Dariusz Muszer","description":"Przejd\u017amy do spraw nie cierpi\u0105cych zw\u0142oki, czyli spr\u00f3bujmy odpowiedzie\u0107 na pytanie: czym si\u0119 r\u00f3\u017cni pisarka\/pisarz polski od pisarki\/pisarza niemieckiego?","robots":{"index":"index","follow":"follow","max-snippet":"max-snippet:-1","max-image-preview":"max-image-preview:large","max-video-preview":"max-video-preview:-1"},"canonical":"https:\/\/dariusz-muszer.de\/pl\/czym-sie-rozni-pisarz-od-pisarza-notatki-na-blankietach\/","og_locale":"pl_PL","og_type":"article","og_title":"Czym si\u0119 r\u00f3\u017cni pisarz od pisarza - Notatki na blankietach - Dariusz Muszer","og_description":"Przejd\u017amy do spraw nie cierpi\u0105cych zw\u0142oki, czyli spr\u00f3bujmy odpowiedzie\u0107 na pytanie: czym si\u0119 r\u00f3\u017cni pisarka\/pisarz polski od pisarki\/pisarza niemieckiego?","og_url":"https:\/\/dariusz-muszer.de\/pl\/czym-sie-rozni-pisarz-od-pisarza-notatki-na-blankietach\/","og_site_name":"Dariusz Muszer","article_published_time":"2018-12-10T17:28:41+00:00","article_modified_time":"2018-12-10T17:48:50+00:00","og_image":[{"width":600,"height":805,"url":"https:\/\/dariusz-muszer.de\/pl\/wp-content\/uploads\/sites\/2\/2018\/12\/elewator_25-web-e1544462211223.jpg","type":"image\/jpeg"}],"author":"Kalong","twitter_card":"summary_large_image","twitter_misc":{"Napisane przez":"Kalong","Szacowany czas czytania":"11 minut"},"schema":{"@context":"https:\/\/schema.org","@graph":[{"@type":"Article","@id":"https:\/\/dariusz-muszer.de\/pl\/czym-sie-rozni-pisarz-od-pisarza-notatki-na-blankietach\/#article","isPartOf":{"@id":"https:\/\/dariusz-muszer.de\/pl\/czym-sie-rozni-pisarz-od-pisarza-notatki-na-blankietach\/"},"author":{"name":"Kalong","@id":"https:\/\/dariusz-muszer.de\/pl\/#\/schema\/person\/9f0c1c0310d5a835a41c892f377a9d48"},"headline":"Czym si\u0119 r\u00f3\u017cni pisarz od pisarza &#8211; Notatki na blankietach","datePublished":"2018-12-10T17:28:41+00:00","dateModified":"2018-12-10T17:48:50+00:00","mainEntityOfPage":{"@id":"https:\/\/dariusz-muszer.de\/pl\/czym-sie-rozni-pisarz-od-pisarza-notatki-na-blankietach\/"},"wordCount":2306,"image":{"@id":"https:\/\/dariusz-muszer.de\/pl\/czym-sie-rozni-pisarz-od-pisarza-notatki-na-blankietach\/#primaryimage"},"thumbnailUrl":"https:\/\/dariusz-muszer.de\/pl\/wp-content\/uploads\/sites\/2\/2018\/12\/elewator_25-web-e1544462211223.jpg","keywords":["Dolna Saksonia","Elewator","Hannover","pisarz"],"articleSection":["Notatki na blankietach"],"inLanguage":"pl-PL"},{"@type":"WebPage","@id":"https:\/\/dariusz-muszer.de\/pl\/czym-sie-rozni-pisarz-od-pisarza-notatki-na-blankietach\/","url":"https:\/\/dariusz-muszer.de\/pl\/czym-sie-rozni-pisarz-od-pisarza-notatki-na-blankietach\/","name":"Czym si\u0119 r\u00f3\u017cni pisarz od pisarza - Notatki na blankietach - Dariusz Muszer","isPartOf":{"@id":"https:\/\/dariusz-muszer.de\/pl\/#website"},"primaryImageOfPage":{"@id":"https:\/\/dariusz-muszer.de\/pl\/czym-sie-rozni-pisarz-od-pisarza-notatki-na-blankietach\/#primaryimage"},"image":{"@id":"https:\/\/dariusz-muszer.de\/pl\/czym-sie-rozni-pisarz-od-pisarza-notatki-na-blankietach\/#primaryimage"},"thumbnailUrl":"https:\/\/dariusz-muszer.de\/pl\/wp-content\/uploads\/sites\/2\/2018\/12\/elewator_25-web-e1544462211223.jpg","datePublished":"2018-12-10T17:28:41+00:00","dateModified":"2018-12-10T17:48:50+00:00","author":{"@id":"https:\/\/dariusz-muszer.de\/pl\/#\/schema\/person\/9f0c1c0310d5a835a41c892f377a9d48"},"description":"Przejd\u017amy do spraw nie cierpi\u0105cych zw\u0142oki, czyli spr\u00f3bujmy odpowiedzie\u0107 na pytanie: czym si\u0119 r\u00f3\u017cni pisarka\/pisarz polski od pisarki\/pisarza niemieckiego?","breadcrumb":{"@id":"https:\/\/dariusz-muszer.de\/pl\/czym-sie-rozni-pisarz-od-pisarza-notatki-na-blankietach\/#breadcrumb"},"inLanguage":"pl-PL","potentialAction":[{"@type":"ReadAction","target":["https:\/\/dariusz-muszer.de\/pl\/czym-sie-rozni-pisarz-od-pisarza-notatki-na-blankietach\/"]}]},{"@type":"ImageObject","inLanguage":"pl-PL","@id":"https:\/\/dariusz-muszer.de\/pl\/czym-sie-rozni-pisarz-od-pisarza-notatki-na-blankietach\/#primaryimage","url":"https:\/\/dariusz-muszer.de\/pl\/wp-content\/uploads\/sites\/2\/2018\/12\/elewator_25-web-e1544462211223.jpg","contentUrl":"https:\/\/dariusz-muszer.de\/pl\/wp-content\/uploads\/sites\/2\/2018\/12\/elewator_25-web-e1544462211223.jpg","width":600,"height":805,"caption":"Elewator"},{"@type":"BreadcrumbList","@id":"https:\/\/dariusz-muszer.de\/pl\/czym-sie-rozni-pisarz-od-pisarza-notatki-na-blankietach\/#breadcrumb","itemListElement":[{"@type":"ListItem","position":1,"name":"Strona g\u0142\u00f3wna","item":"https:\/\/dariusz-muszer.de\/pl\/"},{"@type":"ListItem","position":2,"name":"Czym si\u0119 r\u00f3\u017cni pisarz od pisarza &#8211; Notatki na blankietach"}]},{"@type":"WebSite","@id":"https:\/\/dariusz-muszer.de\/pl\/#website","url":"https:\/\/dariusz-muszer.de\/pl\/","name":"Dariusz Muszer","description":"pisarz","potentialAction":[{"@type":"SearchAction","target":{"@type":"EntryPoint","urlTemplate":"https:\/\/dariusz-muszer.de\/pl\/?s={search_term_string}"},"query-input":{"@type":"PropertyValueSpecification","valueRequired":true,"valueName":"search_term_string"}}],"inLanguage":"pl-PL"},{"@type":"Person","@id":"https:\/\/dariusz-muszer.de\/pl\/#\/schema\/person\/9f0c1c0310d5a835a41c892f377a9d48","name":"Kalong","image":{"@type":"ImageObject","inLanguage":"pl-PL","@id":"https:\/\/dariusz-muszer.de\/pl\/#\/schema\/person\/image\/","url":"https:\/\/secure.gravatar.com\/avatar\/c9f779f2a71c9a87e8c401a809d61b28d74fc852ff3f345760cf377e19933461?s=96&d=mm&r=g","contentUrl":"https:\/\/secure.gravatar.com\/avatar\/c9f779f2a71c9a87e8c401a809d61b28d74fc852ff3f345760cf377e19933461?s=96&d=mm&r=g","caption":"Kalong"},"url":"https:\/\/dariusz-muszer.de\/pl\/author\/kalong\/"}]}},"_links":{"self":[{"href":"https:\/\/dariusz-muszer.de\/pl\/wp-json\/wp\/v2\/posts\/1228","targetHints":{"allow":["GET"]}}],"collection":[{"href":"https:\/\/dariusz-muszer.de\/pl\/wp-json\/wp\/v2\/posts"}],"about":[{"href":"https:\/\/dariusz-muszer.de\/pl\/wp-json\/wp\/v2\/types\/post"}],"author":[{"embeddable":true,"href":"https:\/\/dariusz-muszer.de\/pl\/wp-json\/wp\/v2\/users\/1"}],"replies":[{"embeddable":true,"href":"https:\/\/dariusz-muszer.de\/pl\/wp-json\/wp\/v2\/comments?post=1228"}],"version-history":[{"count":7,"href":"https:\/\/dariusz-muszer.de\/pl\/wp-json\/wp\/v2\/posts\/1228\/revisions"}],"predecessor-version":[{"id":1241,"href":"https:\/\/dariusz-muszer.de\/pl\/wp-json\/wp\/v2\/posts\/1228\/revisions\/1241"}],"wp:featuredmedia":[{"embeddable":true,"href":"https:\/\/dariusz-muszer.de\/pl\/wp-json\/wp\/v2\/media\/1229"}],"wp:attachment":[{"href":"https:\/\/dariusz-muszer.de\/pl\/wp-json\/wp\/v2\/media?parent=1228"}],"wp:term":[{"taxonomy":"category","embeddable":true,"href":"https:\/\/dariusz-muszer.de\/pl\/wp-json\/wp\/v2\/categories?post=1228"},{"taxonomy":"post_tag","embeddable":true,"href":"https:\/\/dariusz-muszer.de\/pl\/wp-json\/wp\/v2\/tags?post=1228"}],"curies":[{"name":"wp","href":"https:\/\/api.w.org\/{rel}","templated":true}]}}