{"id":1153,"date":"2018-02-20T09:00:56","date_gmt":"2018-02-20T08:00:56","guid":{"rendered":"http:\/\/dariusz-muszer.de\/pl\/?p=1153"},"modified":"2021-05-10T20:47:49","modified_gmt":"2021-05-10T18:47:49","slug":"przyganial-czulent-bigosowi-ze-wspomnien-krzaczka-porzeczki-5","status":"publish","type":"post","link":"https:\/\/dariusz-muszer.de\/pl\/przyganial-czulent-bigosowi-ze-wspomnien-krzaczka-porzeczki-5\/","title":{"rendered":"Przygania\u0142 czulent bigosowi"},"content":{"rendered":"<h2><span style=\"color: #008000;\">Ze wspomnie\u0144 krzaczka porzeczki<\/span><\/h2>\n<h1>Przygania\u0142 czulent bigosowi<\/h1>\n<p>&nbsp;<\/p>\n<p>W naszym ogrodzie m\u00f3wi\u0105, \u017ce podobno <a href=\"https:\/\/pl.wikipedia.org\/wiki\/Bigos\">bigos<\/a> i <a href=\"https:\/\/pl.wikipedia.org\/wiki\/Czulent\">czulent<\/a> wzi\u0119li si\u0119 mocno za \u0142by. \u0141y\u017cki odrzucili na bok. Na ostro posz\u0142o. Na no\u017ce i widelce. Rzekomo spieraj\u0105 si\u0119 o jak\u0105\u015b potraw\u0119, kt\u00f3r\u0105 bigos poprawi\u0142, co bardzo nie spodoba\u0142o si\u0119 czulentowi: zarzuci\u0142 bigosowi, \u017ce nie powinien poprawia\u0107, tylko si\u0119 dopasowa\u0107. W pewien spos\u00f3b rozumiem ten przytyk, gdy\u017c jak poprawiano kiedy\u015b m\u00f3j krzaczek porzeczki po nieudanej zimowej wycince starych p\u0119d\u00f3w, to wyszed\u0142 z tego istny dom wariat\u00f3w, czyli odt\u0105d \u015bwieci\u0142em w ogrodzie pewn\u0105 go\u0142\u0105 cz\u0119\u015bci\u0105 krzaczka. Ale szybko wszyscy s\u0105siedzi si\u0119 do mnie dopasowali: te\u017c ich przyci\u0119to. I te\u017c \u015bwiecili przed \u015bwiatem.<\/p>\n<p>Tulipan m\u00f3wi, \u017ce posz\u0142o o proporcje: bigos chcia\u0142 troch\u0119 wi\u0119cej, a czulent upar\u0142 si\u0119, \u017ceby zgarn\u0105\u0107 wszystko. Nie dowierzam tulipanowi, bo on s\u0142ucha jakiego\u015b zamorskiego radia, kt\u00f3re w dodatku jest zak\u0142\u00f3cane przez brzoz\u0119. Pewnie wi\u0119c co\u015b mu si\u0119 poki\u0107ka\u0142o. Klon z kolei wspomnia\u0142, \u017ce bigos nie chcia\u0142 na kl\u0119czkach, lecz na stoj\u0105co, na co czulent wcale nie mia\u0142 ochoty. Nie wiem, co temu klonowi przysz\u0142o do g\u0142owy, \u017ceby o sprawach intymnych m\u00f3wi\u0107 g\u0142o\u015bno, ale podejrzewam, \u017ce podkopuj\u0105ce go myszy polne daj\u0105 si\u0119 mu we znaki \u2013 st\u0105d te nieprzyjemne skojarzenia. Przy okazji b\u0119d\u0119 go musia\u0142 zruga\u0107. Ale tylko troch\u0119, bo jest silniejszy i m\u00f3g\u0142by mi jeszcze odda\u0107.<\/p>\n<p>Rabarbar by\u0142 zupe\u0142nie odmiennego zdania; o\u015bwiadczy\u0142, \u017ce s\u0142ysza\u0142 w ogrodowym radiu, i\u017c posz\u0142o o liczby i nazwy. To rozumiem. Liczby s\u0105 wa\u017cne, a nazwy najwa\u017cniejsze. Bigos jakoby twierdzi, \u017ce w bigosie by\u0142o mniej kapusty, a wi\u0119cej mi\u0119sa; czulent za\u015b utrzymuje, \u017ce wr\u0119cz odwrotnie. Obstaje te\u017c przy tym, \u017ce jego czulent by\u0142 taki, jak nale\u017cy: odpowiednia ilo\u015b\u0107 ciecierzycy i fasoli, odpowiednia ilo\u015b\u0107 kaszy jaglanej i odpowiednia ilo\u015b\u0107 mi\u0119sa. Co do przypraw, obie strony spu\u015bci\u0142y kotar\u0119 milczenia.<\/p>\n<p>W nasz\u0105 ogrodow\u0105 debat\u0119 wtr\u0105ci\u0142 si\u0119 dalekosi\u0119\u017cnie my\u015bl\u0105cy pow\u00f3j, kt\u00f3ry napomkn\u0105\u0142, \u017ce czulent jadzi przeciwko bigosowi, a bigos nie wie, jak si\u0119 ma obroni\u0107, bo jest nieprzyprawiony. Wyja\u015bni\u0142 te\u017c, sk\u0105d wzi\u0119\u0142o si\u0119 s\u0142owo \u201ejadzi\u201d, a mianowicie z tego, \u017ce rzeczownik, imi\u0119 \u017ce\u0144skie Jadzia staje si\u0119 w celowniku czasownikiem i pisze si\u0119 go ma\u0142\u0105 liter\u0105. I wtedy niespodziewanie podnios\u0142o g\u0142os k\u0105\u015bliwe sitowie, krzycz\u0105c, \u017ce najlepsz\u0105 obron\u0105 jest zawsze dodanie pieprzu i chili. Ju\u017c mia\u0142o doj\u015b\u0107 do r\u0119koczyn\u00f3w z przeciwnikami egzotycznych przypraw, gdy wmiesza\u0142a si\u0119 pigwa, m\u00f3wi\u0105c, \u017ce czulent nie wie, jak si\u0119 robi bigos, a bigos nie ma poj\u0119cia, jak si\u0119 robi czulent. Obaj za\u015b nie wiedz\u0105, ile mog\u0105 straci\u0107, gdy si\u0119 dalej b\u0119d\u0105 k\u0142\u00f3ci\u0107 o to, kt\u00f3ry z nich jest smaczniejszy. Bo wtedy wyskocz\u0105 z pieca demony i obu ich zjedz\u0105. To uspokoi\u0142o ca\u0142\u0105 sytuacj\u0119 i ka\u017cdy poszed\u0142 do swojego k\u0105ta, \u017ceby liza\u0107 rany.<\/p>\n<p>A poza tym w naszym ogrodzie cisza. Dni p\u0142yn\u0105 szybko, pomimo \u017ce s\u0105 coraz d\u0142u\u017csze. S\u0142o\u0144ce rzadko do nas zagl\u0105da \u2013 wida\u0107 ma inne sprawy do za\u0142atwienia. Mo\u017ce zaj\u0119te jest czulentem i bigosem, bo obaj potrzebuj\u0105 teraz du\u017co \u015bwiat\u0142a. A my wszyscy przygotowujemy si\u0119 do wiosny. Tulipan pochwali\u0142 si\u0119 wczoraj, \u017ce widzia\u0142 kreta, ale okaza\u0142o si\u0119 to fa\u0142szywym alarmem. Ziemia jeszcze nie w pe\u0142ni odtaja\u0142a, kret siedzi w swym zimowym korytarzu, a obok, w spi\u017carniach, czekaj\u0105 d\u017cd\u017cownice z przegryzionym zwojem nerwowym, a\u017c zostan\u0105 zjedzone. Bo dla kreta d\u017cd\u017cownica to przysmak nie lada. Na czulent i bigos nawet nie spojrzy.<\/p>\n<p>I na koniec jeszcze jedna sprawa. Dosz\u0142y mnie g\u0142osy, \u017ce wielu spoza ogrodu nadal pow\u0105tpiewa w moje istnienie, co mnie mocno martwi. Z tego te\u017c powodu poprosi\u0142em rabarbar, kt\u00f3ry posiada aparat fotograficzny Druh, \u017ceby zrobi\u0142 mi zdj\u0119cie. Skupi\u0142 si\u0119 na jednym z moich p\u0119d\u00f3w, bo ten wyda\u0142 si\u0119 mu \u0142adniejszy od pozosta\u0142ych cz\u0119\u015bci krzaczka porzeczki. Mam w tej sprawie inny pogl\u0105d. Uwa\u017cam, \u017ce ca\u0142y jestem godny pokazania, ale postanowi\u0142em nie miesza\u0107 si\u0119 w sprawy artystyczne. Prezentuj\u0119 to zdj\u0119cie bez dalszego komentarza. I dzi\u0119kuj\u0119 rabarbarowi, \u017ce nie uzna\u0142 za stosowne uwieczni\u0107 moich korzeni. Bo te s\u0105 naprawd\u0119 trudne do ogarni\u0119cia. Nawet dla mnie. I bigos w nich znajdziesz, i czulent, i egzotyczne przyprawy.<\/p>\n<p>\u00a9 Dariusz Muszer<\/p>\n","protected":false},"excerpt":{"rendered":"<p>Ze wspomnie\u0144 krzaczka porzeczki Przygania\u0142 czulent bigosowi &nbsp; W naszym ogrodzie m\u00f3wi\u0105, \u017ce podobno bigos i czulent wzi\u0119li si\u0119 mocno za \u0142by. \u0141y\u017cki odrzucili na bok. Na ostro posz\u0142o. Na no\u017ce i widelce. Rzekomo spieraj\u0105 si\u0119 o jak\u0105\u015b potraw\u0119, kt\u00f3r\u0105 bigos poprawi\u0142, co bardzo nie spodoba\u0142o si\u0119 czulentowi: zarzuci\u0142 bigosowi, \u017ce nie powinien poprawia\u0107, tylko [&hellip;]<\/p>\n","protected":false},"author":1,"featured_media":1155,"comment_status":"closed","ping_status":"closed","sticky":false,"template":"","format":"standard","meta":{"footnotes":""},"categories":[241],"tags":[257,260,258,261,243,253,242,259],"class_list":["post-1153","post","type-post","status-publish","format-standard","has-post-thumbnail","hentry","category-ze-wspomnien-krzaczka-porzeczki","tag-bigos","tag-ciecierzyca","tag-czulent","tag-fasola","tag-krzaczek-porzeczki","tag-pigwa","tag-rabarbar","tag-sitowie"],"yoast_head":"<!-- This site is optimized with the Yoast SEO plugin v27.0 - https:\/\/yoast.com\/product\/yoast-seo-wordpress\/ -->\n<title>Przygania\u0142 czulent bigosowi - Dariusz Muszer<\/title>\n<meta name=\"description\" content=\"W naszym ogrodzie m\u00f3wi\u0105, \u017ce podobno bigos i czulent wzi\u0119li si\u0119 mocno za \u0142by. Rzekomo spieraj\u0105 si\u0119 o jak\u0105\u015b potraw\u0119, kt\u00f3r\u0105 bigos poprawi\u0142, co bardzo nie spodoba\u0142o si\u0119 czulentowi: zarzuci\u0142 bigosowi, \u017ce nie powinien poprawia\u0107, tylko si\u0119 dopasowa\u0107. Krzaczek porzeczki\" \/>\n<meta name=\"robots\" content=\"index, follow, max-snippet:-1, max-image-preview:large, max-video-preview:-1\" \/>\n<link rel=\"canonical\" href=\"https:\/\/dariusz-muszer.de\/pl\/przyganial-czulent-bigosowi-ze-wspomnien-krzaczka-porzeczki-5\/\" \/>\n<meta property=\"og:locale\" content=\"pl_PL\" \/>\n<meta property=\"og:type\" content=\"article\" \/>\n<meta property=\"og:title\" content=\"Przygania\u0142 czulent bigosowi - Dariusz Muszer\" \/>\n<meta property=\"og:description\" content=\"W naszym ogrodzie m\u00f3wi\u0105, \u017ce podobno bigos i czulent wzi\u0119li si\u0119 mocno za \u0142by. Rzekomo spieraj\u0105 si\u0119 o jak\u0105\u015b potraw\u0119, kt\u00f3r\u0105 bigos poprawi\u0142, co bardzo nie spodoba\u0142o si\u0119 czulentowi: zarzuci\u0142 bigosowi, \u017ce nie powinien poprawia\u0107, tylko si\u0119 dopasowa\u0107. Krzaczek porzeczki\" \/>\n<meta property=\"og:url\" content=\"https:\/\/dariusz-muszer.de\/pl\/przyganial-czulent-bigosowi-ze-wspomnien-krzaczka-porzeczki-5\/\" \/>\n<meta property=\"og:site_name\" content=\"Dariusz Muszer\" \/>\n<meta property=\"article:published_time\" content=\"2018-02-20T08:00:56+00:00\" \/>\n<meta property=\"article:modified_time\" content=\"2021-05-10T18:47:49+00:00\" \/>\n<meta property=\"og:image\" content=\"https:\/\/dariusz-muszer.de\/pl\/wp-content\/uploads\/sites\/2\/2018\/02\/p\u0119d-krzaczka-porzeczki.jpg\" \/>\n\t<meta property=\"og:image:width\" content=\"1024\" \/>\n\t<meta property=\"og:image:height\" content=\"683\" \/>\n\t<meta property=\"og:image:type\" content=\"image\/jpeg\" \/>\n<meta name=\"author\" content=\"Kalong\" \/>\n<meta name=\"twitter:card\" content=\"summary_large_image\" \/>\n<meta name=\"twitter:label1\" content=\"Napisane przez\" \/>\n\t<meta name=\"twitter:data1\" content=\"Kalong\" \/>\n\t<meta name=\"twitter:label2\" content=\"Szacowany czas czytania\" \/>\n\t<meta name=\"twitter:data2\" content=\"4 minuty\" \/>\n<script type=\"application\/ld+json\" class=\"yoast-schema-graph\">{\"@context\":\"https:\/\/schema.org\",\"@graph\":[{\"@type\":\"Article\",\"@id\":\"https:\/\/dariusz-muszer.de\/pl\/przyganial-czulent-bigosowi-ze-wspomnien-krzaczka-porzeczki-5\/#article\",\"isPartOf\":{\"@id\":\"https:\/\/dariusz-muszer.de\/pl\/przyganial-czulent-bigosowi-ze-wspomnien-krzaczka-porzeczki-5\/\"},\"author\":{\"name\":\"Kalong\",\"@id\":\"https:\/\/dariusz-muszer.de\/pl\/#\/schema\/person\/9f0c1c0310d5a835a41c892f377a9d48\"},\"headline\":\"Przygania\u0142 czulent bigosowi\",\"datePublished\":\"2018-02-20T08:00:56+00:00\",\"dateModified\":\"2021-05-10T18:47:49+00:00\",\"mainEntityOfPage\":{\"@id\":\"https:\/\/dariusz-muszer.de\/pl\/przyganial-czulent-bigosowi-ze-wspomnien-krzaczka-porzeczki-5\/\"},\"wordCount\":765,\"image\":{\"@id\":\"https:\/\/dariusz-muszer.de\/pl\/przyganial-czulent-bigosowi-ze-wspomnien-krzaczka-porzeczki-5\/#primaryimage\"},\"thumbnailUrl\":\"https:\/\/dariusz-muszer.de\/pl\/wp-content\/uploads\/sites\/2\/2018\/02\/p\u0119d-krzaczka-porzeczki.jpg\",\"keywords\":[\"bigos\",\"ciecierzyca\",\"czulent\",\"fasola\",\"krzaczek porzeczki\",\"pigwa\",\"rabarbar\",\"sitowie\"],\"articleSection\":[\"Ze wspomnie\u0144 krzaczka porzeczki\"],\"inLanguage\":\"pl-PL\"},{\"@type\":\"WebPage\",\"@id\":\"https:\/\/dariusz-muszer.de\/pl\/przyganial-czulent-bigosowi-ze-wspomnien-krzaczka-porzeczki-5\/\",\"url\":\"https:\/\/dariusz-muszer.de\/pl\/przyganial-czulent-bigosowi-ze-wspomnien-krzaczka-porzeczki-5\/\",\"name\":\"Przygania\u0142 czulent bigosowi - Dariusz Muszer\",\"isPartOf\":{\"@id\":\"https:\/\/dariusz-muszer.de\/pl\/#website\"},\"primaryImageOfPage\":{\"@id\":\"https:\/\/dariusz-muszer.de\/pl\/przyganial-czulent-bigosowi-ze-wspomnien-krzaczka-porzeczki-5\/#primaryimage\"},\"image\":{\"@id\":\"https:\/\/dariusz-muszer.de\/pl\/przyganial-czulent-bigosowi-ze-wspomnien-krzaczka-porzeczki-5\/#primaryimage\"},\"thumbnailUrl\":\"https:\/\/dariusz-muszer.de\/pl\/wp-content\/uploads\/sites\/2\/2018\/02\/p\u0119d-krzaczka-porzeczki.jpg\",\"datePublished\":\"2018-02-20T08:00:56+00:00\",\"dateModified\":\"2021-05-10T18:47:49+00:00\",\"author\":{\"@id\":\"https:\/\/dariusz-muszer.de\/pl\/#\/schema\/person\/9f0c1c0310d5a835a41c892f377a9d48\"},\"description\":\"W naszym ogrodzie m\u00f3wi\u0105, \u017ce podobno bigos i czulent wzi\u0119li si\u0119 mocno za \u0142by. Rzekomo spieraj\u0105 si\u0119 o jak\u0105\u015b potraw\u0119, kt\u00f3r\u0105 bigos poprawi\u0142, co bardzo nie spodoba\u0142o si\u0119 czulentowi: zarzuci\u0142 bigosowi, \u017ce nie powinien poprawia\u0107, tylko si\u0119 dopasowa\u0107. Krzaczek porzeczki\",\"breadcrumb\":{\"@id\":\"https:\/\/dariusz-muszer.de\/pl\/przyganial-czulent-bigosowi-ze-wspomnien-krzaczka-porzeczki-5\/#breadcrumb\"},\"inLanguage\":\"pl-PL\",\"potentialAction\":[{\"@type\":\"ReadAction\",\"target\":[\"https:\/\/dariusz-muszer.de\/pl\/przyganial-czulent-bigosowi-ze-wspomnien-krzaczka-porzeczki-5\/\"]}]},{\"@type\":\"ImageObject\",\"inLanguage\":\"pl-PL\",\"@id\":\"https:\/\/dariusz-muszer.de\/pl\/przyganial-czulent-bigosowi-ze-wspomnien-krzaczka-porzeczki-5\/#primaryimage\",\"url\":\"https:\/\/dariusz-muszer.de\/pl\/wp-content\/uploads\/sites\/2\/2018\/02\/p\u0119d-krzaczka-porzeczki.jpg\",\"contentUrl\":\"https:\/\/dariusz-muszer.de\/pl\/wp-content\/uploads\/sites\/2\/2018\/02\/p\u0119d-krzaczka-porzeczki.jpg\",\"width\":1024,\"height\":683,\"caption\":\"P\u0119d krzaczka porzeczki\"},{\"@type\":\"BreadcrumbList\",\"@id\":\"https:\/\/dariusz-muszer.de\/pl\/przyganial-czulent-bigosowi-ze-wspomnien-krzaczka-porzeczki-5\/#breadcrumb\",\"itemListElement\":[{\"@type\":\"ListItem\",\"position\":1,\"name\":\"Strona g\u0142\u00f3wna\",\"item\":\"https:\/\/dariusz-muszer.de\/pl\/\"},{\"@type\":\"ListItem\",\"position\":2,\"name\":\"Przygania\u0142 czulent bigosowi\"}]},{\"@type\":\"WebSite\",\"@id\":\"https:\/\/dariusz-muszer.de\/pl\/#website\",\"url\":\"https:\/\/dariusz-muszer.de\/pl\/\",\"name\":\"Dariusz Muszer\",\"description\":\"pisarz\",\"potentialAction\":[{\"@type\":\"SearchAction\",\"target\":{\"@type\":\"EntryPoint\",\"urlTemplate\":\"https:\/\/dariusz-muszer.de\/pl\/?s={search_term_string}\"},\"query-input\":{\"@type\":\"PropertyValueSpecification\",\"valueRequired\":true,\"valueName\":\"search_term_string\"}}],\"inLanguage\":\"pl-PL\"},{\"@type\":\"Person\",\"@id\":\"https:\/\/dariusz-muszer.de\/pl\/#\/schema\/person\/9f0c1c0310d5a835a41c892f377a9d48\",\"name\":\"Kalong\",\"image\":{\"@type\":\"ImageObject\",\"inLanguage\":\"pl-PL\",\"@id\":\"https:\/\/dariusz-muszer.de\/pl\/#\/schema\/person\/image\/\",\"url\":\"https:\/\/secure.gravatar.com\/avatar\/c9f779f2a71c9a87e8c401a809d61b28d74fc852ff3f345760cf377e19933461?s=96&d=mm&r=g\",\"contentUrl\":\"https:\/\/secure.gravatar.com\/avatar\/c9f779f2a71c9a87e8c401a809d61b28d74fc852ff3f345760cf377e19933461?s=96&d=mm&r=g\",\"caption\":\"Kalong\"},\"url\":\"https:\/\/dariusz-muszer.de\/pl\/author\/kalong\/\"}]}<\/script>\n<!-- \/ Yoast SEO plugin. -->","yoast_head_json":{"title":"Przygania\u0142 czulent bigosowi - Dariusz Muszer","description":"W naszym ogrodzie m\u00f3wi\u0105, \u017ce podobno bigos i czulent wzi\u0119li si\u0119 mocno za \u0142by. Rzekomo spieraj\u0105 si\u0119 o jak\u0105\u015b potraw\u0119, kt\u00f3r\u0105 bigos poprawi\u0142, co bardzo nie spodoba\u0142o si\u0119 czulentowi: zarzuci\u0142 bigosowi, \u017ce nie powinien poprawia\u0107, tylko si\u0119 dopasowa\u0107. Krzaczek porzeczki","robots":{"index":"index","follow":"follow","max-snippet":"max-snippet:-1","max-image-preview":"max-image-preview:large","max-video-preview":"max-video-preview:-1"},"canonical":"https:\/\/dariusz-muszer.de\/pl\/przyganial-czulent-bigosowi-ze-wspomnien-krzaczka-porzeczki-5\/","og_locale":"pl_PL","og_type":"article","og_title":"Przygania\u0142 czulent bigosowi - Dariusz Muszer","og_description":"W naszym ogrodzie m\u00f3wi\u0105, \u017ce podobno bigos i czulent wzi\u0119li si\u0119 mocno za \u0142by. Rzekomo spieraj\u0105 si\u0119 o jak\u0105\u015b potraw\u0119, kt\u00f3r\u0105 bigos poprawi\u0142, co bardzo nie spodoba\u0142o si\u0119 czulentowi: zarzuci\u0142 bigosowi, \u017ce nie powinien poprawia\u0107, tylko si\u0119 dopasowa\u0107. Krzaczek porzeczki","og_url":"https:\/\/dariusz-muszer.de\/pl\/przyganial-czulent-bigosowi-ze-wspomnien-krzaczka-porzeczki-5\/","og_site_name":"Dariusz Muszer","article_published_time":"2018-02-20T08:00:56+00:00","article_modified_time":"2021-05-10T18:47:49+00:00","og_image":[{"width":1024,"height":683,"url":"https:\/\/dariusz-muszer.de\/pl\/wp-content\/uploads\/sites\/2\/2018\/02\/p\u0119d-krzaczka-porzeczki.jpg","type":"image\/jpeg"}],"author":"Kalong","twitter_card":"summary_large_image","twitter_misc":{"Napisane przez":"Kalong","Szacowany czas czytania":"4 minuty"},"schema":{"@context":"https:\/\/schema.org","@graph":[{"@type":"Article","@id":"https:\/\/dariusz-muszer.de\/pl\/przyganial-czulent-bigosowi-ze-wspomnien-krzaczka-porzeczki-5\/#article","isPartOf":{"@id":"https:\/\/dariusz-muszer.de\/pl\/przyganial-czulent-bigosowi-ze-wspomnien-krzaczka-porzeczki-5\/"},"author":{"name":"Kalong","@id":"https:\/\/dariusz-muszer.de\/pl\/#\/schema\/person\/9f0c1c0310d5a835a41c892f377a9d48"},"headline":"Przygania\u0142 czulent bigosowi","datePublished":"2018-02-20T08:00:56+00:00","dateModified":"2021-05-10T18:47:49+00:00","mainEntityOfPage":{"@id":"https:\/\/dariusz-muszer.de\/pl\/przyganial-czulent-bigosowi-ze-wspomnien-krzaczka-porzeczki-5\/"},"wordCount":765,"image":{"@id":"https:\/\/dariusz-muszer.de\/pl\/przyganial-czulent-bigosowi-ze-wspomnien-krzaczka-porzeczki-5\/#primaryimage"},"thumbnailUrl":"https:\/\/dariusz-muszer.de\/pl\/wp-content\/uploads\/sites\/2\/2018\/02\/p\u0119d-krzaczka-porzeczki.jpg","keywords":["bigos","ciecierzyca","czulent","fasola","krzaczek porzeczki","pigwa","rabarbar","sitowie"],"articleSection":["Ze wspomnie\u0144 krzaczka porzeczki"],"inLanguage":"pl-PL"},{"@type":"WebPage","@id":"https:\/\/dariusz-muszer.de\/pl\/przyganial-czulent-bigosowi-ze-wspomnien-krzaczka-porzeczki-5\/","url":"https:\/\/dariusz-muszer.de\/pl\/przyganial-czulent-bigosowi-ze-wspomnien-krzaczka-porzeczki-5\/","name":"Przygania\u0142 czulent bigosowi - Dariusz Muszer","isPartOf":{"@id":"https:\/\/dariusz-muszer.de\/pl\/#website"},"primaryImageOfPage":{"@id":"https:\/\/dariusz-muszer.de\/pl\/przyganial-czulent-bigosowi-ze-wspomnien-krzaczka-porzeczki-5\/#primaryimage"},"image":{"@id":"https:\/\/dariusz-muszer.de\/pl\/przyganial-czulent-bigosowi-ze-wspomnien-krzaczka-porzeczki-5\/#primaryimage"},"thumbnailUrl":"https:\/\/dariusz-muszer.de\/pl\/wp-content\/uploads\/sites\/2\/2018\/02\/p\u0119d-krzaczka-porzeczki.jpg","datePublished":"2018-02-20T08:00:56+00:00","dateModified":"2021-05-10T18:47:49+00:00","author":{"@id":"https:\/\/dariusz-muszer.de\/pl\/#\/schema\/person\/9f0c1c0310d5a835a41c892f377a9d48"},"description":"W naszym ogrodzie m\u00f3wi\u0105, \u017ce podobno bigos i czulent wzi\u0119li si\u0119 mocno za \u0142by. Rzekomo spieraj\u0105 si\u0119 o jak\u0105\u015b potraw\u0119, kt\u00f3r\u0105 bigos poprawi\u0142, co bardzo nie spodoba\u0142o si\u0119 czulentowi: zarzuci\u0142 bigosowi, \u017ce nie powinien poprawia\u0107, tylko si\u0119 dopasowa\u0107. Krzaczek porzeczki","breadcrumb":{"@id":"https:\/\/dariusz-muszer.de\/pl\/przyganial-czulent-bigosowi-ze-wspomnien-krzaczka-porzeczki-5\/#breadcrumb"},"inLanguage":"pl-PL","potentialAction":[{"@type":"ReadAction","target":["https:\/\/dariusz-muszer.de\/pl\/przyganial-czulent-bigosowi-ze-wspomnien-krzaczka-porzeczki-5\/"]}]},{"@type":"ImageObject","inLanguage":"pl-PL","@id":"https:\/\/dariusz-muszer.de\/pl\/przyganial-czulent-bigosowi-ze-wspomnien-krzaczka-porzeczki-5\/#primaryimage","url":"https:\/\/dariusz-muszer.de\/pl\/wp-content\/uploads\/sites\/2\/2018\/02\/p\u0119d-krzaczka-porzeczki.jpg","contentUrl":"https:\/\/dariusz-muszer.de\/pl\/wp-content\/uploads\/sites\/2\/2018\/02\/p\u0119d-krzaczka-porzeczki.jpg","width":1024,"height":683,"caption":"P\u0119d krzaczka porzeczki"},{"@type":"BreadcrumbList","@id":"https:\/\/dariusz-muszer.de\/pl\/przyganial-czulent-bigosowi-ze-wspomnien-krzaczka-porzeczki-5\/#breadcrumb","itemListElement":[{"@type":"ListItem","position":1,"name":"Strona g\u0142\u00f3wna","item":"https:\/\/dariusz-muszer.de\/pl\/"},{"@type":"ListItem","position":2,"name":"Przygania\u0142 czulent bigosowi"}]},{"@type":"WebSite","@id":"https:\/\/dariusz-muszer.de\/pl\/#website","url":"https:\/\/dariusz-muszer.de\/pl\/","name":"Dariusz Muszer","description":"pisarz","potentialAction":[{"@type":"SearchAction","target":{"@type":"EntryPoint","urlTemplate":"https:\/\/dariusz-muszer.de\/pl\/?s={search_term_string}"},"query-input":{"@type":"PropertyValueSpecification","valueRequired":true,"valueName":"search_term_string"}}],"inLanguage":"pl-PL"},{"@type":"Person","@id":"https:\/\/dariusz-muszer.de\/pl\/#\/schema\/person\/9f0c1c0310d5a835a41c892f377a9d48","name":"Kalong","image":{"@type":"ImageObject","inLanguage":"pl-PL","@id":"https:\/\/dariusz-muszer.de\/pl\/#\/schema\/person\/image\/","url":"https:\/\/secure.gravatar.com\/avatar\/c9f779f2a71c9a87e8c401a809d61b28d74fc852ff3f345760cf377e19933461?s=96&d=mm&r=g","contentUrl":"https:\/\/secure.gravatar.com\/avatar\/c9f779f2a71c9a87e8c401a809d61b28d74fc852ff3f345760cf377e19933461?s=96&d=mm&r=g","caption":"Kalong"},"url":"https:\/\/dariusz-muszer.de\/pl\/author\/kalong\/"}]}},"_links":{"self":[{"href":"https:\/\/dariusz-muszer.de\/pl\/wp-json\/wp\/v2\/posts\/1153","targetHints":{"allow":["GET"]}}],"collection":[{"href":"https:\/\/dariusz-muszer.de\/pl\/wp-json\/wp\/v2\/posts"}],"about":[{"href":"https:\/\/dariusz-muszer.de\/pl\/wp-json\/wp\/v2\/types\/post"}],"author":[{"embeddable":true,"href":"https:\/\/dariusz-muszer.de\/pl\/wp-json\/wp\/v2\/users\/1"}],"replies":[{"embeddable":true,"href":"https:\/\/dariusz-muszer.de\/pl\/wp-json\/wp\/v2\/comments?post=1153"}],"version-history":[{"count":15,"href":"https:\/\/dariusz-muszer.de\/pl\/wp-json\/wp\/v2\/posts\/1153\/revisions"}],"predecessor-version":[{"id":1482,"href":"https:\/\/dariusz-muszer.de\/pl\/wp-json\/wp\/v2\/posts\/1153\/revisions\/1482"}],"wp:featuredmedia":[{"embeddable":true,"href":"https:\/\/dariusz-muszer.de\/pl\/wp-json\/wp\/v2\/media\/1155"}],"wp:attachment":[{"href":"https:\/\/dariusz-muszer.de\/pl\/wp-json\/wp\/v2\/media?parent=1153"}],"wp:term":[{"taxonomy":"category","embeddable":true,"href":"https:\/\/dariusz-muszer.de\/pl\/wp-json\/wp\/v2\/categories?post=1153"},{"taxonomy":"post_tag","embeddable":true,"href":"https:\/\/dariusz-muszer.de\/pl\/wp-json\/wp\/v2\/tags?post=1153"}],"curies":[{"name":"wp","href":"https:\/\/api.w.org\/{rel}","templated":true}]}}