{"id":1138,"date":"2018-02-03T15:07:38","date_gmt":"2018-02-03T14:07:38","guid":{"rendered":"http:\/\/dariusz-muszer.de\/pl\/?p=1138"},"modified":"2021-05-10T20:47:24","modified_gmt":"2021-05-10T18:47:24","slug":"ze-wspomnien-krzaczka-porzeczki-4","status":"publish","type":"post","link":"https:\/\/dariusz-muszer.de\/pl\/ze-wspomnien-krzaczka-porzeczki-4\/","title":{"rendered":"O tym, jak uczy\u0142em si\u0119 niemieckiego"},"content":{"rendered":"<h2><span style=\"color: #008000;\">Ze wspomnie\u0144 krzaczka porzeczki<\/span><\/h2>\n<h1>O tym, jak uczy\u0142em si\u0119 niemieckiego<\/h1>\n<p>&nbsp;<\/p>\n<p>J\u0119zyk niemiecki to najcudowniejszy j\u0119zyk \u015bwiata, je\u015bli kto\u015b jest suszark\u0105 do w\u0142os\u00f3w lub samochodem. W \u017cadnym innym j\u0119zyku nie da si\u0119 tak pi\u0119knie opisa\u0107, jak dzia\u0142a nawiew gor\u0105cy, i co trzeba nacisn\u0105\u0107, \u017ceby pu\u015bci\u0107 w ruch wycieraczk\u0119 tyln\u0105.<\/p>\n<p>Kiedy\u015b zapa\u0142a\u0142em przemo\u017cnym i niewyt\u0142umaczalnym uczuciem do pewnej suszarki do w\u0142os\u00f3w. Nie chcia\u0142em jej mie\u0107, chcia\u0142em tylko z ni\u0105 by\u0107. Pierwszy raz ujrza\u0142em moj\u0105 suszark\u0119 przez okno: le\u017ca\u0142a na parapecie, b\u0142yszcza\u0142a pon\u0119tnie br\u0105zow\u0105 karnacj\u0105 plastiku i wpatrywa\u0142a si\u0119 we mnie swym otworem sprawczym, przez kt\u00f3ry podczas suszenia w\u0142os\u00f3w wylatuje podgrzane powietrze. Wyra\u017anie widzia\u0142em wci\u0105\u017c jeszcze \u017carz\u0105ce si\u0119 metalowe w\u0142\u00f3kienka \u2013 w\u0142a\u015bnie kto\u015b przesta\u0142 jej u\u017cywa\u0107 i zapomnia\u0142 od\u0142o\u017cy\u0107 na miejsce. Bo normalnie suszarek nie spotyka si\u0119 na parapetach. Nie przeszkadza\u0142o mi to, \u017ce suszarka do w\u0142os\u00f3w by\u0142a, jest i b\u0119dzie przez wielu u\u017cywana. Moja mi\u0142o\u015b\u0107 do niej mia\u0142a czysty charakter. I z tej mi\u0142o\u015bci postanowi\u0142em nauczy\u0107 si\u0119 niemieckiego. Bo suszarka, jak mi zdradzi\u0142a pigwa gruszkowata, by\u0142a prawdziw\u0105 Niemk\u0105. Wprawdzie urodzi\u0142a si\u0119 w Chinach, ale genetycznie jej podzespo\u0142y pochodzi\u0142y z Norymbergi.<\/p>\n<p>Rze\u017cucha powiedzia\u0142a mi, \u017ce najlepiej i najszybciej mo\u017cna nauczy\u0107 si\u0119 ka\u017cdego j\u0119zyka metod\u0105 kablow\u0105. Metoda ta polega na w\u0142o\u017ceniu wtyczki do gniazdka. Im cz\u0119\u015bciej si\u0119 wk\u0142ada, tym wi\u0119cej si\u0119 umie. Dzia\u0142a to podobno w obie strony. Kiedy g\u0142o\u015bno zaprotestowa\u0142em, rze\u017cucha \u017cachn\u0119\u0142a si\u0119 wprawdzie, ale za\u0142atwi\u0142a mi s\u0142ownik, a tulipan postara\u0142 si\u0119 o ksi\u0105\u017ck\u0119 i kasety.<\/p>\n<p>Po tygodniu by\u0142em ju\u017c w stanie powiedzie\u0107 po niemiecku, \u017ce nazywam si\u0119 Kschatschek Poschetschky, \u017ce lubi\u0119 pi\u0107 deszczow\u0105 Wasser i je\u015b\u0107 Nitrate, Ammoniumsalze, Phosphate, Kalium i Magnesium, czyli wszystko to, co znale\u017a\u0107 mo\u017cna w kompo\u015bcie.<\/p>\n<p>Po miesi\u0105cu nadarzy\u0142a si\u0119 wreszcie okazja, aby ruszy\u0107 do suszarki w konkury. Kto\u015b j\u0105 wyni\u00f3s\u0142 do ogrodu i, zaspokoiwszy swoje w\u0142ochate potrzeby, porzuci\u0142 na stole w altanie. Zakrad\u0142em si\u0119 i zagada\u0142em: \u201eLandwirtschaftliche Produktionsgenossenschaft\u201d. A suszarka na to ani be, ani me, ani kukuryku. Pomy\u015bla\u0142em, \u017ce zapewne \u015bpi, i wycofa\u0142em si\u0119. P\u00f3\u017aniej zakrad\u0142em si\u0119 jeszcze dwa razy i krzycza\u0142em: \u201eLandwirtschaftliche Produktionsgenossenschaft!\u201d. Suszarka milcza\u0142a jak zakl\u0119ta. Wi\u0119cej si\u0119 ju\u017c nie zakrada\u0142em, bo kto\u015b zabra\u0142 obiekt mego po\u017c\u0105dania do domu.<\/p>\n<p>Klon stwierdzi\u0142, \u017ce suszarka jest na pewno g\u0142ucha, pigwa uzna\u0142a j\u0105 za tradycyjn\u0105 niemow\u0119, a renkloda dosz\u0142a do wniosku, \u017ce chyba nie mam wszystkich fili\u017canek w szafie, \u017ceby podkochiwa\u0107 si\u0119 bez powodu w przedmiotach udomowionych. Nie obrazi\u0142em si\u0119 na ni\u0105, bo wiem, \u017ce ponad wszystko ceni sobie \u015bwie\u017ce powietrze i prze\u017cuwanie swoich owoc\u00f3w w pojedynk\u0119.<\/p>\n<p>Nie zdoby\u0142em wprawdzie serca suszarki, ale nauczy\u0142em si\u0119 nowego j\u0119zyka. Odt\u0105d, gdy chc\u0119 pogada\u0107 sobie z selerem, robimy to po niemiecku. Rabarbar chodzi wtedy ze skwaszon\u0105 min\u0105. Mo\u017ce dlatego, \u017ce sam nie tylko m\u00f3wi, ale nawet potrafi \u015bpiewa\u0107 po niemiecku, a ja z nim chc\u0119 rozmawia\u0107 tylko po naszemu. Mo\u017ce te\u017c ma inne powody, \u017ceby si\u0119 z\u0142o\u015bci\u0107. Niezbadana jest s\u0142odycz kwa\u015bnych my\u015bli rabarbaru.<\/p>\n<p>\u00a9 Dariusz Muszer<\/p>\n","protected":false},"excerpt":{"rendered":"<p>Ze wspomnie\u0144 krzaczka porzeczki O tym, jak uczy\u0142em si\u0119 niemieckiego &nbsp; J\u0119zyk niemiecki to najcudowniejszy j\u0119zyk \u015bwiata, je\u015bli kto\u015b jest suszark\u0105 do w\u0142os\u00f3w lub samochodem. W \u017cadnym innym j\u0119zyku nie da si\u0119 tak pi\u0119knie opisa\u0107, jak dzia\u0142a nawiew gor\u0105cy, i co trzeba nacisn\u0105\u0107, \u017ceby pu\u015bci\u0107 w ruch wycieraczk\u0119 tyln\u0105. Kiedy\u015b zapa\u0142a\u0142em przemo\u017cnym i niewyt\u0142umaczalnym uczuciem [&hellip;]<\/p>\n","protected":false},"author":1,"featured_media":1141,"comment_status":"closed","ping_status":"closed","sticky":false,"template":"","format":"standard","meta":{"footnotes":""},"categories":[241],"tags":[243,252,256,253,242,254,255],"class_list":["post-1138","post","type-post","status-publish","format-standard","has-post-thumbnail","hentry","category-ze-wspomnien-krzaczka-porzeczki","tag-krzaczek-porzeczki","tag-landwirtschaftliche-produktionsgenossenschaft","tag-nauka-jezyka-niemieckiego","tag-pigwa","tag-rabarbar","tag-renkloda","tag-suszarka-do-wlosow"],"yoast_head":"<!-- This site is optimized with the Yoast SEO plugin v27.0 - https:\/\/yoast.com\/product\/yoast-seo-wordpress\/ -->\n<title>O tym, jak uczy\u0142em si\u0119 niemieckiego - Dariusz Muszer<\/title>\n<meta name=\"description\" content=\"O tym, jak uczy\u0142em si\u0119 niemieckiego. J\u0119zyk niemiecki to najcudowniejszy j\u0119zyk \u015bwiata, je\u015bli kto\u015b jest suszark\u0105 do w\u0142os\u00f3w lub samochodem. W \u017cadnym innym j\u0119zyku nie da si\u0119 tak pi\u0119knie opisa\u0107, jak dzia\u0142a nawiew gor\u0105cy, i co trzeba nacisn\u0105\u0107, \u017ceby pu\u015bci\u0107 w ruch wycieraczk\u0119 tyln\u0105. Kiedy\u015b zapa\u0142a\u0142em uczuciem do pewnej suszarki\" \/>\n<meta name=\"robots\" content=\"index, follow, max-snippet:-1, max-image-preview:large, max-video-preview:-1\" \/>\n<link rel=\"canonical\" href=\"https:\/\/dariusz-muszer.de\/pl\/ze-wspomnien-krzaczka-porzeczki-4\/\" \/>\n<meta property=\"og:locale\" content=\"pl_PL\" \/>\n<meta property=\"og:type\" content=\"article\" \/>\n<meta property=\"og:title\" content=\"O tym, jak uczy\u0142em si\u0119 niemieckiego - Dariusz Muszer\" \/>\n<meta property=\"og:description\" content=\"O tym, jak uczy\u0142em si\u0119 niemieckiego. J\u0119zyk niemiecki to najcudowniejszy j\u0119zyk \u015bwiata, je\u015bli kto\u015b jest suszark\u0105 do w\u0142os\u00f3w lub samochodem. W \u017cadnym innym j\u0119zyku nie da si\u0119 tak pi\u0119knie opisa\u0107, jak dzia\u0142a nawiew gor\u0105cy, i co trzeba nacisn\u0105\u0107, \u017ceby pu\u015bci\u0107 w ruch wycieraczk\u0119 tyln\u0105. Kiedy\u015b zapa\u0142a\u0142em uczuciem do pewnej suszarki\" \/>\n<meta property=\"og:url\" content=\"https:\/\/dariusz-muszer.de\/pl\/ze-wspomnien-krzaczka-porzeczki-4\/\" \/>\n<meta property=\"og:site_name\" content=\"Dariusz Muszer\" \/>\n<meta property=\"article:published_time\" content=\"2018-02-03T14:07:38+00:00\" \/>\n<meta property=\"article:modified_time\" content=\"2021-05-10T18:47:24+00:00\" \/>\n<meta property=\"og:image\" content=\"https:\/\/dariusz-muszer.de\/pl\/wp-content\/uploads\/sites\/2\/2018\/02\/zima-las-4-web_edited.jpg\" \/>\n\t<meta property=\"og:image:width\" content=\"1024\" \/>\n\t<meta property=\"og:image:height\" content=\"768\" \/>\n\t<meta property=\"og:image:type\" content=\"image\/jpeg\" \/>\n<meta name=\"author\" content=\"Kalong\" \/>\n<meta name=\"twitter:card\" content=\"summary_large_image\" \/>\n<meta name=\"twitter:label1\" content=\"Napisane przez\" \/>\n\t<meta name=\"twitter:data1\" content=\"Kalong\" \/>\n\t<meta name=\"twitter:label2\" content=\"Szacowany czas czytania\" \/>\n\t<meta name=\"twitter:data2\" content=\"3 minuty\" \/>\n<script type=\"application\/ld+json\" class=\"yoast-schema-graph\">{\"@context\":\"https:\/\/schema.org\",\"@graph\":[{\"@type\":\"Article\",\"@id\":\"https:\/\/dariusz-muszer.de\/pl\/ze-wspomnien-krzaczka-porzeczki-4\/#article\",\"isPartOf\":{\"@id\":\"https:\/\/dariusz-muszer.de\/pl\/ze-wspomnien-krzaczka-porzeczki-4\/\"},\"author\":{\"name\":\"Kalong\",\"@id\":\"https:\/\/dariusz-muszer.de\/pl\/#\/schema\/person\/9f0c1c0310d5a835a41c892f377a9d48\"},\"headline\":\"O tym, jak uczy\u0142em si\u0119 niemieckiego\",\"datePublished\":\"2018-02-03T14:07:38+00:00\",\"dateModified\":\"2021-05-10T18:47:24+00:00\",\"mainEntityOfPage\":{\"@id\":\"https:\/\/dariusz-muszer.de\/pl\/ze-wspomnien-krzaczka-porzeczki-4\/\"},\"wordCount\":587,\"image\":{\"@id\":\"https:\/\/dariusz-muszer.de\/pl\/ze-wspomnien-krzaczka-porzeczki-4\/#primaryimage\"},\"thumbnailUrl\":\"https:\/\/dariusz-muszer.de\/pl\/wp-content\/uploads\/sites\/2\/2018\/02\/zima-las-4-web_edited.jpg\",\"keywords\":[\"krzaczek porzeczki\",\"Landwirtschaftliche Produktionsgenossenschaft\",\"nauka j\u0119zyka niemieckiego\",\"pigwa\",\"rabarbar\",\"renkloda\",\"suszarka do w\u0142os\u00f3w\"],\"articleSection\":[\"Ze wspomnie\u0144 krzaczka porzeczki\"],\"inLanguage\":\"pl-PL\"},{\"@type\":\"WebPage\",\"@id\":\"https:\/\/dariusz-muszer.de\/pl\/ze-wspomnien-krzaczka-porzeczki-4\/\",\"url\":\"https:\/\/dariusz-muszer.de\/pl\/ze-wspomnien-krzaczka-porzeczki-4\/\",\"name\":\"O tym, jak uczy\u0142em si\u0119 niemieckiego - Dariusz Muszer\",\"isPartOf\":{\"@id\":\"https:\/\/dariusz-muszer.de\/pl\/#website\"},\"primaryImageOfPage\":{\"@id\":\"https:\/\/dariusz-muszer.de\/pl\/ze-wspomnien-krzaczka-porzeczki-4\/#primaryimage\"},\"image\":{\"@id\":\"https:\/\/dariusz-muszer.de\/pl\/ze-wspomnien-krzaczka-porzeczki-4\/#primaryimage\"},\"thumbnailUrl\":\"https:\/\/dariusz-muszer.de\/pl\/wp-content\/uploads\/sites\/2\/2018\/02\/zima-las-4-web_edited.jpg\",\"datePublished\":\"2018-02-03T14:07:38+00:00\",\"dateModified\":\"2021-05-10T18:47:24+00:00\",\"author\":{\"@id\":\"https:\/\/dariusz-muszer.de\/pl\/#\/schema\/person\/9f0c1c0310d5a835a41c892f377a9d48\"},\"description\":\"O tym, jak uczy\u0142em si\u0119 niemieckiego. J\u0119zyk niemiecki to najcudowniejszy j\u0119zyk \u015bwiata, je\u015bli kto\u015b jest suszark\u0105 do w\u0142os\u00f3w lub samochodem. W \u017cadnym innym j\u0119zyku nie da si\u0119 tak pi\u0119knie opisa\u0107, jak dzia\u0142a nawiew gor\u0105cy, i co trzeba nacisn\u0105\u0107, \u017ceby pu\u015bci\u0107 w ruch wycieraczk\u0119 tyln\u0105. Kiedy\u015b zapa\u0142a\u0142em uczuciem do pewnej suszarki\",\"breadcrumb\":{\"@id\":\"https:\/\/dariusz-muszer.de\/pl\/ze-wspomnien-krzaczka-porzeczki-4\/#breadcrumb\"},\"inLanguage\":\"pl-PL\",\"potentialAction\":[{\"@type\":\"ReadAction\",\"target\":[\"https:\/\/dariusz-muszer.de\/pl\/ze-wspomnien-krzaczka-porzeczki-4\/\"]}]},{\"@type\":\"ImageObject\",\"inLanguage\":\"pl-PL\",\"@id\":\"https:\/\/dariusz-muszer.de\/pl\/ze-wspomnien-krzaczka-porzeczki-4\/#primaryimage\",\"url\":\"https:\/\/dariusz-muszer.de\/pl\/wp-content\/uploads\/sites\/2\/2018\/02\/zima-las-4-web_edited.jpg\",\"contentUrl\":\"https:\/\/dariusz-muszer.de\/pl\/wp-content\/uploads\/sites\/2\/2018\/02\/zima-las-4-web_edited.jpg\",\"width\":1024,\"height\":768,\"caption\":\"Zima w lesie 4\"},{\"@type\":\"BreadcrumbList\",\"@id\":\"https:\/\/dariusz-muszer.de\/pl\/ze-wspomnien-krzaczka-porzeczki-4\/#breadcrumb\",\"itemListElement\":[{\"@type\":\"ListItem\",\"position\":1,\"name\":\"Strona g\u0142\u00f3wna\",\"item\":\"https:\/\/dariusz-muszer.de\/pl\/\"},{\"@type\":\"ListItem\",\"position\":2,\"name\":\"O tym, jak uczy\u0142em si\u0119 niemieckiego\"}]},{\"@type\":\"WebSite\",\"@id\":\"https:\/\/dariusz-muszer.de\/pl\/#website\",\"url\":\"https:\/\/dariusz-muszer.de\/pl\/\",\"name\":\"Dariusz Muszer\",\"description\":\"pisarz\",\"potentialAction\":[{\"@type\":\"SearchAction\",\"target\":{\"@type\":\"EntryPoint\",\"urlTemplate\":\"https:\/\/dariusz-muszer.de\/pl\/?s={search_term_string}\"},\"query-input\":{\"@type\":\"PropertyValueSpecification\",\"valueRequired\":true,\"valueName\":\"search_term_string\"}}],\"inLanguage\":\"pl-PL\"},{\"@type\":\"Person\",\"@id\":\"https:\/\/dariusz-muszer.de\/pl\/#\/schema\/person\/9f0c1c0310d5a835a41c892f377a9d48\",\"name\":\"Kalong\",\"image\":{\"@type\":\"ImageObject\",\"inLanguage\":\"pl-PL\",\"@id\":\"https:\/\/dariusz-muszer.de\/pl\/#\/schema\/person\/image\/\",\"url\":\"https:\/\/secure.gravatar.com\/avatar\/c9f779f2a71c9a87e8c401a809d61b28d74fc852ff3f345760cf377e19933461?s=96&d=mm&r=g\",\"contentUrl\":\"https:\/\/secure.gravatar.com\/avatar\/c9f779f2a71c9a87e8c401a809d61b28d74fc852ff3f345760cf377e19933461?s=96&d=mm&r=g\",\"caption\":\"Kalong\"},\"url\":\"https:\/\/dariusz-muszer.de\/pl\/author\/kalong\/\"}]}<\/script>\n<!-- \/ Yoast SEO plugin. -->","yoast_head_json":{"title":"O tym, jak uczy\u0142em si\u0119 niemieckiego - Dariusz Muszer","description":"O tym, jak uczy\u0142em si\u0119 niemieckiego. J\u0119zyk niemiecki to najcudowniejszy j\u0119zyk \u015bwiata, je\u015bli kto\u015b jest suszark\u0105 do w\u0142os\u00f3w lub samochodem. W \u017cadnym innym j\u0119zyku nie da si\u0119 tak pi\u0119knie opisa\u0107, jak dzia\u0142a nawiew gor\u0105cy, i co trzeba nacisn\u0105\u0107, \u017ceby pu\u015bci\u0107 w ruch wycieraczk\u0119 tyln\u0105. Kiedy\u015b zapa\u0142a\u0142em uczuciem do pewnej suszarki","robots":{"index":"index","follow":"follow","max-snippet":"max-snippet:-1","max-image-preview":"max-image-preview:large","max-video-preview":"max-video-preview:-1"},"canonical":"https:\/\/dariusz-muszer.de\/pl\/ze-wspomnien-krzaczka-porzeczki-4\/","og_locale":"pl_PL","og_type":"article","og_title":"O tym, jak uczy\u0142em si\u0119 niemieckiego - Dariusz Muszer","og_description":"O tym, jak uczy\u0142em si\u0119 niemieckiego. J\u0119zyk niemiecki to najcudowniejszy j\u0119zyk \u015bwiata, je\u015bli kto\u015b jest suszark\u0105 do w\u0142os\u00f3w lub samochodem. W \u017cadnym innym j\u0119zyku nie da si\u0119 tak pi\u0119knie opisa\u0107, jak dzia\u0142a nawiew gor\u0105cy, i co trzeba nacisn\u0105\u0107, \u017ceby pu\u015bci\u0107 w ruch wycieraczk\u0119 tyln\u0105. Kiedy\u015b zapa\u0142a\u0142em uczuciem do pewnej suszarki","og_url":"https:\/\/dariusz-muszer.de\/pl\/ze-wspomnien-krzaczka-porzeczki-4\/","og_site_name":"Dariusz Muszer","article_published_time":"2018-02-03T14:07:38+00:00","article_modified_time":"2021-05-10T18:47:24+00:00","og_image":[{"width":1024,"height":768,"url":"https:\/\/dariusz-muszer.de\/pl\/wp-content\/uploads\/sites\/2\/2018\/02\/zima-las-4-web_edited.jpg","type":"image\/jpeg"}],"author":"Kalong","twitter_card":"summary_large_image","twitter_misc":{"Napisane przez":"Kalong","Szacowany czas czytania":"3 minuty"},"schema":{"@context":"https:\/\/schema.org","@graph":[{"@type":"Article","@id":"https:\/\/dariusz-muszer.de\/pl\/ze-wspomnien-krzaczka-porzeczki-4\/#article","isPartOf":{"@id":"https:\/\/dariusz-muszer.de\/pl\/ze-wspomnien-krzaczka-porzeczki-4\/"},"author":{"name":"Kalong","@id":"https:\/\/dariusz-muszer.de\/pl\/#\/schema\/person\/9f0c1c0310d5a835a41c892f377a9d48"},"headline":"O tym, jak uczy\u0142em si\u0119 niemieckiego","datePublished":"2018-02-03T14:07:38+00:00","dateModified":"2021-05-10T18:47:24+00:00","mainEntityOfPage":{"@id":"https:\/\/dariusz-muszer.de\/pl\/ze-wspomnien-krzaczka-porzeczki-4\/"},"wordCount":587,"image":{"@id":"https:\/\/dariusz-muszer.de\/pl\/ze-wspomnien-krzaczka-porzeczki-4\/#primaryimage"},"thumbnailUrl":"https:\/\/dariusz-muszer.de\/pl\/wp-content\/uploads\/sites\/2\/2018\/02\/zima-las-4-web_edited.jpg","keywords":["krzaczek porzeczki","Landwirtschaftliche Produktionsgenossenschaft","nauka j\u0119zyka niemieckiego","pigwa","rabarbar","renkloda","suszarka do w\u0142os\u00f3w"],"articleSection":["Ze wspomnie\u0144 krzaczka porzeczki"],"inLanguage":"pl-PL"},{"@type":"WebPage","@id":"https:\/\/dariusz-muszer.de\/pl\/ze-wspomnien-krzaczka-porzeczki-4\/","url":"https:\/\/dariusz-muszer.de\/pl\/ze-wspomnien-krzaczka-porzeczki-4\/","name":"O tym, jak uczy\u0142em si\u0119 niemieckiego - Dariusz Muszer","isPartOf":{"@id":"https:\/\/dariusz-muszer.de\/pl\/#website"},"primaryImageOfPage":{"@id":"https:\/\/dariusz-muszer.de\/pl\/ze-wspomnien-krzaczka-porzeczki-4\/#primaryimage"},"image":{"@id":"https:\/\/dariusz-muszer.de\/pl\/ze-wspomnien-krzaczka-porzeczki-4\/#primaryimage"},"thumbnailUrl":"https:\/\/dariusz-muszer.de\/pl\/wp-content\/uploads\/sites\/2\/2018\/02\/zima-las-4-web_edited.jpg","datePublished":"2018-02-03T14:07:38+00:00","dateModified":"2021-05-10T18:47:24+00:00","author":{"@id":"https:\/\/dariusz-muszer.de\/pl\/#\/schema\/person\/9f0c1c0310d5a835a41c892f377a9d48"},"description":"O tym, jak uczy\u0142em si\u0119 niemieckiego. J\u0119zyk niemiecki to najcudowniejszy j\u0119zyk \u015bwiata, je\u015bli kto\u015b jest suszark\u0105 do w\u0142os\u00f3w lub samochodem. W \u017cadnym innym j\u0119zyku nie da si\u0119 tak pi\u0119knie opisa\u0107, jak dzia\u0142a nawiew gor\u0105cy, i co trzeba nacisn\u0105\u0107, \u017ceby pu\u015bci\u0107 w ruch wycieraczk\u0119 tyln\u0105. Kiedy\u015b zapa\u0142a\u0142em uczuciem do pewnej suszarki","breadcrumb":{"@id":"https:\/\/dariusz-muszer.de\/pl\/ze-wspomnien-krzaczka-porzeczki-4\/#breadcrumb"},"inLanguage":"pl-PL","potentialAction":[{"@type":"ReadAction","target":["https:\/\/dariusz-muszer.de\/pl\/ze-wspomnien-krzaczka-porzeczki-4\/"]}]},{"@type":"ImageObject","inLanguage":"pl-PL","@id":"https:\/\/dariusz-muszer.de\/pl\/ze-wspomnien-krzaczka-porzeczki-4\/#primaryimage","url":"https:\/\/dariusz-muszer.de\/pl\/wp-content\/uploads\/sites\/2\/2018\/02\/zima-las-4-web_edited.jpg","contentUrl":"https:\/\/dariusz-muszer.de\/pl\/wp-content\/uploads\/sites\/2\/2018\/02\/zima-las-4-web_edited.jpg","width":1024,"height":768,"caption":"Zima w lesie 4"},{"@type":"BreadcrumbList","@id":"https:\/\/dariusz-muszer.de\/pl\/ze-wspomnien-krzaczka-porzeczki-4\/#breadcrumb","itemListElement":[{"@type":"ListItem","position":1,"name":"Strona g\u0142\u00f3wna","item":"https:\/\/dariusz-muszer.de\/pl\/"},{"@type":"ListItem","position":2,"name":"O tym, jak uczy\u0142em si\u0119 niemieckiego"}]},{"@type":"WebSite","@id":"https:\/\/dariusz-muszer.de\/pl\/#website","url":"https:\/\/dariusz-muszer.de\/pl\/","name":"Dariusz Muszer","description":"pisarz","potentialAction":[{"@type":"SearchAction","target":{"@type":"EntryPoint","urlTemplate":"https:\/\/dariusz-muszer.de\/pl\/?s={search_term_string}"},"query-input":{"@type":"PropertyValueSpecification","valueRequired":true,"valueName":"search_term_string"}}],"inLanguage":"pl-PL"},{"@type":"Person","@id":"https:\/\/dariusz-muszer.de\/pl\/#\/schema\/person\/9f0c1c0310d5a835a41c892f377a9d48","name":"Kalong","image":{"@type":"ImageObject","inLanguage":"pl-PL","@id":"https:\/\/dariusz-muszer.de\/pl\/#\/schema\/person\/image\/","url":"https:\/\/secure.gravatar.com\/avatar\/c9f779f2a71c9a87e8c401a809d61b28d74fc852ff3f345760cf377e19933461?s=96&d=mm&r=g","contentUrl":"https:\/\/secure.gravatar.com\/avatar\/c9f779f2a71c9a87e8c401a809d61b28d74fc852ff3f345760cf377e19933461?s=96&d=mm&r=g","caption":"Kalong"},"url":"https:\/\/dariusz-muszer.de\/pl\/author\/kalong\/"}]}},"_links":{"self":[{"href":"https:\/\/dariusz-muszer.de\/pl\/wp-json\/wp\/v2\/posts\/1138","targetHints":{"allow":["GET"]}}],"collection":[{"href":"https:\/\/dariusz-muszer.de\/pl\/wp-json\/wp\/v2\/posts"}],"about":[{"href":"https:\/\/dariusz-muszer.de\/pl\/wp-json\/wp\/v2\/types\/post"}],"author":[{"embeddable":true,"href":"https:\/\/dariusz-muszer.de\/pl\/wp-json\/wp\/v2\/users\/1"}],"replies":[{"embeddable":true,"href":"https:\/\/dariusz-muszer.de\/pl\/wp-json\/wp\/v2\/comments?post=1138"}],"version-history":[{"count":11,"href":"https:\/\/dariusz-muszer.de\/pl\/wp-json\/wp\/v2\/posts\/1138\/revisions"}],"predecessor-version":[{"id":1481,"href":"https:\/\/dariusz-muszer.de\/pl\/wp-json\/wp\/v2\/posts\/1138\/revisions\/1481"}],"wp:featuredmedia":[{"embeddable":true,"href":"https:\/\/dariusz-muszer.de\/pl\/wp-json\/wp\/v2\/media\/1141"}],"wp:attachment":[{"href":"https:\/\/dariusz-muszer.de\/pl\/wp-json\/wp\/v2\/media?parent=1138"}],"wp:term":[{"taxonomy":"category","embeddable":true,"href":"https:\/\/dariusz-muszer.de\/pl\/wp-json\/wp\/v2\/categories?post=1138"},{"taxonomy":"post_tag","embeddable":true,"href":"https:\/\/dariusz-muszer.de\/pl\/wp-json\/wp\/v2\/tags?post=1138"}],"curies":[{"name":"wp","href":"https:\/\/api.w.org\/{rel}","templated":true}]}}