{"id":1124,"date":"2018-01-20T15:23:26","date_gmt":"2018-01-20T14:23:26","guid":{"rendered":"http:\/\/dariusz-muszer.de\/pl\/?p=1124"},"modified":"2021-05-10T20:47:08","modified_gmt":"2021-05-10T18:47:08","slug":"ze-wspomnien-krzaczka-porzeczki-3","status":"publish","type":"post","link":"https:\/\/dariusz-muszer.de\/pl\/ze-wspomnien-krzaczka-porzeczki-3\/","title":{"rendered":"O niskopiennej krzaczkowato\u015bci j\u0119zyka polskiego"},"content":{"rendered":"<h2><span style=\"color: #008000;\">Ze wspomnie\u0144 krzaczka porzeczki\u00a0<\/span><\/h2>\n<h1>O niskopiennej krzaczkowato\u015bci j\u0119zyka polskiego<\/h1>\n<p>&nbsp;<\/p>\n<p>Niekt\u00f3rzy pytaj\u0105 mnie, czy to prawda, \u017ce krzaczki porzeczki potrafi\u0105 m\u00f3wi\u0107. Wprawdzie pytanie to jest dla mnie nieco dziwne, ale odpowiem na nie: oczywi\u015bcie, \u017ce tak! Wszystkie krzaczki porzeczki, jakie kiedykolwiek pozna\u0142em, posiadaj\u0105 organy umo\u017cliwiaj\u0105ce im m\u00f3wienie. Co nie znaczy, \u017ce zaraz z ka\u017cdym wdaj\u0105 si\u0119 w dysput\u0119.<\/p>\n<p>Inni nie dowierzaj\u0105, \u017ce sam zapisuj\u0119 swoje wspomnienia. M\u00f3wi\u0105, \u017ce robi to jaki\u015b znany pisarz, kt\u00f3ry tylko podszywa si\u0119 pode mnie. Kiedy wymieniaj\u0105 nazwisko pisarza, okazuje si\u0119, \u017ce wcale nie jest on taki znany. W ka\u017cdym razie, w naszym ogrodzie nikt o nim nie s\u0142ysza\u0142.<\/p>\n<p>Adwersarzom pow\u0105tpiewaj\u0105cym w moje zdolno\u015bci anty-analfabetyczne, powiem tak: jestem wprawdzie krzaczkiem, w dodatku porzeczki, ale to wcale nie oznacza, \u017ce z mocy ro\u015blinnej niemocy jestem nieczytaty, niepisaty i niekumaty. I dodam, \u017ce na co dzie\u0144 u\u017cywam j\u0119zyka porzeczkowego, ale znam r\u00f3wnie\u017c inne j\u0119zyki. Musia\u0142em si\u0119 ich nauczy\u0107, gdy\u017c porzeczkowego u\u017cywa stosunkowo w\u0105skie grono istot zamieszkuj\u0105cych nasz\u0105 wsp\u00f3ln\u0105 planet\u0119 Ziemi\u0119. W dodatku istoty te zaliczane s\u0105 \u2013 z niezrozumia\u0142ych dla mnie powod\u00f3w \u2013 do flory. My, krzaczki porzeczki, okre\u015blamy siebie mianem <em>Homo porzeczkus<\/em>.<\/p>\n<p>Pami\u0119tam, jak to by\u0142o, gdy uczy\u0142em si\u0119 polskiego.<\/p>\n<p>To trudny j\u0119zyk, gdy\u017c m\u00f3wisz w nim nie to, co my\u015blisz, tylko my\u015blisz to, co m\u00f3wisz. Poza tym nale\u017cy jak najcz\u0119\u015bciej u\u017cywa\u0107 pewnego przerywnika, s\u0142owa, kt\u00f3re wywodzi si\u0119 z rdzenia \u201ekur\u201d, czyli od koguta, samca kury domowej, co \u2013 zadziwiaj\u0105ce \u2013 wcale nie utrudnia porozumienia, lecz je wr\u0119cz przyspiesza. Przyjmuje si\u0119, \u017ce ten, kto nie u\u017cywa przerywnika pochodz\u0105cego od kura, jest \u017ale wychowany. Dlatego wszyscy u\u017cywaj\u0105 go stale. Gdy wi\u0119ksza grupa ludzi rozmawia po polsku, mo\u017cna mie\u0107 wra\u017cenie, \u017ce jest si\u0119 na kurzym targu. Albo \u017ce w pobli\u017cu odbywaj\u0105 si\u0119 walki kogut\u00f3w. Wra\u017cenie to pot\u0119guje si\u0119, gdy rozm\u00f3wcami s\u0105 cz\u0142owiecze samce.<\/p>\n<p>Pisownia polska jest jeszcze bardziej skomplikowana. Tak karko\u0142omna, \u017ce nie mo\u017cna tego wyrazi\u0107 i zapisa\u0107 w \u017cadnym innym znanym we wszech\u015bwiecie j\u0119zyku. Dlatego te\u017c nikt tego nie robi.<\/p>\n<p>Z punktu widzenia j\u0119zyka porzeczkowego j\u0119zyk polski jest chybion\u0105 form\u0105 pisma obrazkowego i nasi naukowcy zaliczaj\u0105 go do j\u0119zyk\u00f3w niskopiennych i ma\u0142okrzaczastych, poniewa\u017c zbyt rzadko spotyka si\u0119 w nim prawdziwe krzaczki. Win\u0119 za to ponosi oczywi\u015bcie bezfantazyjny alfabet \u0142aci\u0144ski, w kt\u00f3rym j\u0119zyk polski jest zapisywany. J\u0119zyki \u015bredniopienne i \u015bredniokrzaczaste to, przyk\u0142adowo, ukrai\u0144ski i birma\u0144ski. Japo\u0144ski, korea\u0144ski i chi\u0144ski zaliczane s\u0105 do j\u0119zyk\u00f3w wysokopiennych i wysokokrzaczastych. Ze zrozumia\u0142ych wzgl\u0119d\u00f3w tych j\u0119zyk\u00f3w krzaczki porzeczki ucz\u0105 si\u0119 najch\u0119tniej i najszybciej.<\/p>\n<p>Dla zobrazowania niskiej krzaczkowato\u015bci j\u0119zyka polskiego pozwol\u0119 sobie wymieni\u0107 kilka nieudolnych krzaczk\u00f3w, a mianowicie: \u201erz\u201d, \u201e\u017c\u201d, \u201ecz\u201d, \u201e\u0107\u201d, \u201e\u015b\u201d, \u201e\u0119\u201d, \u201e\u0105\u201d, \u201ech\u201d. Krzaczki te mog\u0105 \u0142\u0105czy\u0107 si\u0119 w pary, w tr\u00f3jk\u0105ty, a nawet w czworoboki, gwiazdy pi\u0119cioramienne i sto\u017cki. Rzadko to jednak robi\u0105, gdy\u017c krzaczyzm uchodzi w\u015br\u00f3d tubylc\u00f3w m\u00f3wi\u0105cych po polsku za przejaw perwersji. Jednym z najpi\u0119kniejszych po\u0142\u0105czonych krzaczk\u00f3w j\u0119zyka polskiego jest \u201eszcz\u201d. Nie nale\u017cy go jednak pomyli\u0107 z innym, niemniej pi\u0119knym krzaczkiem:\u201estrz\u201d, gdy\u017c wtedy z pi\u0119knego rzeczownika \u201estrza\u0142a\u201d powsta\u0107 mo\u017ce niepi\u0119kny czasownik.<\/p>\n<p>Pisa\u0107 po polsku uczy\u0142em si\u0119 na korespondencyjnych kursach prowadzonych przez pierogi. Trwa\u0142o to tak d\u0142ugo, p\u00f3ki nie sko\u0144czy\u0142y mi si\u0119 znaczki. Mia\u0142em ich cztery. St\u0105d b\u0142\u0119dy, jakie niekiedy pope\u0142niam. Trudno by\u0142oby jednak zwali\u0107 win\u0119 za to na pierogi. Tym bardziej, \u017ce w tym wypadku chodzi o leniwe.<\/p>\n<p>M\u00f3wiony j\u0119zyk przyswoi\u0142em sobie od rabarbaru. Zaprzyja\u017aniony tulipan zdradzi\u0142 mi w zesz\u0142ym roku, \u017ce rabarbar u\u017cywa gwary pozna\u0144skiej i m\u00f3wi z akcentem, co podobno te\u017c mi si\u0119 udzieli\u0142o. Z miny tulipana wywnioskowa\u0142em, \u017ce to chyba nie wr\u00f3\u017cy mi nic dobrego na przysz\u0142o\u015b\u0107. B\u0105d\u017a wprost przeciwnie.<\/p>\n<p>Na zako\u0144czenie dzisiejszego blubrania powiem, \u017ce w naszym ogrodzie jest wprawdzie ciemno jak w miechu, ale w fioletowym poblasku swoich li\u015bci widz\u0119, jak szpycuje na mnie z winkla jaka\u015b parchata b\u017adzi\u0105gwa. Obym tylko znowu w co\u015b si\u0119 nie wpl\u0105ta\u0142. I oby t\u0105 b\u017adzi\u0105gw\u0105 nie by\u0142 czasami rabarbar. Bo wtedy czeka mnie ci\u0119\u017cka noc.<\/p>\n<p>Gdy wszyscy \u015bpi\u0105, rabarbar lubi si\u0119 przechadza\u0107 po ogrodzie z piersi\u00f3wk\u0105. A w niej trzyma osko\u0142\u0119. Czyli sok z brzozy. Wszyscy wiedz\u0105, jak osko\u0142a dzia\u0142a na krzaczki porzeczki. Natomiast ma\u0142o jest znane, co wyprawia rabarbar, gdy sobie nieco wypije. Tej osko\u0142y.<\/p>\n<p>\u00a9 Dariusz Muszer<\/p>\n","protected":false},"excerpt":{"rendered":"<p>Ze wspomnie\u0144 krzaczka porzeczki\u00a0 O niskopiennej krzaczkowato\u015bci j\u0119zyka polskiego &nbsp; Niekt\u00f3rzy pytaj\u0105 mnie, czy to prawda, \u017ce krzaczki porzeczki potrafi\u0105 m\u00f3wi\u0107. Wprawdzie pytanie to jest dla mnie nieco dziwne, ale odpowiem na nie: oczywi\u015bcie, \u017ce tak! Wszystkie krzaczki porzeczki, jakie kiedykolwiek pozna\u0142em, posiadaj\u0105 organy umo\u017cliwiaj\u0105ce im m\u00f3wienie. Co nie znaczy, \u017ce zaraz z ka\u017cdym wdaj\u0105 [&hellip;]<\/p>\n","protected":false},"author":1,"featured_media":1123,"comment_status":"closed","ping_status":"closed","sticky":false,"template":"","format":"standard","meta":{"footnotes":""},"categories":[241],"tags":[251,248,249,242,250],"class_list":["post-1124","post","type-post","status-publish","format-standard","has-post-thumbnail","hentry","category-ze-wspomnien-krzaczka-porzeczki","tag-bzdziagwa","tag-homo-porzeczkus","tag-oskola","tag-rabarbar","tag-sok-z-brzozy"],"yoast_head":"<!-- This site is optimized with the Yoast SEO plugin v27.0 - https:\/\/yoast.com\/product\/yoast-seo-wordpress\/ -->\n<title>O niskopiennej krzaczkowato\u015bci j\u0119zyka polskiego - Dariusz Muszer<\/title>\n<meta name=\"description\" content=\"O niskopiennej krzaczkowato\u015bci j\u0119zyka polskiego. Z punktu widzenia j\u0119zyka porzeczkowego j\u0119zyk polski jest chybion\u0105 form\u0105 pisma obrazkowego i nasi naukowcy zaliczaj\u0105 go do j\u0119zyk\u00f3w niskopiennych i ma\u0142okrzaczastych, poniewa\u017c zbyt rzadko spotyka si\u0119 w nim prawdziwe krzaczki. Osko\u0142a, czyli sok z brzozy.\" \/>\n<meta name=\"robots\" content=\"index, follow, max-snippet:-1, max-image-preview:large, max-video-preview:-1\" \/>\n<link rel=\"canonical\" href=\"https:\/\/dariusz-muszer.de\/pl\/ze-wspomnien-krzaczka-porzeczki-3\/\" \/>\n<meta property=\"og:locale\" content=\"pl_PL\" \/>\n<meta property=\"og:type\" content=\"article\" \/>\n<meta property=\"og:title\" content=\"O niskopiennej krzaczkowato\u015bci j\u0119zyka polskiego - Dariusz Muszer\" \/>\n<meta property=\"og:description\" content=\"O niskopiennej krzaczkowato\u015bci j\u0119zyka polskiego. Z punktu widzenia j\u0119zyka porzeczkowego j\u0119zyk polski jest chybion\u0105 form\u0105 pisma obrazkowego i nasi naukowcy zaliczaj\u0105 go do j\u0119zyk\u00f3w niskopiennych i ma\u0142okrzaczastych, poniewa\u017c zbyt rzadko spotyka si\u0119 w nim prawdziwe krzaczki. Osko\u0142a, czyli sok z brzozy.\" \/>\n<meta property=\"og:url\" content=\"https:\/\/dariusz-muszer.de\/pl\/ze-wspomnien-krzaczka-porzeczki-3\/\" \/>\n<meta property=\"og:site_name\" content=\"Dariusz Muszer\" \/>\n<meta property=\"article:published_time\" content=\"2018-01-20T14:23:26+00:00\" \/>\n<meta property=\"article:modified_time\" content=\"2021-05-10T18:47:08+00:00\" \/>\n<meta property=\"og:image\" content=\"https:\/\/dariusz-muszer.de\/pl\/wp-content\/uploads\/sites\/2\/2018\/01\/most-zima-web.jpg\" \/>\n\t<meta property=\"og:image:width\" content=\"1000\" \/>\n\t<meta property=\"og:image:height\" content=\"750\" \/>\n\t<meta property=\"og:image:type\" content=\"image\/jpeg\" \/>\n<meta name=\"author\" content=\"Kalong\" \/>\n<meta name=\"twitter:card\" content=\"summary_large_image\" \/>\n<meta name=\"twitter:label1\" content=\"Napisane przez\" \/>\n\t<meta name=\"twitter:data1\" content=\"Kalong\" \/>\n\t<meta name=\"twitter:label2\" content=\"Szacowany czas czytania\" \/>\n\t<meta name=\"twitter:data2\" content=\"4 minuty\" \/>\n<script type=\"application\/ld+json\" class=\"yoast-schema-graph\">{\"@context\":\"https:\/\/schema.org\",\"@graph\":[{\"@type\":\"Article\",\"@id\":\"https:\/\/dariusz-muszer.de\/pl\/ze-wspomnien-krzaczka-porzeczki-3\/#article\",\"isPartOf\":{\"@id\":\"https:\/\/dariusz-muszer.de\/pl\/ze-wspomnien-krzaczka-porzeczki-3\/\"},\"author\":{\"name\":\"Kalong\",\"@id\":\"https:\/\/dariusz-muszer.de\/pl\/#\/schema\/person\/9f0c1c0310d5a835a41c892f377a9d48\"},\"headline\":\"O niskopiennej krzaczkowato\u015bci j\u0119zyka polskiego\",\"datePublished\":\"2018-01-20T14:23:26+00:00\",\"dateModified\":\"2021-05-10T18:47:08+00:00\",\"mainEntityOfPage\":{\"@id\":\"https:\/\/dariusz-muszer.de\/pl\/ze-wspomnien-krzaczka-porzeczki-3\/\"},\"wordCount\":813,\"image\":{\"@id\":\"https:\/\/dariusz-muszer.de\/pl\/ze-wspomnien-krzaczka-porzeczki-3\/#primaryimage\"},\"thumbnailUrl\":\"https:\/\/dariusz-muszer.de\/pl\/wp-content\/uploads\/sites\/2\/2018\/01\/most-zima-web.jpg\",\"keywords\":[\"b\u017adzi\u0105gwa\",\"Homo porzeczkus\",\"osko\u0142a\",\"rabarbar\",\"sok z brzozy\"],\"articleSection\":[\"Ze wspomnie\u0144 krzaczka porzeczki\"],\"inLanguage\":\"pl-PL\"},{\"@type\":\"WebPage\",\"@id\":\"https:\/\/dariusz-muszer.de\/pl\/ze-wspomnien-krzaczka-porzeczki-3\/\",\"url\":\"https:\/\/dariusz-muszer.de\/pl\/ze-wspomnien-krzaczka-porzeczki-3\/\",\"name\":\"O niskopiennej krzaczkowato\u015bci j\u0119zyka polskiego - Dariusz Muszer\",\"isPartOf\":{\"@id\":\"https:\/\/dariusz-muszer.de\/pl\/#website\"},\"primaryImageOfPage\":{\"@id\":\"https:\/\/dariusz-muszer.de\/pl\/ze-wspomnien-krzaczka-porzeczki-3\/#primaryimage\"},\"image\":{\"@id\":\"https:\/\/dariusz-muszer.de\/pl\/ze-wspomnien-krzaczka-porzeczki-3\/#primaryimage\"},\"thumbnailUrl\":\"https:\/\/dariusz-muszer.de\/pl\/wp-content\/uploads\/sites\/2\/2018\/01\/most-zima-web.jpg\",\"datePublished\":\"2018-01-20T14:23:26+00:00\",\"dateModified\":\"2021-05-10T18:47:08+00:00\",\"author\":{\"@id\":\"https:\/\/dariusz-muszer.de\/pl\/#\/schema\/person\/9f0c1c0310d5a835a41c892f377a9d48\"},\"description\":\"O niskopiennej krzaczkowato\u015bci j\u0119zyka polskiego. Z punktu widzenia j\u0119zyka porzeczkowego j\u0119zyk polski jest chybion\u0105 form\u0105 pisma obrazkowego i nasi naukowcy zaliczaj\u0105 go do j\u0119zyk\u00f3w niskopiennych i ma\u0142okrzaczastych, poniewa\u017c zbyt rzadko spotyka si\u0119 w nim prawdziwe krzaczki. Osko\u0142a, czyli sok z brzozy.\",\"breadcrumb\":{\"@id\":\"https:\/\/dariusz-muszer.de\/pl\/ze-wspomnien-krzaczka-porzeczki-3\/#breadcrumb\"},\"inLanguage\":\"pl-PL\",\"potentialAction\":[{\"@type\":\"ReadAction\",\"target\":[\"https:\/\/dariusz-muszer.de\/pl\/ze-wspomnien-krzaczka-porzeczki-3\/\"]}]},{\"@type\":\"ImageObject\",\"inLanguage\":\"pl-PL\",\"@id\":\"https:\/\/dariusz-muszer.de\/pl\/ze-wspomnien-krzaczka-porzeczki-3\/#primaryimage\",\"url\":\"https:\/\/dariusz-muszer.de\/pl\/wp-content\/uploads\/sites\/2\/2018\/01\/most-zima-web.jpg\",\"contentUrl\":\"https:\/\/dariusz-muszer.de\/pl\/wp-content\/uploads\/sites\/2\/2018\/01\/most-zima-web.jpg\",\"width\":1000,\"height\":750,\"caption\":\"Most w zimie\"},{\"@type\":\"BreadcrumbList\",\"@id\":\"https:\/\/dariusz-muszer.de\/pl\/ze-wspomnien-krzaczka-porzeczki-3\/#breadcrumb\",\"itemListElement\":[{\"@type\":\"ListItem\",\"position\":1,\"name\":\"Strona g\u0142\u00f3wna\",\"item\":\"https:\/\/dariusz-muszer.de\/pl\/\"},{\"@type\":\"ListItem\",\"position\":2,\"name\":\"O niskopiennej krzaczkowato\u015bci j\u0119zyka polskiego\"}]},{\"@type\":\"WebSite\",\"@id\":\"https:\/\/dariusz-muszer.de\/pl\/#website\",\"url\":\"https:\/\/dariusz-muszer.de\/pl\/\",\"name\":\"Dariusz Muszer\",\"description\":\"pisarz\",\"potentialAction\":[{\"@type\":\"SearchAction\",\"target\":{\"@type\":\"EntryPoint\",\"urlTemplate\":\"https:\/\/dariusz-muszer.de\/pl\/?s={search_term_string}\"},\"query-input\":{\"@type\":\"PropertyValueSpecification\",\"valueRequired\":true,\"valueName\":\"search_term_string\"}}],\"inLanguage\":\"pl-PL\"},{\"@type\":\"Person\",\"@id\":\"https:\/\/dariusz-muszer.de\/pl\/#\/schema\/person\/9f0c1c0310d5a835a41c892f377a9d48\",\"name\":\"Kalong\",\"image\":{\"@type\":\"ImageObject\",\"inLanguage\":\"pl-PL\",\"@id\":\"https:\/\/dariusz-muszer.de\/pl\/#\/schema\/person\/image\/\",\"url\":\"https:\/\/secure.gravatar.com\/avatar\/c9f779f2a71c9a87e8c401a809d61b28d74fc852ff3f345760cf377e19933461?s=96&d=mm&r=g\",\"contentUrl\":\"https:\/\/secure.gravatar.com\/avatar\/c9f779f2a71c9a87e8c401a809d61b28d74fc852ff3f345760cf377e19933461?s=96&d=mm&r=g\",\"caption\":\"Kalong\"},\"url\":\"https:\/\/dariusz-muszer.de\/pl\/author\/kalong\/\"}]}<\/script>\n<!-- \/ Yoast SEO plugin. -->","yoast_head_json":{"title":"O niskopiennej krzaczkowato\u015bci j\u0119zyka polskiego - Dariusz Muszer","description":"O niskopiennej krzaczkowato\u015bci j\u0119zyka polskiego. Z punktu widzenia j\u0119zyka porzeczkowego j\u0119zyk polski jest chybion\u0105 form\u0105 pisma obrazkowego i nasi naukowcy zaliczaj\u0105 go do j\u0119zyk\u00f3w niskopiennych i ma\u0142okrzaczastych, poniewa\u017c zbyt rzadko spotyka si\u0119 w nim prawdziwe krzaczki. Osko\u0142a, czyli sok z brzozy.","robots":{"index":"index","follow":"follow","max-snippet":"max-snippet:-1","max-image-preview":"max-image-preview:large","max-video-preview":"max-video-preview:-1"},"canonical":"https:\/\/dariusz-muszer.de\/pl\/ze-wspomnien-krzaczka-porzeczki-3\/","og_locale":"pl_PL","og_type":"article","og_title":"O niskopiennej krzaczkowato\u015bci j\u0119zyka polskiego - Dariusz Muszer","og_description":"O niskopiennej krzaczkowato\u015bci j\u0119zyka polskiego. Z punktu widzenia j\u0119zyka porzeczkowego j\u0119zyk polski jest chybion\u0105 form\u0105 pisma obrazkowego i nasi naukowcy zaliczaj\u0105 go do j\u0119zyk\u00f3w niskopiennych i ma\u0142okrzaczastych, poniewa\u017c zbyt rzadko spotyka si\u0119 w nim prawdziwe krzaczki. Osko\u0142a, czyli sok z brzozy.","og_url":"https:\/\/dariusz-muszer.de\/pl\/ze-wspomnien-krzaczka-porzeczki-3\/","og_site_name":"Dariusz Muszer","article_published_time":"2018-01-20T14:23:26+00:00","article_modified_time":"2021-05-10T18:47:08+00:00","og_image":[{"width":1000,"height":750,"url":"https:\/\/dariusz-muszer.de\/pl\/wp-content\/uploads\/sites\/2\/2018\/01\/most-zima-web.jpg","type":"image\/jpeg"}],"author":"Kalong","twitter_card":"summary_large_image","twitter_misc":{"Napisane przez":"Kalong","Szacowany czas czytania":"4 minuty"},"schema":{"@context":"https:\/\/schema.org","@graph":[{"@type":"Article","@id":"https:\/\/dariusz-muszer.de\/pl\/ze-wspomnien-krzaczka-porzeczki-3\/#article","isPartOf":{"@id":"https:\/\/dariusz-muszer.de\/pl\/ze-wspomnien-krzaczka-porzeczki-3\/"},"author":{"name":"Kalong","@id":"https:\/\/dariusz-muszer.de\/pl\/#\/schema\/person\/9f0c1c0310d5a835a41c892f377a9d48"},"headline":"O niskopiennej krzaczkowato\u015bci j\u0119zyka polskiego","datePublished":"2018-01-20T14:23:26+00:00","dateModified":"2021-05-10T18:47:08+00:00","mainEntityOfPage":{"@id":"https:\/\/dariusz-muszer.de\/pl\/ze-wspomnien-krzaczka-porzeczki-3\/"},"wordCount":813,"image":{"@id":"https:\/\/dariusz-muszer.de\/pl\/ze-wspomnien-krzaczka-porzeczki-3\/#primaryimage"},"thumbnailUrl":"https:\/\/dariusz-muszer.de\/pl\/wp-content\/uploads\/sites\/2\/2018\/01\/most-zima-web.jpg","keywords":["b\u017adzi\u0105gwa","Homo porzeczkus","osko\u0142a","rabarbar","sok z brzozy"],"articleSection":["Ze wspomnie\u0144 krzaczka porzeczki"],"inLanguage":"pl-PL"},{"@type":"WebPage","@id":"https:\/\/dariusz-muszer.de\/pl\/ze-wspomnien-krzaczka-porzeczki-3\/","url":"https:\/\/dariusz-muszer.de\/pl\/ze-wspomnien-krzaczka-porzeczki-3\/","name":"O niskopiennej krzaczkowato\u015bci j\u0119zyka polskiego - Dariusz Muszer","isPartOf":{"@id":"https:\/\/dariusz-muszer.de\/pl\/#website"},"primaryImageOfPage":{"@id":"https:\/\/dariusz-muszer.de\/pl\/ze-wspomnien-krzaczka-porzeczki-3\/#primaryimage"},"image":{"@id":"https:\/\/dariusz-muszer.de\/pl\/ze-wspomnien-krzaczka-porzeczki-3\/#primaryimage"},"thumbnailUrl":"https:\/\/dariusz-muszer.de\/pl\/wp-content\/uploads\/sites\/2\/2018\/01\/most-zima-web.jpg","datePublished":"2018-01-20T14:23:26+00:00","dateModified":"2021-05-10T18:47:08+00:00","author":{"@id":"https:\/\/dariusz-muszer.de\/pl\/#\/schema\/person\/9f0c1c0310d5a835a41c892f377a9d48"},"description":"O niskopiennej krzaczkowato\u015bci j\u0119zyka polskiego. Z punktu widzenia j\u0119zyka porzeczkowego j\u0119zyk polski jest chybion\u0105 form\u0105 pisma obrazkowego i nasi naukowcy zaliczaj\u0105 go do j\u0119zyk\u00f3w niskopiennych i ma\u0142okrzaczastych, poniewa\u017c zbyt rzadko spotyka si\u0119 w nim prawdziwe krzaczki. Osko\u0142a, czyli sok z brzozy.","breadcrumb":{"@id":"https:\/\/dariusz-muszer.de\/pl\/ze-wspomnien-krzaczka-porzeczki-3\/#breadcrumb"},"inLanguage":"pl-PL","potentialAction":[{"@type":"ReadAction","target":["https:\/\/dariusz-muszer.de\/pl\/ze-wspomnien-krzaczka-porzeczki-3\/"]}]},{"@type":"ImageObject","inLanguage":"pl-PL","@id":"https:\/\/dariusz-muszer.de\/pl\/ze-wspomnien-krzaczka-porzeczki-3\/#primaryimage","url":"https:\/\/dariusz-muszer.de\/pl\/wp-content\/uploads\/sites\/2\/2018\/01\/most-zima-web.jpg","contentUrl":"https:\/\/dariusz-muszer.de\/pl\/wp-content\/uploads\/sites\/2\/2018\/01\/most-zima-web.jpg","width":1000,"height":750,"caption":"Most w zimie"},{"@type":"BreadcrumbList","@id":"https:\/\/dariusz-muszer.de\/pl\/ze-wspomnien-krzaczka-porzeczki-3\/#breadcrumb","itemListElement":[{"@type":"ListItem","position":1,"name":"Strona g\u0142\u00f3wna","item":"https:\/\/dariusz-muszer.de\/pl\/"},{"@type":"ListItem","position":2,"name":"O niskopiennej krzaczkowato\u015bci j\u0119zyka polskiego"}]},{"@type":"WebSite","@id":"https:\/\/dariusz-muszer.de\/pl\/#website","url":"https:\/\/dariusz-muszer.de\/pl\/","name":"Dariusz Muszer","description":"pisarz","potentialAction":[{"@type":"SearchAction","target":{"@type":"EntryPoint","urlTemplate":"https:\/\/dariusz-muszer.de\/pl\/?s={search_term_string}"},"query-input":{"@type":"PropertyValueSpecification","valueRequired":true,"valueName":"search_term_string"}}],"inLanguage":"pl-PL"},{"@type":"Person","@id":"https:\/\/dariusz-muszer.de\/pl\/#\/schema\/person\/9f0c1c0310d5a835a41c892f377a9d48","name":"Kalong","image":{"@type":"ImageObject","inLanguage":"pl-PL","@id":"https:\/\/dariusz-muszer.de\/pl\/#\/schema\/person\/image\/","url":"https:\/\/secure.gravatar.com\/avatar\/c9f779f2a71c9a87e8c401a809d61b28d74fc852ff3f345760cf377e19933461?s=96&d=mm&r=g","contentUrl":"https:\/\/secure.gravatar.com\/avatar\/c9f779f2a71c9a87e8c401a809d61b28d74fc852ff3f345760cf377e19933461?s=96&d=mm&r=g","caption":"Kalong"},"url":"https:\/\/dariusz-muszer.de\/pl\/author\/kalong\/"}]}},"_links":{"self":[{"href":"https:\/\/dariusz-muszer.de\/pl\/wp-json\/wp\/v2\/posts\/1124","targetHints":{"allow":["GET"]}}],"collection":[{"href":"https:\/\/dariusz-muszer.de\/pl\/wp-json\/wp\/v2\/posts"}],"about":[{"href":"https:\/\/dariusz-muszer.de\/pl\/wp-json\/wp\/v2\/types\/post"}],"author":[{"embeddable":true,"href":"https:\/\/dariusz-muszer.de\/pl\/wp-json\/wp\/v2\/users\/1"}],"replies":[{"embeddable":true,"href":"https:\/\/dariusz-muszer.de\/pl\/wp-json\/wp\/v2\/comments?post=1124"}],"version-history":[{"count":10,"href":"https:\/\/dariusz-muszer.de\/pl\/wp-json\/wp\/v2\/posts\/1124\/revisions"}],"predecessor-version":[{"id":1480,"href":"https:\/\/dariusz-muszer.de\/pl\/wp-json\/wp\/v2\/posts\/1124\/revisions\/1480"}],"wp:featuredmedia":[{"embeddable":true,"href":"https:\/\/dariusz-muszer.de\/pl\/wp-json\/wp\/v2\/media\/1123"}],"wp:attachment":[{"href":"https:\/\/dariusz-muszer.de\/pl\/wp-json\/wp\/v2\/media?parent=1124"}],"wp:term":[{"taxonomy":"category","embeddable":true,"href":"https:\/\/dariusz-muszer.de\/pl\/wp-json\/wp\/v2\/categories?post=1124"},{"taxonomy":"post_tag","embeddable":true,"href":"https:\/\/dariusz-muszer.de\/pl\/wp-json\/wp\/v2\/tags?post=1124"}],"curies":[{"name":"wp","href":"https:\/\/api.w.org\/{rel}","templated":true}]}}