{"id":1113,"date":"2018-01-18T21:08:00","date_gmt":"2018-01-18T20:08:00","guid":{"rendered":"http:\/\/dariusz-muszer.de\/pl\/?p=1113"},"modified":"2021-05-10T20:46:49","modified_gmt":"2021-05-10T18:46:49","slug":"ze-wspomnien-krzaczka-porzeczki-2","status":"publish","type":"post","link":"https:\/\/dariusz-muszer.de\/pl\/ze-wspomnien-krzaczka-porzeczki-2\/","title":{"rendered":"O tym, jak powsta\u0142em ze zdech\u0142ych"},"content":{"rendered":"<h2><span style=\"color: #008000;\">Ze wspomnie\u0144 krzaczka porzeczki\u00a0<\/span><\/h2>\n<h1>O tym, jak powsta\u0142em ze zdech\u0142ych<\/h1>\n<p>&nbsp;<\/p>\n<p>Zaprawd\u0119, powiadam wam: nie jest \u0142atwo by\u0107 krzaczkiem porzeczki. Ale komu na tym \u015bwiecie jest \u0142atwo?<\/p>\n<p>Kilka dni temu wydawa\u0142o mi si\u0119, \u017ce wszystko sko\u0144czone, \u017ce strawi\u0142 mnie ogie\u0144 wypuszczony z kiszek stolcowych \u017co\u0142nierzy Nowego Roku, przez co sta\u0142em si\u0119 popielat\u0105 kupk\u0105 brzydkich, wyst\u0119pnorocznych wspomnie\u0144. Okaza\u0142o si\u0119 jednak, \u017ce to by\u0142 dopiero pocz\u0105tek moich przyg\u00f3d.<\/p>\n<p>Po dw\u00f3ch czarnych nocach i trzech bia\u0142ych dniach, jako ten mityczny porzeczkowy feniks, pozbiera\u0142em si\u0119 z popio\u0142\u00f3w i na powr\u00f3t sta\u0142em krzaczkiem porzeczki. Deszcz zrosi\u0142 me porzeczkowe oblicze, wiatr owia\u0142 me p\u0119dy, na kt\u00f3rych, o dziwo, pojawi\u0142y si\u0119 li\u015bcie.<\/p>\n<p>Jako \u017ce zima sta\u0142a w pe\u0142ni, s\u0105siaduj\u0105cy ze mn\u0105 klon, kompletnie nagi o tej porze roku, mrukn\u0105\u0142 co\u015b o cudzie i z\u0142udnej temporalno\u015bci zjawisk nadprzyrodzonych. Jego s\u0142owa podchwyci\u0142a natychmiast jarz\u0119bina \u2013 r\u00f3wnie go\u0142a, przykryta tylko kilkoma suchymi, postrz\u0119pionymi majtkami \u2013 i poda\u0142a je dalej.<\/p>\n<p>Gdy radosne wie\u015bci dotar\u0142y do ptak\u00f3w zimuj\u0105cych w \u017cywop\u0142ocie, te tak rozpu\u015bci\u0142y swoje dzioby, \u017ce wkr\u00f3tce ca\u0142y Ogr\u00f3d si\u0119 zwiedzia\u0142 o mojej noworocznej przemianie. A by\u0142o o czym gaworzy\u0107. Nie do\u015b\u0107 bowiem, \u017ce powsta\u0142em ze zdech\u0142ych, to ca\u0142y by\u0142em teraz z aluminium, a li\u015bcie mia\u0142em fioletowe.<\/p>\n<p>I pomy\u015bla\u0142em wonczas, \u017ce to wszystko b\u0119dzie mia\u0142o swoje konsekwencje: ten rozgardiasz w\u015br\u00f3d ro\u015blin i zwierz\u0105t, ta ingerencja Obcych w nasz, jak dot\u0105d, nieskalany \u017cadn\u0105 my\u015bl\u0105 Ogr\u00f3d, a przede wszystkim to farbowanie Bogu ducha winnych porzeczkowych stworze\u0144 na niewyt\u0142umaczalne kolory.<\/p>\n<p>W rzeczy samej, to si\u0119 nie mo\u017ce dobrze sko\u0144czy\u0107, my\u015bla\u0142em dalej, drapi\u0105c si\u0119 po fioletowo\u015bci swych cudacznych li\u015bci.<\/p>\n<p>\u00a9 Dariusz Muszer<\/p>\n","protected":false},"excerpt":{"rendered":"<p>Ze wspomnie\u0144 krzaczka porzeczki\u00a0 O tym, jak powsta\u0142em ze zdech\u0142ych &nbsp; Zaprawd\u0119, powiadam wam: nie jest \u0142atwo by\u0107 krzaczkiem porzeczki. Ale komu na tym \u015bwiecie jest \u0142atwo? Kilka dni temu wydawa\u0142o mi si\u0119, \u017ce wszystko sko\u0144czone, \u017ce strawi\u0142 mnie ogie\u0144 wypuszczony z kiszek stolcowych \u017co\u0142nierzy Nowego Roku, przez co sta\u0142em si\u0119 popielat\u0105 kupk\u0105 brzydkich, wyst\u0119pnorocznych [&hellip;]<\/p>\n","protected":false},"author":1,"featured_media":1122,"comment_status":"closed","ping_status":"closed","sticky":false,"template":"","format":"standard","meta":{"footnotes":""},"categories":[241],"tags":[247,245,246,243,244],"class_list":["post-1113","post","type-post","status-publish","format-standard","has-post-thumbnail","hentry","category-ze-wspomnien-krzaczka-porzeczki","tag-feniks","tag-jarzebina","tag-klon","tag-krzaczek-porzeczki","tag-zywoplot"],"yoast_head":"<!-- This site is optimized with the Yoast SEO plugin v27.0 - https:\/\/yoast.com\/product\/yoast-seo-wordpress\/ -->\n<title>O tym, jak powsta\u0142em ze zdech\u0142ych - Dariusz Muszer<\/title>\n<meta name=\"description\" content=\"O tym, jak powsta\u0142em ze zdech\u0142ych. Kilka dni temu wydawa\u0142o mi si\u0119, \u017ce wszystko sko\u0144czone, \u017ce strawi\u0142 mnie ogie\u0144 wypuszczony z kiszek stolcowych \u017co\u0142nierzy Nowego Roku, przez co sta\u0142em si\u0119 popielat\u0105 kupk\u0105 brzydkich, wyst\u0119pnorocznych wspomnie\u0144. Okaza\u0142o si\u0119 jednak, \u017ce to by\u0142 dopiero pocz\u0105tek moich przyg\u00f3d.\" \/>\n<meta name=\"robots\" content=\"index, follow, max-snippet:-1, max-image-preview:large, max-video-preview:-1\" \/>\n<link rel=\"canonical\" href=\"https:\/\/dariusz-muszer.de\/pl\/ze-wspomnien-krzaczka-porzeczki-2\/\" \/>\n<meta property=\"og:locale\" content=\"pl_PL\" \/>\n<meta property=\"og:type\" content=\"article\" \/>\n<meta property=\"og:title\" content=\"O tym, jak powsta\u0142em ze zdech\u0142ych - Dariusz Muszer\" \/>\n<meta property=\"og:description\" content=\"O tym, jak powsta\u0142em ze zdech\u0142ych. Kilka dni temu wydawa\u0142o mi si\u0119, \u017ce wszystko sko\u0144czone, \u017ce strawi\u0142 mnie ogie\u0144 wypuszczony z kiszek stolcowych \u017co\u0142nierzy Nowego Roku, przez co sta\u0142em si\u0119 popielat\u0105 kupk\u0105 brzydkich, wyst\u0119pnorocznych wspomnie\u0144. Okaza\u0142o si\u0119 jednak, \u017ce to by\u0142 dopiero pocz\u0105tek moich przyg\u00f3d.\" \/>\n<meta property=\"og:url\" content=\"https:\/\/dariusz-muszer.de\/pl\/ze-wspomnien-krzaczka-porzeczki-2\/\" \/>\n<meta property=\"og:site_name\" content=\"Dariusz Muszer\" \/>\n<meta property=\"article:published_time\" content=\"2018-01-18T20:08:00+00:00\" \/>\n<meta property=\"article:modified_time\" content=\"2021-05-10T18:46:49+00:00\" \/>\n<meta property=\"og:image\" content=\"https:\/\/dariusz-muszer.de\/pl\/wp-content\/uploads\/sites\/2\/2018\/01\/las-zima-web.jpg\" \/>\n\t<meta property=\"og:image:width\" content=\"1000\" \/>\n\t<meta property=\"og:image:height\" content=\"750\" \/>\n\t<meta property=\"og:image:type\" content=\"image\/jpeg\" \/>\n<meta name=\"author\" content=\"Kalong\" \/>\n<meta name=\"twitter:card\" content=\"summary_large_image\" \/>\n<meta name=\"twitter:label1\" content=\"Napisane przez\" \/>\n\t<meta name=\"twitter:data1\" content=\"Kalong\" \/>\n\t<meta name=\"twitter:label2\" content=\"Szacowany czas czytania\" \/>\n\t<meta name=\"twitter:data2\" content=\"2 minuty\" \/>\n<script type=\"application\/ld+json\" class=\"yoast-schema-graph\">{\"@context\":\"https:\/\/schema.org\",\"@graph\":[{\"@type\":\"Article\",\"@id\":\"https:\/\/dariusz-muszer.de\/pl\/ze-wspomnien-krzaczka-porzeczki-2\/#article\",\"isPartOf\":{\"@id\":\"https:\/\/dariusz-muszer.de\/pl\/ze-wspomnien-krzaczka-porzeczki-2\/\"},\"author\":{\"name\":\"Kalong\",\"@id\":\"https:\/\/dariusz-muszer.de\/pl\/#\/schema\/person\/9f0c1c0310d5a835a41c892f377a9d48\"},\"headline\":\"O tym, jak powsta\u0142em ze zdech\u0142ych\",\"datePublished\":\"2018-01-18T20:08:00+00:00\",\"dateModified\":\"2021-05-10T18:46:49+00:00\",\"mainEntityOfPage\":{\"@id\":\"https:\/\/dariusz-muszer.de\/pl\/ze-wspomnien-krzaczka-porzeczki-2\/\"},\"wordCount\":330,\"image\":{\"@id\":\"https:\/\/dariusz-muszer.de\/pl\/ze-wspomnien-krzaczka-porzeczki-2\/#primaryimage\"},\"thumbnailUrl\":\"https:\/\/dariusz-muszer.de\/pl\/wp-content\/uploads\/sites\/2\/2018\/01\/las-zima-web.jpg\",\"keywords\":[\"feniks\",\"jarz\u0119bina\",\"klon\",\"krzaczek porzeczki\",\"\u017cywop\u0142ot\"],\"articleSection\":[\"Ze wspomnie\u0144 krzaczka porzeczki\"],\"inLanguage\":\"pl-PL\"},{\"@type\":\"WebPage\",\"@id\":\"https:\/\/dariusz-muszer.de\/pl\/ze-wspomnien-krzaczka-porzeczki-2\/\",\"url\":\"https:\/\/dariusz-muszer.de\/pl\/ze-wspomnien-krzaczka-porzeczki-2\/\",\"name\":\"O tym, jak powsta\u0142em ze zdech\u0142ych - Dariusz Muszer\",\"isPartOf\":{\"@id\":\"https:\/\/dariusz-muszer.de\/pl\/#website\"},\"primaryImageOfPage\":{\"@id\":\"https:\/\/dariusz-muszer.de\/pl\/ze-wspomnien-krzaczka-porzeczki-2\/#primaryimage\"},\"image\":{\"@id\":\"https:\/\/dariusz-muszer.de\/pl\/ze-wspomnien-krzaczka-porzeczki-2\/#primaryimage\"},\"thumbnailUrl\":\"https:\/\/dariusz-muszer.de\/pl\/wp-content\/uploads\/sites\/2\/2018\/01\/las-zima-web.jpg\",\"datePublished\":\"2018-01-18T20:08:00+00:00\",\"dateModified\":\"2021-05-10T18:46:49+00:00\",\"author\":{\"@id\":\"https:\/\/dariusz-muszer.de\/pl\/#\/schema\/person\/9f0c1c0310d5a835a41c892f377a9d48\"},\"description\":\"O tym, jak powsta\u0142em ze zdech\u0142ych. Kilka dni temu wydawa\u0142o mi si\u0119, \u017ce wszystko sko\u0144czone, \u017ce strawi\u0142 mnie ogie\u0144 wypuszczony z kiszek stolcowych \u017co\u0142nierzy Nowego Roku, przez co sta\u0142em si\u0119 popielat\u0105 kupk\u0105 brzydkich, wyst\u0119pnorocznych wspomnie\u0144. Okaza\u0142o si\u0119 jednak, \u017ce to by\u0142 dopiero pocz\u0105tek moich przyg\u00f3d.\",\"breadcrumb\":{\"@id\":\"https:\/\/dariusz-muszer.de\/pl\/ze-wspomnien-krzaczka-porzeczki-2\/#breadcrumb\"},\"inLanguage\":\"pl-PL\",\"potentialAction\":[{\"@type\":\"ReadAction\",\"target\":[\"https:\/\/dariusz-muszer.de\/pl\/ze-wspomnien-krzaczka-porzeczki-2\/\"]}]},{\"@type\":\"ImageObject\",\"inLanguage\":\"pl-PL\",\"@id\":\"https:\/\/dariusz-muszer.de\/pl\/ze-wspomnien-krzaczka-porzeczki-2\/#primaryimage\",\"url\":\"https:\/\/dariusz-muszer.de\/pl\/wp-content\/uploads\/sites\/2\/2018\/01\/las-zima-web.jpg\",\"contentUrl\":\"https:\/\/dariusz-muszer.de\/pl\/wp-content\/uploads\/sites\/2\/2018\/01\/las-zima-web.jpg\",\"width\":1000,\"height\":750,\"caption\":\"Las w zimie\"},{\"@type\":\"BreadcrumbList\",\"@id\":\"https:\/\/dariusz-muszer.de\/pl\/ze-wspomnien-krzaczka-porzeczki-2\/#breadcrumb\",\"itemListElement\":[{\"@type\":\"ListItem\",\"position\":1,\"name\":\"Strona g\u0142\u00f3wna\",\"item\":\"https:\/\/dariusz-muszer.de\/pl\/\"},{\"@type\":\"ListItem\",\"position\":2,\"name\":\"O tym, jak powsta\u0142em ze zdech\u0142ych\"}]},{\"@type\":\"WebSite\",\"@id\":\"https:\/\/dariusz-muszer.de\/pl\/#website\",\"url\":\"https:\/\/dariusz-muszer.de\/pl\/\",\"name\":\"Dariusz Muszer\",\"description\":\"pisarz\",\"potentialAction\":[{\"@type\":\"SearchAction\",\"target\":{\"@type\":\"EntryPoint\",\"urlTemplate\":\"https:\/\/dariusz-muszer.de\/pl\/?s={search_term_string}\"},\"query-input\":{\"@type\":\"PropertyValueSpecification\",\"valueRequired\":true,\"valueName\":\"search_term_string\"}}],\"inLanguage\":\"pl-PL\"},{\"@type\":\"Person\",\"@id\":\"https:\/\/dariusz-muszer.de\/pl\/#\/schema\/person\/9f0c1c0310d5a835a41c892f377a9d48\",\"name\":\"Kalong\",\"image\":{\"@type\":\"ImageObject\",\"inLanguage\":\"pl-PL\",\"@id\":\"https:\/\/dariusz-muszer.de\/pl\/#\/schema\/person\/image\/\",\"url\":\"https:\/\/secure.gravatar.com\/avatar\/c9f779f2a71c9a87e8c401a809d61b28d74fc852ff3f345760cf377e19933461?s=96&d=mm&r=g\",\"contentUrl\":\"https:\/\/secure.gravatar.com\/avatar\/c9f779f2a71c9a87e8c401a809d61b28d74fc852ff3f345760cf377e19933461?s=96&d=mm&r=g\",\"caption\":\"Kalong\"},\"url\":\"https:\/\/dariusz-muszer.de\/pl\/author\/kalong\/\"}]}<\/script>\n<!-- \/ Yoast SEO plugin. -->","yoast_head_json":{"title":"O tym, jak powsta\u0142em ze zdech\u0142ych - Dariusz Muszer","description":"O tym, jak powsta\u0142em ze zdech\u0142ych. Kilka dni temu wydawa\u0142o mi si\u0119, \u017ce wszystko sko\u0144czone, \u017ce strawi\u0142 mnie ogie\u0144 wypuszczony z kiszek stolcowych \u017co\u0142nierzy Nowego Roku, przez co sta\u0142em si\u0119 popielat\u0105 kupk\u0105 brzydkich, wyst\u0119pnorocznych wspomnie\u0144. Okaza\u0142o si\u0119 jednak, \u017ce to by\u0142 dopiero pocz\u0105tek moich przyg\u00f3d.","robots":{"index":"index","follow":"follow","max-snippet":"max-snippet:-1","max-image-preview":"max-image-preview:large","max-video-preview":"max-video-preview:-1"},"canonical":"https:\/\/dariusz-muszer.de\/pl\/ze-wspomnien-krzaczka-porzeczki-2\/","og_locale":"pl_PL","og_type":"article","og_title":"O tym, jak powsta\u0142em ze zdech\u0142ych - Dariusz Muszer","og_description":"O tym, jak powsta\u0142em ze zdech\u0142ych. Kilka dni temu wydawa\u0142o mi si\u0119, \u017ce wszystko sko\u0144czone, \u017ce strawi\u0142 mnie ogie\u0144 wypuszczony z kiszek stolcowych \u017co\u0142nierzy Nowego Roku, przez co sta\u0142em si\u0119 popielat\u0105 kupk\u0105 brzydkich, wyst\u0119pnorocznych wspomnie\u0144. Okaza\u0142o si\u0119 jednak, \u017ce to by\u0142 dopiero pocz\u0105tek moich przyg\u00f3d.","og_url":"https:\/\/dariusz-muszer.de\/pl\/ze-wspomnien-krzaczka-porzeczki-2\/","og_site_name":"Dariusz Muszer","article_published_time":"2018-01-18T20:08:00+00:00","article_modified_time":"2021-05-10T18:46:49+00:00","og_image":[{"width":1000,"height":750,"url":"https:\/\/dariusz-muszer.de\/pl\/wp-content\/uploads\/sites\/2\/2018\/01\/las-zima-web.jpg","type":"image\/jpeg"}],"author":"Kalong","twitter_card":"summary_large_image","twitter_misc":{"Napisane przez":"Kalong","Szacowany czas czytania":"2 minuty"},"schema":{"@context":"https:\/\/schema.org","@graph":[{"@type":"Article","@id":"https:\/\/dariusz-muszer.de\/pl\/ze-wspomnien-krzaczka-porzeczki-2\/#article","isPartOf":{"@id":"https:\/\/dariusz-muszer.de\/pl\/ze-wspomnien-krzaczka-porzeczki-2\/"},"author":{"name":"Kalong","@id":"https:\/\/dariusz-muszer.de\/pl\/#\/schema\/person\/9f0c1c0310d5a835a41c892f377a9d48"},"headline":"O tym, jak powsta\u0142em ze zdech\u0142ych","datePublished":"2018-01-18T20:08:00+00:00","dateModified":"2021-05-10T18:46:49+00:00","mainEntityOfPage":{"@id":"https:\/\/dariusz-muszer.de\/pl\/ze-wspomnien-krzaczka-porzeczki-2\/"},"wordCount":330,"image":{"@id":"https:\/\/dariusz-muszer.de\/pl\/ze-wspomnien-krzaczka-porzeczki-2\/#primaryimage"},"thumbnailUrl":"https:\/\/dariusz-muszer.de\/pl\/wp-content\/uploads\/sites\/2\/2018\/01\/las-zima-web.jpg","keywords":["feniks","jarz\u0119bina","klon","krzaczek porzeczki","\u017cywop\u0142ot"],"articleSection":["Ze wspomnie\u0144 krzaczka porzeczki"],"inLanguage":"pl-PL"},{"@type":"WebPage","@id":"https:\/\/dariusz-muszer.de\/pl\/ze-wspomnien-krzaczka-porzeczki-2\/","url":"https:\/\/dariusz-muszer.de\/pl\/ze-wspomnien-krzaczka-porzeczki-2\/","name":"O tym, jak powsta\u0142em ze zdech\u0142ych - Dariusz Muszer","isPartOf":{"@id":"https:\/\/dariusz-muszer.de\/pl\/#website"},"primaryImageOfPage":{"@id":"https:\/\/dariusz-muszer.de\/pl\/ze-wspomnien-krzaczka-porzeczki-2\/#primaryimage"},"image":{"@id":"https:\/\/dariusz-muszer.de\/pl\/ze-wspomnien-krzaczka-porzeczki-2\/#primaryimage"},"thumbnailUrl":"https:\/\/dariusz-muszer.de\/pl\/wp-content\/uploads\/sites\/2\/2018\/01\/las-zima-web.jpg","datePublished":"2018-01-18T20:08:00+00:00","dateModified":"2021-05-10T18:46:49+00:00","author":{"@id":"https:\/\/dariusz-muszer.de\/pl\/#\/schema\/person\/9f0c1c0310d5a835a41c892f377a9d48"},"description":"O tym, jak powsta\u0142em ze zdech\u0142ych. Kilka dni temu wydawa\u0142o mi si\u0119, \u017ce wszystko sko\u0144czone, \u017ce strawi\u0142 mnie ogie\u0144 wypuszczony z kiszek stolcowych \u017co\u0142nierzy Nowego Roku, przez co sta\u0142em si\u0119 popielat\u0105 kupk\u0105 brzydkich, wyst\u0119pnorocznych wspomnie\u0144. Okaza\u0142o si\u0119 jednak, \u017ce to by\u0142 dopiero pocz\u0105tek moich przyg\u00f3d.","breadcrumb":{"@id":"https:\/\/dariusz-muszer.de\/pl\/ze-wspomnien-krzaczka-porzeczki-2\/#breadcrumb"},"inLanguage":"pl-PL","potentialAction":[{"@type":"ReadAction","target":["https:\/\/dariusz-muszer.de\/pl\/ze-wspomnien-krzaczka-porzeczki-2\/"]}]},{"@type":"ImageObject","inLanguage":"pl-PL","@id":"https:\/\/dariusz-muszer.de\/pl\/ze-wspomnien-krzaczka-porzeczki-2\/#primaryimage","url":"https:\/\/dariusz-muszer.de\/pl\/wp-content\/uploads\/sites\/2\/2018\/01\/las-zima-web.jpg","contentUrl":"https:\/\/dariusz-muszer.de\/pl\/wp-content\/uploads\/sites\/2\/2018\/01\/las-zima-web.jpg","width":1000,"height":750,"caption":"Las w zimie"},{"@type":"BreadcrumbList","@id":"https:\/\/dariusz-muszer.de\/pl\/ze-wspomnien-krzaczka-porzeczki-2\/#breadcrumb","itemListElement":[{"@type":"ListItem","position":1,"name":"Strona g\u0142\u00f3wna","item":"https:\/\/dariusz-muszer.de\/pl\/"},{"@type":"ListItem","position":2,"name":"O tym, jak powsta\u0142em ze zdech\u0142ych"}]},{"@type":"WebSite","@id":"https:\/\/dariusz-muszer.de\/pl\/#website","url":"https:\/\/dariusz-muszer.de\/pl\/","name":"Dariusz Muszer","description":"pisarz","potentialAction":[{"@type":"SearchAction","target":{"@type":"EntryPoint","urlTemplate":"https:\/\/dariusz-muszer.de\/pl\/?s={search_term_string}"},"query-input":{"@type":"PropertyValueSpecification","valueRequired":true,"valueName":"search_term_string"}}],"inLanguage":"pl-PL"},{"@type":"Person","@id":"https:\/\/dariusz-muszer.de\/pl\/#\/schema\/person\/9f0c1c0310d5a835a41c892f377a9d48","name":"Kalong","image":{"@type":"ImageObject","inLanguage":"pl-PL","@id":"https:\/\/dariusz-muszer.de\/pl\/#\/schema\/person\/image\/","url":"https:\/\/secure.gravatar.com\/avatar\/c9f779f2a71c9a87e8c401a809d61b28d74fc852ff3f345760cf377e19933461?s=96&d=mm&r=g","contentUrl":"https:\/\/secure.gravatar.com\/avatar\/c9f779f2a71c9a87e8c401a809d61b28d74fc852ff3f345760cf377e19933461?s=96&d=mm&r=g","caption":"Kalong"},"url":"https:\/\/dariusz-muszer.de\/pl\/author\/kalong\/"}]}},"_links":{"self":[{"href":"https:\/\/dariusz-muszer.de\/pl\/wp-json\/wp\/v2\/posts\/1113","targetHints":{"allow":["GET"]}}],"collection":[{"href":"https:\/\/dariusz-muszer.de\/pl\/wp-json\/wp\/v2\/posts"}],"about":[{"href":"https:\/\/dariusz-muszer.de\/pl\/wp-json\/wp\/v2\/types\/post"}],"author":[{"embeddable":true,"href":"https:\/\/dariusz-muszer.de\/pl\/wp-json\/wp\/v2\/users\/1"}],"replies":[{"embeddable":true,"href":"https:\/\/dariusz-muszer.de\/pl\/wp-json\/wp\/v2\/comments?post=1113"}],"version-history":[{"count":7,"href":"https:\/\/dariusz-muszer.de\/pl\/wp-json\/wp\/v2\/posts\/1113\/revisions"}],"predecessor-version":[{"id":1479,"href":"https:\/\/dariusz-muszer.de\/pl\/wp-json\/wp\/v2\/posts\/1113\/revisions\/1479"}],"wp:featuredmedia":[{"embeddable":true,"href":"https:\/\/dariusz-muszer.de\/pl\/wp-json\/wp\/v2\/media\/1122"}],"wp:attachment":[{"href":"https:\/\/dariusz-muszer.de\/pl\/wp-json\/wp\/v2\/media?parent=1113"}],"wp:term":[{"taxonomy":"category","embeddable":true,"href":"https:\/\/dariusz-muszer.de\/pl\/wp-json\/wp\/v2\/categories?post=1113"},{"taxonomy":"post_tag","embeddable":true,"href":"https:\/\/dariusz-muszer.de\/pl\/wp-json\/wp\/v2\/tags?post=1113"}],"curies":[{"name":"wp","href":"https:\/\/api.w.org\/{rel}","templated":true}]}}